{"id":278938,"date":"2025-10-21T09:41:28","date_gmt":"2025-10-21T12:41:28","guid":{"rendered":"https:\/\/www.gaveanews.com\/?p=278938"},"modified":"2025-10-21T09:41:32","modified_gmt":"2025-10-21T12:41:32","slug":"a-declaracao-de-rossi-do-flamengo-sobre-o-confronto-contra-o-racing","status":"publish","type":"post","link":"https:\/\/www.gaveanews.com\/index.php\/2025\/10\/21\/a-declaracao-de-rossi-do-flamengo-sobre-o-confronto-contra-o-racing\/","title":{"rendered":"A declara\u00e7\u00e3o de Rossi, do Flamengo, sobre o confronto contra o Racing"},"content":{"rendered":"\n<p>O <a href=\"https:\/\/www.gaveanews.com\/index.php\/category\/brasileirao\/flamengo\/\" target=\"_blank\" rel=\"noopener noreferrer\">Flamengo<\/a> recebe o Racing na semifinal da CONMEBOL Libertadores nesta quarta-feira (22 de outubro), \u00e0s 21h30 (de Bras\u00edlia), no Maracan\u00e3. O duelo marca o reencontro de Agust\u00edn Rossi com um velho rival dos tempos de Argentina.<\/p>\n\n\n\n<p>Sem tempo para descanso, o Flamengo iniciou a prepara\u00e7\u00e3o na segunda-feira (20 de outubro), dia seguinte \u00e0 vit\u00f3ria sobre o <a href=\"https:\/\/www.gaveanews.com\/index.php\/category\/brasileirao\/palmeiras\/\" target=\"_blank\" rel=\"noopener noreferrer\">Palmeiras<\/a> pelo Brasileir\u00e3o. A volta est\u00e1 marcada para quarta-feira (29 de outubro), \u00e0s 21h30 (de Bras\u00edlia), em Avellaneda.<\/p>\n\n\n\n<p>Em entrevista \u00e0 ESPN, o goleiro relembrou a semifinal da Copa da Liga de 2022 e a rivalidade com o Racing. Ele comentou sobre o duelo desta semana.<\/p>\n\n\n\n<p>&#8220;Posso falar que em 2022, quando a gente se enfrentou com o Boca na Copa da Liga, os eliminamos nas semifinais, nos p\u00eanaltis, ent\u00e3o minha \u00faltima lembran\u00e7a contra eles foi boa. Acho que vai ser um jogo muito dif\u00edcil, muito disputado, e todo mundo tem que acreditar no trabalho que fazemos no dia a dia&#8221;.<\/p>\n\n\n\n<p>Ao todo, Rossi realizou 11 jogos contra o Racing, com sete sem sofrer gols. S\u00e3o duas vit\u00f3rias, seis empates e tr\u00eas derrotas, com sete gols sofridos. Em 14 de maio de 2022, em Lan\u00fas, ele fez ao menos 13 defesas e defendeu p\u00eanalti pelo Boca. No Flamengo em 2025, disputou 53 de 62 partidas e sofreu 30 gols.<\/p>\n\n\n\n<p>Ao avaliar a semifinal, o argentino ressaltou a exig\u00eancia do torneio e a for\u00e7a do advers\u00e1rio. A declara\u00e7\u00e3o foi dada na entrevista \u00e0 ESPN.<\/p>\n\n\n\n<p>&#8220;Sempre falo a mesma coisa: jogo da Libertadores \u00e9 sempre muito dificil, ainda mais em uma semifinal. Existe a possibilidade de estarmos a dois jogos de jogar um final defendendo o Flamengo e isso \u00e9 importante demais. O Racing \u00e9 um clube grande da Argentina, muito forte no est\u00e1dio deles. \u00c9 um est\u00e1dio muito grande, muito bom&#8221;.<\/p>\n\n\n\n<p>Rossi chegou ao Flamengo em junho de 2023 e assumiu a titularidade em setembro, com a chegada de Tite. Desde ent\u00e3o, soma 133 atua\u00e7\u00f5es, \u00e9 campe\u00e3o da Supercopa do Brasil, do Carioca (2024 e 2025) e da Copa do Brasil. Ele det\u00e9m o recorde de minutos sem sofrer gols: 1.029 em competi\u00e7\u00f5es e amistosos; 1.134 apenas em competi\u00e7\u00f5es.<\/p>\n","protected":false},"excerpt":{"rendered":"<p>O Flamengo recebe o Racing na semifinal da CONMEBOL Libertadores nesta quarta-feira (22 de outubro), \u00e0s 21h30 (de Bras\u00edlia), no Maracan\u00e3. O duelo marca o reencontro de Agust\u00edn Rossi com um velho rival dos tempos de Argentina. Sem tempo para descanso, o Flamengo iniciou a prepara\u00e7\u00e3o na segunda-feira (20 de outubro), dia seguinte \u00e0 vit\u00f3ria [&hellip;]<\/p>\n","protected":false},"author":39,"featured_media":148778,"comment_status":"open","ping_status":"closed","sticky":false,"template":"","format":"standard","meta":{"footnotes":""},"categories":[1],"tags":[],"class_list":["post-278938","post","type-post","status-publish","format-standard","has-post-thumbnail","hentry","category-flamengo"],"yoast_head":"<!-- This site is optimized with the Yoast SEO Premium plugin v24.2 (Yoast SEO v26.9) - https:\/\/yoast.com\/product\/yoast-seo-premium-wordpress\/ -->\n<title>A declara\u00e7\u00e3o de Rossi, do Flamengo, sobre o confronto contra o Racing<\/title>\n<meta name=\"robots\" content=\"index, follow, max-snippet:-1, max-image-preview:large, max-video-preview:-1\" \/>\n<link rel=\"canonical\" href=\"https:\/\/www.gaveanews.com\/index.php\/2025\/10\/21\/a-declaracao-de-rossi-do-flamengo-sobre-o-confronto-contra-o-racing\/\" \/>\n<meta property=\"og:locale\" content=\"pt_BR\" \/>\n<meta property=\"og:type\" content=\"article\" \/>\n<meta property=\"og:title\" content=\"A declara\u00e7\u00e3o de Rossi, do Flamengo, sobre o confronto contra o Racing\" \/>\n<meta property=\"og:description\" content=\"O Flamengo recebe o Racing na semifinal da CONMEBOL Libertadores nesta quarta-feira (22 de outubro), \u00e0s 21h30 (de Bras\u00edlia), no Maracan\u00e3. O duelo marca o reencontro de Agust\u00edn Rossi com um velho rival dos tempos de Argentina. Sem tempo para descanso, o Flamengo iniciou a prepara\u00e7\u00e3o na segunda-feira (20 de outubro), dia seguinte \u00e0 vit\u00f3ria [&hellip;]\" \/>\n<meta property=\"og:url\" content=\"https:\/\/www.gaveanews.com\/index.php\/2025\/10\/21\/a-declaracao-de-rossi-do-flamengo-sobre-o-confronto-contra-o-racing\/\" \/>\n<meta property=\"og:site_name\" content=\"G\u00e1vea News\" \/>\n<meta property=\"article:publisher\" content=\"https:\/\/facebook.com\/gaveaNews\/\" \/>\n<meta property=\"article:published_time\" content=\"2025-10-21T12:41:28+00:00\" \/>\n<meta property=\"article:modified_time\" content=\"2025-10-21T12:41:32+00:00\" \/>\n<meta property=\"og:image\" content=\"http:\/\/www.gaveanews.com\/wp-content\/uploads\/agustin-rossi-chega-proximo-de-marca-historica.webp\" \/>\n\t<meta property=\"og:image:width\" content=\"1440\" \/>\n\t<meta property=\"og:image:height\" content=\"810\" \/>\n\t<meta property=\"og:image:type\" content=\"image\/jpeg\" \/>\n<meta name=\"author\" content=\"Reda\u00e7\u00e3o\" \/>\n<meta name=\"twitter:card\" content=\"summary_large_image\" \/>\n<meta name=\"twitter:label1\" content=\"Escrito por\" \/>\n\t<meta name=\"twitter:data1\" content=\"Reda\u00e7\u00e3o\" \/>\n\t<meta name=\"twitter:label2\" content=\"Est. tempo de leitura\" \/>\n\t<meta name=\"twitter:data2\" content=\"3 minutos\" \/>\n<script type=\"application\/ld+json\" class=\"yoast-schema-graph\">{\"@context\":\"https:\/\/schema.org\",\"@graph\":[{\"@type\":\"NewsArticle\",\"@id\":\"https:\/\/www.gaveanews.com\/index.php\/2025\/10\/21\/a-declaracao-de-rossi-do-flamengo-sobre-o-confronto-contra-o-racing\/#article\",\"isPartOf\":{\"@id\":\"https:\/\/www.gaveanews.com\/index.php\/2025\/10\/21\/a-declaracao-de-rossi-do-flamengo-sobre-o-confronto-contra-o-racing\/\"},\"author\":{\"name\":\"Reda\u00e7\u00e3o\",\"@id\":\"https:\/\/www.gaveanews.com\/#\/schema\/person\/c88645e3d550d0b6574305e67dd5a716\"},\"headline\":\"A declara\u00e7\u00e3o de Rossi, do Flamengo, sobre o confronto contra o Racing\",\"datePublished\":\"2025-10-21T12:41:28+00:00\",\"dateModified\":\"2025-10-21T12:41:32+00:00\",\"mainEntityOfPage\":{\"@id\":\"https:\/\/www.gaveanews.com\/index.php\/2025\/10\/21\/a-declaracao-de-rossi-do-flamengo-sobre-o-confronto-contra-o-racing\/\"},\"wordCount\":368,\"commentCount\":0,\"image\":{\"@id\":\"https:\/\/www.gaveanews.com\/index.php\/2025\/10\/21\/a-declaracao-de-rossi-do-flamengo-sobre-o-confronto-contra-o-racing\/#primaryimage\"},\"thumbnailUrl\":\"https:\/\/www.gaveanews.com\/wp-content\/uploads\/agustin-rossi-chega-proximo-de-marca-historica.webp\",\"articleSection\":[\"Flamengo\"],\"inLanguage\":\"pt-BR\",\"potentialAction\":[{\"@type\":\"CommentAction\",\"name\":\"Comment\",\"target\":[\"https:\/\/www.gaveanews.com\/index.php\/2025\/10\/21\/a-declaracao-de-rossi-do-flamengo-sobre-o-confronto-contra-o-racing\/#respond\"]}],\"copyrightYear\":\"2025\",\"copyrightHolder\":{\"@id\":\"https:\/\/www.gaveanews.com\/#organization\"}},{\"@type\":\"WebPage\",\"@id\":\"https:\/\/www.gaveanews.com\/index.php\/2025\/10\/21\/a-declaracao-de-rossi-do-flamengo-sobre-o-confronto-contra-o-racing\/\",\"url\":\"https:\/\/www.gaveanews.com\/index.php\/2025\/10\/21\/a-declaracao-de-rossi-do-flamengo-sobre-o-confronto-contra-o-racing\/\",\"name\":\"A declara\u00e7\u00e3o de Rossi, do Flamengo, sobre o confronto contra o Racing\",\"isPartOf\":{\"@id\":\"https:\/\/www.gaveanews.com\/#website\"},\"primaryImageOfPage\":{\"@id\":\"https:\/\/www.gaveanews.com\/index.php\/2025\/10\/21\/a-declaracao-de-rossi-do-flamengo-sobre-o-confronto-contra-o-racing\/#primaryimage\"},\"image\":{\"@id\":\"https:\/\/www.gaveanews.com\/index.php\/2025\/10\/21\/a-declaracao-de-rossi-do-flamengo-sobre-o-confronto-contra-o-racing\/#primaryimage\"},\"thumbnailUrl\":\"https:\/\/www.gaveanews.com\/wp-content\/uploads\/agustin-rossi-chega-proximo-de-marca-historica.webp\",\"datePublished\":\"2025-10-21T12:41:28+00:00\",\"dateModified\":\"2025-10-21T12:41:32+00:00\",\"author\":{\"@id\":\"https:\/\/www.gaveanews.com\/#\/schema\/person\/c88645e3d550d0b6574305e67dd5a716\"},\"breadcrumb\":{\"@id\":\"https:\/\/www.gaveanews.com\/index.php\/2025\/10\/21\/a-declaracao-de-rossi-do-flamengo-sobre-o-confronto-contra-o-racing\/#breadcrumb\"},\"inLanguage\":\"pt-BR\",\"potentialAction\":[{\"@type\":\"ReadAction\",\"target\":[\"https:\/\/www.gaveanews.com\/index.php\/2025\/10\/21\/a-declaracao-de-rossi-do-flamengo-sobre-o-confronto-contra-o-racing\/\"]}]},{\"@type\":\"ImageObject\",\"inLanguage\":\"pt-BR\",\"@id\":\"https:\/\/www.gaveanews.com\/index.php\/2025\/10\/21\/a-declaracao-de-rossi-do-flamengo-sobre-o-confronto-contra-o-racing\/#primaryimage\",\"url\":\"https:\/\/www.gaveanews.com\/wp-content\/uploads\/agustin-rossi-chega-proximo-de-marca-historica.webp\",\"contentUrl\":\"https:\/\/www.gaveanews.com\/wp-content\/uploads\/agustin-rossi-chega-proximo-de-marca-historica.webp\",\"width\":1440,\"height\":810,\"caption\":\"Foto: Alexandre Dur\u00e3o\"},{\"@type\":\"BreadcrumbList\",\"@id\":\"https:\/\/www.gaveanews.com\/index.php\/2025\/10\/21\/a-declaracao-de-rossi-do-flamengo-sobre-o-confronto-contra-o-racing\/#breadcrumb\",\"itemListElement\":[{\"@type\":\"ListItem\",\"position\":1,\"name\":\"Home\",\"item\":\"https:\/\/www.gaveanews.com\/\"},{\"@type\":\"ListItem\",\"position\":2,\"name\":\"A declara\u00e7\u00e3o de Rossi, do Flamengo, sobre o confronto contra o Racing\"}]},{\"@type\":\"WebSite\",\"@id\":\"https:\/\/www.gaveanews.com\/#website\",\"url\":\"https:\/\/www.gaveanews.com\/\",\"name\":\"G\u00e1vea News\",\"description\":\"Veja todas as not\u00edcias sobre o Flamengo: Contrata\u00e7\u00f5es, categorias de base, resultados das partidas, tabela de classifica\u00e7\u00e3o, pr\u00f3ximos jogos!\",\"potentialAction\":[{\"@type\":\"SearchAction\",\"target\":{\"@type\":\"EntryPoint\",\"urlTemplate\":\"https:\/\/www.gaveanews.com\/?s={search_term_string}\"},\"query-input\":{\"@type\":\"PropertyValueSpecification\",\"valueRequired\":true,\"valueName\":\"search_term_string\"}}],\"inLanguage\":\"pt-BR\"},{\"@type\":\"Person\",\"@id\":\"https:\/\/www.gaveanews.com\/#\/schema\/person\/c88645e3d550d0b6574305e67dd5a716\",\"name\":\"Reda\u00e7\u00e3o\",\"image\":{\"@type\":\"ImageObject\",\"inLanguage\":\"pt-BR\",\"@id\":\"https:\/\/www.gaveanews.com\/#\/schema\/person\/image\/\",\"url\":\"https:\/\/secure.gravatar.com\/avatar\/434098fd823f0dc1b062d14ca22bacaa6e38de28d8c816bbef6fc2f8c44d8ba3?s=96&d=mm&r=g\",\"contentUrl\":\"https:\/\/secure.gravatar.com\/avatar\/434098fd823f0dc1b062d14ca22bacaa6e38de28d8c816bbef6fc2f8c44d8ba3?s=96&d=mm&r=g\",\"caption\":\"Reda\u00e7\u00e3o\"}}]}<\/script>\n<!-- \/ Yoast SEO Premium plugin. -->","yoast_head_json":{"title":"A declara\u00e7\u00e3o de Rossi, do Flamengo, sobre o confronto contra o Racing","robots":{"index":"index","follow":"follow","max-snippet":"max-snippet:-1","max-image-preview":"max-image-preview:large","max-video-preview":"max-video-preview:-1"},"canonical":"https:\/\/www.gaveanews.com\/index.php\/2025\/10\/21\/a-declaracao-de-rossi-do-flamengo-sobre-o-confronto-contra-o-racing\/","og_locale":"pt_BR","og_type":"article","og_title":"A declara\u00e7\u00e3o de Rossi, do Flamengo, sobre o confronto contra o Racing","og_description":"O Flamengo recebe o Racing na semifinal da CONMEBOL Libertadores nesta quarta-feira (22 de outubro), \u00e0s 21h30 (de Bras\u00edlia), no Maracan\u00e3. O duelo marca o reencontro de Agust\u00edn Rossi com um velho rival dos tempos de Argentina. Sem tempo para descanso, o Flamengo iniciou a prepara\u00e7\u00e3o na segunda-feira (20 de outubro), dia seguinte \u00e0 vit\u00f3ria [&hellip;]","og_url":"https:\/\/www.gaveanews.com\/index.php\/2025\/10\/21\/a-declaracao-de-rossi-do-flamengo-sobre-o-confronto-contra-o-racing\/","og_site_name":"G\u00e1vea News","article_publisher":"https:\/\/facebook.com\/gaveaNews\/","article_published_time":"2025-10-21T12:41:28+00:00","article_modified_time":"2025-10-21T12:41:32+00:00","og_image":[{"width":1440,"height":810,"url":"http:\/\/www.gaveanews.com\/wp-content\/uploads\/agustin-rossi-chega-proximo-de-marca-historica.webp","type":"image\/jpeg"}],"author":"Reda\u00e7\u00e3o","twitter_card":"summary_large_image","twitter_misc":{"Escrito por":"Reda\u00e7\u00e3o","Est. tempo de leitura":"3 minutos"},"schema":{"@context":"https:\/\/schema.org","@graph":[{"@type":"NewsArticle","@id":"https:\/\/www.gaveanews.com\/index.php\/2025\/10\/21\/a-declaracao-de-rossi-do-flamengo-sobre-o-confronto-contra-o-racing\/#article","isPartOf":{"@id":"https:\/\/www.gaveanews.com\/index.php\/2025\/10\/21\/a-declaracao-de-rossi-do-flamengo-sobre-o-confronto-contra-o-racing\/"},"author":{"name":"Reda\u00e7\u00e3o","@id":"https:\/\/www.gaveanews.com\/#\/schema\/person\/c88645e3d550d0b6574305e67dd5a716"},"headline":"A declara\u00e7\u00e3o de Rossi, do Flamengo, sobre o confronto contra o Racing","datePublished":"2025-10-21T12:41:28+00:00","dateModified":"2025-10-21T12:41:32+00:00","mainEntityOfPage":{"@id":"https:\/\/www.gaveanews.com\/index.php\/2025\/10\/21\/a-declaracao-de-rossi-do-flamengo-sobre-o-confronto-contra-o-racing\/"},"wordCount":368,"commentCount":0,"image":{"@id":"https:\/\/www.gaveanews.com\/index.php\/2025\/10\/21\/a-declaracao-de-rossi-do-flamengo-sobre-o-confronto-contra-o-racing\/#primaryimage"},"thumbnailUrl":"https:\/\/www.gaveanews.com\/wp-content\/uploads\/agustin-rossi-chega-proximo-de-marca-historica.webp","articleSection":["Flamengo"],"inLanguage":"pt-BR","potentialAction":[{"@type":"CommentAction","name":"Comment","target":["https:\/\/www.gaveanews.com\/index.php\/2025\/10\/21\/a-declaracao-de-rossi-do-flamengo-sobre-o-confronto-contra-o-racing\/#respond"]}],"copyrightYear":"2025","copyrightHolder":{"@id":"https:\/\/www.gaveanews.com\/#organization"}},{"@type":"WebPage","@id":"https:\/\/www.gaveanews.com\/index.php\/2025\/10\/21\/a-declaracao-de-rossi-do-flamengo-sobre-o-confronto-contra-o-racing\/","url":"https:\/\/www.gaveanews.com\/index.php\/2025\/10\/21\/a-declaracao-de-rossi-do-flamengo-sobre-o-confronto-contra-o-racing\/","name":"A declara\u00e7\u00e3o de Rossi, do Flamengo, sobre o confronto contra o Racing","isPartOf":{"@id":"https:\/\/www.gaveanews.com\/#website"},"primaryImageOfPage":{"@id":"https:\/\/www.gaveanews.com\/index.php\/2025\/10\/21\/a-declaracao-de-rossi-do-flamengo-sobre-o-confronto-contra-o-racing\/#primaryimage"},"image":{"@id":"https:\/\/www.gaveanews.com\/index.php\/2025\/10\/21\/a-declaracao-de-rossi-do-flamengo-sobre-o-confronto-contra-o-racing\/#primaryimage"},"thumbnailUrl":"https:\/\/www.gaveanews.com\/wp-content\/uploads\/agustin-rossi-chega-proximo-de-marca-historica.webp","datePublished":"2025-10-21T12:41:28+00:00","dateModified":"2025-10-21T12:41:32+00:00","author":{"@id":"https:\/\/www.gaveanews.com\/#\/schema\/person\/c88645e3d550d0b6574305e67dd5a716"},"breadcrumb":{"@id":"https:\/\/www.gaveanews.com\/index.php\/2025\/10\/21\/a-declaracao-de-rossi-do-flamengo-sobre-o-confronto-contra-o-racing\/#breadcrumb"},"inLanguage":"pt-BR","potentialAction":[{"@type":"ReadAction","target":["https:\/\/www.gaveanews.com\/index.php\/2025\/10\/21\/a-declaracao-de-rossi-do-flamengo-sobre-o-confronto-contra-o-racing\/"]}]},{"@type":"ImageObject","inLanguage":"pt-BR","@id":"https:\/\/www.gaveanews.com\/index.php\/2025\/10\/21\/a-declaracao-de-rossi-do-flamengo-sobre-o-confronto-contra-o-racing\/#primaryimage","url":"https:\/\/www.gaveanews.com\/wp-content\/uploads\/agustin-rossi-chega-proximo-de-marca-historica.webp","contentUrl":"https:\/\/www.gaveanews.com\/wp-content\/uploads\/agustin-rossi-chega-proximo-de-marca-historica.webp","width":1440,"height":810,"caption":"Foto: Alexandre Dur\u00e3o"},{"@type":"BreadcrumbList","@id":"https:\/\/www.gaveanews.com\/index.php\/2025\/10\/21\/a-declaracao-de-rossi-do-flamengo-sobre-o-confronto-contra-o-racing\/#breadcrumb","itemListElement":[{"@type":"ListItem","position":1,"name":"Home","item":"https:\/\/www.gaveanews.com\/"},{"@type":"ListItem","position":2,"name":"A declara\u00e7\u00e3o de Rossi, do Flamengo, sobre o confronto contra o Racing"}]},{"@type":"WebSite","@id":"https:\/\/www.gaveanews.com\/#website","url":"https:\/\/www.gaveanews.com\/","name":"G\u00e1vea News","description":"Veja todas as not\u00edcias sobre o Flamengo: Contrata\u00e7\u00f5es, categorias de base, resultados das partidas, tabela de classifica\u00e7\u00e3o, pr\u00f3ximos jogos!","potentialAction":[{"@type":"SearchAction","target":{"@type":"EntryPoint","urlTemplate":"https:\/\/www.gaveanews.com\/?s={search_term_string}"},"query-input":{"@type":"PropertyValueSpecification","valueRequired":true,"valueName":"search_term_string"}}],"inLanguage":"pt-BR"},{"@type":"Person","@id":"https:\/\/www.gaveanews.com\/#\/schema\/person\/c88645e3d550d0b6574305e67dd5a716","name":"Reda\u00e7\u00e3o","image":{"@type":"ImageObject","inLanguage":"pt-BR","@id":"https:\/\/www.gaveanews.com\/#\/schema\/person\/image\/","url":"https:\/\/secure.gravatar.com\/avatar\/434098fd823f0dc1b062d14ca22bacaa6e38de28d8c816bbef6fc2f8c44d8ba3?s=96&d=mm&r=g","contentUrl":"https:\/\/secure.gravatar.com\/avatar\/434098fd823f0dc1b062d14ca22bacaa6e38de28d8c816bbef6fc2f8c44d8ba3?s=96&d=mm&r=g","caption":"Reda\u00e7\u00e3o"}}]}},"_links":{"self":[{"href":"https:\/\/www.gaveanews.com\/index.php\/wp-json\/wp\/v2\/posts\/278938","targetHints":{"allow":["GET"]}}],"collection":[{"href":"https:\/\/www.gaveanews.com\/index.php\/wp-json\/wp\/v2\/posts"}],"about":[{"href":"https:\/\/www.gaveanews.com\/index.php\/wp-json\/wp\/v2\/types\/post"}],"author":[{"embeddable":true,"href":"https:\/\/www.gaveanews.com\/index.php\/wp-json\/wp\/v2\/users\/39"}],"replies":[{"embeddable":true,"href":"https:\/\/www.gaveanews.com\/index.php\/wp-json\/wp\/v2\/comments?post=278938"}],"version-history":[{"count":1,"href":"https:\/\/www.gaveanews.com\/index.php\/wp-json\/wp\/v2\/posts\/278938\/revisions"}],"predecessor-version":[{"id":278939,"href":"https:\/\/www.gaveanews.com\/index.php\/wp-json\/wp\/v2\/posts\/278938\/revisions\/278939"}],"wp:featuredmedia":[{"embeddable":true,"href":"https:\/\/www.gaveanews.com\/index.php\/wp-json\/wp\/v2\/media\/148778"}],"wp:attachment":[{"href":"https:\/\/www.gaveanews.com\/index.php\/wp-json\/wp\/v2\/media?parent=278938"}],"wp:term":[{"taxonomy":"category","embeddable":true,"href":"https:\/\/www.gaveanews.com\/index.php\/wp-json\/wp\/v2\/categories?post=278938"},{"taxonomy":"post_tag","embeddable":true,"href":"https:\/\/www.gaveanews.com\/index.php\/wp-json\/wp\/v2\/tags?post=278938"}],"curies":[{"name":"wp","href":"https:\/\/api.w.org\/{rel}","templated":true}]}}