{"id":278949,"date":"2025-10-21T12:40:24","date_gmt":"2025-10-21T15:40:24","guid":{"rendered":"https:\/\/www.gaveanews.com\/?p=278949"},"modified":"2025-10-21T12:03:33","modified_gmt":"2025-10-21T15:03:33","slug":"flamengo-x-racing-veja-o-retrospecto-rubro-negro-contra-times-argentinos","status":"publish","type":"post","link":"https:\/\/www.gaveanews.com\/index.php\/2025\/10\/21\/flamengo-x-racing-veja-o-retrospecto-rubro-negro-contra-times-argentinos\/","title":{"rendered":"Flamengo x Racing: veja o retrospecto rubro-negro contra times argentinos"},"content":{"rendered":"\n<p>O <a href=\"https:\/\/www.gaveanews.com\/index.php\/category\/brasileirao\/flamengo\/\" target=\"_blank\" rel=\"noopener noreferrer\">Flamengo<\/a> abre a semifinal da Conmebol Libertadores contra o Racing, na quarta-feira (22 de outubro), \u00e0s 21 horas e 30 minutos (hor\u00e1rio de Bras\u00edlia), no Maracan\u00e3. O confronto ser\u00e1 o primeiro da s\u00e9rie entre clubes tradicionais do continente.<\/p>\n\n\n\n<p>Historicamente, o Flamengo tem retrospecto positivo contra argentinos na Libertadores. Desde 1980, s\u00e3o 27 jogos, com 14 vit\u00f3rias, 9 empates e 4 derrotas. O Rubro-Negro marcou 50 gols, sofreu 28 e soma 63% de aproveitamento.<\/p>\n\n\n\n<p>Em mata-matas, o desempenho tamb\u00e9m \u00e9 favor\u00e1vel. O time registra 11 jogos, com 7 vit\u00f3rias, 2 empates e 2 derrotas, al\u00e9m de 18 gols feitos e 11 sofridos. O aproveitamento \u00e9 de 69,7%, com quatro classifica\u00e7\u00f5es e duas elimina\u00e7\u00f5es.<\/p>\n\n\n\n<p>Como mandante, no Maracan\u00e3, os n\u00fameros crescem. Em 13 jogos, s\u00e3o 9 vit\u00f3rias, 3 empates e 1 derrota, com 30 gols marcados e 13 sofridos. A \u00fanica derrota ocorreu para o Central C\u00f3rdoba, por 2 a 1, na fase de grupos de 2025.<\/p>\n\n\n\n<p>No hist\u00f3rico geral entre Flamengo e Racing, o equil\u00edbrio aparece. S\u00e3o seis partidas, com quatro empates e uma vit\u00f3ria para cada lado. Pela Libertadores, o Flamengo soma uma vit\u00f3ria e tr\u00eas empates no confronto direto.<\/p>\n\n\n\n<p>Antes, em 1992, os clubes duelaram pela Supercopa dos Campe\u00f5es da Libertadores. Houve empate por 3 a 3 no Maracan\u00e3, e vit\u00f3ria argentina por 1 a 0 na volta. Em 2020, nas oitavas, ocorreram dois empates por 1 a 1, e o Racing avan\u00e7ou nos p\u00eanaltis. Em 2023, pela fase de grupos, houve empate por 1 a 1 na Argentina e triunfo rubro-negro por 2 a 1 no Rio.<\/p>\n","protected":false},"excerpt":{"rendered":"<p>O Flamengo abre a semifinal da Conmebol Libertadores contra o Racing, na quarta-feira (22 de outubro), \u00e0s 21 horas e 30 minutos (hor\u00e1rio de Bras\u00edlia), no Maracan\u00e3. O confronto ser\u00e1 o primeiro da s\u00e9rie entre clubes tradicionais do continente. Historicamente, o Flamengo tem retrospecto positivo contra argentinos na Libertadores. Desde 1980, s\u00e3o 27 jogos, com [&hellip;]<\/p>\n","protected":false},"author":39,"featured_media":101250,"comment_status":"open","ping_status":"closed","sticky":false,"template":"","format":"standard","meta":{"footnotes":""},"categories":[1],"tags":[],"class_list":["post-278949","post","type-post","status-publish","format-standard","has-post-thumbnail","hentry","category-flamengo"],"yoast_head":"<!-- This site is optimized with the Yoast SEO Premium plugin v24.2 (Yoast SEO v26.9) - https:\/\/yoast.com\/product\/yoast-seo-premium-wordpress\/ -->\n<title>Flamengo x Racing: veja o retrospecto rubro-negro contra times argentinos<\/title>\n<meta name=\"robots\" content=\"index, follow, max-snippet:-1, max-image-preview:large, max-video-preview:-1\" \/>\n<link rel=\"canonical\" href=\"https:\/\/www.gaveanews.com\/index.php\/2025\/10\/21\/flamengo-x-racing-veja-o-retrospecto-rubro-negro-contra-times-argentinos\/\" \/>\n<meta property=\"og:locale\" content=\"pt_BR\" \/>\n<meta property=\"og:type\" content=\"article\" \/>\n<meta property=\"og:title\" content=\"Flamengo x Racing: veja o retrospecto rubro-negro contra times argentinos\" \/>\n<meta property=\"og:description\" content=\"O Flamengo abre a semifinal da Conmebol Libertadores contra o Racing, na quarta-feira (22 de outubro), \u00e0s 21 horas e 30 minutos (hor\u00e1rio de Bras\u00edlia), no Maracan\u00e3. O confronto ser\u00e1 o primeiro da s\u00e9rie entre clubes tradicionais do continente. Historicamente, o Flamengo tem retrospecto positivo contra argentinos na Libertadores. Desde 1980, s\u00e3o 27 jogos, com [&hellip;]\" \/>\n<meta property=\"og:url\" content=\"https:\/\/www.gaveanews.com\/index.php\/2025\/10\/21\/flamengo-x-racing-veja-o-retrospecto-rubro-negro-contra-times-argentinos\/\" \/>\n<meta property=\"og:site_name\" content=\"G\u00e1vea News\" \/>\n<meta property=\"article:publisher\" content=\"https:\/\/facebook.com\/gaveaNews\/\" \/>\n<meta property=\"article:published_time\" content=\"2025-10-21T15:40:24+00:00\" \/>\n<meta property=\"og:image\" content=\"https:\/\/www.gaveanews.com\/wp-content\/uploads\/Maracanao-escudo-Flamengo.webp\" \/>\n\t<meta property=\"og:image:width\" content=\"640\" \/>\n\t<meta property=\"og:image:height\" content=\"427\" \/>\n\t<meta property=\"og:image:type\" content=\"image\/jpeg\" \/>\n<meta name=\"author\" content=\"Reda\u00e7\u00e3o\" \/>\n<meta name=\"twitter:card\" content=\"summary_large_image\" \/>\n<meta name=\"twitter:label1\" content=\"Escrito por\" \/>\n\t<meta name=\"twitter:data1\" content=\"Reda\u00e7\u00e3o\" \/>\n\t<meta name=\"twitter:label2\" content=\"Est. tempo de leitura\" \/>\n\t<meta name=\"twitter:data2\" content=\"2 minutos\" \/>\n<script type=\"application\/ld+json\" class=\"yoast-schema-graph\">{\"@context\":\"https:\/\/schema.org\",\"@graph\":[{\"@type\":\"NewsArticle\",\"@id\":\"https:\/\/www.gaveanews.com\/index.php\/2025\/10\/21\/flamengo-x-racing-veja-o-retrospecto-rubro-negro-contra-times-argentinos\/#article\",\"isPartOf\":{\"@id\":\"https:\/\/www.gaveanews.com\/index.php\/2025\/10\/21\/flamengo-x-racing-veja-o-retrospecto-rubro-negro-contra-times-argentinos\/\"},\"author\":{\"name\":\"Reda\u00e7\u00e3o\",\"@id\":\"https:\/\/www.gaveanews.com\/#\/schema\/person\/c88645e3d550d0b6574305e67dd5a716\"},\"headline\":\"Flamengo x Racing: veja o retrospecto rubro-negro contra times argentinos\",\"datePublished\":\"2025-10-21T15:40:24+00:00\",\"mainEntityOfPage\":{\"@id\":\"https:\/\/www.gaveanews.com\/index.php\/2025\/10\/21\/flamengo-x-racing-veja-o-retrospecto-rubro-negro-contra-times-argentinos\/\"},\"wordCount\":253,\"commentCount\":0,\"image\":{\"@id\":\"https:\/\/www.gaveanews.com\/index.php\/2025\/10\/21\/flamengo-x-racing-veja-o-retrospecto-rubro-negro-contra-times-argentinos\/#primaryimage\"},\"thumbnailUrl\":\"https:\/\/www.gaveanews.com\/wp-content\/uploads\/Maracanao-escudo-Flamengo.webp\",\"articleSection\":[\"Flamengo\"],\"inLanguage\":\"pt-BR\",\"potentialAction\":[{\"@type\":\"CommentAction\",\"name\":\"Comment\",\"target\":[\"https:\/\/www.gaveanews.com\/index.php\/2025\/10\/21\/flamengo-x-racing-veja-o-retrospecto-rubro-negro-contra-times-argentinos\/#respond\"]}],\"copyrightYear\":\"2025\",\"copyrightHolder\":{\"@id\":\"https:\/\/www.gaveanews.com\/#organization\"}},{\"@type\":\"WebPage\",\"@id\":\"https:\/\/www.gaveanews.com\/index.php\/2025\/10\/21\/flamengo-x-racing-veja-o-retrospecto-rubro-negro-contra-times-argentinos\/\",\"url\":\"https:\/\/www.gaveanews.com\/index.php\/2025\/10\/21\/flamengo-x-racing-veja-o-retrospecto-rubro-negro-contra-times-argentinos\/\",\"name\":\"Flamengo x Racing: veja o retrospecto rubro-negro contra times argentinos\",\"isPartOf\":{\"@id\":\"https:\/\/www.gaveanews.com\/#website\"},\"primaryImageOfPage\":{\"@id\":\"https:\/\/www.gaveanews.com\/index.php\/2025\/10\/21\/flamengo-x-racing-veja-o-retrospecto-rubro-negro-contra-times-argentinos\/#primaryimage\"},\"image\":{\"@id\":\"https:\/\/www.gaveanews.com\/index.php\/2025\/10\/21\/flamengo-x-racing-veja-o-retrospecto-rubro-negro-contra-times-argentinos\/#primaryimage\"},\"thumbnailUrl\":\"https:\/\/www.gaveanews.com\/wp-content\/uploads\/Maracanao-escudo-Flamengo.webp\",\"datePublished\":\"2025-10-21T15:40:24+00:00\",\"author\":{\"@id\":\"https:\/\/www.gaveanews.com\/#\/schema\/person\/c88645e3d550d0b6574305e67dd5a716\"},\"breadcrumb\":{\"@id\":\"https:\/\/www.gaveanews.com\/index.php\/2025\/10\/21\/flamengo-x-racing-veja-o-retrospecto-rubro-negro-contra-times-argentinos\/#breadcrumb\"},\"inLanguage\":\"pt-BR\",\"potentialAction\":[{\"@type\":\"ReadAction\",\"target\":[\"https:\/\/www.gaveanews.com\/index.php\/2025\/10\/21\/flamengo-x-racing-veja-o-retrospecto-rubro-negro-contra-times-argentinos\/\"]}]},{\"@type\":\"ImageObject\",\"inLanguage\":\"pt-BR\",\"@id\":\"https:\/\/www.gaveanews.com\/index.php\/2025\/10\/21\/flamengo-x-racing-veja-o-retrospecto-rubro-negro-contra-times-argentinos\/#primaryimage\",\"url\":\"https:\/\/www.gaveanews.com\/wp-content\/uploads\/Maracanao-escudo-Flamengo.webp\",\"contentUrl\":\"https:\/\/www.gaveanews.com\/wp-content\/uploads\/Maracanao-escudo-Flamengo.webp\",\"width\":640,\"height\":427,\"caption\":\"Escudo do Flamengo no gramado do Maracan\u00e3 (Foto: Reprodu\u00e7\u00e3o)\"},{\"@type\":\"BreadcrumbList\",\"@id\":\"https:\/\/www.gaveanews.com\/index.php\/2025\/10\/21\/flamengo-x-racing-veja-o-retrospecto-rubro-negro-contra-times-argentinos\/#breadcrumb\",\"itemListElement\":[{\"@type\":\"ListItem\",\"position\":1,\"name\":\"Home\",\"item\":\"https:\/\/www.gaveanews.com\/\"},{\"@type\":\"ListItem\",\"position\":2,\"name\":\"Flamengo x Racing: veja o retrospecto rubro-negro contra times argentinos\"}]},{\"@type\":\"WebSite\",\"@id\":\"https:\/\/www.gaveanews.com\/#website\",\"url\":\"https:\/\/www.gaveanews.com\/\",\"name\":\"G\u00e1vea News\",\"description\":\"Veja todas as not\u00edcias sobre o Flamengo: Contrata\u00e7\u00f5es, categorias de base, resultados das partidas, tabela de classifica\u00e7\u00e3o, pr\u00f3ximos jogos!\",\"potentialAction\":[{\"@type\":\"SearchAction\",\"target\":{\"@type\":\"EntryPoint\",\"urlTemplate\":\"https:\/\/www.gaveanews.com\/?s={search_term_string}\"},\"query-input\":{\"@type\":\"PropertyValueSpecification\",\"valueRequired\":true,\"valueName\":\"search_term_string\"}}],\"inLanguage\":\"pt-BR\"},{\"@type\":\"Person\",\"@id\":\"https:\/\/www.gaveanews.com\/#\/schema\/person\/c88645e3d550d0b6574305e67dd5a716\",\"name\":\"Reda\u00e7\u00e3o\",\"image\":{\"@type\":\"ImageObject\",\"inLanguage\":\"pt-BR\",\"@id\":\"https:\/\/www.gaveanews.com\/#\/schema\/person\/image\/\",\"url\":\"https:\/\/secure.gravatar.com\/avatar\/434098fd823f0dc1b062d14ca22bacaa6e38de28d8c816bbef6fc2f8c44d8ba3?s=96&d=mm&r=g\",\"contentUrl\":\"https:\/\/secure.gravatar.com\/avatar\/434098fd823f0dc1b062d14ca22bacaa6e38de28d8c816bbef6fc2f8c44d8ba3?s=96&d=mm&r=g\",\"caption\":\"Reda\u00e7\u00e3o\"}}]}<\/script>\n<!-- \/ Yoast SEO Premium plugin. -->","yoast_head_json":{"title":"Flamengo x Racing: veja o retrospecto rubro-negro contra times argentinos","robots":{"index":"index","follow":"follow","max-snippet":"max-snippet:-1","max-image-preview":"max-image-preview:large","max-video-preview":"max-video-preview:-1"},"canonical":"https:\/\/www.gaveanews.com\/index.php\/2025\/10\/21\/flamengo-x-racing-veja-o-retrospecto-rubro-negro-contra-times-argentinos\/","og_locale":"pt_BR","og_type":"article","og_title":"Flamengo x Racing: veja o retrospecto rubro-negro contra times argentinos","og_description":"O Flamengo abre a semifinal da Conmebol Libertadores contra o Racing, na quarta-feira (22 de outubro), \u00e0s 21 horas e 30 minutos (hor\u00e1rio de Bras\u00edlia), no Maracan\u00e3. O confronto ser\u00e1 o primeiro da s\u00e9rie entre clubes tradicionais do continente. Historicamente, o Flamengo tem retrospecto positivo contra argentinos na Libertadores. Desde 1980, s\u00e3o 27 jogos, com [&hellip;]","og_url":"https:\/\/www.gaveanews.com\/index.php\/2025\/10\/21\/flamengo-x-racing-veja-o-retrospecto-rubro-negro-contra-times-argentinos\/","og_site_name":"G\u00e1vea News","article_publisher":"https:\/\/facebook.com\/gaveaNews\/","article_published_time":"2025-10-21T15:40:24+00:00","og_image":[{"width":640,"height":427,"url":"https:\/\/www.gaveanews.com\/wp-content\/uploads\/Maracanao-escudo-Flamengo.webp","type":"image\/jpeg"}],"author":"Reda\u00e7\u00e3o","twitter_card":"summary_large_image","twitter_misc":{"Escrito por":"Reda\u00e7\u00e3o","Est. tempo de leitura":"2 minutos"},"schema":{"@context":"https:\/\/schema.org","@graph":[{"@type":"NewsArticle","@id":"https:\/\/www.gaveanews.com\/index.php\/2025\/10\/21\/flamengo-x-racing-veja-o-retrospecto-rubro-negro-contra-times-argentinos\/#article","isPartOf":{"@id":"https:\/\/www.gaveanews.com\/index.php\/2025\/10\/21\/flamengo-x-racing-veja-o-retrospecto-rubro-negro-contra-times-argentinos\/"},"author":{"name":"Reda\u00e7\u00e3o","@id":"https:\/\/www.gaveanews.com\/#\/schema\/person\/c88645e3d550d0b6574305e67dd5a716"},"headline":"Flamengo x Racing: veja o retrospecto rubro-negro contra times argentinos","datePublished":"2025-10-21T15:40:24+00:00","mainEntityOfPage":{"@id":"https:\/\/www.gaveanews.com\/index.php\/2025\/10\/21\/flamengo-x-racing-veja-o-retrospecto-rubro-negro-contra-times-argentinos\/"},"wordCount":253,"commentCount":0,"image":{"@id":"https:\/\/www.gaveanews.com\/index.php\/2025\/10\/21\/flamengo-x-racing-veja-o-retrospecto-rubro-negro-contra-times-argentinos\/#primaryimage"},"thumbnailUrl":"https:\/\/www.gaveanews.com\/wp-content\/uploads\/Maracanao-escudo-Flamengo.webp","articleSection":["Flamengo"],"inLanguage":"pt-BR","potentialAction":[{"@type":"CommentAction","name":"Comment","target":["https:\/\/www.gaveanews.com\/index.php\/2025\/10\/21\/flamengo-x-racing-veja-o-retrospecto-rubro-negro-contra-times-argentinos\/#respond"]}],"copyrightYear":"2025","copyrightHolder":{"@id":"https:\/\/www.gaveanews.com\/#organization"}},{"@type":"WebPage","@id":"https:\/\/www.gaveanews.com\/index.php\/2025\/10\/21\/flamengo-x-racing-veja-o-retrospecto-rubro-negro-contra-times-argentinos\/","url":"https:\/\/www.gaveanews.com\/index.php\/2025\/10\/21\/flamengo-x-racing-veja-o-retrospecto-rubro-negro-contra-times-argentinos\/","name":"Flamengo x Racing: veja o retrospecto rubro-negro contra times argentinos","isPartOf":{"@id":"https:\/\/www.gaveanews.com\/#website"},"primaryImageOfPage":{"@id":"https:\/\/www.gaveanews.com\/index.php\/2025\/10\/21\/flamengo-x-racing-veja-o-retrospecto-rubro-negro-contra-times-argentinos\/#primaryimage"},"image":{"@id":"https:\/\/www.gaveanews.com\/index.php\/2025\/10\/21\/flamengo-x-racing-veja-o-retrospecto-rubro-negro-contra-times-argentinos\/#primaryimage"},"thumbnailUrl":"https:\/\/www.gaveanews.com\/wp-content\/uploads\/Maracanao-escudo-Flamengo.webp","datePublished":"2025-10-21T15:40:24+00:00","author":{"@id":"https:\/\/www.gaveanews.com\/#\/schema\/person\/c88645e3d550d0b6574305e67dd5a716"},"breadcrumb":{"@id":"https:\/\/www.gaveanews.com\/index.php\/2025\/10\/21\/flamengo-x-racing-veja-o-retrospecto-rubro-negro-contra-times-argentinos\/#breadcrumb"},"inLanguage":"pt-BR","potentialAction":[{"@type":"ReadAction","target":["https:\/\/www.gaveanews.com\/index.php\/2025\/10\/21\/flamengo-x-racing-veja-o-retrospecto-rubro-negro-contra-times-argentinos\/"]}]},{"@type":"ImageObject","inLanguage":"pt-BR","@id":"https:\/\/www.gaveanews.com\/index.php\/2025\/10\/21\/flamengo-x-racing-veja-o-retrospecto-rubro-negro-contra-times-argentinos\/#primaryimage","url":"https:\/\/www.gaveanews.com\/wp-content\/uploads\/Maracanao-escudo-Flamengo.webp","contentUrl":"https:\/\/www.gaveanews.com\/wp-content\/uploads\/Maracanao-escudo-Flamengo.webp","width":640,"height":427,"caption":"Escudo do Flamengo no gramado do Maracan\u00e3 (Foto: Reprodu\u00e7\u00e3o)"},{"@type":"BreadcrumbList","@id":"https:\/\/www.gaveanews.com\/index.php\/2025\/10\/21\/flamengo-x-racing-veja-o-retrospecto-rubro-negro-contra-times-argentinos\/#breadcrumb","itemListElement":[{"@type":"ListItem","position":1,"name":"Home","item":"https:\/\/www.gaveanews.com\/"},{"@type":"ListItem","position":2,"name":"Flamengo x Racing: veja o retrospecto rubro-negro contra times argentinos"}]},{"@type":"WebSite","@id":"https:\/\/www.gaveanews.com\/#website","url":"https:\/\/www.gaveanews.com\/","name":"G\u00e1vea News","description":"Veja todas as not\u00edcias sobre o Flamengo: Contrata\u00e7\u00f5es, categorias de base, resultados das partidas, tabela de classifica\u00e7\u00e3o, pr\u00f3ximos jogos!","potentialAction":[{"@type":"SearchAction","target":{"@type":"EntryPoint","urlTemplate":"https:\/\/www.gaveanews.com\/?s={search_term_string}"},"query-input":{"@type":"PropertyValueSpecification","valueRequired":true,"valueName":"search_term_string"}}],"inLanguage":"pt-BR"},{"@type":"Person","@id":"https:\/\/www.gaveanews.com\/#\/schema\/person\/c88645e3d550d0b6574305e67dd5a716","name":"Reda\u00e7\u00e3o","image":{"@type":"ImageObject","inLanguage":"pt-BR","@id":"https:\/\/www.gaveanews.com\/#\/schema\/person\/image\/","url":"https:\/\/secure.gravatar.com\/avatar\/434098fd823f0dc1b062d14ca22bacaa6e38de28d8c816bbef6fc2f8c44d8ba3?s=96&d=mm&r=g","contentUrl":"https:\/\/secure.gravatar.com\/avatar\/434098fd823f0dc1b062d14ca22bacaa6e38de28d8c816bbef6fc2f8c44d8ba3?s=96&d=mm&r=g","caption":"Reda\u00e7\u00e3o"}}]}},"_links":{"self":[{"href":"https:\/\/www.gaveanews.com\/index.php\/wp-json\/wp\/v2\/posts\/278949","targetHints":{"allow":["GET"]}}],"collection":[{"href":"https:\/\/www.gaveanews.com\/index.php\/wp-json\/wp\/v2\/posts"}],"about":[{"href":"https:\/\/www.gaveanews.com\/index.php\/wp-json\/wp\/v2\/types\/post"}],"author":[{"embeddable":true,"href":"https:\/\/www.gaveanews.com\/index.php\/wp-json\/wp\/v2\/users\/39"}],"replies":[{"embeddable":true,"href":"https:\/\/www.gaveanews.com\/index.php\/wp-json\/wp\/v2\/comments?post=278949"}],"version-history":[{"count":1,"href":"https:\/\/www.gaveanews.com\/index.php\/wp-json\/wp\/v2\/posts\/278949\/revisions"}],"predecessor-version":[{"id":278964,"href":"https:\/\/www.gaveanews.com\/index.php\/wp-json\/wp\/v2\/posts\/278949\/revisions\/278964"}],"wp:featuredmedia":[{"embeddable":true,"href":"https:\/\/www.gaveanews.com\/index.php\/wp-json\/wp\/v2\/media\/101250"}],"wp:attachment":[{"href":"https:\/\/www.gaveanews.com\/index.php\/wp-json\/wp\/v2\/media?parent=278949"}],"wp:term":[{"taxonomy":"category","embeddable":true,"href":"https:\/\/www.gaveanews.com\/index.php\/wp-json\/wp\/v2\/categories?post=278949"},{"taxonomy":"post_tag","embeddable":true,"href":"https:\/\/www.gaveanews.com\/index.php\/wp-json\/wp\/v2\/tags?post=278949"}],"curies":[{"name":"wp","href":"https:\/\/api.w.org\/{rel}","templated":true}]}}