{"id":278965,"date":"2025-10-21T13:08:32","date_gmt":"2025-10-21T16:08:32","guid":{"rendered":"https:\/\/www.gaveanews.com\/?p=278965"},"modified":"2025-10-21T13:08:37","modified_gmt":"2025-10-21T16:08:37","slug":"atacante-quer-voltar-para-o-brasil-e-o-flamengo-pode-ser-seu-destino","status":"publish","type":"post","link":"https:\/\/www.gaveanews.com\/index.php\/2025\/10\/21\/atacante-quer-voltar-para-o-brasil-e-o-flamengo-pode-ser-seu-destino\/","title":{"rendered":"Atacante quer voltar para o Brasil, e o Flamengo pode ser seu destino"},"content":{"rendered":"\n<p>Insatisfeito no Fenerbah\u00e7e, Anderson Talisca avalia deixar a Turquia e mira um retorno ao Brasil em 2026, segundo a ESPN. No Brasil, o <a href=\"https:\/\/www.gaveanews.com\/index.php\/category\/brasileirao\/flamengo\/\" target=\"_blank\" rel=\"noopener noreferrer\">Flamengo<\/a> surge no radar pela rela\u00e7\u00e3o do meia com o diretor de futebol Jos\u00e9 Boto.<\/p>\n\n\n\n<p>Aos 31 anos, Talisca tem contrato com o Fenerbah\u00e7e at\u00e9 junho de 2026. Ele soma quatro gols em 13 partidas na temporada e n\u00e3o v\u00ea encaixe ideal de seu estilo no time. A sa\u00edda de Jos\u00e9 Mourinho, que havia pedido sua contrata\u00e7\u00e3o quando o atleta estava no Al Nassr, tamb\u00e9m pesa.<\/p>\n\n\n\n<p>De acordo com a ESPN, clubes brasileiros monitoram o cen\u00e1rio. At\u00e9 o momento, n\u00e3o h\u00e1 nada concreto, mas Corinthians, Flamengo e Bahia aparecem como possibilidades, caso a volta ao pa\u00eds se concretize.<\/p>\n\n\n\n<p>No Flamengo, a proximidade com Jos\u00e9 Boto \u00e9 um trunfo citado pelas apura\u00e7\u00f5es. Boto chefiava o scouting do Benfica em 2014 e, com Jorge Jesus, levou Talisca a Portugal. Pelo clube, o brasileiro disputou 78 jogos e marcou 20 gols.<\/p>\n\n\n\n<figure class=\"wp-block-image size-large\"><img loading=\"lazy\" decoding=\"async\" width=\"1024\" height=\"576\" src=\"http:\/\/www.gaveanews.com\/wp-content\/uploads\/anderson-talisca-al-nassr-1024x576.webp\" alt=\"\" class=\"wp-image-91373\" srcset=\"https:\/\/www.gaveanews.com\/wp-content\/uploads\/anderson-talisca-al-nassr-1024x576.webp 1024w, https:\/\/www.gaveanews.com\/wp-content\/uploads\/anderson-talisca-al-nassr-300x169.webp 300w, https:\/\/www.gaveanews.com\/wp-content\/uploads\/anderson-talisca-al-nassr-768x432.webp 768w, https:\/\/www.gaveanews.com\/wp-content\/uploads\/anderson-talisca-al-nassr-747x420.webp 747w, https:\/\/www.gaveanews.com\/wp-content\/uploads\/anderson-talisca-al-nassr-640x360.webp 640w, https:\/\/www.gaveanews.com\/wp-content\/uploads\/anderson-talisca-al-nassr-681x383.webp 681w, https:\/\/www.gaveanews.com\/wp-content\/uploads\/anderson-talisca-al-nassr-100x56.webp 100w, https:\/\/www.gaveanews.com\/wp-content\/uploads\/anderson-talisca-al-nassr.webp 1200w\" sizes=\"auto, (max-width: 1024px) 100vw, 1024px\" \/><figcaption class=\"wp-element-caption\">Anderson Talisca em a\u00e7\u00e3o pelo Al-Nassr (Foto: Reprodu\u00e7\u00e3o)<\/figcaption><\/figure>\n\n\n\n<p>O Corinthians \u00e9 apontado como time do cora\u00e7\u00e3o de Talisca, que j\u00e1 admitiu a vontade de defend\u00ea-lo. A ESPN destaca, por\u00e9m, que a complicada situa\u00e7\u00e3o financeira, com transfer ban da Fifa, \u00e9 um entrave relevante.<\/p>\n\n\n\n<p>O Bahia tamb\u00e9m surge como interessado. O meia foi revelado em Salvador, mant\u00e9m grande carinho pelo clube e conta com o City Football Group como suporte financeiro, conforme as informa\u00e7\u00f5es publicadas.<\/p>\n\n\n\n<p>Segundo o portal turco Sabah, o <a href=\"https:\/\/www.gaveanews.com\/index.php\/category\/brasileirao\/fluminense\/\" target=\"_blank\" rel=\"noopener noreferrer\">Fluminense<\/a> observa a situa\u00e7\u00e3o e v\u00ea com bons olhos investir no jogador. A publica\u00e7\u00e3o indica que dirigentes do Fenerbah\u00e7e consideram seriamente uma venda em janeiro e est\u00e3o dispostos a negociar sem exigir quantia exorbitante.<\/p>\n\n\n\n<p>Enquanto Talisca define os pr\u00f3ximos passos, o Flamengo foca no jogo contra o Racing, pela ida das semifinais da Libertadores, nesta quarta-feira (22 de outubro), no Maracan\u00e3, \u00e0s 21 horas e 30 minutos (hor\u00e1rio de Bras\u00edlia).<\/p>\n","protected":false},"excerpt":{"rendered":"<p>Insatisfeito no Fenerbah\u00e7e, Anderson Talisca avalia deixar a Turquia e mira um retorno ao Brasil em 2026, segundo a ESPN. No Brasil, o Flamengo surge no radar pela rela\u00e7\u00e3o do meia com o diretor de futebol Jos\u00e9 Boto. Aos 31 anos, Talisca tem contrato com o Fenerbah\u00e7e at\u00e9 junho de 2026. Ele soma quatro gols [&hellip;]<\/p>\n","protected":false},"author":39,"featured_media":123691,"comment_status":"open","ping_status":"closed","sticky":false,"template":"","format":"standard","meta":{"footnotes":""},"categories":[1],"tags":[],"class_list":["post-278965","post","type-post","status-publish","format-standard","has-post-thumbnail","hentry","category-flamengo"],"yoast_head":"<!-- This site is optimized with the Yoast SEO Premium plugin v24.2 (Yoast SEO v26.9) - https:\/\/yoast.com\/product\/yoast-seo-premium-wordpress\/ -->\n<title>Atacante quer voltar para o Brasil, e o Flamengo pode ser seu destino<\/title>\n<meta name=\"description\" content=\"No Flamengo, a proximidade com Jos\u00e9 Boto \u00e9 um trunfo citado pelas apura\u00e7\u00f5es. Boto chefiava o scouting do Benfica em 2014 e, com Jorge Jesus, levou Talisca a Portugal.\" \/>\n<meta name=\"robots\" content=\"index, follow, max-snippet:-1, max-image-preview:large, max-video-preview:-1\" \/>\n<link rel=\"canonical\" href=\"https:\/\/www.gaveanews.com\/index.php\/2025\/10\/21\/atacante-quer-voltar-para-o-brasil-e-o-flamengo-pode-ser-seu-destino\/\" \/>\n<meta property=\"og:locale\" content=\"pt_BR\" \/>\n<meta property=\"og:type\" content=\"article\" \/>\n<meta property=\"og:title\" content=\"Atacante quer voltar para o Brasil, e o Flamengo pode ser seu destino\" \/>\n<meta property=\"og:description\" content=\"No Flamengo, a proximidade com Jos\u00e9 Boto \u00e9 um trunfo citado pelas apura\u00e7\u00f5es. Boto chefiava o scouting do Benfica em 2014 e, com Jorge Jesus, levou Talisca a Portugal.\" \/>\n<meta property=\"og:url\" content=\"https:\/\/www.gaveanews.com\/index.php\/2025\/10\/21\/atacante-quer-voltar-para-o-brasil-e-o-flamengo-pode-ser-seu-destino\/\" \/>\n<meta property=\"og:site_name\" content=\"G\u00e1vea News\" \/>\n<meta property=\"article:publisher\" content=\"https:\/\/facebook.com\/gaveaNews\/\" \/>\n<meta property=\"article:published_time\" content=\"2025-10-21T16:08:32+00:00\" \/>\n<meta property=\"article:modified_time\" content=\"2025-10-21T16:08:37+00:00\" \/>\n<meta property=\"og:image\" content=\"http:\/\/www.gaveanews.com\/wp-content\/uploads\/flamengo.webp\" \/>\n\t<meta property=\"og:image:width\" content=\"799\" \/>\n\t<meta property=\"og:image:height\" content=\"532\" \/>\n\t<meta property=\"og:image:type\" content=\"image\/webp\" \/>\n<meta name=\"author\" content=\"Reda\u00e7\u00e3o\" \/>\n<meta name=\"twitter:card\" content=\"summary_large_image\" \/>\n<meta name=\"twitter:label1\" content=\"Escrito por\" \/>\n\t<meta name=\"twitter:data1\" content=\"Reda\u00e7\u00e3o\" \/>\n\t<meta name=\"twitter:label2\" content=\"Est. tempo de leitura\" \/>\n\t<meta name=\"twitter:data2\" content=\"3 minutos\" \/>\n<script type=\"application\/ld+json\" class=\"yoast-schema-graph\">{\"@context\":\"https:\/\/schema.org\",\"@graph\":[{\"@type\":\"NewsArticle\",\"@id\":\"https:\/\/www.gaveanews.com\/index.php\/2025\/10\/21\/atacante-quer-voltar-para-o-brasil-e-o-flamengo-pode-ser-seu-destino\/#article\",\"isPartOf\":{\"@id\":\"https:\/\/www.gaveanews.com\/index.php\/2025\/10\/21\/atacante-quer-voltar-para-o-brasil-e-o-flamengo-pode-ser-seu-destino\/\"},\"author\":{\"name\":\"Reda\u00e7\u00e3o\",\"@id\":\"https:\/\/www.gaveanews.com\/#\/schema\/person\/c88645e3d550d0b6574305e67dd5a716\"},\"headline\":\"Atacante quer voltar para o Brasil, e o Flamengo pode ser seu destino\",\"datePublished\":\"2025-10-21T16:08:32+00:00\",\"dateModified\":\"2025-10-21T16:08:37+00:00\",\"mainEntityOfPage\":{\"@id\":\"https:\/\/www.gaveanews.com\/index.php\/2025\/10\/21\/atacante-quer-voltar-para-o-brasil-e-o-flamengo-pode-ser-seu-destino\/\"},\"wordCount\":338,\"commentCount\":0,\"image\":{\"@id\":\"https:\/\/www.gaveanews.com\/index.php\/2025\/10\/21\/atacante-quer-voltar-para-o-brasil-e-o-flamengo-pode-ser-seu-destino\/#primaryimage\"},\"thumbnailUrl\":\"https:\/\/www.gaveanews.com\/wp-content\/uploads\/flamengo.webp\",\"articleSection\":[\"Flamengo\"],\"inLanguage\":\"pt-BR\",\"potentialAction\":[{\"@type\":\"CommentAction\",\"name\":\"Comment\",\"target\":[\"https:\/\/www.gaveanews.com\/index.php\/2025\/10\/21\/atacante-quer-voltar-para-o-brasil-e-o-flamengo-pode-ser-seu-destino\/#respond\"]}],\"copyrightYear\":\"2025\",\"copyrightHolder\":{\"@id\":\"https:\/\/www.gaveanews.com\/#organization\"}},{\"@type\":\"WebPage\",\"@id\":\"https:\/\/www.gaveanews.com\/index.php\/2025\/10\/21\/atacante-quer-voltar-para-o-brasil-e-o-flamengo-pode-ser-seu-destino\/\",\"url\":\"https:\/\/www.gaveanews.com\/index.php\/2025\/10\/21\/atacante-quer-voltar-para-o-brasil-e-o-flamengo-pode-ser-seu-destino\/\",\"name\":\"Atacante quer voltar para o Brasil, e o Flamengo pode ser seu destino\",\"isPartOf\":{\"@id\":\"https:\/\/www.gaveanews.com\/#website\"},\"primaryImageOfPage\":{\"@id\":\"https:\/\/www.gaveanews.com\/index.php\/2025\/10\/21\/atacante-quer-voltar-para-o-brasil-e-o-flamengo-pode-ser-seu-destino\/#primaryimage\"},\"image\":{\"@id\":\"https:\/\/www.gaveanews.com\/index.php\/2025\/10\/21\/atacante-quer-voltar-para-o-brasil-e-o-flamengo-pode-ser-seu-destino\/#primaryimage\"},\"thumbnailUrl\":\"https:\/\/www.gaveanews.com\/wp-content\/uploads\/flamengo.webp\",\"datePublished\":\"2025-10-21T16:08:32+00:00\",\"dateModified\":\"2025-10-21T16:08:37+00:00\",\"author\":{\"@id\":\"https:\/\/www.gaveanews.com\/#\/schema\/person\/c88645e3d550d0b6574305e67dd5a716\"},\"description\":\"No Flamengo, a proximidade com Jos\u00e9 Boto \u00e9 um trunfo citado pelas apura\u00e7\u00f5es. Boto chefiava o scouting do Benfica em 2014 e, com Jorge Jesus, levou Talisca a Portugal.\",\"breadcrumb\":{\"@id\":\"https:\/\/www.gaveanews.com\/index.php\/2025\/10\/21\/atacante-quer-voltar-para-o-brasil-e-o-flamengo-pode-ser-seu-destino\/#breadcrumb\"},\"inLanguage\":\"pt-BR\",\"potentialAction\":[{\"@type\":\"ReadAction\",\"target\":[\"https:\/\/www.gaveanews.com\/index.php\/2025\/10\/21\/atacante-quer-voltar-para-o-brasil-e-o-flamengo-pode-ser-seu-destino\/\"]}]},{\"@type\":\"ImageObject\",\"inLanguage\":\"pt-BR\",\"@id\":\"https:\/\/www.gaveanews.com\/index.php\/2025\/10\/21\/atacante-quer-voltar-para-o-brasil-e-o-flamengo-pode-ser-seu-destino\/#primaryimage\",\"url\":\"https:\/\/www.gaveanews.com\/wp-content\/uploads\/flamengo.webp\",\"contentUrl\":\"https:\/\/www.gaveanews.com\/wp-content\/uploads\/flamengo.webp\",\"width\":799,\"height\":532,\"caption\":\"Centro de treinamento do Flamengo (Foto: Reprodu\u00e7\u00e3o)\"},{\"@type\":\"BreadcrumbList\",\"@id\":\"https:\/\/www.gaveanews.com\/index.php\/2025\/10\/21\/atacante-quer-voltar-para-o-brasil-e-o-flamengo-pode-ser-seu-destino\/#breadcrumb\",\"itemListElement\":[{\"@type\":\"ListItem\",\"position\":1,\"name\":\"Home\",\"item\":\"https:\/\/www.gaveanews.com\/\"},{\"@type\":\"ListItem\",\"position\":2,\"name\":\"Atacante quer voltar para o Brasil, e o Flamengo pode ser seu destino\"}]},{\"@type\":\"WebSite\",\"@id\":\"https:\/\/www.gaveanews.com\/#website\",\"url\":\"https:\/\/www.gaveanews.com\/\",\"name\":\"G\u00e1vea News\",\"description\":\"Veja todas as not\u00edcias sobre o Flamengo: Contrata\u00e7\u00f5es, categorias de base, resultados das partidas, tabela de classifica\u00e7\u00e3o, pr\u00f3ximos jogos!\",\"potentialAction\":[{\"@type\":\"SearchAction\",\"target\":{\"@type\":\"EntryPoint\",\"urlTemplate\":\"https:\/\/www.gaveanews.com\/?s={search_term_string}\"},\"query-input\":{\"@type\":\"PropertyValueSpecification\",\"valueRequired\":true,\"valueName\":\"search_term_string\"}}],\"inLanguage\":\"pt-BR\"},{\"@type\":\"Person\",\"@id\":\"https:\/\/www.gaveanews.com\/#\/schema\/person\/c88645e3d550d0b6574305e67dd5a716\",\"name\":\"Reda\u00e7\u00e3o\",\"image\":{\"@type\":\"ImageObject\",\"inLanguage\":\"pt-BR\",\"@id\":\"https:\/\/www.gaveanews.com\/#\/schema\/person\/image\/\",\"url\":\"https:\/\/secure.gravatar.com\/avatar\/434098fd823f0dc1b062d14ca22bacaa6e38de28d8c816bbef6fc2f8c44d8ba3?s=96&d=mm&r=g\",\"contentUrl\":\"https:\/\/secure.gravatar.com\/avatar\/434098fd823f0dc1b062d14ca22bacaa6e38de28d8c816bbef6fc2f8c44d8ba3?s=96&d=mm&r=g\",\"caption\":\"Reda\u00e7\u00e3o\"}}]}<\/script>\n<!-- \/ Yoast SEO Premium plugin. -->","yoast_head_json":{"title":"Atacante quer voltar para o Brasil, e o Flamengo pode ser seu destino","description":"No Flamengo, a proximidade com Jos\u00e9 Boto \u00e9 um trunfo citado pelas apura\u00e7\u00f5es. Boto chefiava o scouting do Benfica em 2014 e, com Jorge Jesus, levou Talisca a Portugal.","robots":{"index":"index","follow":"follow","max-snippet":"max-snippet:-1","max-image-preview":"max-image-preview:large","max-video-preview":"max-video-preview:-1"},"canonical":"https:\/\/www.gaveanews.com\/index.php\/2025\/10\/21\/atacante-quer-voltar-para-o-brasil-e-o-flamengo-pode-ser-seu-destino\/","og_locale":"pt_BR","og_type":"article","og_title":"Atacante quer voltar para o Brasil, e o Flamengo pode ser seu destino","og_description":"No Flamengo, a proximidade com Jos\u00e9 Boto \u00e9 um trunfo citado pelas apura\u00e7\u00f5es. Boto chefiava o scouting do Benfica em 2014 e, com Jorge Jesus, levou Talisca a Portugal.","og_url":"https:\/\/www.gaveanews.com\/index.php\/2025\/10\/21\/atacante-quer-voltar-para-o-brasil-e-o-flamengo-pode-ser-seu-destino\/","og_site_name":"G\u00e1vea News","article_publisher":"https:\/\/facebook.com\/gaveaNews\/","article_published_time":"2025-10-21T16:08:32+00:00","article_modified_time":"2025-10-21T16:08:37+00:00","og_image":[{"width":799,"height":532,"url":"http:\/\/www.gaveanews.com\/wp-content\/uploads\/flamengo.webp","type":"image\/webp"}],"author":"Reda\u00e7\u00e3o","twitter_card":"summary_large_image","twitter_misc":{"Escrito por":"Reda\u00e7\u00e3o","Est. tempo de leitura":"3 minutos"},"schema":{"@context":"https:\/\/schema.org","@graph":[{"@type":"NewsArticle","@id":"https:\/\/www.gaveanews.com\/index.php\/2025\/10\/21\/atacante-quer-voltar-para-o-brasil-e-o-flamengo-pode-ser-seu-destino\/#article","isPartOf":{"@id":"https:\/\/www.gaveanews.com\/index.php\/2025\/10\/21\/atacante-quer-voltar-para-o-brasil-e-o-flamengo-pode-ser-seu-destino\/"},"author":{"name":"Reda\u00e7\u00e3o","@id":"https:\/\/www.gaveanews.com\/#\/schema\/person\/c88645e3d550d0b6574305e67dd5a716"},"headline":"Atacante quer voltar para o Brasil, e o Flamengo pode ser seu destino","datePublished":"2025-10-21T16:08:32+00:00","dateModified":"2025-10-21T16:08:37+00:00","mainEntityOfPage":{"@id":"https:\/\/www.gaveanews.com\/index.php\/2025\/10\/21\/atacante-quer-voltar-para-o-brasil-e-o-flamengo-pode-ser-seu-destino\/"},"wordCount":338,"commentCount":0,"image":{"@id":"https:\/\/www.gaveanews.com\/index.php\/2025\/10\/21\/atacante-quer-voltar-para-o-brasil-e-o-flamengo-pode-ser-seu-destino\/#primaryimage"},"thumbnailUrl":"https:\/\/www.gaveanews.com\/wp-content\/uploads\/flamengo.webp","articleSection":["Flamengo"],"inLanguage":"pt-BR","potentialAction":[{"@type":"CommentAction","name":"Comment","target":["https:\/\/www.gaveanews.com\/index.php\/2025\/10\/21\/atacante-quer-voltar-para-o-brasil-e-o-flamengo-pode-ser-seu-destino\/#respond"]}],"copyrightYear":"2025","copyrightHolder":{"@id":"https:\/\/www.gaveanews.com\/#organization"}},{"@type":"WebPage","@id":"https:\/\/www.gaveanews.com\/index.php\/2025\/10\/21\/atacante-quer-voltar-para-o-brasil-e-o-flamengo-pode-ser-seu-destino\/","url":"https:\/\/www.gaveanews.com\/index.php\/2025\/10\/21\/atacante-quer-voltar-para-o-brasil-e-o-flamengo-pode-ser-seu-destino\/","name":"Atacante quer voltar para o Brasil, e o Flamengo pode ser seu destino","isPartOf":{"@id":"https:\/\/www.gaveanews.com\/#website"},"primaryImageOfPage":{"@id":"https:\/\/www.gaveanews.com\/index.php\/2025\/10\/21\/atacante-quer-voltar-para-o-brasil-e-o-flamengo-pode-ser-seu-destino\/#primaryimage"},"image":{"@id":"https:\/\/www.gaveanews.com\/index.php\/2025\/10\/21\/atacante-quer-voltar-para-o-brasil-e-o-flamengo-pode-ser-seu-destino\/#primaryimage"},"thumbnailUrl":"https:\/\/www.gaveanews.com\/wp-content\/uploads\/flamengo.webp","datePublished":"2025-10-21T16:08:32+00:00","dateModified":"2025-10-21T16:08:37+00:00","author":{"@id":"https:\/\/www.gaveanews.com\/#\/schema\/person\/c88645e3d550d0b6574305e67dd5a716"},"description":"No Flamengo, a proximidade com Jos\u00e9 Boto \u00e9 um trunfo citado pelas apura\u00e7\u00f5es. Boto chefiava o scouting do Benfica em 2014 e, com Jorge Jesus, levou Talisca a Portugal.","breadcrumb":{"@id":"https:\/\/www.gaveanews.com\/index.php\/2025\/10\/21\/atacante-quer-voltar-para-o-brasil-e-o-flamengo-pode-ser-seu-destino\/#breadcrumb"},"inLanguage":"pt-BR","potentialAction":[{"@type":"ReadAction","target":["https:\/\/www.gaveanews.com\/index.php\/2025\/10\/21\/atacante-quer-voltar-para-o-brasil-e-o-flamengo-pode-ser-seu-destino\/"]}]},{"@type":"ImageObject","inLanguage":"pt-BR","@id":"https:\/\/www.gaveanews.com\/index.php\/2025\/10\/21\/atacante-quer-voltar-para-o-brasil-e-o-flamengo-pode-ser-seu-destino\/#primaryimage","url":"https:\/\/www.gaveanews.com\/wp-content\/uploads\/flamengo.webp","contentUrl":"https:\/\/www.gaveanews.com\/wp-content\/uploads\/flamengo.webp","width":799,"height":532,"caption":"Centro de treinamento do Flamengo (Foto: Reprodu\u00e7\u00e3o)"},{"@type":"BreadcrumbList","@id":"https:\/\/www.gaveanews.com\/index.php\/2025\/10\/21\/atacante-quer-voltar-para-o-brasil-e-o-flamengo-pode-ser-seu-destino\/#breadcrumb","itemListElement":[{"@type":"ListItem","position":1,"name":"Home","item":"https:\/\/www.gaveanews.com\/"},{"@type":"ListItem","position":2,"name":"Atacante quer voltar para o Brasil, e o Flamengo pode ser seu destino"}]},{"@type":"WebSite","@id":"https:\/\/www.gaveanews.com\/#website","url":"https:\/\/www.gaveanews.com\/","name":"G\u00e1vea News","description":"Veja todas as not\u00edcias sobre o Flamengo: Contrata\u00e7\u00f5es, categorias de base, resultados das partidas, tabela de classifica\u00e7\u00e3o, pr\u00f3ximos jogos!","potentialAction":[{"@type":"SearchAction","target":{"@type":"EntryPoint","urlTemplate":"https:\/\/www.gaveanews.com\/?s={search_term_string}"},"query-input":{"@type":"PropertyValueSpecification","valueRequired":true,"valueName":"search_term_string"}}],"inLanguage":"pt-BR"},{"@type":"Person","@id":"https:\/\/www.gaveanews.com\/#\/schema\/person\/c88645e3d550d0b6574305e67dd5a716","name":"Reda\u00e7\u00e3o","image":{"@type":"ImageObject","inLanguage":"pt-BR","@id":"https:\/\/www.gaveanews.com\/#\/schema\/person\/image\/","url":"https:\/\/secure.gravatar.com\/avatar\/434098fd823f0dc1b062d14ca22bacaa6e38de28d8c816bbef6fc2f8c44d8ba3?s=96&d=mm&r=g","contentUrl":"https:\/\/secure.gravatar.com\/avatar\/434098fd823f0dc1b062d14ca22bacaa6e38de28d8c816bbef6fc2f8c44d8ba3?s=96&d=mm&r=g","caption":"Reda\u00e7\u00e3o"}}]}},"_links":{"self":[{"href":"https:\/\/www.gaveanews.com\/index.php\/wp-json\/wp\/v2\/posts\/278965","targetHints":{"allow":["GET"]}}],"collection":[{"href":"https:\/\/www.gaveanews.com\/index.php\/wp-json\/wp\/v2\/posts"}],"about":[{"href":"https:\/\/www.gaveanews.com\/index.php\/wp-json\/wp\/v2\/types\/post"}],"author":[{"embeddable":true,"href":"https:\/\/www.gaveanews.com\/index.php\/wp-json\/wp\/v2\/users\/39"}],"replies":[{"embeddable":true,"href":"https:\/\/www.gaveanews.com\/index.php\/wp-json\/wp\/v2\/comments?post=278965"}],"version-history":[{"count":1,"href":"https:\/\/www.gaveanews.com\/index.php\/wp-json\/wp\/v2\/posts\/278965\/revisions"}],"predecessor-version":[{"id":278967,"href":"https:\/\/www.gaveanews.com\/index.php\/wp-json\/wp\/v2\/posts\/278965\/revisions\/278967"}],"wp:featuredmedia":[{"embeddable":true,"href":"https:\/\/www.gaveanews.com\/index.php\/wp-json\/wp\/v2\/media\/123691"}],"wp:attachment":[{"href":"https:\/\/www.gaveanews.com\/index.php\/wp-json\/wp\/v2\/media?parent=278965"}],"wp:term":[{"taxonomy":"category","embeddable":true,"href":"https:\/\/www.gaveanews.com\/index.php\/wp-json\/wp\/v2\/categories?post=278965"},{"taxonomy":"post_tag","embeddable":true,"href":"https:\/\/www.gaveanews.com\/index.php\/wp-json\/wp\/v2\/tags?post=278965"}],"curies":[{"name":"wp","href":"https:\/\/api.w.org\/{rel}","templated":true}]}}