{"id":278969,"date":"2025-10-21T15:16:16","date_gmt":"2025-10-21T18:16:16","guid":{"rendered":"https:\/\/www.gaveanews.com\/?p=278969"},"modified":"2025-10-21T15:16:21","modified_gmt":"2025-10-21T18:16:21","slug":"a-declaracao-de-filipe-luis-direcionada-a-danilo-do-flamengo-2","status":"publish","type":"post","link":"https:\/\/www.gaveanews.com\/index.php\/2025\/10\/21\/a-declaracao-de-filipe-luis-direcionada-a-danilo-do-flamengo-2\/","title":{"rendered":"A declara\u00e7\u00e3o de Filipe Lu\u00eds direcionada a Danilo, do Flamengo"},"content":{"rendered":"\n<p>\u00c0s v\u00e9speras da semifinal da Libertadores entre <a href=\"https:\/\/www.gaveanews.com\/index.php\/category\/brasileirao\/flamengo\/\" target=\"_blank\" rel=\"noopener noreferrer\">Flamengo<\/a> e Racing, o elenco rubro-negro lida com a les\u00e3o de L\u00e9o Ortiz e v\u00ea Danilo ganhar holofotes. O defensor de 34 anos \u00e9 reserva desde que chegou, em janeiro.<\/p>\n\n\n\n<p>Segundo o Flamengo, Ortiz sofreu estiramento no ligamento do tornozelo direito. O clube tratou o resultado como positivo por afastar a suspeita de fratura. Danilo entrou aos 23 minutos do primeiro tempo na vit\u00f3ria sobre o <a href=\"https:\/\/www.gaveanews.com\/index.php\/category\/brasileirao\/palmeiras\/\" target=\"_blank\" rel=\"noopener noreferrer\">Palmeiras<\/a>, no domingo (19 de outubro).<\/p>\n\n\n\n<p>O jogo de ida contra o Racing acontece nesta quarta-feira (22 de outubro), \u00e0s 21h30 (hor\u00e1rio de Bras\u00edlia), no Maracan\u00e3.<\/p>\n\n\n\n<p>Ap\u00f3s a partida no Maracan\u00e3, Danilo comentou o ocorrido com o companheiro e falou da pr\u00f3pria rotina de trabalho.<\/p>\n\n\n\n<p>&#8220;Fico muito triste por aquilo que aconteceu com o Ortiz, porque \u00e9 um companheiro e a gente vem tendo um ano muito muito bacana, de muito muita troca entre os defensores. Isso tem sido muito ben\u00e9fico pro Flamengo. Eu tenho trabalhado como sempre, me dedico, procuro ajudar, procuro auxiliar, treinar o meu m\u00e1ximo. Acho que essa \u00e9 a minha forma de depois manter essa concorr\u00eancia interna e elevar sempre o n\u00edvel&#8221;.<\/p>\n\n\n\n<p>Em outro momento, o zagueiro destacou a necessidade de estar pronto para ajudar quando acionado e refor\u00e7ou o foco no coletivo.<\/p>\n\n\n\n<p>&#8220;Tenho que estar preparado. Eu sou um atleta que vivi muitas coisas na minha vida, na minha carreira, momentos onde eu joguei mais, momentos onde eu joguei menos e o mais importante no final de tudo \u00e9 o grupo, \u00e9 o resultado coletivo. E \u00e9 isso que a gente vai mostrar&#8221;.<\/p>\n\n\n\n<p>O t\u00e9cnico Filipe Lu\u00eds afirmou recentemente que \u00e9 dif\u00edcil deix\u00e1-lo fora, mas que a dupla L\u00e9o Ortiz e L\u00e9o Pereira \u201cn\u00e3o d\u00e1 brecha\u201d. Ele ressaltou a disciplina e a dedica\u00e7\u00e3o de Danilo nos treinos.<\/p>\n\n\n\n<p>&#8220;Bom, primeiro que pra mim, como treinador, \u00e9 muito dif\u00edcil tomar a decis\u00e3o de deixar o Danilo fora da equipe. Mas a verdade \u00e9 que os outros dois L\u00e9os n\u00e3o d\u00e3o oportunidade, n\u00e3o d\u00e3o brecha, como costumam dizer no futebol. O que acontece \u00e9 que o Danilo treina muito, se exige muito, \u00e9 muito disciplinado, gosta de aprender, gosta de perguntar, constantemente tirando d\u00favidas sobre o que a gente quer&#8221;.<\/p>\n\n\n\n<p>Em 2025, o Flamengo conta com tr\u00eas zagueiros que jogam frequentemente. L\u00e9o Ortiz e L\u00e9o Pereira s\u00e3o os titulares, enquanto Danilo fica como op\u00e7\u00e3o. O defensor soma 24 jogos, tr\u00eas gols e uma assist\u00eancia, e sua maior sequ\u00eancia como titular foi de tr\u00eas partidas no Carioca.<\/p>\n","protected":false},"excerpt":{"rendered":"<p>\u00c0s v\u00e9speras da semifinal da Libertadores entre Flamengo e Racing, o elenco rubro-negro lida com a les\u00e3o de L\u00e9o Ortiz e v\u00ea Danilo ganhar holofotes. O defensor de 34 anos \u00e9 reserva desde que chegou, em janeiro. Segundo o Flamengo, Ortiz sofreu estiramento no ligamento do tornozelo direito. O clube tratou o resultado como positivo [&hellip;]<\/p>\n","protected":false},"author":39,"featured_media":254806,"comment_status":"open","ping_status":"closed","sticky":false,"template":"","format":"standard","meta":{"footnotes":""},"categories":[1],"tags":[],"class_list":["post-278969","post","type-post","status-publish","format-standard","has-post-thumbnail","hentry","category-flamengo"],"yoast_head":"<!-- This site is optimized with the Yoast SEO Premium plugin v24.2 (Yoast SEO v26.9) - https:\/\/yoast.com\/product\/yoast-seo-premium-wordpress\/ -->\n<title>A declara\u00e7\u00e3o de Filipe Lu\u00eds direcionada a Danilo, do Flamengo<\/title>\n<meta name=\"robots\" content=\"index, follow, max-snippet:-1, max-image-preview:large, max-video-preview:-1\" \/>\n<link rel=\"canonical\" href=\"https:\/\/www.gaveanews.com\/index.php\/2025\/10\/21\/a-declaracao-de-filipe-luis-direcionada-a-danilo-do-flamengo-2\/\" \/>\n<meta property=\"og:locale\" content=\"pt_BR\" \/>\n<meta property=\"og:type\" content=\"article\" \/>\n<meta property=\"og:title\" content=\"A declara\u00e7\u00e3o de Filipe Lu\u00eds direcionada a Danilo, do Flamengo\" \/>\n<meta property=\"og:description\" content=\"\u00c0s v\u00e9speras da semifinal da Libertadores entre Flamengo e Racing, o elenco rubro-negro lida com a les\u00e3o de L\u00e9o Ortiz e v\u00ea Danilo ganhar holofotes. O defensor de 34 anos \u00e9 reserva desde que chegou, em janeiro. Segundo o Flamengo, Ortiz sofreu estiramento no ligamento do tornozelo direito. O clube tratou o resultado como positivo [&hellip;]\" \/>\n<meta property=\"og:url\" content=\"https:\/\/www.gaveanews.com\/index.php\/2025\/10\/21\/a-declaracao-de-filipe-luis-direcionada-a-danilo-do-flamengo-2\/\" \/>\n<meta property=\"og:site_name\" content=\"G\u00e1vea News\" \/>\n<meta property=\"article:publisher\" content=\"https:\/\/facebook.com\/gaveaNews\/\" \/>\n<meta property=\"article:published_time\" content=\"2025-10-21T18:16:16+00:00\" \/>\n<meta property=\"article:modified_time\" content=\"2025-10-21T18:16:21+00:00\" \/>\n<meta property=\"og:image\" content=\"http:\/\/www.gaveanews.com\/wp-content\/uploads\/Danilo-marca-seu-primeiro-gol-com-a-camisa-do-Flamengo.webp\" \/>\n\t<meta property=\"og:image:width\" content=\"1200\" \/>\n\t<meta property=\"og:image:height\" content=\"800\" \/>\n\t<meta property=\"og:image:type\" content=\"image\/png\" \/>\n<meta name=\"author\" content=\"Reda\u00e7\u00e3o\" \/>\n<meta name=\"twitter:card\" content=\"summary_large_image\" \/>\n<meta name=\"twitter:label1\" content=\"Escrito por\" \/>\n\t<meta name=\"twitter:data1\" content=\"Reda\u00e7\u00e3o\" \/>\n\t<meta name=\"twitter:label2\" content=\"Est. tempo de leitura\" \/>\n\t<meta name=\"twitter:data2\" content=\"3 minutos\" \/>\n<script type=\"application\/ld+json\" class=\"yoast-schema-graph\">{\"@context\":\"https:\/\/schema.org\",\"@graph\":[{\"@type\":\"NewsArticle\",\"@id\":\"https:\/\/www.gaveanews.com\/index.php\/2025\/10\/21\/a-declaracao-de-filipe-luis-direcionada-a-danilo-do-flamengo-2\/#article\",\"isPartOf\":{\"@id\":\"https:\/\/www.gaveanews.com\/index.php\/2025\/10\/21\/a-declaracao-de-filipe-luis-direcionada-a-danilo-do-flamengo-2\/\"},\"author\":{\"name\":\"Reda\u00e7\u00e3o\",\"@id\":\"https:\/\/www.gaveanews.com\/#\/schema\/person\/c88645e3d550d0b6574305e67dd5a716\"},\"headline\":\"A declara\u00e7\u00e3o de Filipe Lu\u00eds direcionada a Danilo, do Flamengo\",\"datePublished\":\"2025-10-21T18:16:16+00:00\",\"dateModified\":\"2025-10-21T18:16:21+00:00\",\"mainEntityOfPage\":{\"@id\":\"https:\/\/www.gaveanews.com\/index.php\/2025\/10\/21\/a-declaracao-de-filipe-luis-direcionada-a-danilo-do-flamengo-2\/\"},\"wordCount\":444,\"commentCount\":0,\"image\":{\"@id\":\"https:\/\/www.gaveanews.com\/index.php\/2025\/10\/21\/a-declaracao-de-filipe-luis-direcionada-a-danilo-do-flamengo-2\/#primaryimage\"},\"thumbnailUrl\":\"https:\/\/www.gaveanews.com\/wp-content\/uploads\/Danilo-marca-seu-primeiro-gol-com-a-camisa-do-Flamengo.webp\",\"articleSection\":[\"Flamengo\"],\"inLanguage\":\"pt-BR\",\"potentialAction\":[{\"@type\":\"CommentAction\",\"name\":\"Comment\",\"target\":[\"https:\/\/www.gaveanews.com\/index.php\/2025\/10\/21\/a-declaracao-de-filipe-luis-direcionada-a-danilo-do-flamengo-2\/#respond\"]}],\"copyrightYear\":\"2025\",\"copyrightHolder\":{\"@id\":\"https:\/\/www.gaveanews.com\/#organization\"}},{\"@type\":\"WebPage\",\"@id\":\"https:\/\/www.gaveanews.com\/index.php\/2025\/10\/21\/a-declaracao-de-filipe-luis-direcionada-a-danilo-do-flamengo-2\/\",\"url\":\"https:\/\/www.gaveanews.com\/index.php\/2025\/10\/21\/a-declaracao-de-filipe-luis-direcionada-a-danilo-do-flamengo-2\/\",\"name\":\"A declara\u00e7\u00e3o de Filipe Lu\u00eds direcionada a Danilo, do Flamengo\",\"isPartOf\":{\"@id\":\"https:\/\/www.gaveanews.com\/#website\"},\"primaryImageOfPage\":{\"@id\":\"https:\/\/www.gaveanews.com\/index.php\/2025\/10\/21\/a-declaracao-de-filipe-luis-direcionada-a-danilo-do-flamengo-2\/#primaryimage\"},\"image\":{\"@id\":\"https:\/\/www.gaveanews.com\/index.php\/2025\/10\/21\/a-declaracao-de-filipe-luis-direcionada-a-danilo-do-flamengo-2\/#primaryimage\"},\"thumbnailUrl\":\"https:\/\/www.gaveanews.com\/wp-content\/uploads\/Danilo-marca-seu-primeiro-gol-com-a-camisa-do-Flamengo.webp\",\"datePublished\":\"2025-10-21T18:16:16+00:00\",\"dateModified\":\"2025-10-21T18:16:21+00:00\",\"author\":{\"@id\":\"https:\/\/www.gaveanews.com\/#\/schema\/person\/c88645e3d550d0b6574305e67dd5a716\"},\"breadcrumb\":{\"@id\":\"https:\/\/www.gaveanews.com\/index.php\/2025\/10\/21\/a-declaracao-de-filipe-luis-direcionada-a-danilo-do-flamengo-2\/#breadcrumb\"},\"inLanguage\":\"pt-BR\",\"potentialAction\":[{\"@type\":\"ReadAction\",\"target\":[\"https:\/\/www.gaveanews.com\/index.php\/2025\/10\/21\/a-declaracao-de-filipe-luis-direcionada-a-danilo-do-flamengo-2\/\"]}]},{\"@type\":\"ImageObject\",\"inLanguage\":\"pt-BR\",\"@id\":\"https:\/\/www.gaveanews.com\/index.php\/2025\/10\/21\/a-declaracao-de-filipe-luis-direcionada-a-danilo-do-flamengo-2\/#primaryimage\",\"url\":\"https:\/\/www.gaveanews.com\/wp-content\/uploads\/Danilo-marca-seu-primeiro-gol-com-a-camisa-do-Flamengo.webp\",\"contentUrl\":\"https:\/\/www.gaveanews.com\/wp-content\/uploads\/Danilo-marca-seu-primeiro-gol-com-a-camisa-do-Flamengo.webp\",\"width\":1200,\"height\":800,\"caption\":\"Danilo marca seu primeiro gol com a camisa do Flamengo - Foto: Gilvan de Souza\/Flamengo\"},{\"@type\":\"BreadcrumbList\",\"@id\":\"https:\/\/www.gaveanews.com\/index.php\/2025\/10\/21\/a-declaracao-de-filipe-luis-direcionada-a-danilo-do-flamengo-2\/#breadcrumb\",\"itemListElement\":[{\"@type\":\"ListItem\",\"position\":1,\"name\":\"Home\",\"item\":\"https:\/\/www.gaveanews.com\/\"},{\"@type\":\"ListItem\",\"position\":2,\"name\":\"A declara\u00e7\u00e3o de Filipe Lu\u00eds direcionada a Danilo, do Flamengo\"}]},{\"@type\":\"WebSite\",\"@id\":\"https:\/\/www.gaveanews.com\/#website\",\"url\":\"https:\/\/www.gaveanews.com\/\",\"name\":\"G\u00e1vea News\",\"description\":\"Veja todas as not\u00edcias sobre o Flamengo: Contrata\u00e7\u00f5es, categorias de base, resultados das partidas, tabela de classifica\u00e7\u00e3o, pr\u00f3ximos jogos!\",\"potentialAction\":[{\"@type\":\"SearchAction\",\"target\":{\"@type\":\"EntryPoint\",\"urlTemplate\":\"https:\/\/www.gaveanews.com\/?s={search_term_string}\"},\"query-input\":{\"@type\":\"PropertyValueSpecification\",\"valueRequired\":true,\"valueName\":\"search_term_string\"}}],\"inLanguage\":\"pt-BR\"},{\"@type\":\"Person\",\"@id\":\"https:\/\/www.gaveanews.com\/#\/schema\/person\/c88645e3d550d0b6574305e67dd5a716\",\"name\":\"Reda\u00e7\u00e3o\",\"image\":{\"@type\":\"ImageObject\",\"inLanguage\":\"pt-BR\",\"@id\":\"https:\/\/www.gaveanews.com\/#\/schema\/person\/image\/\",\"url\":\"https:\/\/secure.gravatar.com\/avatar\/434098fd823f0dc1b062d14ca22bacaa6e38de28d8c816bbef6fc2f8c44d8ba3?s=96&d=mm&r=g\",\"contentUrl\":\"https:\/\/secure.gravatar.com\/avatar\/434098fd823f0dc1b062d14ca22bacaa6e38de28d8c816bbef6fc2f8c44d8ba3?s=96&d=mm&r=g\",\"caption\":\"Reda\u00e7\u00e3o\"}}]}<\/script>\n<!-- \/ Yoast SEO Premium plugin. -->","yoast_head_json":{"title":"A declara\u00e7\u00e3o de Filipe Lu\u00eds direcionada a Danilo, do Flamengo","robots":{"index":"index","follow":"follow","max-snippet":"max-snippet:-1","max-image-preview":"max-image-preview:large","max-video-preview":"max-video-preview:-1"},"canonical":"https:\/\/www.gaveanews.com\/index.php\/2025\/10\/21\/a-declaracao-de-filipe-luis-direcionada-a-danilo-do-flamengo-2\/","og_locale":"pt_BR","og_type":"article","og_title":"A declara\u00e7\u00e3o de Filipe Lu\u00eds direcionada a Danilo, do Flamengo","og_description":"\u00c0s v\u00e9speras da semifinal da Libertadores entre Flamengo e Racing, o elenco rubro-negro lida com a les\u00e3o de L\u00e9o Ortiz e v\u00ea Danilo ganhar holofotes. O defensor de 34 anos \u00e9 reserva desde que chegou, em janeiro. Segundo o Flamengo, Ortiz sofreu estiramento no ligamento do tornozelo direito. O clube tratou o resultado como positivo [&hellip;]","og_url":"https:\/\/www.gaveanews.com\/index.php\/2025\/10\/21\/a-declaracao-de-filipe-luis-direcionada-a-danilo-do-flamengo-2\/","og_site_name":"G\u00e1vea News","article_publisher":"https:\/\/facebook.com\/gaveaNews\/","article_published_time":"2025-10-21T18:16:16+00:00","article_modified_time":"2025-10-21T18:16:21+00:00","og_image":[{"width":1200,"height":800,"url":"http:\/\/www.gaveanews.com\/wp-content\/uploads\/Danilo-marca-seu-primeiro-gol-com-a-camisa-do-Flamengo.webp","type":"image\/png"}],"author":"Reda\u00e7\u00e3o","twitter_card":"summary_large_image","twitter_misc":{"Escrito por":"Reda\u00e7\u00e3o","Est. tempo de leitura":"3 minutos"},"schema":{"@context":"https:\/\/schema.org","@graph":[{"@type":"NewsArticle","@id":"https:\/\/www.gaveanews.com\/index.php\/2025\/10\/21\/a-declaracao-de-filipe-luis-direcionada-a-danilo-do-flamengo-2\/#article","isPartOf":{"@id":"https:\/\/www.gaveanews.com\/index.php\/2025\/10\/21\/a-declaracao-de-filipe-luis-direcionada-a-danilo-do-flamengo-2\/"},"author":{"name":"Reda\u00e7\u00e3o","@id":"https:\/\/www.gaveanews.com\/#\/schema\/person\/c88645e3d550d0b6574305e67dd5a716"},"headline":"A declara\u00e7\u00e3o de Filipe Lu\u00eds direcionada a Danilo, do Flamengo","datePublished":"2025-10-21T18:16:16+00:00","dateModified":"2025-10-21T18:16:21+00:00","mainEntityOfPage":{"@id":"https:\/\/www.gaveanews.com\/index.php\/2025\/10\/21\/a-declaracao-de-filipe-luis-direcionada-a-danilo-do-flamengo-2\/"},"wordCount":444,"commentCount":0,"image":{"@id":"https:\/\/www.gaveanews.com\/index.php\/2025\/10\/21\/a-declaracao-de-filipe-luis-direcionada-a-danilo-do-flamengo-2\/#primaryimage"},"thumbnailUrl":"https:\/\/www.gaveanews.com\/wp-content\/uploads\/Danilo-marca-seu-primeiro-gol-com-a-camisa-do-Flamengo.webp","articleSection":["Flamengo"],"inLanguage":"pt-BR","potentialAction":[{"@type":"CommentAction","name":"Comment","target":["https:\/\/www.gaveanews.com\/index.php\/2025\/10\/21\/a-declaracao-de-filipe-luis-direcionada-a-danilo-do-flamengo-2\/#respond"]}],"copyrightYear":"2025","copyrightHolder":{"@id":"https:\/\/www.gaveanews.com\/#organization"}},{"@type":"WebPage","@id":"https:\/\/www.gaveanews.com\/index.php\/2025\/10\/21\/a-declaracao-de-filipe-luis-direcionada-a-danilo-do-flamengo-2\/","url":"https:\/\/www.gaveanews.com\/index.php\/2025\/10\/21\/a-declaracao-de-filipe-luis-direcionada-a-danilo-do-flamengo-2\/","name":"A declara\u00e7\u00e3o de Filipe Lu\u00eds direcionada a Danilo, do Flamengo","isPartOf":{"@id":"https:\/\/www.gaveanews.com\/#website"},"primaryImageOfPage":{"@id":"https:\/\/www.gaveanews.com\/index.php\/2025\/10\/21\/a-declaracao-de-filipe-luis-direcionada-a-danilo-do-flamengo-2\/#primaryimage"},"image":{"@id":"https:\/\/www.gaveanews.com\/index.php\/2025\/10\/21\/a-declaracao-de-filipe-luis-direcionada-a-danilo-do-flamengo-2\/#primaryimage"},"thumbnailUrl":"https:\/\/www.gaveanews.com\/wp-content\/uploads\/Danilo-marca-seu-primeiro-gol-com-a-camisa-do-Flamengo.webp","datePublished":"2025-10-21T18:16:16+00:00","dateModified":"2025-10-21T18:16:21+00:00","author":{"@id":"https:\/\/www.gaveanews.com\/#\/schema\/person\/c88645e3d550d0b6574305e67dd5a716"},"breadcrumb":{"@id":"https:\/\/www.gaveanews.com\/index.php\/2025\/10\/21\/a-declaracao-de-filipe-luis-direcionada-a-danilo-do-flamengo-2\/#breadcrumb"},"inLanguage":"pt-BR","potentialAction":[{"@type":"ReadAction","target":["https:\/\/www.gaveanews.com\/index.php\/2025\/10\/21\/a-declaracao-de-filipe-luis-direcionada-a-danilo-do-flamengo-2\/"]}]},{"@type":"ImageObject","inLanguage":"pt-BR","@id":"https:\/\/www.gaveanews.com\/index.php\/2025\/10\/21\/a-declaracao-de-filipe-luis-direcionada-a-danilo-do-flamengo-2\/#primaryimage","url":"https:\/\/www.gaveanews.com\/wp-content\/uploads\/Danilo-marca-seu-primeiro-gol-com-a-camisa-do-Flamengo.webp","contentUrl":"https:\/\/www.gaveanews.com\/wp-content\/uploads\/Danilo-marca-seu-primeiro-gol-com-a-camisa-do-Flamengo.webp","width":1200,"height":800,"caption":"Danilo marca seu primeiro gol com a camisa do Flamengo - Foto: Gilvan de Souza\/Flamengo"},{"@type":"BreadcrumbList","@id":"https:\/\/www.gaveanews.com\/index.php\/2025\/10\/21\/a-declaracao-de-filipe-luis-direcionada-a-danilo-do-flamengo-2\/#breadcrumb","itemListElement":[{"@type":"ListItem","position":1,"name":"Home","item":"https:\/\/www.gaveanews.com\/"},{"@type":"ListItem","position":2,"name":"A declara\u00e7\u00e3o de Filipe Lu\u00eds direcionada a Danilo, do Flamengo"}]},{"@type":"WebSite","@id":"https:\/\/www.gaveanews.com\/#website","url":"https:\/\/www.gaveanews.com\/","name":"G\u00e1vea News","description":"Veja todas as not\u00edcias sobre o Flamengo: Contrata\u00e7\u00f5es, categorias de base, resultados das partidas, tabela de classifica\u00e7\u00e3o, pr\u00f3ximos jogos!","potentialAction":[{"@type":"SearchAction","target":{"@type":"EntryPoint","urlTemplate":"https:\/\/www.gaveanews.com\/?s={search_term_string}"},"query-input":{"@type":"PropertyValueSpecification","valueRequired":true,"valueName":"search_term_string"}}],"inLanguage":"pt-BR"},{"@type":"Person","@id":"https:\/\/www.gaveanews.com\/#\/schema\/person\/c88645e3d550d0b6574305e67dd5a716","name":"Reda\u00e7\u00e3o","image":{"@type":"ImageObject","inLanguage":"pt-BR","@id":"https:\/\/www.gaveanews.com\/#\/schema\/person\/image\/","url":"https:\/\/secure.gravatar.com\/avatar\/434098fd823f0dc1b062d14ca22bacaa6e38de28d8c816bbef6fc2f8c44d8ba3?s=96&d=mm&r=g","contentUrl":"https:\/\/secure.gravatar.com\/avatar\/434098fd823f0dc1b062d14ca22bacaa6e38de28d8c816bbef6fc2f8c44d8ba3?s=96&d=mm&r=g","caption":"Reda\u00e7\u00e3o"}}]}},"_links":{"self":[{"href":"https:\/\/www.gaveanews.com\/index.php\/wp-json\/wp\/v2\/posts\/278969","targetHints":{"allow":["GET"]}}],"collection":[{"href":"https:\/\/www.gaveanews.com\/index.php\/wp-json\/wp\/v2\/posts"}],"about":[{"href":"https:\/\/www.gaveanews.com\/index.php\/wp-json\/wp\/v2\/types\/post"}],"author":[{"embeddable":true,"href":"https:\/\/www.gaveanews.com\/index.php\/wp-json\/wp\/v2\/users\/39"}],"replies":[{"embeddable":true,"href":"https:\/\/www.gaveanews.com\/index.php\/wp-json\/wp\/v2\/comments?post=278969"}],"version-history":[{"count":1,"href":"https:\/\/www.gaveanews.com\/index.php\/wp-json\/wp\/v2\/posts\/278969\/revisions"}],"predecessor-version":[{"id":278978,"href":"https:\/\/www.gaveanews.com\/index.php\/wp-json\/wp\/v2\/posts\/278969\/revisions\/278978"}],"wp:featuredmedia":[{"embeddable":true,"href":"https:\/\/www.gaveanews.com\/index.php\/wp-json\/wp\/v2\/media\/254806"}],"wp:attachment":[{"href":"https:\/\/www.gaveanews.com\/index.php\/wp-json\/wp\/v2\/media?parent=278969"}],"wp:term":[{"taxonomy":"category","embeddable":true,"href":"https:\/\/www.gaveanews.com\/index.php\/wp-json\/wp\/v2\/categories?post=278969"},{"taxonomy":"post_tag","embeddable":true,"href":"https:\/\/www.gaveanews.com\/index.php\/wp-json\/wp\/v2\/tags?post=278969"}],"curies":[{"name":"wp","href":"https:\/\/api.w.org\/{rel}","templated":true}]}}