{"id":278981,"date":"2025-10-21T16:12:22","date_gmt":"2025-10-21T19:12:22","guid":{"rendered":"https:\/\/www.gaveanews.com\/?p=278981"},"modified":"2025-10-21T16:12:28","modified_gmt":"2025-10-21T19:12:28","slug":"flamengo-a-declaracao-de-filipe-luis-relacionada-a-ausencia-de-de-la-cruz","status":"publish","type":"post","link":"https:\/\/www.gaveanews.com\/index.php\/2025\/10\/21\/flamengo-a-declaracao-de-filipe-luis-relacionada-a-ausencia-de-de-la-cruz\/","title":{"rendered":"Flamengo: a declara\u00e7\u00e3o de Filipe Lu\u00eds relacionada a aus\u00eancia de De La Cruz"},"content":{"rendered":"\n<p>O <a href=\"https:\/\/www.gaveanews.com\/index.php\/category\/brasileirao\/flamengo\/\" target=\"_blank\" rel=\"noopener noreferrer\">Flamengo<\/a> venceu o <a href=\"https:\/\/www.gaveanews.com\/index.php\/category\/brasileirao\/palmeiras\/\" target=\"_blank\" rel=\"noopener noreferrer\">Palmeiras<\/a> por 3 a 2 no Maracan\u00e3 no domingo (19) e igualou a pontua\u00e7\u00e3o do rival no Brasileir\u00e3o. A aus\u00eancia de Nico De La Cruz na lista de relacionados chamou a aten\u00e7\u00e3o dos torcedores, j\u00e1 que o uruguaio sequer ficou no banco.<\/p>\n\n\n\n<p>Ap\u00f3s o jogo, Filipe Lu\u00eds explicou que a decis\u00e3o foi por op\u00e7\u00e3o t\u00e9cnica. Ele disse que De La Cruz ficou um per\u00edodo sem treinar depois da derrota por 1 a 0 para o Bahia, em Salvador, e que precisa de sequ\u00eancia de atividades.<\/p>\n\n\n\n<p>\u201cEle ficou sem treinar no per\u00edodo agora, depois do jogo do Bahia. Para mim, o Nico sempre performa do n\u00edvel que todo mundo conhece quando ele tem uma sequ\u00eancia de treinamentos\u201d.<\/p>\n\n\n\n<p>O t\u00e9cnico concluiu que exige ritmo de treinos com o grupo para recolocar o meio-campista na equipe: \u201cEnt\u00e3o, eu preciso que ele tenha essa sequ\u00eancia, que ele pegue ritmo de treinos e minutos de treino com toda a equipe para que ele esteja no n\u00edvel que todos conhecemos\u201d.<\/p>\n\n\n\n<p>Agora, o pr\u00f3ximo compromisso do Flamengo \u00e9 pela Libertadores. A equipe enfrenta o Racing, da Argentina, na quarta-feira (22), no Maracan\u00e3, pelo jogo de ida da semifinal, \u00e0s 21 horas e 30 minutos (hor\u00e1rio de Bras\u00edlia).<\/p>\n\n\n\n<p>Hoje, ter\u00e7a-feira (21), o treino da tarde encerra a prepara\u00e7\u00e3o para o duelo. A defini\u00e7\u00e3o sobre a presen\u00e7a de De La Cruz depende dessas atividades de segunda (20) e ter\u00e7a-feira (21). Filipe Lu\u00eds s\u00f3 relaciona o uruguaio quando ele treina firme com o grupo ao longo da semana. A decis\u00e3o sair\u00e1 ap\u00f3s o trabalho desta ter\u00e7a-feira (21).<\/p>\n\n\n\n<p>De La Cruz foi contratado no in\u00edcio de 2024 por aproximadamente R$ 77 milh\u00f5es, junto ao River Plate. O contrato com o Flamengo vai at\u00e9 junho de 2028. Desde que chegou ao clube, o camisa 18 participou de 67 jogos, marcou tr\u00eas gols e deu seis assist\u00eancias.<\/p>\n","protected":false},"excerpt":{"rendered":"<p>O Flamengo venceu o Palmeiras por 3 a 2 no Maracan\u00e3 no domingo (19) e igualou a pontua\u00e7\u00e3o do rival no Brasileir\u00e3o. A aus\u00eancia de Nico De La Cruz na lista de relacionados chamou a aten\u00e7\u00e3o dos torcedores, j\u00e1 que o uruguaio sequer ficou no banco. Ap\u00f3s o jogo, Filipe Lu\u00eds explicou que a decis\u00e3o [&hellip;]<\/p>\n","protected":false},"author":39,"featured_media":126050,"comment_status":"open","ping_status":"closed","sticky":false,"template":"","format":"standard","meta":{"footnotes":""},"categories":[1],"tags":[],"class_list":["post-278981","post","type-post","status-publish","format-standard","has-post-thumbnail","hentry","category-flamengo"],"yoast_head":"<!-- This site is optimized with the Yoast SEO Premium plugin v24.2 (Yoast SEO v26.9) - https:\/\/yoast.com\/product\/yoast-seo-premium-wordpress\/ -->\n<title>Flamengo: a declara\u00e7\u00e3o de Filipe Lu\u00eds relacionada a aus\u00eancia de De La Cruz<\/title>\n<meta name=\"robots\" content=\"index, follow, max-snippet:-1, max-image-preview:large, max-video-preview:-1\" \/>\n<link rel=\"canonical\" href=\"https:\/\/www.gaveanews.com\/index.php\/2025\/10\/21\/flamengo-a-declaracao-de-filipe-luis-relacionada-a-ausencia-de-de-la-cruz\/\" \/>\n<meta property=\"og:locale\" content=\"pt_BR\" \/>\n<meta property=\"og:type\" content=\"article\" \/>\n<meta property=\"og:title\" content=\"Flamengo: a declara\u00e7\u00e3o de Filipe Lu\u00eds relacionada a aus\u00eancia de De La Cruz\" \/>\n<meta property=\"og:description\" content=\"O Flamengo venceu o Palmeiras por 3 a 2 no Maracan\u00e3 no domingo (19) e igualou a pontua\u00e7\u00e3o do rival no Brasileir\u00e3o. A aus\u00eancia de Nico De La Cruz na lista de relacionados chamou a aten\u00e7\u00e3o dos torcedores, j\u00e1 que o uruguaio sequer ficou no banco. Ap\u00f3s o jogo, Filipe Lu\u00eds explicou que a decis\u00e3o [&hellip;]\" \/>\n<meta property=\"og:url\" content=\"https:\/\/www.gaveanews.com\/index.php\/2025\/10\/21\/flamengo-a-declaracao-de-filipe-luis-relacionada-a-ausencia-de-de-la-cruz\/\" \/>\n<meta property=\"og:site_name\" content=\"G\u00e1vea News\" \/>\n<meta property=\"article:publisher\" content=\"https:\/\/facebook.com\/gaveaNews\/\" \/>\n<meta property=\"article:published_time\" content=\"2025-10-21T19:12:22+00:00\" \/>\n<meta property=\"article:modified_time\" content=\"2025-10-21T19:12:28+00:00\" \/>\n<meta property=\"og:image\" content=\"http:\/\/www.gaveanews.com\/wp-content\/uploads\/de-la-cruz-treino-flamengo.webp\" \/>\n\t<meta property=\"og:image:width\" content=\"900\" \/>\n\t<meta property=\"og:image:height\" content=\"599\" \/>\n\t<meta property=\"og:image:type\" content=\"image\/jpeg\" \/>\n<meta name=\"author\" content=\"Reda\u00e7\u00e3o\" \/>\n<meta name=\"twitter:card\" content=\"summary_large_image\" \/>\n<meta name=\"twitter:label1\" content=\"Escrito por\" \/>\n\t<meta name=\"twitter:data1\" content=\"Reda\u00e7\u00e3o\" \/>\n\t<meta name=\"twitter:label2\" content=\"Est. tempo de leitura\" \/>\n\t<meta name=\"twitter:data2\" content=\"2 minutos\" \/>\n<script type=\"application\/ld+json\" class=\"yoast-schema-graph\">{\"@context\":\"https:\/\/schema.org\",\"@graph\":[{\"@type\":\"NewsArticle\",\"@id\":\"https:\/\/www.gaveanews.com\/index.php\/2025\/10\/21\/flamengo-a-declaracao-de-filipe-luis-relacionada-a-ausencia-de-de-la-cruz\/#article\",\"isPartOf\":{\"@id\":\"https:\/\/www.gaveanews.com\/index.php\/2025\/10\/21\/flamengo-a-declaracao-de-filipe-luis-relacionada-a-ausencia-de-de-la-cruz\/\"},\"author\":{\"name\":\"Reda\u00e7\u00e3o\",\"@id\":\"https:\/\/www.gaveanews.com\/#\/schema\/person\/c88645e3d550d0b6574305e67dd5a716\"},\"headline\":\"Flamengo: a declara\u00e7\u00e3o de Filipe Lu\u00eds relacionada a aus\u00eancia de De La Cruz\",\"datePublished\":\"2025-10-21T19:12:22+00:00\",\"dateModified\":\"2025-10-21T19:12:28+00:00\",\"mainEntityOfPage\":{\"@id\":\"https:\/\/www.gaveanews.com\/index.php\/2025\/10\/21\/flamengo-a-declaracao-de-filipe-luis-relacionada-a-ausencia-de-de-la-cruz\/\"},\"wordCount\":340,\"commentCount\":0,\"image\":{\"@id\":\"https:\/\/www.gaveanews.com\/index.php\/2025\/10\/21\/flamengo-a-declaracao-de-filipe-luis-relacionada-a-ausencia-de-de-la-cruz\/#primaryimage\"},\"thumbnailUrl\":\"https:\/\/www.gaveanews.com\/wp-content\/uploads\/de-la-cruz-treino-flamengo.webp\",\"articleSection\":[\"Flamengo\"],\"inLanguage\":\"pt-BR\",\"potentialAction\":[{\"@type\":\"CommentAction\",\"name\":\"Comment\",\"target\":[\"https:\/\/www.gaveanews.com\/index.php\/2025\/10\/21\/flamengo-a-declaracao-de-filipe-luis-relacionada-a-ausencia-de-de-la-cruz\/#respond\"]}],\"copyrightYear\":\"2025\",\"copyrightHolder\":{\"@id\":\"https:\/\/www.gaveanews.com\/#organization\"}},{\"@type\":\"WebPage\",\"@id\":\"https:\/\/www.gaveanews.com\/index.php\/2025\/10\/21\/flamengo-a-declaracao-de-filipe-luis-relacionada-a-ausencia-de-de-la-cruz\/\",\"url\":\"https:\/\/www.gaveanews.com\/index.php\/2025\/10\/21\/flamengo-a-declaracao-de-filipe-luis-relacionada-a-ausencia-de-de-la-cruz\/\",\"name\":\"Flamengo: a declara\u00e7\u00e3o de Filipe Lu\u00eds relacionada a aus\u00eancia de De La Cruz\",\"isPartOf\":{\"@id\":\"https:\/\/www.gaveanews.com\/#website\"},\"primaryImageOfPage\":{\"@id\":\"https:\/\/www.gaveanews.com\/index.php\/2025\/10\/21\/flamengo-a-declaracao-de-filipe-luis-relacionada-a-ausencia-de-de-la-cruz\/#primaryimage\"},\"image\":{\"@id\":\"https:\/\/www.gaveanews.com\/index.php\/2025\/10\/21\/flamengo-a-declaracao-de-filipe-luis-relacionada-a-ausencia-de-de-la-cruz\/#primaryimage\"},\"thumbnailUrl\":\"https:\/\/www.gaveanews.com\/wp-content\/uploads\/de-la-cruz-treino-flamengo.webp\",\"datePublished\":\"2025-10-21T19:12:22+00:00\",\"dateModified\":\"2025-10-21T19:12:28+00:00\",\"author\":{\"@id\":\"https:\/\/www.gaveanews.com\/#\/schema\/person\/c88645e3d550d0b6574305e67dd5a716\"},\"breadcrumb\":{\"@id\":\"https:\/\/www.gaveanews.com\/index.php\/2025\/10\/21\/flamengo-a-declaracao-de-filipe-luis-relacionada-a-ausencia-de-de-la-cruz\/#breadcrumb\"},\"inLanguage\":\"pt-BR\",\"potentialAction\":[{\"@type\":\"ReadAction\",\"target\":[\"https:\/\/www.gaveanews.com\/index.php\/2025\/10\/21\/flamengo-a-declaracao-de-filipe-luis-relacionada-a-ausencia-de-de-la-cruz\/\"]}]},{\"@type\":\"ImageObject\",\"inLanguage\":\"pt-BR\",\"@id\":\"https:\/\/www.gaveanews.com\/index.php\/2025\/10\/21\/flamengo-a-declaracao-de-filipe-luis-relacionada-a-ausencia-de-de-la-cruz\/#primaryimage\",\"url\":\"https:\/\/www.gaveanews.com\/wp-content\/uploads\/de-la-cruz-treino-flamengo.webp\",\"contentUrl\":\"https:\/\/www.gaveanews.com\/wp-content\/uploads\/de-la-cruz-treino-flamengo.webp\",\"width\":900,\"height\":599,\"caption\":\"Nicol\u00e1s de la Cruz em treino do Flamengo (Foto: Marcelo Cortes\/Flamengo)\"},{\"@type\":\"BreadcrumbList\",\"@id\":\"https:\/\/www.gaveanews.com\/index.php\/2025\/10\/21\/flamengo-a-declaracao-de-filipe-luis-relacionada-a-ausencia-de-de-la-cruz\/#breadcrumb\",\"itemListElement\":[{\"@type\":\"ListItem\",\"position\":1,\"name\":\"Home\",\"item\":\"https:\/\/www.gaveanews.com\/\"},{\"@type\":\"ListItem\",\"position\":2,\"name\":\"Flamengo: a declara\u00e7\u00e3o de Filipe Lu\u00eds relacionada a aus\u00eancia de De La Cruz\"}]},{\"@type\":\"WebSite\",\"@id\":\"https:\/\/www.gaveanews.com\/#website\",\"url\":\"https:\/\/www.gaveanews.com\/\",\"name\":\"G\u00e1vea News\",\"description\":\"Veja todas as not\u00edcias sobre o Flamengo: Contrata\u00e7\u00f5es, categorias de base, resultados das partidas, tabela de classifica\u00e7\u00e3o, pr\u00f3ximos jogos!\",\"potentialAction\":[{\"@type\":\"SearchAction\",\"target\":{\"@type\":\"EntryPoint\",\"urlTemplate\":\"https:\/\/www.gaveanews.com\/?s={search_term_string}\"},\"query-input\":{\"@type\":\"PropertyValueSpecification\",\"valueRequired\":true,\"valueName\":\"search_term_string\"}}],\"inLanguage\":\"pt-BR\"},{\"@type\":\"Person\",\"@id\":\"https:\/\/www.gaveanews.com\/#\/schema\/person\/c88645e3d550d0b6574305e67dd5a716\",\"name\":\"Reda\u00e7\u00e3o\",\"image\":{\"@type\":\"ImageObject\",\"inLanguage\":\"pt-BR\",\"@id\":\"https:\/\/www.gaveanews.com\/#\/schema\/person\/image\/\",\"url\":\"https:\/\/secure.gravatar.com\/avatar\/434098fd823f0dc1b062d14ca22bacaa6e38de28d8c816bbef6fc2f8c44d8ba3?s=96&d=mm&r=g\",\"contentUrl\":\"https:\/\/secure.gravatar.com\/avatar\/434098fd823f0dc1b062d14ca22bacaa6e38de28d8c816bbef6fc2f8c44d8ba3?s=96&d=mm&r=g\",\"caption\":\"Reda\u00e7\u00e3o\"}}]}<\/script>\n<!-- \/ Yoast SEO Premium plugin. -->","yoast_head_json":{"title":"Flamengo: a declara\u00e7\u00e3o de Filipe Lu\u00eds relacionada a aus\u00eancia de De La Cruz","robots":{"index":"index","follow":"follow","max-snippet":"max-snippet:-1","max-image-preview":"max-image-preview:large","max-video-preview":"max-video-preview:-1"},"canonical":"https:\/\/www.gaveanews.com\/index.php\/2025\/10\/21\/flamengo-a-declaracao-de-filipe-luis-relacionada-a-ausencia-de-de-la-cruz\/","og_locale":"pt_BR","og_type":"article","og_title":"Flamengo: a declara\u00e7\u00e3o de Filipe Lu\u00eds relacionada a aus\u00eancia de De La Cruz","og_description":"O Flamengo venceu o Palmeiras por 3 a 2 no Maracan\u00e3 no domingo (19) e igualou a pontua\u00e7\u00e3o do rival no Brasileir\u00e3o. A aus\u00eancia de Nico De La Cruz na lista de relacionados chamou a aten\u00e7\u00e3o dos torcedores, j\u00e1 que o uruguaio sequer ficou no banco. Ap\u00f3s o jogo, Filipe Lu\u00eds explicou que a decis\u00e3o [&hellip;]","og_url":"https:\/\/www.gaveanews.com\/index.php\/2025\/10\/21\/flamengo-a-declaracao-de-filipe-luis-relacionada-a-ausencia-de-de-la-cruz\/","og_site_name":"G\u00e1vea News","article_publisher":"https:\/\/facebook.com\/gaveaNews\/","article_published_time":"2025-10-21T19:12:22+00:00","article_modified_time":"2025-10-21T19:12:28+00:00","og_image":[{"width":900,"height":599,"url":"http:\/\/www.gaveanews.com\/wp-content\/uploads\/de-la-cruz-treino-flamengo.webp","type":"image\/jpeg"}],"author":"Reda\u00e7\u00e3o","twitter_card":"summary_large_image","twitter_misc":{"Escrito por":"Reda\u00e7\u00e3o","Est. tempo de leitura":"2 minutos"},"schema":{"@context":"https:\/\/schema.org","@graph":[{"@type":"NewsArticle","@id":"https:\/\/www.gaveanews.com\/index.php\/2025\/10\/21\/flamengo-a-declaracao-de-filipe-luis-relacionada-a-ausencia-de-de-la-cruz\/#article","isPartOf":{"@id":"https:\/\/www.gaveanews.com\/index.php\/2025\/10\/21\/flamengo-a-declaracao-de-filipe-luis-relacionada-a-ausencia-de-de-la-cruz\/"},"author":{"name":"Reda\u00e7\u00e3o","@id":"https:\/\/www.gaveanews.com\/#\/schema\/person\/c88645e3d550d0b6574305e67dd5a716"},"headline":"Flamengo: a declara\u00e7\u00e3o de Filipe Lu\u00eds relacionada a aus\u00eancia de De La Cruz","datePublished":"2025-10-21T19:12:22+00:00","dateModified":"2025-10-21T19:12:28+00:00","mainEntityOfPage":{"@id":"https:\/\/www.gaveanews.com\/index.php\/2025\/10\/21\/flamengo-a-declaracao-de-filipe-luis-relacionada-a-ausencia-de-de-la-cruz\/"},"wordCount":340,"commentCount":0,"image":{"@id":"https:\/\/www.gaveanews.com\/index.php\/2025\/10\/21\/flamengo-a-declaracao-de-filipe-luis-relacionada-a-ausencia-de-de-la-cruz\/#primaryimage"},"thumbnailUrl":"https:\/\/www.gaveanews.com\/wp-content\/uploads\/de-la-cruz-treino-flamengo.webp","articleSection":["Flamengo"],"inLanguage":"pt-BR","potentialAction":[{"@type":"CommentAction","name":"Comment","target":["https:\/\/www.gaveanews.com\/index.php\/2025\/10\/21\/flamengo-a-declaracao-de-filipe-luis-relacionada-a-ausencia-de-de-la-cruz\/#respond"]}],"copyrightYear":"2025","copyrightHolder":{"@id":"https:\/\/www.gaveanews.com\/#organization"}},{"@type":"WebPage","@id":"https:\/\/www.gaveanews.com\/index.php\/2025\/10\/21\/flamengo-a-declaracao-de-filipe-luis-relacionada-a-ausencia-de-de-la-cruz\/","url":"https:\/\/www.gaveanews.com\/index.php\/2025\/10\/21\/flamengo-a-declaracao-de-filipe-luis-relacionada-a-ausencia-de-de-la-cruz\/","name":"Flamengo: a declara\u00e7\u00e3o de Filipe Lu\u00eds relacionada a aus\u00eancia de De La Cruz","isPartOf":{"@id":"https:\/\/www.gaveanews.com\/#website"},"primaryImageOfPage":{"@id":"https:\/\/www.gaveanews.com\/index.php\/2025\/10\/21\/flamengo-a-declaracao-de-filipe-luis-relacionada-a-ausencia-de-de-la-cruz\/#primaryimage"},"image":{"@id":"https:\/\/www.gaveanews.com\/index.php\/2025\/10\/21\/flamengo-a-declaracao-de-filipe-luis-relacionada-a-ausencia-de-de-la-cruz\/#primaryimage"},"thumbnailUrl":"https:\/\/www.gaveanews.com\/wp-content\/uploads\/de-la-cruz-treino-flamengo.webp","datePublished":"2025-10-21T19:12:22+00:00","dateModified":"2025-10-21T19:12:28+00:00","author":{"@id":"https:\/\/www.gaveanews.com\/#\/schema\/person\/c88645e3d550d0b6574305e67dd5a716"},"breadcrumb":{"@id":"https:\/\/www.gaveanews.com\/index.php\/2025\/10\/21\/flamengo-a-declaracao-de-filipe-luis-relacionada-a-ausencia-de-de-la-cruz\/#breadcrumb"},"inLanguage":"pt-BR","potentialAction":[{"@type":"ReadAction","target":["https:\/\/www.gaveanews.com\/index.php\/2025\/10\/21\/flamengo-a-declaracao-de-filipe-luis-relacionada-a-ausencia-de-de-la-cruz\/"]}]},{"@type":"ImageObject","inLanguage":"pt-BR","@id":"https:\/\/www.gaveanews.com\/index.php\/2025\/10\/21\/flamengo-a-declaracao-de-filipe-luis-relacionada-a-ausencia-de-de-la-cruz\/#primaryimage","url":"https:\/\/www.gaveanews.com\/wp-content\/uploads\/de-la-cruz-treino-flamengo.webp","contentUrl":"https:\/\/www.gaveanews.com\/wp-content\/uploads\/de-la-cruz-treino-flamengo.webp","width":900,"height":599,"caption":"Nicol\u00e1s de la Cruz em treino do Flamengo (Foto: Marcelo Cortes\/Flamengo)"},{"@type":"BreadcrumbList","@id":"https:\/\/www.gaveanews.com\/index.php\/2025\/10\/21\/flamengo-a-declaracao-de-filipe-luis-relacionada-a-ausencia-de-de-la-cruz\/#breadcrumb","itemListElement":[{"@type":"ListItem","position":1,"name":"Home","item":"https:\/\/www.gaveanews.com\/"},{"@type":"ListItem","position":2,"name":"Flamengo: a declara\u00e7\u00e3o de Filipe Lu\u00eds relacionada a aus\u00eancia de De La Cruz"}]},{"@type":"WebSite","@id":"https:\/\/www.gaveanews.com\/#website","url":"https:\/\/www.gaveanews.com\/","name":"G\u00e1vea News","description":"Veja todas as not\u00edcias sobre o Flamengo: Contrata\u00e7\u00f5es, categorias de base, resultados das partidas, tabela de classifica\u00e7\u00e3o, pr\u00f3ximos jogos!","potentialAction":[{"@type":"SearchAction","target":{"@type":"EntryPoint","urlTemplate":"https:\/\/www.gaveanews.com\/?s={search_term_string}"},"query-input":{"@type":"PropertyValueSpecification","valueRequired":true,"valueName":"search_term_string"}}],"inLanguage":"pt-BR"},{"@type":"Person","@id":"https:\/\/www.gaveanews.com\/#\/schema\/person\/c88645e3d550d0b6574305e67dd5a716","name":"Reda\u00e7\u00e3o","image":{"@type":"ImageObject","inLanguage":"pt-BR","@id":"https:\/\/www.gaveanews.com\/#\/schema\/person\/image\/","url":"https:\/\/secure.gravatar.com\/avatar\/434098fd823f0dc1b062d14ca22bacaa6e38de28d8c816bbef6fc2f8c44d8ba3?s=96&d=mm&r=g","contentUrl":"https:\/\/secure.gravatar.com\/avatar\/434098fd823f0dc1b062d14ca22bacaa6e38de28d8c816bbef6fc2f8c44d8ba3?s=96&d=mm&r=g","caption":"Reda\u00e7\u00e3o"}}]}},"_links":{"self":[{"href":"https:\/\/www.gaveanews.com\/index.php\/wp-json\/wp\/v2\/posts\/278981","targetHints":{"allow":["GET"]}}],"collection":[{"href":"https:\/\/www.gaveanews.com\/index.php\/wp-json\/wp\/v2\/posts"}],"about":[{"href":"https:\/\/www.gaveanews.com\/index.php\/wp-json\/wp\/v2\/types\/post"}],"author":[{"embeddable":true,"href":"https:\/\/www.gaveanews.com\/index.php\/wp-json\/wp\/v2\/users\/39"}],"replies":[{"embeddable":true,"href":"https:\/\/www.gaveanews.com\/index.php\/wp-json\/wp\/v2\/comments?post=278981"}],"version-history":[{"count":1,"href":"https:\/\/www.gaveanews.com\/index.php\/wp-json\/wp\/v2\/posts\/278981\/revisions"}],"predecessor-version":[{"id":278984,"href":"https:\/\/www.gaveanews.com\/index.php\/wp-json\/wp\/v2\/posts\/278981\/revisions\/278984"}],"wp:featuredmedia":[{"embeddable":true,"href":"https:\/\/www.gaveanews.com\/index.php\/wp-json\/wp\/v2\/media\/126050"}],"wp:attachment":[{"href":"https:\/\/www.gaveanews.com\/index.php\/wp-json\/wp\/v2\/media?parent=278981"}],"wp:term":[{"taxonomy":"category","embeddable":true,"href":"https:\/\/www.gaveanews.com\/index.php\/wp-json\/wp\/v2\/categories?post=278981"},{"taxonomy":"post_tag","embeddable":true,"href":"https:\/\/www.gaveanews.com\/index.php\/wp-json\/wp\/v2\/tags?post=278981"}],"curies":[{"name":"wp","href":"https:\/\/api.w.org\/{rel}","templated":true}]}}