{"id":279000,"date":"2025-10-21T21:15:00","date_gmt":"2025-10-22T00:15:00","guid":{"rendered":"https:\/\/www.gaveanews.com\/?p=279000"},"modified":"2025-10-21T20:18:10","modified_gmt":"2025-10-21T23:18:10","slug":"boto-pode-trazer-atacante-recado-de-tecnico-do-racing-e-declaracao-de-jorginho-as-ultimas-noticias-do-flamengo","status":"publish","type":"post","link":"https:\/\/www.gaveanews.com\/index.php\/2025\/10\/21\/boto-pode-trazer-atacante-recado-de-tecnico-do-racing-e-declaracao-de-jorginho-as-ultimas-noticias-do-flamengo\/","title":{"rendered":"Boto pode trazer atacante, recado de t\u00e9cnico do Racing e declara\u00e7\u00e3o de Jorginho: as \u00faltimas not\u00edcias do Flamengo"},"content":{"rendered":"\n<p>Em dia movimentado no notici\u00e1rio rubro\u2011negro, o <a href=\"https:\/\/www.gaveanews.com\/index.php\/category\/brasileirao\/flamengo\/\" target=\"_blank\" rel=\"noopener noreferrer\">Flamengo<\/a> venceu um confronto eletrizante com o <a href=\"https:\/\/www.gaveanews.com\/index.php\/category\/brasileirao\/palmeiras\/\" target=\"_blank\" rel=\"noopener noreferrer\">Palmeiras<\/a> no Maracan\u00e3, viu Jorginho celebrar um momento especial e Matheus Cunha ganhar homenagem \u00e0s v\u00e9speras de sua despedida; no mercado, Anderson Talisca reavalia o futuro e deixa aberta a possibilidade de retorno ao Brasil; e, na Libertadores, o Racing admite a disparidade financeira antes da semifinal, enquanto alimenta o sonho de ir \u00e0 decis\u00e3o.<\/p>\n\n\n\n<h2 class=\"wp-block-heading\" id=\"h-flamengo-supera-o-palmeiras-em-jogo-tenso-e-jorginho-homenageia-matheus-cunha\">Flamengo supera o Palmeiras em jogo tenso, e Jorginho homenageia Matheus Cunha<\/h2>\n\n\n\n<p>Em duelo de cinco gols pela 29\u00aa rodada do Brasileir\u00e3o, o Flamengo bateu o Palmeiras por 3 a 2 no Maracan\u00e3, em jogo de tens\u00e3o, lances decisivos e casa cheia. Pedro foi decisivo: marcou, deu assist\u00eancia a De Arrascaeta e sofreu o p\u00eanalti convertido por Jorginho, autor de um gol simb\u00f3lico para sua trajet\u00f3ria no est\u00e1dio.<\/p>\n\n\n\n<p>A partida terminou cercada de reclama\u00e7\u00f5es alviverdes \u00e0 arbitragem de Wilton Pereira Sampaio e com Piquerez expulso ap\u00f3s o apito final. Vitor Roque e Gustavo G\u00f3mez fizeram os gols do Palmeiras. O resultado igualou as equipes com 61 pontos, com lideran\u00e7a paulista pelo n\u00famero de vit\u00f3rias. O Maracan\u00e3 recebeu 71.651 torcedores e registrou renda de R$ 5.983.920,00.<\/p>\n\n\n\n<p>Ap\u00f3s o jogo, Jorginho celebrou seu primeiro gol no Maracan\u00e3 com a camisa rubro\u2011negra em v\u00eddeo da FlaTV e dividiu os m\u00e9ritos com o goleiro Matheus Cunha \u2014 que est\u00e1 nos \u00faltimos meses de clube, ap\u00f3s assinar pr\u00e9\u2011contrato de tr\u00eas anos com o Cruzeiro. <\/p>\n\n\n\n<p>Formado no Ninho do Urubu, Cunha estreou em 2022 (contra a Portuguesa\u2011RJ), soma 55 jogos oficiais e saiu sem sofrer gols em cerca de 55% deles. Em 2024, foi titular em 35 de 36 partidas e sofreu 33 gols; em 2025, atuou cinco vezes. &#8220;Primeiro gol no Maraca, porque eu treino com esse cara aqui&#8221;.<\/p>\n\n\n\n<h2 class=\"wp-block-heading\" id=\"h-anderson-talisca-reavalia-futuro-no-fenerbahce-e-mira-retorno-ao-brasil\">Anderson Talisca reavalia futuro no Fenerbah\u00e7e e mira retorno ao Brasil<\/h2>\n\n\n\n<p>Insatisfeito no Fenerbah\u00e7e, Anderson Talisca avalia deixar a Turquia e mira um retorno ao Brasil em 2026, segundo a ESPN. Aos 31 anos, o meia tem contrato at\u00e9 junho de 2026, soma quatro gols em 13 partidas na temporada e sente que seu estilo n\u00e3o se encaixou plenamente. A sa\u00edda de Jos\u00e9 Mourinho, que pedira sua contrata\u00e7\u00e3o quando o atleta estava no Al Nassr, tamb\u00e9m pesa na decis\u00e3o.<\/p>\n\n\n\n<p>Clubes brasileiros monitoram o cen\u00e1rio e, por ora, n\u00e3o h\u00e1 nada concreto. Corinthians, Flamengo e Bahia aparecem como possibilidades caso a volta ao pa\u00eds se confirme, de acordo com as apura\u00e7\u00f5es.<\/p>\n\n\n\n<p>No Flamengo, a proximidade com o diretor de futebol Jos\u00e9 Boto \u00e9 considerada um trunfo. Em 2014, Boto chefiava o scouting do Benfica e, ao lado de Jorge Jesus, levou Talisca a Lisboa \u2014 onde o brasileiro disputou 78 jogos e marcou 20 gols.<\/p>\n\n\n\n<p>O Corinthians \u00e9 apontado como time do cora\u00e7\u00e3o do meia, mas a situa\u00e7\u00e3o financeira e o transfer ban imposto pela Fifa s\u00e3o entraves. O Bahia tamb\u00e9m surge como interessado, com apoio do City Football Group. Segundo o portal turco Sabah, o <a href=\"https:\/\/www.gaveanews.com\/index.php\/category\/brasileirao\/fluminense\/\" target=\"_blank\" rel=\"noopener noreferrer\">Fluminense<\/a> observa a situa\u00e7\u00e3o, enquanto dirigentes do Fenerbah\u00e7e consideram seriamente vender o atleta em janeiro por valores n\u00e3o exorbitantes. Enquanto isso, o Flamengo volta as aten\u00e7\u00f5es ao Racing pela semifinal da Libertadores.<\/p>\n\n\n\n<h2 class=\"wp-block-heading\" id=\"h-racing-x-flamengo-semifinal-com-disparidade-economica-e-forte-carga-emocional\">Racing x Flamengo: semifinal com disparidade econ\u00f4mica e forte carga emocional<\/h2>\n\n\n\n<p>Racing e Flamengo se enfrentam nesta quarta-feira (22), \u00e0s 21h30, no Maracan\u00e3, pela ida das semifinais da Libertadores. Ap\u00f3s vencer o Aldosivi por 1 a 0 no Argentino, o t\u00e9cnico Gustavo Costas reconheceu o abismo or\u00e7ament\u00e1rio entre os clubes e admitiu a ansiedade pelo duelo, sem esconder a liga\u00e7\u00e3o afetiva com o time de Avellaneda.<\/p>\n\n\n\n<p>\u201cEram 2h da manh\u00e3 e estava assistindo aos jogos do Flamengo. Nervoso n\u00e3o estou\u2026 Ansioso. Desde quando vim ver o Racing, aos seis anos, eu acordava com dor de barriga, agora acontece a mesma coisa. O t\u00e9cnico deles ganha muito mais do que eu, os jogadores tamb\u00e9m, e jogaram na Europa\u201d.<\/p>\n\n\n\n<p>A prepara\u00e7\u00e3o do Racing mistura motiva\u00e7\u00e3o e mem\u00f3ria afetiva, num cen\u00e1rio em que o favoritismo externo recai sobre o Flamengo. Para os argentinos, a presen\u00e7a na semifinal ap\u00f3s 28 anos reacende a ambi\u00e7\u00e3o de voltar a uma final continental \u2014 algo que n\u00e3o ocorre desde o t\u00edtulo de 1967.<\/p>\n\n\n\n<p>\u201c\u00c9 um momento lindo, temos que aproveitar. J\u00e1 faz 28 anos que n\u00e3o chegamos \u00e0s semifinais, agora temos que chegar a Lima, custe o que custar. Meus filhos n\u00e3o viram o Racing ser campe\u00e3o da Libertadores. \u00c9 um sonho\u201d.<\/p>\n\n\n\n<p>Depois do jogo no Rio, as equipes voltam a se enfrentar na quarta-feira seguinte (29), \u00e0s 21h30 (de Bras\u00edlia), no Est\u00e1dio Presidente Per\u00f3n, na Argentina. Entre as duas partidas, o Flamengo ainda encara o Fortaleza pelo Brasileir\u00e3o no s\u00e1bado (25), \u00e0s 19h30, fora de casa.<\/p>\n\n\n\n<p><\/p>\n","protected":false},"excerpt":{"rendered":"<p>Em dia movimentado no notici\u00e1rio rubro\u2011negro, o Flamengo venceu um confronto eletrizante com o Palmeiras no Maracan\u00e3, viu Jorginho celebrar um momento especial e Matheus Cunha ganhar homenagem \u00e0s v\u00e9speras de sua despedida; no mercado, Anderson Talisca reavalia o futuro e deixa aberta a possibilidade de retorno ao Brasil; e, na Libertadores, o Racing admite [&hellip;]<\/p>\n","protected":false},"author":39,"featured_media":205638,"comment_status":"open","ping_status":"closed","sticky":false,"template":"","format":"standard","meta":{"footnotes":""},"categories":[1],"tags":[],"class_list":["post-279000","post","type-post","status-publish","format-standard","has-post-thumbnail","hentry","category-flamengo"],"yoast_head":"<!-- This site is optimized with the Yoast SEO Premium plugin v24.2 (Yoast SEO v26.9) - https:\/\/yoast.com\/product\/yoast-seo-premium-wordpress\/ -->\n<title>Boto pode trazer atacante, recado de t\u00e9cnico do Racing e declara\u00e7\u00e3o de Jorginho: as \u00faltimas not\u00edcias do Flamengo<\/title>\n<meta name=\"robots\" content=\"index, follow, max-snippet:-1, max-image-preview:large, max-video-preview:-1\" \/>\n<link rel=\"canonical\" href=\"https:\/\/www.gaveanews.com\/index.php\/2025\/10\/21\/boto-pode-trazer-atacante-recado-de-tecnico-do-racing-e-declaracao-de-jorginho-as-ultimas-noticias-do-flamengo\/\" \/>\n<meta property=\"og:locale\" content=\"pt_BR\" \/>\n<meta property=\"og:type\" content=\"article\" \/>\n<meta property=\"og:title\" content=\"Boto pode trazer atacante, recado de t\u00e9cnico do Racing e declara\u00e7\u00e3o de Jorginho: as \u00faltimas not\u00edcias do Flamengo\" \/>\n<meta property=\"og:description\" content=\"Em dia movimentado no notici\u00e1rio rubro\u2011negro, o Flamengo venceu um confronto eletrizante com o Palmeiras no Maracan\u00e3, viu Jorginho celebrar um momento especial e Matheus Cunha ganhar homenagem \u00e0s v\u00e9speras de sua despedida; no mercado, Anderson Talisca reavalia o futuro e deixa aberta a possibilidade de retorno ao Brasil; e, na Libertadores, o Racing admite [&hellip;]\" \/>\n<meta property=\"og:url\" content=\"https:\/\/www.gaveanews.com\/index.php\/2025\/10\/21\/boto-pode-trazer-atacante-recado-de-tecnico-do-racing-e-declaracao-de-jorginho-as-ultimas-noticias-do-flamengo\/\" \/>\n<meta property=\"og:site_name\" content=\"G\u00e1vea News\" \/>\n<meta property=\"article:publisher\" content=\"https:\/\/facebook.com\/gaveaNews\/\" \/>\n<meta property=\"article:published_time\" content=\"2025-10-22T00:15:00+00:00\" \/>\n<meta property=\"og:image\" content=\"https:\/\/www.gaveanews.com\/wp-content\/uploads\/Apresentacao-de-Jose-Boto-no-Flamengo-Foto_-Marcelo-Cortes_CRF.webp\" \/>\n\t<meta property=\"og:image:width\" content=\"2048\" \/>\n\t<meta property=\"og:image:height\" content=\"1362\" \/>\n\t<meta property=\"og:image:type\" content=\"image\/webp\" \/>\n<meta name=\"author\" content=\"Reda\u00e7\u00e3o\" \/>\n<meta name=\"twitter:card\" content=\"summary_large_image\" \/>\n<meta name=\"twitter:label1\" content=\"Escrito por\" \/>\n\t<meta name=\"twitter:data1\" content=\"Reda\u00e7\u00e3o\" \/>\n\t<meta name=\"twitter:label2\" content=\"Est. tempo de leitura\" \/>\n\t<meta name=\"twitter:data2\" content=\"5 minutos\" \/>\n<script type=\"application\/ld+json\" class=\"yoast-schema-graph\">{\"@context\":\"https:\/\/schema.org\",\"@graph\":[{\"@type\":\"NewsArticle\",\"@id\":\"https:\/\/www.gaveanews.com\/index.php\/2025\/10\/21\/boto-pode-trazer-atacante-recado-de-tecnico-do-racing-e-declaracao-de-jorginho-as-ultimas-noticias-do-flamengo\/#article\",\"isPartOf\":{\"@id\":\"https:\/\/www.gaveanews.com\/index.php\/2025\/10\/21\/boto-pode-trazer-atacante-recado-de-tecnico-do-racing-e-declaracao-de-jorginho-as-ultimas-noticias-do-flamengo\/\"},\"author\":{\"name\":\"Reda\u00e7\u00e3o\",\"@id\":\"https:\/\/www.gaveanews.com\/#\/schema\/person\/c88645e3d550d0b6574305e67dd5a716\"},\"headline\":\"Boto pode trazer atacante, recado de t\u00e9cnico do Racing e declara\u00e7\u00e3o de Jorginho: as \u00faltimas not\u00edcias do Flamengo\",\"datePublished\":\"2025-10-22T00:15:00+00:00\",\"mainEntityOfPage\":{\"@id\":\"https:\/\/www.gaveanews.com\/index.php\/2025\/10\/21\/boto-pode-trazer-atacante-recado-de-tecnico-do-racing-e-declaracao-de-jorginho-as-ultimas-noticias-do-flamengo\/\"},\"wordCount\":823,\"commentCount\":0,\"image\":{\"@id\":\"https:\/\/www.gaveanews.com\/index.php\/2025\/10\/21\/boto-pode-trazer-atacante-recado-de-tecnico-do-racing-e-declaracao-de-jorginho-as-ultimas-noticias-do-flamengo\/#primaryimage\"},\"thumbnailUrl\":\"https:\/\/www.gaveanews.com\/wp-content\/uploads\/Apresentacao-de-Jose-Boto-no-Flamengo-Foto_-Marcelo-Cortes_CRF.webp\",\"articleSection\":[\"Flamengo\"],\"inLanguage\":\"pt-BR\",\"potentialAction\":[{\"@type\":\"CommentAction\",\"name\":\"Comment\",\"target\":[\"https:\/\/www.gaveanews.com\/index.php\/2025\/10\/21\/boto-pode-trazer-atacante-recado-de-tecnico-do-racing-e-declaracao-de-jorginho-as-ultimas-noticias-do-flamengo\/#respond\"]}],\"copyrightYear\":\"2025\",\"copyrightHolder\":{\"@id\":\"https:\/\/www.gaveanews.com\/#organization\"}},{\"@type\":\"WebPage\",\"@id\":\"https:\/\/www.gaveanews.com\/index.php\/2025\/10\/21\/boto-pode-trazer-atacante-recado-de-tecnico-do-racing-e-declaracao-de-jorginho-as-ultimas-noticias-do-flamengo\/\",\"url\":\"https:\/\/www.gaveanews.com\/index.php\/2025\/10\/21\/boto-pode-trazer-atacante-recado-de-tecnico-do-racing-e-declaracao-de-jorginho-as-ultimas-noticias-do-flamengo\/\",\"name\":\"Boto pode trazer atacante, recado de t\u00e9cnico do Racing e declara\u00e7\u00e3o de Jorginho: as \u00faltimas not\u00edcias do Flamengo\",\"isPartOf\":{\"@id\":\"https:\/\/www.gaveanews.com\/#website\"},\"primaryImageOfPage\":{\"@id\":\"https:\/\/www.gaveanews.com\/index.php\/2025\/10\/21\/boto-pode-trazer-atacante-recado-de-tecnico-do-racing-e-declaracao-de-jorginho-as-ultimas-noticias-do-flamengo\/#primaryimage\"},\"image\":{\"@id\":\"https:\/\/www.gaveanews.com\/index.php\/2025\/10\/21\/boto-pode-trazer-atacante-recado-de-tecnico-do-racing-e-declaracao-de-jorginho-as-ultimas-noticias-do-flamengo\/#primaryimage\"},\"thumbnailUrl\":\"https:\/\/www.gaveanews.com\/wp-content\/uploads\/Apresentacao-de-Jose-Boto-no-Flamengo-Foto_-Marcelo-Cortes_CRF.webp\",\"datePublished\":\"2025-10-22T00:15:00+00:00\",\"author\":{\"@id\":\"https:\/\/www.gaveanews.com\/#\/schema\/person\/c88645e3d550d0b6574305e67dd5a716\"},\"breadcrumb\":{\"@id\":\"https:\/\/www.gaveanews.com\/index.php\/2025\/10\/21\/boto-pode-trazer-atacante-recado-de-tecnico-do-racing-e-declaracao-de-jorginho-as-ultimas-noticias-do-flamengo\/#breadcrumb\"},\"inLanguage\":\"pt-BR\",\"potentialAction\":[{\"@type\":\"ReadAction\",\"target\":[\"https:\/\/www.gaveanews.com\/index.php\/2025\/10\/21\/boto-pode-trazer-atacante-recado-de-tecnico-do-racing-e-declaracao-de-jorginho-as-ultimas-noticias-do-flamengo\/\"]}]},{\"@type\":\"ImageObject\",\"inLanguage\":\"pt-BR\",\"@id\":\"https:\/\/www.gaveanews.com\/index.php\/2025\/10\/21\/boto-pode-trazer-atacante-recado-de-tecnico-do-racing-e-declaracao-de-jorginho-as-ultimas-noticias-do-flamengo\/#primaryimage\",\"url\":\"https:\/\/www.gaveanews.com\/wp-content\/uploads\/Apresentacao-de-Jose-Boto-no-Flamengo-Foto_-Marcelo-Cortes_CRF.webp\",\"contentUrl\":\"https:\/\/www.gaveanews.com\/wp-content\/uploads\/Apresentacao-de-Jose-Boto-no-Flamengo-Foto_-Marcelo-Cortes_CRF.webp\",\"width\":2048,\"height\":1362,\"caption\":\"Entrevista coletiva de Jos\u00e9 Boto (Foto: Reprodu\u00e7\u00e3o\/FlaTV)\"},{\"@type\":\"BreadcrumbList\",\"@id\":\"https:\/\/www.gaveanews.com\/index.php\/2025\/10\/21\/boto-pode-trazer-atacante-recado-de-tecnico-do-racing-e-declaracao-de-jorginho-as-ultimas-noticias-do-flamengo\/#breadcrumb\",\"itemListElement\":[{\"@type\":\"ListItem\",\"position\":1,\"name\":\"Home\",\"item\":\"https:\/\/www.gaveanews.com\/\"},{\"@type\":\"ListItem\",\"position\":2,\"name\":\"Boto pode trazer atacante, recado de t\u00e9cnico do Racing e declara\u00e7\u00e3o de Jorginho: as \u00faltimas not\u00edcias do Flamengo\"}]},{\"@type\":\"WebSite\",\"@id\":\"https:\/\/www.gaveanews.com\/#website\",\"url\":\"https:\/\/www.gaveanews.com\/\",\"name\":\"G\u00e1vea News\",\"description\":\"Veja todas as not\u00edcias sobre o Flamengo: Contrata\u00e7\u00f5es, categorias de base, resultados das partidas, tabela de classifica\u00e7\u00e3o, pr\u00f3ximos jogos!\",\"potentialAction\":[{\"@type\":\"SearchAction\",\"target\":{\"@type\":\"EntryPoint\",\"urlTemplate\":\"https:\/\/www.gaveanews.com\/?s={search_term_string}\"},\"query-input\":{\"@type\":\"PropertyValueSpecification\",\"valueRequired\":true,\"valueName\":\"search_term_string\"}}],\"inLanguage\":\"pt-BR\"},{\"@type\":\"Person\",\"@id\":\"https:\/\/www.gaveanews.com\/#\/schema\/person\/c88645e3d550d0b6574305e67dd5a716\",\"name\":\"Reda\u00e7\u00e3o\",\"image\":{\"@type\":\"ImageObject\",\"inLanguage\":\"pt-BR\",\"@id\":\"https:\/\/www.gaveanews.com\/#\/schema\/person\/image\/\",\"url\":\"https:\/\/secure.gravatar.com\/avatar\/434098fd823f0dc1b062d14ca22bacaa6e38de28d8c816bbef6fc2f8c44d8ba3?s=96&d=mm&r=g\",\"contentUrl\":\"https:\/\/secure.gravatar.com\/avatar\/434098fd823f0dc1b062d14ca22bacaa6e38de28d8c816bbef6fc2f8c44d8ba3?s=96&d=mm&r=g\",\"caption\":\"Reda\u00e7\u00e3o\"}}]}<\/script>\n<!-- \/ Yoast SEO Premium plugin. -->","yoast_head_json":{"title":"Boto pode trazer atacante, recado de t\u00e9cnico do Racing e declara\u00e7\u00e3o de Jorginho: as \u00faltimas not\u00edcias do Flamengo","robots":{"index":"index","follow":"follow","max-snippet":"max-snippet:-1","max-image-preview":"max-image-preview:large","max-video-preview":"max-video-preview:-1"},"canonical":"https:\/\/www.gaveanews.com\/index.php\/2025\/10\/21\/boto-pode-trazer-atacante-recado-de-tecnico-do-racing-e-declaracao-de-jorginho-as-ultimas-noticias-do-flamengo\/","og_locale":"pt_BR","og_type":"article","og_title":"Boto pode trazer atacante, recado de t\u00e9cnico do Racing e declara\u00e7\u00e3o de Jorginho: as \u00faltimas not\u00edcias do Flamengo","og_description":"Em dia movimentado no notici\u00e1rio rubro\u2011negro, o Flamengo venceu um confronto eletrizante com o Palmeiras no Maracan\u00e3, viu Jorginho celebrar um momento especial e Matheus Cunha ganhar homenagem \u00e0s v\u00e9speras de sua despedida; no mercado, Anderson Talisca reavalia o futuro e deixa aberta a possibilidade de retorno ao Brasil; e, na Libertadores, o Racing admite [&hellip;]","og_url":"https:\/\/www.gaveanews.com\/index.php\/2025\/10\/21\/boto-pode-trazer-atacante-recado-de-tecnico-do-racing-e-declaracao-de-jorginho-as-ultimas-noticias-do-flamengo\/","og_site_name":"G\u00e1vea News","article_publisher":"https:\/\/facebook.com\/gaveaNews\/","article_published_time":"2025-10-22T00:15:00+00:00","og_image":[{"width":2048,"height":1362,"url":"https:\/\/www.gaveanews.com\/wp-content\/uploads\/Apresentacao-de-Jose-Boto-no-Flamengo-Foto_-Marcelo-Cortes_CRF.webp","type":"image\/webp"}],"author":"Reda\u00e7\u00e3o","twitter_card":"summary_large_image","twitter_misc":{"Escrito por":"Reda\u00e7\u00e3o","Est. tempo de leitura":"5 minutos"},"schema":{"@context":"https:\/\/schema.org","@graph":[{"@type":"NewsArticle","@id":"https:\/\/www.gaveanews.com\/index.php\/2025\/10\/21\/boto-pode-trazer-atacante-recado-de-tecnico-do-racing-e-declaracao-de-jorginho-as-ultimas-noticias-do-flamengo\/#article","isPartOf":{"@id":"https:\/\/www.gaveanews.com\/index.php\/2025\/10\/21\/boto-pode-trazer-atacante-recado-de-tecnico-do-racing-e-declaracao-de-jorginho-as-ultimas-noticias-do-flamengo\/"},"author":{"name":"Reda\u00e7\u00e3o","@id":"https:\/\/www.gaveanews.com\/#\/schema\/person\/c88645e3d550d0b6574305e67dd5a716"},"headline":"Boto pode trazer atacante, recado de t\u00e9cnico do Racing e declara\u00e7\u00e3o de Jorginho: as \u00faltimas not\u00edcias do Flamengo","datePublished":"2025-10-22T00:15:00+00:00","mainEntityOfPage":{"@id":"https:\/\/www.gaveanews.com\/index.php\/2025\/10\/21\/boto-pode-trazer-atacante-recado-de-tecnico-do-racing-e-declaracao-de-jorginho-as-ultimas-noticias-do-flamengo\/"},"wordCount":823,"commentCount":0,"image":{"@id":"https:\/\/www.gaveanews.com\/index.php\/2025\/10\/21\/boto-pode-trazer-atacante-recado-de-tecnico-do-racing-e-declaracao-de-jorginho-as-ultimas-noticias-do-flamengo\/#primaryimage"},"thumbnailUrl":"https:\/\/www.gaveanews.com\/wp-content\/uploads\/Apresentacao-de-Jose-Boto-no-Flamengo-Foto_-Marcelo-Cortes_CRF.webp","articleSection":["Flamengo"],"inLanguage":"pt-BR","potentialAction":[{"@type":"CommentAction","name":"Comment","target":["https:\/\/www.gaveanews.com\/index.php\/2025\/10\/21\/boto-pode-trazer-atacante-recado-de-tecnico-do-racing-e-declaracao-de-jorginho-as-ultimas-noticias-do-flamengo\/#respond"]}],"copyrightYear":"2025","copyrightHolder":{"@id":"https:\/\/www.gaveanews.com\/#organization"}},{"@type":"WebPage","@id":"https:\/\/www.gaveanews.com\/index.php\/2025\/10\/21\/boto-pode-trazer-atacante-recado-de-tecnico-do-racing-e-declaracao-de-jorginho-as-ultimas-noticias-do-flamengo\/","url":"https:\/\/www.gaveanews.com\/index.php\/2025\/10\/21\/boto-pode-trazer-atacante-recado-de-tecnico-do-racing-e-declaracao-de-jorginho-as-ultimas-noticias-do-flamengo\/","name":"Boto pode trazer atacante, recado de t\u00e9cnico do Racing e declara\u00e7\u00e3o de Jorginho: as \u00faltimas not\u00edcias do Flamengo","isPartOf":{"@id":"https:\/\/www.gaveanews.com\/#website"},"primaryImageOfPage":{"@id":"https:\/\/www.gaveanews.com\/index.php\/2025\/10\/21\/boto-pode-trazer-atacante-recado-de-tecnico-do-racing-e-declaracao-de-jorginho-as-ultimas-noticias-do-flamengo\/#primaryimage"},"image":{"@id":"https:\/\/www.gaveanews.com\/index.php\/2025\/10\/21\/boto-pode-trazer-atacante-recado-de-tecnico-do-racing-e-declaracao-de-jorginho-as-ultimas-noticias-do-flamengo\/#primaryimage"},"thumbnailUrl":"https:\/\/www.gaveanews.com\/wp-content\/uploads\/Apresentacao-de-Jose-Boto-no-Flamengo-Foto_-Marcelo-Cortes_CRF.webp","datePublished":"2025-10-22T00:15:00+00:00","author":{"@id":"https:\/\/www.gaveanews.com\/#\/schema\/person\/c88645e3d550d0b6574305e67dd5a716"},"breadcrumb":{"@id":"https:\/\/www.gaveanews.com\/index.php\/2025\/10\/21\/boto-pode-trazer-atacante-recado-de-tecnico-do-racing-e-declaracao-de-jorginho-as-ultimas-noticias-do-flamengo\/#breadcrumb"},"inLanguage":"pt-BR","potentialAction":[{"@type":"ReadAction","target":["https:\/\/www.gaveanews.com\/index.php\/2025\/10\/21\/boto-pode-trazer-atacante-recado-de-tecnico-do-racing-e-declaracao-de-jorginho-as-ultimas-noticias-do-flamengo\/"]}]},{"@type":"ImageObject","inLanguage":"pt-BR","@id":"https:\/\/www.gaveanews.com\/index.php\/2025\/10\/21\/boto-pode-trazer-atacante-recado-de-tecnico-do-racing-e-declaracao-de-jorginho-as-ultimas-noticias-do-flamengo\/#primaryimage","url":"https:\/\/www.gaveanews.com\/wp-content\/uploads\/Apresentacao-de-Jose-Boto-no-Flamengo-Foto_-Marcelo-Cortes_CRF.webp","contentUrl":"https:\/\/www.gaveanews.com\/wp-content\/uploads\/Apresentacao-de-Jose-Boto-no-Flamengo-Foto_-Marcelo-Cortes_CRF.webp","width":2048,"height":1362,"caption":"Entrevista coletiva de Jos\u00e9 Boto (Foto: Reprodu\u00e7\u00e3o\/FlaTV)"},{"@type":"BreadcrumbList","@id":"https:\/\/www.gaveanews.com\/index.php\/2025\/10\/21\/boto-pode-trazer-atacante-recado-de-tecnico-do-racing-e-declaracao-de-jorginho-as-ultimas-noticias-do-flamengo\/#breadcrumb","itemListElement":[{"@type":"ListItem","position":1,"name":"Home","item":"https:\/\/www.gaveanews.com\/"},{"@type":"ListItem","position":2,"name":"Boto pode trazer atacante, recado de t\u00e9cnico do Racing e declara\u00e7\u00e3o de Jorginho: as \u00faltimas not\u00edcias do Flamengo"}]},{"@type":"WebSite","@id":"https:\/\/www.gaveanews.com\/#website","url":"https:\/\/www.gaveanews.com\/","name":"G\u00e1vea News","description":"Veja todas as not\u00edcias sobre o Flamengo: Contrata\u00e7\u00f5es, categorias de base, resultados das partidas, tabela de classifica\u00e7\u00e3o, pr\u00f3ximos jogos!","potentialAction":[{"@type":"SearchAction","target":{"@type":"EntryPoint","urlTemplate":"https:\/\/www.gaveanews.com\/?s={search_term_string}"},"query-input":{"@type":"PropertyValueSpecification","valueRequired":true,"valueName":"search_term_string"}}],"inLanguage":"pt-BR"},{"@type":"Person","@id":"https:\/\/www.gaveanews.com\/#\/schema\/person\/c88645e3d550d0b6574305e67dd5a716","name":"Reda\u00e7\u00e3o","image":{"@type":"ImageObject","inLanguage":"pt-BR","@id":"https:\/\/www.gaveanews.com\/#\/schema\/person\/image\/","url":"https:\/\/secure.gravatar.com\/avatar\/434098fd823f0dc1b062d14ca22bacaa6e38de28d8c816bbef6fc2f8c44d8ba3?s=96&d=mm&r=g","contentUrl":"https:\/\/secure.gravatar.com\/avatar\/434098fd823f0dc1b062d14ca22bacaa6e38de28d8c816bbef6fc2f8c44d8ba3?s=96&d=mm&r=g","caption":"Reda\u00e7\u00e3o"}}]}},"_links":{"self":[{"href":"https:\/\/www.gaveanews.com\/index.php\/wp-json\/wp\/v2\/posts\/279000","targetHints":{"allow":["GET"]}}],"collection":[{"href":"https:\/\/www.gaveanews.com\/index.php\/wp-json\/wp\/v2\/posts"}],"about":[{"href":"https:\/\/www.gaveanews.com\/index.php\/wp-json\/wp\/v2\/types\/post"}],"author":[{"embeddable":true,"href":"https:\/\/www.gaveanews.com\/index.php\/wp-json\/wp\/v2\/users\/39"}],"replies":[{"embeddable":true,"href":"https:\/\/www.gaveanews.com\/index.php\/wp-json\/wp\/v2\/comments?post=279000"}],"version-history":[{"count":1,"href":"https:\/\/www.gaveanews.com\/index.php\/wp-json\/wp\/v2\/posts\/279000\/revisions"}],"predecessor-version":[{"id":279017,"href":"https:\/\/www.gaveanews.com\/index.php\/wp-json\/wp\/v2\/posts\/279000\/revisions\/279017"}],"wp:featuredmedia":[{"embeddable":true,"href":"https:\/\/www.gaveanews.com\/index.php\/wp-json\/wp\/v2\/media\/205638"}],"wp:attachment":[{"href":"https:\/\/www.gaveanews.com\/index.php\/wp-json\/wp\/v2\/media?parent=279000"}],"wp:term":[{"taxonomy":"category","embeddable":true,"href":"https:\/\/www.gaveanews.com\/index.php\/wp-json\/wp\/v2\/categories?post=279000"},{"taxonomy":"post_tag","embeddable":true,"href":"https:\/\/www.gaveanews.com\/index.php\/wp-json\/wp\/v2\/tags?post=279000"}],"curies":[{"name":"wp","href":"https:\/\/api.w.org\/{rel}","templated":true}]}}