{"id":279002,"date":"2025-10-21T20:45:00","date_gmt":"2025-10-21T23:45:00","guid":{"rendered":"https:\/\/www.gaveanews.com\/?p=279002"},"modified":"2025-10-21T20:01:06","modified_gmt":"2025-10-21T23:01:06","slug":"jornalista-internacional-elogia-atitude-de-filipe-luis-com-pedro-no-flamengo","status":"publish","type":"post","link":"https:\/\/www.gaveanews.com\/index.php\/2025\/10\/21\/jornalista-internacional-elogia-atitude-de-filipe-luis-com-pedro-no-flamengo\/","title":{"rendered":"Jornalista internacional elogia atitude de Filipe Lu\u00eds com Pedro no Flamengo"},"content":{"rendered":"\n<p>Nesta ter\u00e7a-feira (21), no Reda\u00e7\u00e3o SporTV, Tim Vickery analisou a retomada de alto n\u00edvel de Pedro no <a href=\"https:\/\/www.gaveanews.com\/index.php\/category\/brasileirao\/flamengo\/\" target=\"_blank\" rel=\"noopener noreferrer\">Flamengo<\/a>. O jornalista creditou diretamente a Filipe Lu\u00eds a virada do camisa 9, decisivo nas vit\u00f3rias sobre <a href=\"https:\/\/www.gaveanews.com\/index.php\/category\/brasileirao\/botafogo\/\" target=\"_blank\" rel=\"noopener noreferrer\">Botafogo<\/a> e <a href=\"https:\/\/www.gaveanews.com\/index.php\/category\/brasileirao\/palmeiras\/\" target=\"_blank\" rel=\"noopener noreferrer\">Palmeiras<\/a>.<\/p>\n\n\n\n<p>Vickery rebateu cr\u00edticas de que Filipe Lu\u00eds \u201cdesvalorizava o patrim\u00f4nio\u201d ao deixar Pedro no banco. Ele destacou que a gest\u00e3o do treinador foi determinante ap\u00f3s per\u00edodo conturbado, com perda de espa\u00e7o e atrito p\u00fablico meses atr\u00e1s.<\/p>\n\n\n\n<p>&#8220;Eu acho que ficou comprovado, domingo, que n\u00e3o. Porque ele conseguiu tirar&#8230; Isso \u00e9 o trabalho de t\u00e9cnico. Ele tirou coisas de Pedro que a gente n\u00e3o viu em muito, muito tempo&#8221;.<\/p>\n\n\n\n<p>O comentarista definiu a abordagem como \u201ctough love\u201d e afirmou que Filipe Lu\u00eds lan\u00e7ou um desafio direto a Pedro semanas atr\u00e1s.<\/p>\n\n\n\n<p>&#8220;Duas semanas atr\u00e1s, Filipe Lu\u00eds basicamente est\u00e1 desafiando o Pedro. E quase ele est\u00e1 falando para Pedro, &#8216;olha, tu \u00e9 um jogador de luxo, tu \u00e9 um matador de coelho. [&#8230;] Voc\u00ea n\u00e3o serve para os jogos decisivos. Agora vai provar que eu estou equivocado'&#8221;.<\/p>\n\n\n\n<p>Para Vickery, essa cobran\u00e7a foi essencial para impulsionar o atacante em campo. &#8220;\u00c0s vezes precisa de &#8216;tough love&#8217;. E Pedro \u00e9 um jogador que tu tem que tirar ele de zona de conforto&#8221;.<\/p>\n\n\n\n<p>O jornalista ressaltou a qualidade do centroavante como finalizador, mas apontou que o jogo exige mais recursos do camisa 9. &#8220;Como finalizador, ele \u00e9 sensacional. Sensacional. Mas ele precisa adicionar mais coisas. Porque o jogo est\u00e1 pedindo cada vez mais coisas no Camisa 9&#8221;.<\/p>\n\n\n\n<p>No domingo (19), o Flamengo venceu o Palmeiras por 3 a 2, no Maracan\u00e3, pelo Brasileiro. Arrascaeta abriu o placar ap\u00f3s passe de Pedro. Jorginho marcou de p\u00eanalti cometido em Pedro. Depois, o centroavante ampliou ap\u00f3s roubar a bola de An\u00edbal Moreno e receber de Arrascaeta. Vitor Roque e Gustavo G\u00f3mez descontaram para o time visitante.<\/p>\n\n\n\n<p>O Flamengo volta a campo na quarta-feira (22), no Maracan\u00e3, contra o Racing, pelo primeiro jogo da semifinal da Libertadores 2025, \u00e0s 21h30 (hor\u00e1rio de Bras\u00edlia).<\/p>\n","protected":false},"excerpt":{"rendered":"<p>Nesta ter\u00e7a-feira (21), no Reda\u00e7\u00e3o SporTV, Tim Vickery analisou a retomada de alto n\u00edvel de Pedro no Flamengo. O jornalista creditou diretamente a Filipe Lu\u00eds a virada do camisa 9, decisivo nas vit\u00f3rias sobre Botafogo e Palmeiras. Vickery rebateu cr\u00edticas de que Filipe Lu\u00eds \u201cdesvalorizava o patrim\u00f4nio\u201d ao deixar Pedro no banco. Ele destacou que [&hellip;]<\/p>\n","protected":false},"author":39,"featured_media":254991,"comment_status":"open","ping_status":"closed","sticky":false,"template":"","format":"standard","meta":{"footnotes":""},"categories":[1],"tags":[],"class_list":["post-279002","post","type-post","status-publish","format-standard","has-post-thumbnail","hentry","category-flamengo"],"yoast_head":"<!-- This site is optimized with the Yoast SEO Premium plugin v24.2 (Yoast SEO v26.9) - https:\/\/yoast.com\/product\/yoast-seo-premium-wordpress\/ -->\n<title>Jornalista internacional elogia atitude de Filipe Lu\u00eds com Pedro no Flamengo<\/title>\n<meta name=\"robots\" content=\"index, follow, max-snippet:-1, max-image-preview:large, max-video-preview:-1\" \/>\n<link rel=\"canonical\" href=\"https:\/\/www.gaveanews.com\/index.php\/2025\/10\/21\/jornalista-internacional-elogia-atitude-de-filipe-luis-com-pedro-no-flamengo\/\" \/>\n<meta property=\"og:locale\" content=\"pt_BR\" \/>\n<meta property=\"og:type\" content=\"article\" \/>\n<meta property=\"og:title\" content=\"Jornalista internacional elogia atitude de Filipe Lu\u00eds com Pedro no Flamengo\" \/>\n<meta property=\"og:description\" content=\"Nesta ter\u00e7a-feira (21), no Reda\u00e7\u00e3o SporTV, Tim Vickery analisou a retomada de alto n\u00edvel de Pedro no Flamengo. O jornalista creditou diretamente a Filipe Lu\u00eds a virada do camisa 9, decisivo nas vit\u00f3rias sobre Botafogo e Palmeiras. Vickery rebateu cr\u00edticas de que Filipe Lu\u00eds \u201cdesvalorizava o patrim\u00f4nio\u201d ao deixar Pedro no banco. Ele destacou que [&hellip;]\" \/>\n<meta property=\"og:url\" content=\"https:\/\/www.gaveanews.com\/index.php\/2025\/10\/21\/jornalista-internacional-elogia-atitude-de-filipe-luis-com-pedro-no-flamengo\/\" \/>\n<meta property=\"og:site_name\" content=\"G\u00e1vea News\" \/>\n<meta property=\"article:publisher\" content=\"https:\/\/facebook.com\/gaveaNews\/\" \/>\n<meta property=\"article:published_time\" content=\"2025-10-21T23:45:00+00:00\" \/>\n<meta property=\"og:image\" content=\"https:\/\/www.gaveanews.com\/wp-content\/uploads\/Filipe-Luis-e-Pedro-em-vitoria-do-Flamengo-no-Maracana.webp\" \/>\n\t<meta property=\"og:image:width\" content=\"1200\" \/>\n\t<meta property=\"og:image:height\" content=\"800\" \/>\n\t<meta property=\"og:image:type\" content=\"image\/png\" \/>\n<meta name=\"author\" content=\"Reda\u00e7\u00e3o\" \/>\n<meta name=\"twitter:card\" content=\"summary_large_image\" \/>\n<meta name=\"twitter:label1\" content=\"Escrito por\" \/>\n\t<meta name=\"twitter:data1\" content=\"Reda\u00e7\u00e3o\" \/>\n\t<meta name=\"twitter:label2\" content=\"Est. tempo de leitura\" \/>\n\t<meta name=\"twitter:data2\" content=\"3 minutos\" \/>\n<script type=\"application\/ld+json\" class=\"yoast-schema-graph\">{\"@context\":\"https:\/\/schema.org\",\"@graph\":[{\"@type\":\"NewsArticle\",\"@id\":\"https:\/\/www.gaveanews.com\/index.php\/2025\/10\/21\/jornalista-internacional-elogia-atitude-de-filipe-luis-com-pedro-no-flamengo\/#article\",\"isPartOf\":{\"@id\":\"https:\/\/www.gaveanews.com\/index.php\/2025\/10\/21\/jornalista-internacional-elogia-atitude-de-filipe-luis-com-pedro-no-flamengo\/\"},\"author\":{\"name\":\"Reda\u00e7\u00e3o\",\"@id\":\"https:\/\/www.gaveanews.com\/#\/schema\/person\/c88645e3d550d0b6574305e67dd5a716\"},\"headline\":\"Jornalista internacional elogia atitude de Filipe Lu\u00eds com Pedro no Flamengo\",\"datePublished\":\"2025-10-21T23:45:00+00:00\",\"mainEntityOfPage\":{\"@id\":\"https:\/\/www.gaveanews.com\/index.php\/2025\/10\/21\/jornalista-internacional-elogia-atitude-de-filipe-luis-com-pedro-no-flamengo\/\"},\"wordCount\":358,\"commentCount\":0,\"image\":{\"@id\":\"https:\/\/www.gaveanews.com\/index.php\/2025\/10\/21\/jornalista-internacional-elogia-atitude-de-filipe-luis-com-pedro-no-flamengo\/#primaryimage\"},\"thumbnailUrl\":\"https:\/\/www.gaveanews.com\/wp-content\/uploads\/Filipe-Luis-e-Pedro-em-vitoria-do-Flamengo-no-Maracana.webp\",\"articleSection\":[\"Flamengo\"],\"inLanguage\":\"pt-BR\",\"potentialAction\":[{\"@type\":\"CommentAction\",\"name\":\"Comment\",\"target\":[\"https:\/\/www.gaveanews.com\/index.php\/2025\/10\/21\/jornalista-internacional-elogia-atitude-de-filipe-luis-com-pedro-no-flamengo\/#respond\"]}],\"copyrightYear\":\"2025\",\"copyrightHolder\":{\"@id\":\"https:\/\/www.gaveanews.com\/#organization\"}},{\"@type\":\"WebPage\",\"@id\":\"https:\/\/www.gaveanews.com\/index.php\/2025\/10\/21\/jornalista-internacional-elogia-atitude-de-filipe-luis-com-pedro-no-flamengo\/\",\"url\":\"https:\/\/www.gaveanews.com\/index.php\/2025\/10\/21\/jornalista-internacional-elogia-atitude-de-filipe-luis-com-pedro-no-flamengo\/\",\"name\":\"Jornalista internacional elogia atitude de Filipe Lu\u00eds com Pedro no Flamengo\",\"isPartOf\":{\"@id\":\"https:\/\/www.gaveanews.com\/#website\"},\"primaryImageOfPage\":{\"@id\":\"https:\/\/www.gaveanews.com\/index.php\/2025\/10\/21\/jornalista-internacional-elogia-atitude-de-filipe-luis-com-pedro-no-flamengo\/#primaryimage\"},\"image\":{\"@id\":\"https:\/\/www.gaveanews.com\/index.php\/2025\/10\/21\/jornalista-internacional-elogia-atitude-de-filipe-luis-com-pedro-no-flamengo\/#primaryimage\"},\"thumbnailUrl\":\"https:\/\/www.gaveanews.com\/wp-content\/uploads\/Filipe-Luis-e-Pedro-em-vitoria-do-Flamengo-no-Maracana.webp\",\"datePublished\":\"2025-10-21T23:45:00+00:00\",\"author\":{\"@id\":\"https:\/\/www.gaveanews.com\/#\/schema\/person\/c88645e3d550d0b6574305e67dd5a716\"},\"breadcrumb\":{\"@id\":\"https:\/\/www.gaveanews.com\/index.php\/2025\/10\/21\/jornalista-internacional-elogia-atitude-de-filipe-luis-com-pedro-no-flamengo\/#breadcrumb\"},\"inLanguage\":\"pt-BR\",\"potentialAction\":[{\"@type\":\"ReadAction\",\"target\":[\"https:\/\/www.gaveanews.com\/index.php\/2025\/10\/21\/jornalista-internacional-elogia-atitude-de-filipe-luis-com-pedro-no-flamengo\/\"]}]},{\"@type\":\"ImageObject\",\"inLanguage\":\"pt-BR\",\"@id\":\"https:\/\/www.gaveanews.com\/index.php\/2025\/10\/21\/jornalista-internacional-elogia-atitude-de-filipe-luis-com-pedro-no-flamengo\/#primaryimage\",\"url\":\"https:\/\/www.gaveanews.com\/wp-content\/uploads\/Filipe-Luis-e-Pedro-em-vitoria-do-Flamengo-no-Maracana.webp\",\"contentUrl\":\"https:\/\/www.gaveanews.com\/wp-content\/uploads\/Filipe-Luis-e-Pedro-em-vitoria-do-Flamengo-no-Maracana.webp\",\"width\":1200,\"height\":800,\"caption\":\"Filipe Lu\u00eds e Pedro em vit\u00f3ria do Flamengo no Maracan\u00e3 - Foto: Gilvan de Souza\/Flamengo\"},{\"@type\":\"BreadcrumbList\",\"@id\":\"https:\/\/www.gaveanews.com\/index.php\/2025\/10\/21\/jornalista-internacional-elogia-atitude-de-filipe-luis-com-pedro-no-flamengo\/#breadcrumb\",\"itemListElement\":[{\"@type\":\"ListItem\",\"position\":1,\"name\":\"Home\",\"item\":\"https:\/\/www.gaveanews.com\/\"},{\"@type\":\"ListItem\",\"position\":2,\"name\":\"Jornalista internacional elogia atitude de Filipe Lu\u00eds com Pedro no Flamengo\"}]},{\"@type\":\"WebSite\",\"@id\":\"https:\/\/www.gaveanews.com\/#website\",\"url\":\"https:\/\/www.gaveanews.com\/\",\"name\":\"G\u00e1vea News\",\"description\":\"Veja todas as not\u00edcias sobre o Flamengo: Contrata\u00e7\u00f5es, categorias de base, resultados das partidas, tabela de classifica\u00e7\u00e3o, pr\u00f3ximos jogos!\",\"potentialAction\":[{\"@type\":\"SearchAction\",\"target\":{\"@type\":\"EntryPoint\",\"urlTemplate\":\"https:\/\/www.gaveanews.com\/?s={search_term_string}\"},\"query-input\":{\"@type\":\"PropertyValueSpecification\",\"valueRequired\":true,\"valueName\":\"search_term_string\"}}],\"inLanguage\":\"pt-BR\"},{\"@type\":\"Person\",\"@id\":\"https:\/\/www.gaveanews.com\/#\/schema\/person\/c88645e3d550d0b6574305e67dd5a716\",\"name\":\"Reda\u00e7\u00e3o\",\"image\":{\"@type\":\"ImageObject\",\"inLanguage\":\"pt-BR\",\"@id\":\"https:\/\/www.gaveanews.com\/#\/schema\/person\/image\/\",\"url\":\"https:\/\/secure.gravatar.com\/avatar\/434098fd823f0dc1b062d14ca22bacaa6e38de28d8c816bbef6fc2f8c44d8ba3?s=96&d=mm&r=g\",\"contentUrl\":\"https:\/\/secure.gravatar.com\/avatar\/434098fd823f0dc1b062d14ca22bacaa6e38de28d8c816bbef6fc2f8c44d8ba3?s=96&d=mm&r=g\",\"caption\":\"Reda\u00e7\u00e3o\"}}]}<\/script>\n<!-- \/ Yoast SEO Premium plugin. -->","yoast_head_json":{"title":"Jornalista internacional elogia atitude de Filipe Lu\u00eds com Pedro no Flamengo","robots":{"index":"index","follow":"follow","max-snippet":"max-snippet:-1","max-image-preview":"max-image-preview:large","max-video-preview":"max-video-preview:-1"},"canonical":"https:\/\/www.gaveanews.com\/index.php\/2025\/10\/21\/jornalista-internacional-elogia-atitude-de-filipe-luis-com-pedro-no-flamengo\/","og_locale":"pt_BR","og_type":"article","og_title":"Jornalista internacional elogia atitude de Filipe Lu\u00eds com Pedro no Flamengo","og_description":"Nesta ter\u00e7a-feira (21), no Reda\u00e7\u00e3o SporTV, Tim Vickery analisou a retomada de alto n\u00edvel de Pedro no Flamengo. O jornalista creditou diretamente a Filipe Lu\u00eds a virada do camisa 9, decisivo nas vit\u00f3rias sobre Botafogo e Palmeiras. Vickery rebateu cr\u00edticas de que Filipe Lu\u00eds \u201cdesvalorizava o patrim\u00f4nio\u201d ao deixar Pedro no banco. Ele destacou que [&hellip;]","og_url":"https:\/\/www.gaveanews.com\/index.php\/2025\/10\/21\/jornalista-internacional-elogia-atitude-de-filipe-luis-com-pedro-no-flamengo\/","og_site_name":"G\u00e1vea News","article_publisher":"https:\/\/facebook.com\/gaveaNews\/","article_published_time":"2025-10-21T23:45:00+00:00","og_image":[{"width":1200,"height":800,"url":"https:\/\/www.gaveanews.com\/wp-content\/uploads\/Filipe-Luis-e-Pedro-em-vitoria-do-Flamengo-no-Maracana.webp","type":"image\/png"}],"author":"Reda\u00e7\u00e3o","twitter_card":"summary_large_image","twitter_misc":{"Escrito por":"Reda\u00e7\u00e3o","Est. tempo de leitura":"3 minutos"},"schema":{"@context":"https:\/\/schema.org","@graph":[{"@type":"NewsArticle","@id":"https:\/\/www.gaveanews.com\/index.php\/2025\/10\/21\/jornalista-internacional-elogia-atitude-de-filipe-luis-com-pedro-no-flamengo\/#article","isPartOf":{"@id":"https:\/\/www.gaveanews.com\/index.php\/2025\/10\/21\/jornalista-internacional-elogia-atitude-de-filipe-luis-com-pedro-no-flamengo\/"},"author":{"name":"Reda\u00e7\u00e3o","@id":"https:\/\/www.gaveanews.com\/#\/schema\/person\/c88645e3d550d0b6574305e67dd5a716"},"headline":"Jornalista internacional elogia atitude de Filipe Lu\u00eds com Pedro no Flamengo","datePublished":"2025-10-21T23:45:00+00:00","mainEntityOfPage":{"@id":"https:\/\/www.gaveanews.com\/index.php\/2025\/10\/21\/jornalista-internacional-elogia-atitude-de-filipe-luis-com-pedro-no-flamengo\/"},"wordCount":358,"commentCount":0,"image":{"@id":"https:\/\/www.gaveanews.com\/index.php\/2025\/10\/21\/jornalista-internacional-elogia-atitude-de-filipe-luis-com-pedro-no-flamengo\/#primaryimage"},"thumbnailUrl":"https:\/\/www.gaveanews.com\/wp-content\/uploads\/Filipe-Luis-e-Pedro-em-vitoria-do-Flamengo-no-Maracana.webp","articleSection":["Flamengo"],"inLanguage":"pt-BR","potentialAction":[{"@type":"CommentAction","name":"Comment","target":["https:\/\/www.gaveanews.com\/index.php\/2025\/10\/21\/jornalista-internacional-elogia-atitude-de-filipe-luis-com-pedro-no-flamengo\/#respond"]}],"copyrightYear":"2025","copyrightHolder":{"@id":"https:\/\/www.gaveanews.com\/#organization"}},{"@type":"WebPage","@id":"https:\/\/www.gaveanews.com\/index.php\/2025\/10\/21\/jornalista-internacional-elogia-atitude-de-filipe-luis-com-pedro-no-flamengo\/","url":"https:\/\/www.gaveanews.com\/index.php\/2025\/10\/21\/jornalista-internacional-elogia-atitude-de-filipe-luis-com-pedro-no-flamengo\/","name":"Jornalista internacional elogia atitude de Filipe Lu\u00eds com Pedro no Flamengo","isPartOf":{"@id":"https:\/\/www.gaveanews.com\/#website"},"primaryImageOfPage":{"@id":"https:\/\/www.gaveanews.com\/index.php\/2025\/10\/21\/jornalista-internacional-elogia-atitude-de-filipe-luis-com-pedro-no-flamengo\/#primaryimage"},"image":{"@id":"https:\/\/www.gaveanews.com\/index.php\/2025\/10\/21\/jornalista-internacional-elogia-atitude-de-filipe-luis-com-pedro-no-flamengo\/#primaryimage"},"thumbnailUrl":"https:\/\/www.gaveanews.com\/wp-content\/uploads\/Filipe-Luis-e-Pedro-em-vitoria-do-Flamengo-no-Maracana.webp","datePublished":"2025-10-21T23:45:00+00:00","author":{"@id":"https:\/\/www.gaveanews.com\/#\/schema\/person\/c88645e3d550d0b6574305e67dd5a716"},"breadcrumb":{"@id":"https:\/\/www.gaveanews.com\/index.php\/2025\/10\/21\/jornalista-internacional-elogia-atitude-de-filipe-luis-com-pedro-no-flamengo\/#breadcrumb"},"inLanguage":"pt-BR","potentialAction":[{"@type":"ReadAction","target":["https:\/\/www.gaveanews.com\/index.php\/2025\/10\/21\/jornalista-internacional-elogia-atitude-de-filipe-luis-com-pedro-no-flamengo\/"]}]},{"@type":"ImageObject","inLanguage":"pt-BR","@id":"https:\/\/www.gaveanews.com\/index.php\/2025\/10\/21\/jornalista-internacional-elogia-atitude-de-filipe-luis-com-pedro-no-flamengo\/#primaryimage","url":"https:\/\/www.gaveanews.com\/wp-content\/uploads\/Filipe-Luis-e-Pedro-em-vitoria-do-Flamengo-no-Maracana.webp","contentUrl":"https:\/\/www.gaveanews.com\/wp-content\/uploads\/Filipe-Luis-e-Pedro-em-vitoria-do-Flamengo-no-Maracana.webp","width":1200,"height":800,"caption":"Filipe Lu\u00eds e Pedro em vit\u00f3ria do Flamengo no Maracan\u00e3 - Foto: Gilvan de Souza\/Flamengo"},{"@type":"BreadcrumbList","@id":"https:\/\/www.gaveanews.com\/index.php\/2025\/10\/21\/jornalista-internacional-elogia-atitude-de-filipe-luis-com-pedro-no-flamengo\/#breadcrumb","itemListElement":[{"@type":"ListItem","position":1,"name":"Home","item":"https:\/\/www.gaveanews.com\/"},{"@type":"ListItem","position":2,"name":"Jornalista internacional elogia atitude de Filipe Lu\u00eds com Pedro no Flamengo"}]},{"@type":"WebSite","@id":"https:\/\/www.gaveanews.com\/#website","url":"https:\/\/www.gaveanews.com\/","name":"G\u00e1vea News","description":"Veja todas as not\u00edcias sobre o Flamengo: Contrata\u00e7\u00f5es, categorias de base, resultados das partidas, tabela de classifica\u00e7\u00e3o, pr\u00f3ximos jogos!","potentialAction":[{"@type":"SearchAction","target":{"@type":"EntryPoint","urlTemplate":"https:\/\/www.gaveanews.com\/?s={search_term_string}"},"query-input":{"@type":"PropertyValueSpecification","valueRequired":true,"valueName":"search_term_string"}}],"inLanguage":"pt-BR"},{"@type":"Person","@id":"https:\/\/www.gaveanews.com\/#\/schema\/person\/c88645e3d550d0b6574305e67dd5a716","name":"Reda\u00e7\u00e3o","image":{"@type":"ImageObject","inLanguage":"pt-BR","@id":"https:\/\/www.gaveanews.com\/#\/schema\/person\/image\/","url":"https:\/\/secure.gravatar.com\/avatar\/434098fd823f0dc1b062d14ca22bacaa6e38de28d8c816bbef6fc2f8c44d8ba3?s=96&d=mm&r=g","contentUrl":"https:\/\/secure.gravatar.com\/avatar\/434098fd823f0dc1b062d14ca22bacaa6e38de28d8c816bbef6fc2f8c44d8ba3?s=96&d=mm&r=g","caption":"Reda\u00e7\u00e3o"}}]}},"_links":{"self":[{"href":"https:\/\/www.gaveanews.com\/index.php\/wp-json\/wp\/v2\/posts\/279002","targetHints":{"allow":["GET"]}}],"collection":[{"href":"https:\/\/www.gaveanews.com\/index.php\/wp-json\/wp\/v2\/posts"}],"about":[{"href":"https:\/\/www.gaveanews.com\/index.php\/wp-json\/wp\/v2\/types\/post"}],"author":[{"embeddable":true,"href":"https:\/\/www.gaveanews.com\/index.php\/wp-json\/wp\/v2\/users\/39"}],"replies":[{"embeddable":true,"href":"https:\/\/www.gaveanews.com\/index.php\/wp-json\/wp\/v2\/comments?post=279002"}],"version-history":[{"count":1,"href":"https:\/\/www.gaveanews.com\/index.php\/wp-json\/wp\/v2\/posts\/279002\/revisions"}],"predecessor-version":[{"id":279013,"href":"https:\/\/www.gaveanews.com\/index.php\/wp-json\/wp\/v2\/posts\/279002\/revisions\/279013"}],"wp:featuredmedia":[{"embeddable":true,"href":"https:\/\/www.gaveanews.com\/index.php\/wp-json\/wp\/v2\/media\/254991"}],"wp:attachment":[{"href":"https:\/\/www.gaveanews.com\/index.php\/wp-json\/wp\/v2\/media?parent=279002"}],"wp:term":[{"taxonomy":"category","embeddable":true,"href":"https:\/\/www.gaveanews.com\/index.php\/wp-json\/wp\/v2\/categories?post=279002"},{"taxonomy":"post_tag","embeddable":true,"href":"https:\/\/www.gaveanews.com\/index.php\/wp-json\/wp\/v2\/tags?post=279002"}],"curies":[{"name":"wp","href":"https:\/\/api.w.org\/{rel}","templated":true}]}}