{"id":279004,"date":"2025-10-21T20:30:00","date_gmt":"2025-10-21T23:30:00","guid":{"rendered":"https:\/\/www.gaveanews.com\/?p=279004"},"modified":"2025-10-21T19:57:07","modified_gmt":"2025-10-21T22:57:07","slug":"idolo-do-palmeiras-e-sincero-sobre-filipe-luis-do-flamengo","status":"publish","type":"post","link":"https:\/\/www.gaveanews.com\/index.php\/2025\/10\/21\/idolo-do-palmeiras-e-sincero-sobre-filipe-luis-do-flamengo\/","title":{"rendered":"\u00cddolo do Palmeiras \u00e9 sincero sobre Filipe Lu\u00eds, do Flamengo"},"content":{"rendered":"\n<p>Depois de <a href=\"https:\/\/www.gaveanews.com\/index.php\/category\/brasileirao\/flamengo\/\" target=\"_blank\" rel=\"noopener noreferrer\">Flamengo<\/a> 3 a 2 <a href=\"https:\/\/www.gaveanews.com\/index.php\/category\/brasileirao\/palmeiras\/\" target=\"_blank\" rel=\"noopener noreferrer\">Palmeiras<\/a> no Maracan\u00e3, o debate sobre arbitragem seguiu intenso nesta ter\u00e7a-feira (21 de outubro). A vit\u00f3ria no cl\u00e1ssico de domingo (19 de outubro) originou cr\u00edticas ao discurso de Filipe Lu\u00eds.<\/p>\n\n\n\n<p>No programa Reda\u00e7\u00e3o Sportv, nesta ter\u00e7a-feira (21 de outubro), o ex-goleiro Fernando Prass se disse decepcionado com a postura do t\u00e9cnico do Flamengo. Ele afirmou esperar um posicionamento diferente do treinador.<\/p>\n\n\n\n<p>&#8220;Eu tinha expectativa no Filipe (em agir de forma diferente em seus discursos). A gente sabe como \u00e9 o Abel, o Rog\u00e9rio Ceni, o Dorival\u2026 Eu sei que \u00e9 dif\u00edcil lutar contra o sistema. N\u00e3o estou dizendo sobre manipula\u00e7\u00e3o. Estou dizendo sistema de como as coisas funcionam, a engrenagem. O Filipe \u00e9 um cara inteligente, ele v\u00ea que o sistema funciona assim. E a\u00ed ele entra no fluxo&#8221;, disse.<\/p>\n\n\n\n<figure class=\"wp-block-image size-large\"><img loading=\"lazy\" decoding=\"async\" width=\"1024\" height=\"768\" src=\"http:\/\/www.gaveanews.com\/wp-content\/uploads\/Fernando-Prass-1024x768.png\" alt=\"\" class=\"wp-image-279010\" srcset=\"https:\/\/www.gaveanews.com\/wp-content\/uploads\/Fernando-Prass-1024x768.png 1024w, https:\/\/www.gaveanews.com\/wp-content\/uploads\/Fernando-Prass-300x225.png 300w, https:\/\/www.gaveanews.com\/wp-content\/uploads\/Fernando-Prass-768x576.png 768w, https:\/\/www.gaveanews.com\/wp-content\/uploads\/Fernando-Prass-560x420.png 560w, https:\/\/www.gaveanews.com\/wp-content\/uploads\/Fernando-Prass-1120x840.png 1120w, https:\/\/www.gaveanews.com\/wp-content\/uploads\/Fernando-Prass-80x60.png 80w, https:\/\/www.gaveanews.com\/wp-content\/uploads\/Fernando-Prass-160x120.png 160w, https:\/\/www.gaveanews.com\/wp-content\/uploads\/Fernando-Prass-100x75.png 100w, https:\/\/www.gaveanews.com\/wp-content\/uploads\/Fernando-Prass-200x150.png 200w, https:\/\/www.gaveanews.com\/wp-content\/uploads\/Fernando-Prass-180x135.png 180w, https:\/\/www.gaveanews.com\/wp-content\/uploads\/Fernando-Prass-360x270.png 360w, https:\/\/www.gaveanews.com\/wp-content\/uploads\/Fernando-Prass-238x178.png 238w, https:\/\/www.gaveanews.com\/wp-content\/uploads\/Fernando-Prass-476x356.png 476w, https:\/\/www.gaveanews.com\/wp-content\/uploads\/Fernando-Prass-640x480.png 640w, https:\/\/www.gaveanews.com\/wp-content\/uploads\/Fernando-Prass-681x511.png 681w, https:\/\/www.gaveanews.com\/wp-content\/uploads\/Fernando-Prass.png 1200w\" sizes=\"auto, (max-width: 1024px) 100vw, 1024px\" \/><figcaption class=\"wp-element-caption\">Fernando Prass (Foto: Reprodu\u00e7\u00e3o\/Instagram)<\/figcaption><\/figure>\n\n\n\n<p>Depois, Prass criticou a fala de Filipe Lu\u00eds sobre n\u00e3o haver influ\u00eancia da arbitragem no resultado e classificou a atitude como frustrante.<\/p>\n\n\n\n<p>&#8220;Ele prefere ir por esse caminho, ele fala que o jogo n\u00e3o teve nenhuma interfer\u00eancia da arbitragem. Isso, para mim, \u00e9 uma frustra\u00e7\u00e3o muito grande. Era a chance dele falar: \u2018como a gente foi prejudicado em outros momentos, hoje eu acho que foi uma decis\u00e3o pol\u00eamica e pode ter errado a nosso favor'&#8221;, pontuou Prass.<\/p>\n\n\n\n<p>No jogo, Pedro sofreu p\u00eanalti em lance confirmado em campo, e Jorginho marcou. O Palmeiras havia reclamado de um poss\u00edvel p\u00eanalti anterior em Gustavo G\u00f3mez. A partida tamb\u00e9m teve confus\u00e3o na troca de L\u00e9o Ortiz, que saiu lesionado.<\/p>\n\n\n\n<p>Questionado ap\u00f3s o cl\u00e1ssico, Filipe Lu\u00eds isentou a arbitragem e ironizou as queixas do rival paulista.<\/p>\n\n\n\n<p>&#8220;O momento da substitui\u00e7\u00e3o foi um erro mais nosso, de comunica\u00e7\u00e3o, do que do \u00e1rbitro. N\u00e3o sinto que alguma equipe foi prejudicada pela arbitragem. E, convenhamos, se tem algu\u00e9m que n\u00e3o pode reclamar de arbitragem \u00e9 o Palmeiras. Ent\u00e3o, justo o resultado&#8221;, disse Filipe Lu\u00eds.<\/p>\n","protected":false},"excerpt":{"rendered":"<p>Depois de Flamengo 3 a 2 Palmeiras no Maracan\u00e3, o debate sobre arbitragem seguiu intenso nesta ter\u00e7a-feira (21 de outubro). A vit\u00f3ria no cl\u00e1ssico de domingo (19 de outubro) originou cr\u00edticas ao discurso de Filipe Lu\u00eds. No programa Reda\u00e7\u00e3o Sportv, nesta ter\u00e7a-feira (21 de outubro), o ex-goleiro Fernando Prass se disse decepcionado com a postura [&hellip;]<\/p>\n","protected":false},"author":39,"featured_media":155182,"comment_status":"open","ping_status":"closed","sticky":false,"template":"","format":"standard","meta":{"footnotes":""},"categories":[1],"tags":[],"class_list":["post-279004","post","type-post","status-publish","format-standard","has-post-thumbnail","hentry","category-flamengo"],"yoast_head":"<!-- This site is optimized with the Yoast SEO Premium plugin v24.2 (Yoast SEO v26.9) - https:\/\/yoast.com\/product\/yoast-seo-premium-wordpress\/ -->\n<title>\u00cddolo do Palmeiras \u00e9 sincero sobre Filipe Lu\u00eds, do Flamengo<\/title>\n<meta name=\"robots\" content=\"index, follow, max-snippet:-1, max-image-preview:large, max-video-preview:-1\" \/>\n<link rel=\"canonical\" href=\"https:\/\/www.gaveanews.com\/index.php\/2025\/10\/21\/idolo-do-palmeiras-e-sincero-sobre-filipe-luis-do-flamengo\/\" \/>\n<meta property=\"og:locale\" content=\"pt_BR\" \/>\n<meta property=\"og:type\" content=\"article\" \/>\n<meta property=\"og:title\" content=\"\u00cddolo do Palmeiras \u00e9 sincero sobre Filipe Lu\u00eds, do Flamengo\" \/>\n<meta property=\"og:description\" content=\"Depois de Flamengo 3 a 2 Palmeiras no Maracan\u00e3, o debate sobre arbitragem seguiu intenso nesta ter\u00e7a-feira (21 de outubro). A vit\u00f3ria no cl\u00e1ssico de domingo (19 de outubro) originou cr\u00edticas ao discurso de Filipe Lu\u00eds. No programa Reda\u00e7\u00e3o Sportv, nesta ter\u00e7a-feira (21 de outubro), o ex-goleiro Fernando Prass se disse decepcionado com a postura [&hellip;]\" \/>\n<meta property=\"og:url\" content=\"https:\/\/www.gaveanews.com\/index.php\/2025\/10\/21\/idolo-do-palmeiras-e-sincero-sobre-filipe-luis-do-flamengo\/\" \/>\n<meta property=\"og:site_name\" content=\"G\u00e1vea News\" \/>\n<meta property=\"article:publisher\" content=\"https:\/\/facebook.com\/gaveaNews\/\" \/>\n<meta property=\"article:published_time\" content=\"2025-10-21T23:30:00+00:00\" \/>\n<meta property=\"og:image\" content=\"https:\/\/www.gaveanews.com\/wp-content\/uploads\/Allianz-Parque-estadio-do-Palmeiras.webp\" \/>\n\t<meta property=\"og:image:width\" content=\"1023\" \/>\n\t<meta property=\"og:image:height\" content=\"767\" \/>\n\t<meta property=\"og:image:type\" content=\"image\/webp\" \/>\n<meta name=\"author\" content=\"Reda\u00e7\u00e3o\" \/>\n<meta name=\"twitter:card\" content=\"summary_large_image\" \/>\n<meta name=\"twitter:label1\" content=\"Escrito por\" \/>\n\t<meta name=\"twitter:data1\" content=\"Reda\u00e7\u00e3o\" \/>\n\t<meta name=\"twitter:label2\" content=\"Est. tempo de leitura\" \/>\n\t<meta name=\"twitter:data2\" content=\"3 minutos\" \/>\n<script type=\"application\/ld+json\" class=\"yoast-schema-graph\">{\"@context\":\"https:\/\/schema.org\",\"@graph\":[{\"@type\":\"NewsArticle\",\"@id\":\"https:\/\/www.gaveanews.com\/index.php\/2025\/10\/21\/idolo-do-palmeiras-e-sincero-sobre-filipe-luis-do-flamengo\/#article\",\"isPartOf\":{\"@id\":\"https:\/\/www.gaveanews.com\/index.php\/2025\/10\/21\/idolo-do-palmeiras-e-sincero-sobre-filipe-luis-do-flamengo\/\"},\"author\":{\"name\":\"Reda\u00e7\u00e3o\",\"@id\":\"https:\/\/www.gaveanews.com\/#\/schema\/person\/c88645e3d550d0b6574305e67dd5a716\"},\"headline\":\"\u00cddolo do Palmeiras \u00e9 sincero sobre Filipe Lu\u00eds, do Flamengo\",\"datePublished\":\"2025-10-21T23:30:00+00:00\",\"mainEntityOfPage\":{\"@id\":\"https:\/\/www.gaveanews.com\/index.php\/2025\/10\/21\/idolo-do-palmeiras-e-sincero-sobre-filipe-luis-do-flamengo\/\"},\"wordCount\":355,\"commentCount\":0,\"image\":{\"@id\":\"https:\/\/www.gaveanews.com\/index.php\/2025\/10\/21\/idolo-do-palmeiras-e-sincero-sobre-filipe-luis-do-flamengo\/#primaryimage\"},\"thumbnailUrl\":\"https:\/\/www.gaveanews.com\/wp-content\/uploads\/Allianz-Parque-estadio-do-Palmeiras.webp\",\"articleSection\":[\"Flamengo\"],\"inLanguage\":\"pt-BR\",\"potentialAction\":[{\"@type\":\"CommentAction\",\"name\":\"Comment\",\"target\":[\"https:\/\/www.gaveanews.com\/index.php\/2025\/10\/21\/idolo-do-palmeiras-e-sincero-sobre-filipe-luis-do-flamengo\/#respond\"]}],\"copyrightYear\":\"2025\",\"copyrightHolder\":{\"@id\":\"https:\/\/www.gaveanews.com\/#organization\"}},{\"@type\":\"WebPage\",\"@id\":\"https:\/\/www.gaveanews.com\/index.php\/2025\/10\/21\/idolo-do-palmeiras-e-sincero-sobre-filipe-luis-do-flamengo\/\",\"url\":\"https:\/\/www.gaveanews.com\/index.php\/2025\/10\/21\/idolo-do-palmeiras-e-sincero-sobre-filipe-luis-do-flamengo\/\",\"name\":\"\u00cddolo do Palmeiras \u00e9 sincero sobre Filipe Lu\u00eds, do Flamengo\",\"isPartOf\":{\"@id\":\"https:\/\/www.gaveanews.com\/#website\"},\"primaryImageOfPage\":{\"@id\":\"https:\/\/www.gaveanews.com\/index.php\/2025\/10\/21\/idolo-do-palmeiras-e-sincero-sobre-filipe-luis-do-flamengo\/#primaryimage\"},\"image\":{\"@id\":\"https:\/\/www.gaveanews.com\/index.php\/2025\/10\/21\/idolo-do-palmeiras-e-sincero-sobre-filipe-luis-do-flamengo\/#primaryimage\"},\"thumbnailUrl\":\"https:\/\/www.gaveanews.com\/wp-content\/uploads\/Allianz-Parque-estadio-do-Palmeiras.webp\",\"datePublished\":\"2025-10-21T23:30:00+00:00\",\"author\":{\"@id\":\"https:\/\/www.gaveanews.com\/#\/schema\/person\/c88645e3d550d0b6574305e67dd5a716\"},\"breadcrumb\":{\"@id\":\"https:\/\/www.gaveanews.com\/index.php\/2025\/10\/21\/idolo-do-palmeiras-e-sincero-sobre-filipe-luis-do-flamengo\/#breadcrumb\"},\"inLanguage\":\"pt-BR\",\"potentialAction\":[{\"@type\":\"ReadAction\",\"target\":[\"https:\/\/www.gaveanews.com\/index.php\/2025\/10\/21\/idolo-do-palmeiras-e-sincero-sobre-filipe-luis-do-flamengo\/\"]}]},{\"@type\":\"ImageObject\",\"inLanguage\":\"pt-BR\",\"@id\":\"https:\/\/www.gaveanews.com\/index.php\/2025\/10\/21\/idolo-do-palmeiras-e-sincero-sobre-filipe-luis-do-flamengo\/#primaryimage\",\"url\":\"https:\/\/www.gaveanews.com\/wp-content\/uploads\/Allianz-Parque-estadio-do-Palmeiras.webp\",\"contentUrl\":\"https:\/\/www.gaveanews.com\/wp-content\/uploads\/Allianz-Parque-estadio-do-Palmeiras.webp\",\"width\":1023,\"height\":767,\"caption\":\"Allianz Parque, est\u00e1dio do Palmeiras (Foto: Reprodu\u00e7\u00e3o\/Palmeiras)\"},{\"@type\":\"BreadcrumbList\",\"@id\":\"https:\/\/www.gaveanews.com\/index.php\/2025\/10\/21\/idolo-do-palmeiras-e-sincero-sobre-filipe-luis-do-flamengo\/#breadcrumb\",\"itemListElement\":[{\"@type\":\"ListItem\",\"position\":1,\"name\":\"Home\",\"item\":\"https:\/\/www.gaveanews.com\/\"},{\"@type\":\"ListItem\",\"position\":2,\"name\":\"\u00cddolo do Palmeiras \u00e9 sincero sobre Filipe Lu\u00eds, do Flamengo\"}]},{\"@type\":\"WebSite\",\"@id\":\"https:\/\/www.gaveanews.com\/#website\",\"url\":\"https:\/\/www.gaveanews.com\/\",\"name\":\"G\u00e1vea News\",\"description\":\"Veja todas as not\u00edcias sobre o Flamengo: Contrata\u00e7\u00f5es, categorias de base, resultados das partidas, tabela de classifica\u00e7\u00e3o, pr\u00f3ximos jogos!\",\"potentialAction\":[{\"@type\":\"SearchAction\",\"target\":{\"@type\":\"EntryPoint\",\"urlTemplate\":\"https:\/\/www.gaveanews.com\/?s={search_term_string}\"},\"query-input\":{\"@type\":\"PropertyValueSpecification\",\"valueRequired\":true,\"valueName\":\"search_term_string\"}}],\"inLanguage\":\"pt-BR\"},{\"@type\":\"Person\",\"@id\":\"https:\/\/www.gaveanews.com\/#\/schema\/person\/c88645e3d550d0b6574305e67dd5a716\",\"name\":\"Reda\u00e7\u00e3o\",\"image\":{\"@type\":\"ImageObject\",\"inLanguage\":\"pt-BR\",\"@id\":\"https:\/\/www.gaveanews.com\/#\/schema\/person\/image\/\",\"url\":\"https:\/\/secure.gravatar.com\/avatar\/434098fd823f0dc1b062d14ca22bacaa6e38de28d8c816bbef6fc2f8c44d8ba3?s=96&d=mm&r=g\",\"contentUrl\":\"https:\/\/secure.gravatar.com\/avatar\/434098fd823f0dc1b062d14ca22bacaa6e38de28d8c816bbef6fc2f8c44d8ba3?s=96&d=mm&r=g\",\"caption\":\"Reda\u00e7\u00e3o\"}}]}<\/script>\n<!-- \/ Yoast SEO Premium plugin. -->","yoast_head_json":{"title":"\u00cddolo do Palmeiras \u00e9 sincero sobre Filipe Lu\u00eds, do Flamengo","robots":{"index":"index","follow":"follow","max-snippet":"max-snippet:-1","max-image-preview":"max-image-preview:large","max-video-preview":"max-video-preview:-1"},"canonical":"https:\/\/www.gaveanews.com\/index.php\/2025\/10\/21\/idolo-do-palmeiras-e-sincero-sobre-filipe-luis-do-flamengo\/","og_locale":"pt_BR","og_type":"article","og_title":"\u00cddolo do Palmeiras \u00e9 sincero sobre Filipe Lu\u00eds, do Flamengo","og_description":"Depois de Flamengo 3 a 2 Palmeiras no Maracan\u00e3, o debate sobre arbitragem seguiu intenso nesta ter\u00e7a-feira (21 de outubro). A vit\u00f3ria no cl\u00e1ssico de domingo (19 de outubro) originou cr\u00edticas ao discurso de Filipe Lu\u00eds. No programa Reda\u00e7\u00e3o Sportv, nesta ter\u00e7a-feira (21 de outubro), o ex-goleiro Fernando Prass se disse decepcionado com a postura [&hellip;]","og_url":"https:\/\/www.gaveanews.com\/index.php\/2025\/10\/21\/idolo-do-palmeiras-e-sincero-sobre-filipe-luis-do-flamengo\/","og_site_name":"G\u00e1vea News","article_publisher":"https:\/\/facebook.com\/gaveaNews\/","article_published_time":"2025-10-21T23:30:00+00:00","og_image":[{"width":1023,"height":767,"url":"https:\/\/www.gaveanews.com\/wp-content\/uploads\/Allianz-Parque-estadio-do-Palmeiras.webp","type":"image\/webp"}],"author":"Reda\u00e7\u00e3o","twitter_card":"summary_large_image","twitter_misc":{"Escrito por":"Reda\u00e7\u00e3o","Est. tempo de leitura":"3 minutos"},"schema":{"@context":"https:\/\/schema.org","@graph":[{"@type":"NewsArticle","@id":"https:\/\/www.gaveanews.com\/index.php\/2025\/10\/21\/idolo-do-palmeiras-e-sincero-sobre-filipe-luis-do-flamengo\/#article","isPartOf":{"@id":"https:\/\/www.gaveanews.com\/index.php\/2025\/10\/21\/idolo-do-palmeiras-e-sincero-sobre-filipe-luis-do-flamengo\/"},"author":{"name":"Reda\u00e7\u00e3o","@id":"https:\/\/www.gaveanews.com\/#\/schema\/person\/c88645e3d550d0b6574305e67dd5a716"},"headline":"\u00cddolo do Palmeiras \u00e9 sincero sobre Filipe Lu\u00eds, do Flamengo","datePublished":"2025-10-21T23:30:00+00:00","mainEntityOfPage":{"@id":"https:\/\/www.gaveanews.com\/index.php\/2025\/10\/21\/idolo-do-palmeiras-e-sincero-sobre-filipe-luis-do-flamengo\/"},"wordCount":355,"commentCount":0,"image":{"@id":"https:\/\/www.gaveanews.com\/index.php\/2025\/10\/21\/idolo-do-palmeiras-e-sincero-sobre-filipe-luis-do-flamengo\/#primaryimage"},"thumbnailUrl":"https:\/\/www.gaveanews.com\/wp-content\/uploads\/Allianz-Parque-estadio-do-Palmeiras.webp","articleSection":["Flamengo"],"inLanguage":"pt-BR","potentialAction":[{"@type":"CommentAction","name":"Comment","target":["https:\/\/www.gaveanews.com\/index.php\/2025\/10\/21\/idolo-do-palmeiras-e-sincero-sobre-filipe-luis-do-flamengo\/#respond"]}],"copyrightYear":"2025","copyrightHolder":{"@id":"https:\/\/www.gaveanews.com\/#organization"}},{"@type":"WebPage","@id":"https:\/\/www.gaveanews.com\/index.php\/2025\/10\/21\/idolo-do-palmeiras-e-sincero-sobre-filipe-luis-do-flamengo\/","url":"https:\/\/www.gaveanews.com\/index.php\/2025\/10\/21\/idolo-do-palmeiras-e-sincero-sobre-filipe-luis-do-flamengo\/","name":"\u00cddolo do Palmeiras \u00e9 sincero sobre Filipe Lu\u00eds, do Flamengo","isPartOf":{"@id":"https:\/\/www.gaveanews.com\/#website"},"primaryImageOfPage":{"@id":"https:\/\/www.gaveanews.com\/index.php\/2025\/10\/21\/idolo-do-palmeiras-e-sincero-sobre-filipe-luis-do-flamengo\/#primaryimage"},"image":{"@id":"https:\/\/www.gaveanews.com\/index.php\/2025\/10\/21\/idolo-do-palmeiras-e-sincero-sobre-filipe-luis-do-flamengo\/#primaryimage"},"thumbnailUrl":"https:\/\/www.gaveanews.com\/wp-content\/uploads\/Allianz-Parque-estadio-do-Palmeiras.webp","datePublished":"2025-10-21T23:30:00+00:00","author":{"@id":"https:\/\/www.gaveanews.com\/#\/schema\/person\/c88645e3d550d0b6574305e67dd5a716"},"breadcrumb":{"@id":"https:\/\/www.gaveanews.com\/index.php\/2025\/10\/21\/idolo-do-palmeiras-e-sincero-sobre-filipe-luis-do-flamengo\/#breadcrumb"},"inLanguage":"pt-BR","potentialAction":[{"@type":"ReadAction","target":["https:\/\/www.gaveanews.com\/index.php\/2025\/10\/21\/idolo-do-palmeiras-e-sincero-sobre-filipe-luis-do-flamengo\/"]}]},{"@type":"ImageObject","inLanguage":"pt-BR","@id":"https:\/\/www.gaveanews.com\/index.php\/2025\/10\/21\/idolo-do-palmeiras-e-sincero-sobre-filipe-luis-do-flamengo\/#primaryimage","url":"https:\/\/www.gaveanews.com\/wp-content\/uploads\/Allianz-Parque-estadio-do-Palmeiras.webp","contentUrl":"https:\/\/www.gaveanews.com\/wp-content\/uploads\/Allianz-Parque-estadio-do-Palmeiras.webp","width":1023,"height":767,"caption":"Allianz Parque, est\u00e1dio do Palmeiras (Foto: Reprodu\u00e7\u00e3o\/Palmeiras)"},{"@type":"BreadcrumbList","@id":"https:\/\/www.gaveanews.com\/index.php\/2025\/10\/21\/idolo-do-palmeiras-e-sincero-sobre-filipe-luis-do-flamengo\/#breadcrumb","itemListElement":[{"@type":"ListItem","position":1,"name":"Home","item":"https:\/\/www.gaveanews.com\/"},{"@type":"ListItem","position":2,"name":"\u00cddolo do Palmeiras \u00e9 sincero sobre Filipe Lu\u00eds, do Flamengo"}]},{"@type":"WebSite","@id":"https:\/\/www.gaveanews.com\/#website","url":"https:\/\/www.gaveanews.com\/","name":"G\u00e1vea News","description":"Veja todas as not\u00edcias sobre o Flamengo: Contrata\u00e7\u00f5es, categorias de base, resultados das partidas, tabela de classifica\u00e7\u00e3o, pr\u00f3ximos jogos!","potentialAction":[{"@type":"SearchAction","target":{"@type":"EntryPoint","urlTemplate":"https:\/\/www.gaveanews.com\/?s={search_term_string}"},"query-input":{"@type":"PropertyValueSpecification","valueRequired":true,"valueName":"search_term_string"}}],"inLanguage":"pt-BR"},{"@type":"Person","@id":"https:\/\/www.gaveanews.com\/#\/schema\/person\/c88645e3d550d0b6574305e67dd5a716","name":"Reda\u00e7\u00e3o","image":{"@type":"ImageObject","inLanguage":"pt-BR","@id":"https:\/\/www.gaveanews.com\/#\/schema\/person\/image\/","url":"https:\/\/secure.gravatar.com\/avatar\/434098fd823f0dc1b062d14ca22bacaa6e38de28d8c816bbef6fc2f8c44d8ba3?s=96&d=mm&r=g","contentUrl":"https:\/\/secure.gravatar.com\/avatar\/434098fd823f0dc1b062d14ca22bacaa6e38de28d8c816bbef6fc2f8c44d8ba3?s=96&d=mm&r=g","caption":"Reda\u00e7\u00e3o"}}]}},"_links":{"self":[{"href":"https:\/\/www.gaveanews.com\/index.php\/wp-json\/wp\/v2\/posts\/279004","targetHints":{"allow":["GET"]}}],"collection":[{"href":"https:\/\/www.gaveanews.com\/index.php\/wp-json\/wp\/v2\/posts"}],"about":[{"href":"https:\/\/www.gaveanews.com\/index.php\/wp-json\/wp\/v2\/types\/post"}],"author":[{"embeddable":true,"href":"https:\/\/www.gaveanews.com\/index.php\/wp-json\/wp\/v2\/users\/39"}],"replies":[{"embeddable":true,"href":"https:\/\/www.gaveanews.com\/index.php\/wp-json\/wp\/v2\/comments?post=279004"}],"version-history":[{"count":1,"href":"https:\/\/www.gaveanews.com\/index.php\/wp-json\/wp\/v2\/posts\/279004\/revisions"}],"predecessor-version":[{"id":279011,"href":"https:\/\/www.gaveanews.com\/index.php\/wp-json\/wp\/v2\/posts\/279004\/revisions\/279011"}],"wp:featuredmedia":[{"embeddable":true,"href":"https:\/\/www.gaveanews.com\/index.php\/wp-json\/wp\/v2\/media\/155182"}],"wp:attachment":[{"href":"https:\/\/www.gaveanews.com\/index.php\/wp-json\/wp\/v2\/media?parent=279004"}],"wp:term":[{"taxonomy":"category","embeddable":true,"href":"https:\/\/www.gaveanews.com\/index.php\/wp-json\/wp\/v2\/categories?post=279004"},{"taxonomy":"post_tag","embeddable":true,"href":"https:\/\/www.gaveanews.com\/index.php\/wp-json\/wp\/v2\/tags?post=279004"}],"curies":[{"name":"wp","href":"https:\/\/api.w.org\/{rel}","templated":true}]}}