{"id":279024,"date":"2025-10-22T11:40:00","date_gmt":"2025-10-22T14:40:00","guid":{"rendered":"https:\/\/www.gaveanews.com\/?p=279024"},"modified":"2025-10-22T11:37:34","modified_gmt":"2025-10-22T14:37:34","slug":"justica-toma-decisao-importante-envolvendo-o-incendio-no-ninho-do-urubu","status":"publish","type":"post","link":"https:\/\/www.gaveanews.com\/index.php\/2025\/10\/22\/justica-toma-decisao-importante-envolvendo-o-incendio-no-ninho-do-urubu\/","title":{"rendered":"Justi\u00e7a toma decis\u00e3o importante envolvendo o inc\u00eandio no Ninho do Urubu"},"content":{"rendered":"\n<p>A Justi\u00e7a do Rio de Janeiro absolveu nesta semana os sete r\u00e9us do processo criminal que apurava as responsabilidades pelo inc\u00eandio no Ninho do Urubu, centro de treinamento do Flamengo, ocorrido em 8 de fevereiro de 2019.<\/p>\n\n\n\n<p>A trag\u00e9dia deixou dez adolescentes mortos e outros tr\u00eas feridos. A decis\u00e3o foi proferida pela 36\u00aa Vara Criminal da Capital e ainda cabe recurso.<\/p>\n\n\n\n<p>Segundo a senten\u00e7a, n\u00e3o foram encontradas provas suficientes que demonstrassem participa\u00e7\u00e3o direta dos acusados na trag\u00e9dia. O juiz entende que n\u00e3o se pode responsabilizar criminalmente um profissional apenas pelo cargo ocupado, sem que haja comprova\u00e7\u00e3o de a\u00e7\u00e3o ou omiss\u00e3o decisiva para o resultado fatal.<\/p>\n\n\n\n<p>\u201cN\u00e3o se pode responsabilizar criminalmente algu\u00e9m apenas em raz\u00e3o do cargo que ocupava, sem comprova\u00e7\u00e3o efetiva de a\u00e7\u00e3o ou omiss\u00e3o determinante para o resultado\u201d, apontou o despacho.<\/p>\n\n\n\n<h3 class=\"wp-block-heading\" id=\"h-reus-absolvidos-e-nomes-envolvidos\">R\u00e9us absolvidos e nomes envolvidos<\/h3>\n\n\n\n<p>Foram absolvidos:<\/p>\n\n\n\n<ul class=\"wp-block-list\">\n<li><p data-start=\"1095\" data-end=\"1170\">Ant\u00f4nio M\u00e1rcio Mongelli Garotti \u2013 diretor financeiro do Flamengo \u00e0 \u00e9poca;<\/p><\/li>\n\n\n\n<li><p data-start=\"1173\" data-end=\"1226\">Marcelo Maia de S\u00e1 \u2013 diretor adjunto de patrim\u00f4nio;<\/p><\/li>\n\n\n\n<li><p data-start=\"1229\" data-end=\"1341\">Danilo Duarte, F\u00e1bio Hil\u00e1rio da Silva e Weslley Gimenes \u2013 engenheiros respons\u00e1veis t\u00e9cnicos pelos cont\u00eaineres;<\/p><\/li>\n\n\n\n<li><p data-start=\"1344\" data-end=\"1434\">Cl\u00e1udia Pereira Rodrigues \u2013 respons\u00e1vel pela assinatura dos contratos com a empresa NHJ;<\/p><\/li>\n\n\n\n<li><p data-start=\"1437\" data-end=\"1551\">Edson Colman \u2013 s\u00f3cio da Colman Refrigera\u00e7\u00e3o, empresa respons\u00e1vel pela manuten\u00e7\u00e3o dos aparelhos de ar-condicionado.<\/p><\/li>\n<\/ul>\n\n\n\n<p>A Justi\u00e7a tamb\u00e9m extinguiu a punibilidade do ex-presidente Eduardo Bandeira de Mello com base na prescri\u00e7\u00e3o da pretens\u00e3o punitiva, dado o tempo decorrido desde o in\u00edcio da a\u00e7\u00e3o penal.<\/p>\n\n\n\n<p>Outros nomes j\u00e1 haviam sido exclu\u00eddos do processo em fases anteriores da investiga\u00e7\u00e3o criminal.<\/p>\n\n\n\n<h3 class=\"wp-block-heading\" id=\"h-relembre-o-caso\">Relembre o caso<\/h3>\n\n\n\n<p>O inc\u00eandio aconteceu nas primeiras horas do dia 8 de fevereiro de 2019, em uma \u00e1rea improvisada para alojamento de jogadores da base do Flamengo. Os dormit\u00f3rios eram compostos por cont\u00eaineres adaptados, e o fogo come\u00e7ou ap\u00f3s um curto-circuito em um dos aparelhos de ar-condicionado.<\/p>\n\n\n\n<p>O material inflam\u00e1vel usado nas estruturas facilitou a propaga\u00e7\u00e3o das chamas. As v\u00edtimas estavam dormindo no momento do acidente, o que dificultou a fuga. Dez adolescentes morreram e tr\u00eas ficaram feridos. As v\u00edtimas fatais tinham entre 14 e 16 anos de idade.<\/p>\n\n\n\n<h3 class=\"wp-block-heading\" id=\"h-indenizacoes-civis-foram-concluidas\">Indeniza\u00e7\u00f5es civis foram conclu\u00eddas<\/h3>\n\n\n\n<p>No campo c\u00edvel, o clube concluiu em 2025 os acordos de indeniza\u00e7\u00e3o com todas as fam\u00edlias envolvidas. O \u00faltimo entendimento foi firmado com os parentes do goleiro Christian Esm\u00e9rio, encerrando uma longa negocia\u00e7\u00e3o que se arrastava desde o epis\u00f3dio.<\/p>\n\n\n\n<p>As indeniza\u00e7\u00f5es variaram conforme os acordos individuais, com cl\u00e1usulas de confidencialidade sobre valores e condi\u00e7\u00f5es.<\/p>\n\n\n\n<h3 class=\"wp-block-heading\" id=\"h-possibilidade-de-recurso\">Possibilidade de recurso<\/h3>\n\n\n\n<p>Com a absolvi\u00e7\u00e3o dos \u00faltimos r\u00e9us, o processo criminal de primeira inst\u00e2ncia \u00e9 encerrado neste momento. No entanto, o Minist\u00e9rio P\u00fablico pode recorrer da decis\u00e3o, o que levaria o caso para an\u00e1lise em inst\u00e2ncia superior.<\/p>\n","protected":false},"excerpt":{"rendered":"<p>A Justi\u00e7a do Rio de Janeiro absolveu nesta semana os sete r\u00e9us do processo criminal que apurava as responsabilidades pelo inc\u00eandio no Ninho do Urubu, centro de treinamento do Flamengo, ocorrido em 8 de fevereiro de 2019. A trag\u00e9dia deixou dez adolescentes mortos e outros tr\u00eas feridos. A decis\u00e3o foi proferida pela 36\u00aa Vara Criminal [&hellip;]<\/p>\n","protected":false},"author":39,"featured_media":121377,"comment_status":"open","ping_status":"closed","sticky":false,"template":"","format":"standard","meta":{"footnotes":""},"categories":[1],"tags":[],"class_list":["post-279024","post","type-post","status-publish","format-standard","has-post-thumbnail","hentry","category-flamengo"],"yoast_head":"<!-- This site is optimized with the Yoast SEO Premium plugin v24.2 (Yoast SEO v26.9) - https:\/\/yoast.com\/product\/yoast-seo-premium-wordpress\/ -->\n<title>Justi\u00e7a toma decis\u00e3o importante envolvendo o inc\u00eandio no Ninho do Urubu<\/title>\n<meta name=\"robots\" content=\"index, follow, max-snippet:-1, max-image-preview:large, max-video-preview:-1\" \/>\n<link rel=\"canonical\" href=\"https:\/\/www.gaveanews.com\/index.php\/2025\/10\/22\/justica-toma-decisao-importante-envolvendo-o-incendio-no-ninho-do-urubu\/\" \/>\n<meta property=\"og:locale\" content=\"pt_BR\" \/>\n<meta property=\"og:type\" content=\"article\" \/>\n<meta property=\"og:title\" content=\"Justi\u00e7a toma decis\u00e3o importante envolvendo o inc\u00eandio no Ninho do Urubu\" \/>\n<meta property=\"og:description\" content=\"A Justi\u00e7a do Rio de Janeiro absolveu nesta semana os sete r\u00e9us do processo criminal que apurava as responsabilidades pelo inc\u00eandio no Ninho do Urubu, centro de treinamento do Flamengo, ocorrido em 8 de fevereiro de 2019. A trag\u00e9dia deixou dez adolescentes mortos e outros tr\u00eas feridos. A decis\u00e3o foi proferida pela 36\u00aa Vara Criminal [&hellip;]\" \/>\n<meta property=\"og:url\" content=\"https:\/\/www.gaveanews.com\/index.php\/2025\/10\/22\/justica-toma-decisao-importante-envolvendo-o-incendio-no-ninho-do-urubu\/\" \/>\n<meta property=\"og:site_name\" content=\"G\u00e1vea News\" \/>\n<meta property=\"article:publisher\" content=\"https:\/\/facebook.com\/gaveaNews\/\" \/>\n<meta property=\"article:published_time\" content=\"2025-10-22T14:40:00+00:00\" \/>\n<meta property=\"og:image\" content=\"https:\/\/www.gaveanews.com\/wp-content\/uploads\/Ninho-do-Urubu-1.webp\" \/>\n\t<meta property=\"og:image:width\" content=\"700\" \/>\n\t<meta property=\"og:image:height\" content=\"463\" \/>\n\t<meta property=\"og:image:type\" content=\"image\/jpeg\" \/>\n<meta name=\"author\" content=\"Reda\u00e7\u00e3o\" \/>\n<meta name=\"twitter:card\" content=\"summary_large_image\" \/>\n<meta name=\"twitter:label1\" content=\"Escrito por\" \/>\n\t<meta name=\"twitter:data1\" content=\"Reda\u00e7\u00e3o\" \/>\n\t<meta name=\"twitter:label2\" content=\"Est. tempo de leitura\" \/>\n\t<meta name=\"twitter:data2\" content=\"3 minutos\" \/>\n<script type=\"application\/ld+json\" class=\"yoast-schema-graph\">{\"@context\":\"https:\/\/schema.org\",\"@graph\":[{\"@type\":\"NewsArticle\",\"@id\":\"https:\/\/www.gaveanews.com\/index.php\/2025\/10\/22\/justica-toma-decisao-importante-envolvendo-o-incendio-no-ninho-do-urubu\/#article\",\"isPartOf\":{\"@id\":\"https:\/\/www.gaveanews.com\/index.php\/2025\/10\/22\/justica-toma-decisao-importante-envolvendo-o-incendio-no-ninho-do-urubu\/\"},\"author\":{\"name\":\"Reda\u00e7\u00e3o\",\"@id\":\"https:\/\/www.gaveanews.com\/#\/schema\/person\/c88645e3d550d0b6574305e67dd5a716\"},\"headline\":\"Justi\u00e7a toma decis\u00e3o importante envolvendo o inc\u00eandio no Ninho do Urubu\",\"datePublished\":\"2025-10-22T14:40:00+00:00\",\"mainEntityOfPage\":{\"@id\":\"https:\/\/www.gaveanews.com\/index.php\/2025\/10\/22\/justica-toma-decisao-importante-envolvendo-o-incendio-no-ninho-do-urubu\/\"},\"wordCount\":502,\"commentCount\":0,\"image\":{\"@id\":\"https:\/\/www.gaveanews.com\/index.php\/2025\/10\/22\/justica-toma-decisao-importante-envolvendo-o-incendio-no-ninho-do-urubu\/#primaryimage\"},\"thumbnailUrl\":\"https:\/\/www.gaveanews.com\/wp-content\/uploads\/Ninho-do-Urubu-1.webp\",\"articleSection\":[\"Flamengo\"],\"inLanguage\":\"pt-BR\",\"potentialAction\":[{\"@type\":\"CommentAction\",\"name\":\"Comment\",\"target\":[\"https:\/\/www.gaveanews.com\/index.php\/2025\/10\/22\/justica-toma-decisao-importante-envolvendo-o-incendio-no-ninho-do-urubu\/#respond\"]}],\"copyrightYear\":\"2025\",\"copyrightHolder\":{\"@id\":\"https:\/\/www.gaveanews.com\/#organization\"}},{\"@type\":\"WebPage\",\"@id\":\"https:\/\/www.gaveanews.com\/index.php\/2025\/10\/22\/justica-toma-decisao-importante-envolvendo-o-incendio-no-ninho-do-urubu\/\",\"url\":\"https:\/\/www.gaveanews.com\/index.php\/2025\/10\/22\/justica-toma-decisao-importante-envolvendo-o-incendio-no-ninho-do-urubu\/\",\"name\":\"Justi\u00e7a toma decis\u00e3o importante envolvendo o inc\u00eandio no Ninho do Urubu\",\"isPartOf\":{\"@id\":\"https:\/\/www.gaveanews.com\/#website\"},\"primaryImageOfPage\":{\"@id\":\"https:\/\/www.gaveanews.com\/index.php\/2025\/10\/22\/justica-toma-decisao-importante-envolvendo-o-incendio-no-ninho-do-urubu\/#primaryimage\"},\"image\":{\"@id\":\"https:\/\/www.gaveanews.com\/index.php\/2025\/10\/22\/justica-toma-decisao-importante-envolvendo-o-incendio-no-ninho-do-urubu\/#primaryimage\"},\"thumbnailUrl\":\"https:\/\/www.gaveanews.com\/wp-content\/uploads\/Ninho-do-Urubu-1.webp\",\"datePublished\":\"2025-10-22T14:40:00+00:00\",\"author\":{\"@id\":\"https:\/\/www.gaveanews.com\/#\/schema\/person\/c88645e3d550d0b6574305e67dd5a716\"},\"breadcrumb\":{\"@id\":\"https:\/\/www.gaveanews.com\/index.php\/2025\/10\/22\/justica-toma-decisao-importante-envolvendo-o-incendio-no-ninho-do-urubu\/#breadcrumb\"},\"inLanguage\":\"pt-BR\",\"potentialAction\":[{\"@type\":\"ReadAction\",\"target\":[\"https:\/\/www.gaveanews.com\/index.php\/2025\/10\/22\/justica-toma-decisao-importante-envolvendo-o-incendio-no-ninho-do-urubu\/\"]}]},{\"@type\":\"ImageObject\",\"inLanguage\":\"pt-BR\",\"@id\":\"https:\/\/www.gaveanews.com\/index.php\/2025\/10\/22\/justica-toma-decisao-importante-envolvendo-o-incendio-no-ninho-do-urubu\/#primaryimage\",\"url\":\"https:\/\/www.gaveanews.com\/wp-content\/uploads\/Ninho-do-Urubu-1.webp\",\"contentUrl\":\"https:\/\/www.gaveanews.com\/wp-content\/uploads\/Ninho-do-Urubu-1.webp\",\"width\":700,\"height\":463,\"caption\":\"Ninho do Urubu (Foto: Reprodu\u00e7\u00e3o)\"},{\"@type\":\"BreadcrumbList\",\"@id\":\"https:\/\/www.gaveanews.com\/index.php\/2025\/10\/22\/justica-toma-decisao-importante-envolvendo-o-incendio-no-ninho-do-urubu\/#breadcrumb\",\"itemListElement\":[{\"@type\":\"ListItem\",\"position\":1,\"name\":\"Home\",\"item\":\"https:\/\/www.gaveanews.com\/\"},{\"@type\":\"ListItem\",\"position\":2,\"name\":\"Justi\u00e7a toma decis\u00e3o importante envolvendo o inc\u00eandio no Ninho do Urubu\"}]},{\"@type\":\"WebSite\",\"@id\":\"https:\/\/www.gaveanews.com\/#website\",\"url\":\"https:\/\/www.gaveanews.com\/\",\"name\":\"G\u00e1vea News\",\"description\":\"Veja todas as not\u00edcias sobre o Flamengo: Contrata\u00e7\u00f5es, categorias de base, resultados das partidas, tabela de classifica\u00e7\u00e3o, pr\u00f3ximos jogos!\",\"potentialAction\":[{\"@type\":\"SearchAction\",\"target\":{\"@type\":\"EntryPoint\",\"urlTemplate\":\"https:\/\/www.gaveanews.com\/?s={search_term_string}\"},\"query-input\":{\"@type\":\"PropertyValueSpecification\",\"valueRequired\":true,\"valueName\":\"search_term_string\"}}],\"inLanguage\":\"pt-BR\"},{\"@type\":\"Person\",\"@id\":\"https:\/\/www.gaveanews.com\/#\/schema\/person\/c88645e3d550d0b6574305e67dd5a716\",\"name\":\"Reda\u00e7\u00e3o\",\"image\":{\"@type\":\"ImageObject\",\"inLanguage\":\"pt-BR\",\"@id\":\"https:\/\/www.gaveanews.com\/#\/schema\/person\/image\/\",\"url\":\"https:\/\/secure.gravatar.com\/avatar\/434098fd823f0dc1b062d14ca22bacaa6e38de28d8c816bbef6fc2f8c44d8ba3?s=96&d=mm&r=g\",\"contentUrl\":\"https:\/\/secure.gravatar.com\/avatar\/434098fd823f0dc1b062d14ca22bacaa6e38de28d8c816bbef6fc2f8c44d8ba3?s=96&d=mm&r=g\",\"caption\":\"Reda\u00e7\u00e3o\"}}]}<\/script>\n<!-- \/ Yoast SEO Premium plugin. -->","yoast_head_json":{"title":"Justi\u00e7a toma decis\u00e3o importante envolvendo o inc\u00eandio no Ninho do Urubu","robots":{"index":"index","follow":"follow","max-snippet":"max-snippet:-1","max-image-preview":"max-image-preview:large","max-video-preview":"max-video-preview:-1"},"canonical":"https:\/\/www.gaveanews.com\/index.php\/2025\/10\/22\/justica-toma-decisao-importante-envolvendo-o-incendio-no-ninho-do-urubu\/","og_locale":"pt_BR","og_type":"article","og_title":"Justi\u00e7a toma decis\u00e3o importante envolvendo o inc\u00eandio no Ninho do Urubu","og_description":"A Justi\u00e7a do Rio de Janeiro absolveu nesta semana os sete r\u00e9us do processo criminal que apurava as responsabilidades pelo inc\u00eandio no Ninho do Urubu, centro de treinamento do Flamengo, ocorrido em 8 de fevereiro de 2019. A trag\u00e9dia deixou dez adolescentes mortos e outros tr\u00eas feridos. A decis\u00e3o foi proferida pela 36\u00aa Vara Criminal [&hellip;]","og_url":"https:\/\/www.gaveanews.com\/index.php\/2025\/10\/22\/justica-toma-decisao-importante-envolvendo-o-incendio-no-ninho-do-urubu\/","og_site_name":"G\u00e1vea News","article_publisher":"https:\/\/facebook.com\/gaveaNews\/","article_published_time":"2025-10-22T14:40:00+00:00","og_image":[{"width":700,"height":463,"url":"https:\/\/www.gaveanews.com\/wp-content\/uploads\/Ninho-do-Urubu-1.webp","type":"image\/jpeg"}],"author":"Reda\u00e7\u00e3o","twitter_card":"summary_large_image","twitter_misc":{"Escrito por":"Reda\u00e7\u00e3o","Est. tempo de leitura":"3 minutos"},"schema":{"@context":"https:\/\/schema.org","@graph":[{"@type":"NewsArticle","@id":"https:\/\/www.gaveanews.com\/index.php\/2025\/10\/22\/justica-toma-decisao-importante-envolvendo-o-incendio-no-ninho-do-urubu\/#article","isPartOf":{"@id":"https:\/\/www.gaveanews.com\/index.php\/2025\/10\/22\/justica-toma-decisao-importante-envolvendo-o-incendio-no-ninho-do-urubu\/"},"author":{"name":"Reda\u00e7\u00e3o","@id":"https:\/\/www.gaveanews.com\/#\/schema\/person\/c88645e3d550d0b6574305e67dd5a716"},"headline":"Justi\u00e7a toma decis\u00e3o importante envolvendo o inc\u00eandio no Ninho do Urubu","datePublished":"2025-10-22T14:40:00+00:00","mainEntityOfPage":{"@id":"https:\/\/www.gaveanews.com\/index.php\/2025\/10\/22\/justica-toma-decisao-importante-envolvendo-o-incendio-no-ninho-do-urubu\/"},"wordCount":502,"commentCount":0,"image":{"@id":"https:\/\/www.gaveanews.com\/index.php\/2025\/10\/22\/justica-toma-decisao-importante-envolvendo-o-incendio-no-ninho-do-urubu\/#primaryimage"},"thumbnailUrl":"https:\/\/www.gaveanews.com\/wp-content\/uploads\/Ninho-do-Urubu-1.webp","articleSection":["Flamengo"],"inLanguage":"pt-BR","potentialAction":[{"@type":"CommentAction","name":"Comment","target":["https:\/\/www.gaveanews.com\/index.php\/2025\/10\/22\/justica-toma-decisao-importante-envolvendo-o-incendio-no-ninho-do-urubu\/#respond"]}],"copyrightYear":"2025","copyrightHolder":{"@id":"https:\/\/www.gaveanews.com\/#organization"}},{"@type":"WebPage","@id":"https:\/\/www.gaveanews.com\/index.php\/2025\/10\/22\/justica-toma-decisao-importante-envolvendo-o-incendio-no-ninho-do-urubu\/","url":"https:\/\/www.gaveanews.com\/index.php\/2025\/10\/22\/justica-toma-decisao-importante-envolvendo-o-incendio-no-ninho-do-urubu\/","name":"Justi\u00e7a toma decis\u00e3o importante envolvendo o inc\u00eandio no Ninho do Urubu","isPartOf":{"@id":"https:\/\/www.gaveanews.com\/#website"},"primaryImageOfPage":{"@id":"https:\/\/www.gaveanews.com\/index.php\/2025\/10\/22\/justica-toma-decisao-importante-envolvendo-o-incendio-no-ninho-do-urubu\/#primaryimage"},"image":{"@id":"https:\/\/www.gaveanews.com\/index.php\/2025\/10\/22\/justica-toma-decisao-importante-envolvendo-o-incendio-no-ninho-do-urubu\/#primaryimage"},"thumbnailUrl":"https:\/\/www.gaveanews.com\/wp-content\/uploads\/Ninho-do-Urubu-1.webp","datePublished":"2025-10-22T14:40:00+00:00","author":{"@id":"https:\/\/www.gaveanews.com\/#\/schema\/person\/c88645e3d550d0b6574305e67dd5a716"},"breadcrumb":{"@id":"https:\/\/www.gaveanews.com\/index.php\/2025\/10\/22\/justica-toma-decisao-importante-envolvendo-o-incendio-no-ninho-do-urubu\/#breadcrumb"},"inLanguage":"pt-BR","potentialAction":[{"@type":"ReadAction","target":["https:\/\/www.gaveanews.com\/index.php\/2025\/10\/22\/justica-toma-decisao-importante-envolvendo-o-incendio-no-ninho-do-urubu\/"]}]},{"@type":"ImageObject","inLanguage":"pt-BR","@id":"https:\/\/www.gaveanews.com\/index.php\/2025\/10\/22\/justica-toma-decisao-importante-envolvendo-o-incendio-no-ninho-do-urubu\/#primaryimage","url":"https:\/\/www.gaveanews.com\/wp-content\/uploads\/Ninho-do-Urubu-1.webp","contentUrl":"https:\/\/www.gaveanews.com\/wp-content\/uploads\/Ninho-do-Urubu-1.webp","width":700,"height":463,"caption":"Ninho do Urubu (Foto: Reprodu\u00e7\u00e3o)"},{"@type":"BreadcrumbList","@id":"https:\/\/www.gaveanews.com\/index.php\/2025\/10\/22\/justica-toma-decisao-importante-envolvendo-o-incendio-no-ninho-do-urubu\/#breadcrumb","itemListElement":[{"@type":"ListItem","position":1,"name":"Home","item":"https:\/\/www.gaveanews.com\/"},{"@type":"ListItem","position":2,"name":"Justi\u00e7a toma decis\u00e3o importante envolvendo o inc\u00eandio no Ninho do Urubu"}]},{"@type":"WebSite","@id":"https:\/\/www.gaveanews.com\/#website","url":"https:\/\/www.gaveanews.com\/","name":"G\u00e1vea News","description":"Veja todas as not\u00edcias sobre o Flamengo: Contrata\u00e7\u00f5es, categorias de base, resultados das partidas, tabela de classifica\u00e7\u00e3o, pr\u00f3ximos jogos!","potentialAction":[{"@type":"SearchAction","target":{"@type":"EntryPoint","urlTemplate":"https:\/\/www.gaveanews.com\/?s={search_term_string}"},"query-input":{"@type":"PropertyValueSpecification","valueRequired":true,"valueName":"search_term_string"}}],"inLanguage":"pt-BR"},{"@type":"Person","@id":"https:\/\/www.gaveanews.com\/#\/schema\/person\/c88645e3d550d0b6574305e67dd5a716","name":"Reda\u00e7\u00e3o","image":{"@type":"ImageObject","inLanguage":"pt-BR","@id":"https:\/\/www.gaveanews.com\/#\/schema\/person\/image\/","url":"https:\/\/secure.gravatar.com\/avatar\/434098fd823f0dc1b062d14ca22bacaa6e38de28d8c816bbef6fc2f8c44d8ba3?s=96&d=mm&r=g","contentUrl":"https:\/\/secure.gravatar.com\/avatar\/434098fd823f0dc1b062d14ca22bacaa6e38de28d8c816bbef6fc2f8c44d8ba3?s=96&d=mm&r=g","caption":"Reda\u00e7\u00e3o"}}]}},"_links":{"self":[{"href":"https:\/\/www.gaveanews.com\/index.php\/wp-json\/wp\/v2\/posts\/279024","targetHints":{"allow":["GET"]}}],"collection":[{"href":"https:\/\/www.gaveanews.com\/index.php\/wp-json\/wp\/v2\/posts"}],"about":[{"href":"https:\/\/www.gaveanews.com\/index.php\/wp-json\/wp\/v2\/types\/post"}],"author":[{"embeddable":true,"href":"https:\/\/www.gaveanews.com\/index.php\/wp-json\/wp\/v2\/users\/39"}],"replies":[{"embeddable":true,"href":"https:\/\/www.gaveanews.com\/index.php\/wp-json\/wp\/v2\/comments?post=279024"}],"version-history":[{"count":1,"href":"https:\/\/www.gaveanews.com\/index.php\/wp-json\/wp\/v2\/posts\/279024\/revisions"}],"predecessor-version":[{"id":279036,"href":"https:\/\/www.gaveanews.com\/index.php\/wp-json\/wp\/v2\/posts\/279024\/revisions\/279036"}],"wp:featuredmedia":[{"embeddable":true,"href":"https:\/\/www.gaveanews.com\/index.php\/wp-json\/wp\/v2\/media\/121377"}],"wp:attachment":[{"href":"https:\/\/www.gaveanews.com\/index.php\/wp-json\/wp\/v2\/media?parent=279024"}],"wp:term":[{"taxonomy":"category","embeddable":true,"href":"https:\/\/www.gaveanews.com\/index.php\/wp-json\/wp\/v2\/categories?post=279024"},{"taxonomy":"post_tag","embeddable":true,"href":"https:\/\/www.gaveanews.com\/index.php\/wp-json\/wp\/v2\/tags?post=279024"}],"curies":[{"name":"wp","href":"https:\/\/api.w.org\/{rel}","templated":true}]}}