{"id":279030,"date":"2025-10-22T12:00:00","date_gmt":"2025-10-22T15:00:00","guid":{"rendered":"https:\/\/www.gaveanews.com\/?p=279030"},"modified":"2025-10-22T11:51:27","modified_gmt":"2025-10-22T14:51:27","slug":"vai-jogar-situacao-de-leo-ortiz-agita-torcida-do-flamengo-veja","status":"publish","type":"post","link":"https:\/\/www.gaveanews.com\/index.php\/2025\/10\/22\/vai-jogar-situacao-de-leo-ortiz-agita-torcida-do-flamengo-veja\/","title":{"rendered":"Vai jogar? Situa\u00e7\u00e3o de L\u00e9o Ortiz agita torcida do Flamengo; veja"},"content":{"rendered":"\n<p>O zagueiro L\u00e9o Ortiz treinou com o elenco do <a href=\"https:\/\/www.gaveanews.com\/index.php\/category\/brasileirao\/flamengo\/\" target=\"_blank\" rel=\"noreferrer noopener\">Flamengo<\/a> na ter\u00e7a-feira (21) e tem chances concretas de ser titular no confronto de ida contra o Racing, pela semifinal da Libertadores 2025. A partida ser\u00e1 disputada nesta quarta (22), \u00e0s 21h30 (de Bras\u00edlia), no Maracan\u00e3. <\/p>\n\n\n\n<p>A informa\u00e7\u00e3o foi confirmada pelo jornalista Renan Moura, da r\u00e1dio CBN. Ortiz deixou o campo ainda no primeiro tempo da vit\u00f3ria sobre o Palmeiras, no \u00faltimo domingo, ap\u00f3s sofrer um entorse no tornozelo direito em lance com o atacante Vitor Roque. <\/p>\n\n\n\n<p>O jogador foi encaminhado a um hospital, onde realizou exames que descartaram fratura, mas indicaram um estiramento no ligamento. Na segunda-feira (20), o defensor se apresentou ao departamento m\u00e9dico do clube e iniciou tratamento intensivo, combinando sess\u00f5es no Ninho do Urubu com procedimentos realizados em casa. <\/p>\n\n\n\n<p>A r\u00e1pida resposta ao tratamento permitiu que o zagueiro participasse parcialmente da atividade desta ter\u00e7a-feira com os companheiros, o que aumentou o otimismo da comiss\u00e3o t\u00e9cnica.<\/p>\n\n\n\n<p>Ortiz ainda ser\u00e1 reavaliado antes de ter a presen\u00e7a confirmada entre os relacionados, mas a expectativa nos bastidores do clube \u00e9 positiva.<\/p>\n\n\n\n<h3 class=\"wp-block-heading\" id=\"h-opcoes-do-flamengo-para-a-zaga\">Op\u00e7\u00f5es do Flamengo para a zaga<\/h3>\n\n\n\n<p>Se liberado, L\u00e9o Ortiz formar\u00e1 a dupla de zaga com L\u00e9o Pereira, repetindo a parceria que tem sido titular em grande parte da temporada. Caso o defensor n\u00e3o tenha condi\u00e7\u00f5es, Filipe Lu\u00eds deve recorrer a Danilo, que vem sendo utilizado como zagueiro desde a sua chegada ao clube.<\/p>\n\n\n\n<p>O retorno de Ortiz \u00e9 considerado fundamental para o sistema defensivo rubro-negro. Em 2025, ele disputou 51 jogos, marcou quatro gols e distribuiu duas assist\u00eancias, sendo pe\u00e7a-chave na boa campanha do time na Libertadores.<\/p>\n\n\n\n<h3 class=\"wp-block-heading\" id=\"h-escalacao-e-detalhes-do-confronto\">Escala\u00e7\u00e3o e detalhes do confronto<\/h3>\n\n\n\n<p>A prov\u00e1vel escala\u00e7\u00e3o do Flamengo para enfrentar o Racing tem:<strong> Rossi; Emerson Royal, L\u00e9o Ortiz (Danilo), L\u00e9o Pereira e Alex Sandro; Pulgar, Jorginho e Arrascaeta; Luiz Ara\u00fajo, Pedro<\/strong> e <strong>Samuel Lino<\/strong>.<\/p>\n\n\n\n<p>O jogo de volta ser\u00e1 na pr\u00f3xima semana, na Argentina, tamb\u00e9m \u00e0s 21h30. A outra semifinal ser\u00e1 disputada entre <a href=\"https:\/\/www.gaveanews.com\/index.php\/category\/brasileirao\/palmeiras\/#google_vignette\" target=\"_blank\" rel=\"noreferrer noopener\">Palmeiras <\/a>e LDU, com o vencedor enfrentando quem avan\u00e7ar do duelo entre Flamengo e Racing.<\/p>\n\n\n\n<p><\/p>\n\n\n\n<p><\/p>\n","protected":false},"excerpt":{"rendered":"<p>O zagueiro L\u00e9o Ortiz treinou com o elenco do Flamengo na ter\u00e7a-feira (21) e tem chances concretas de ser titular no confronto de ida contra o Racing, pela semifinal da Libertadores 2025. A partida ser\u00e1 disputada nesta quarta (22), \u00e0s 21h30 (de Bras\u00edlia), no Maracan\u00e3. A informa\u00e7\u00e3o foi confirmada pelo jornalista Renan Moura, da r\u00e1dio [&hellip;]<\/p>\n","protected":false},"author":39,"featured_media":255009,"comment_status":"open","ping_status":"closed","sticky":false,"template":"","format":"standard","meta":{"footnotes":""},"categories":[1],"tags":[],"class_list":["post-279030","post","type-post","status-publish","format-standard","has-post-thumbnail","hentry","category-flamengo"],"yoast_head":"<!-- This site is optimized with the Yoast SEO Premium plugin v24.2 (Yoast SEO v26.9) - https:\/\/yoast.com\/product\/yoast-seo-premium-wordpress\/ -->\n<title>Vai jogar? Situa\u00e7\u00e3o de L\u00e9o Ortiz agita torcida do Flamengo; veja<\/title>\n<meta name=\"robots\" content=\"index, follow, max-snippet:-1, max-image-preview:large, max-video-preview:-1\" \/>\n<link rel=\"canonical\" href=\"https:\/\/www.gaveanews.com\/index.php\/2025\/10\/22\/vai-jogar-situacao-de-leo-ortiz-agita-torcida-do-flamengo-veja\/\" \/>\n<meta property=\"og:locale\" content=\"pt_BR\" \/>\n<meta property=\"og:type\" content=\"article\" \/>\n<meta property=\"og:title\" content=\"Vai jogar? Situa\u00e7\u00e3o de L\u00e9o Ortiz agita torcida do Flamengo; veja\" \/>\n<meta property=\"og:description\" content=\"O zagueiro L\u00e9o Ortiz treinou com o elenco do Flamengo na ter\u00e7a-feira (21) e tem chances concretas de ser titular no confronto de ida contra o Racing, pela semifinal da Libertadores 2025. A partida ser\u00e1 disputada nesta quarta (22), \u00e0s 21h30 (de Bras\u00edlia), no Maracan\u00e3. A informa\u00e7\u00e3o foi confirmada pelo jornalista Renan Moura, da r\u00e1dio [&hellip;]\" \/>\n<meta property=\"og:url\" content=\"https:\/\/www.gaveanews.com\/index.php\/2025\/10\/22\/vai-jogar-situacao-de-leo-ortiz-agita-torcida-do-flamengo-veja\/\" \/>\n<meta property=\"og:site_name\" content=\"G\u00e1vea News\" \/>\n<meta property=\"article:publisher\" content=\"https:\/\/facebook.com\/gaveaNews\/\" \/>\n<meta property=\"article:published_time\" content=\"2025-10-22T15:00:00+00:00\" \/>\n<meta property=\"og:image\" content=\"https:\/\/www.gaveanews.com\/wp-content\/uploads\/Leo-Ortiz-treinando-com-o-grupo-no-CT-Ninho-do-Urubu.webp\" \/>\n\t<meta property=\"og:image:width\" content=\"1200\" \/>\n\t<meta property=\"og:image:height\" content=\"800\" \/>\n\t<meta property=\"og:image:type\" content=\"image\/png\" \/>\n<meta name=\"author\" content=\"Reda\u00e7\u00e3o\" \/>\n<meta name=\"twitter:card\" content=\"summary_large_image\" \/>\n<meta name=\"twitter:label1\" content=\"Escrito por\" \/>\n\t<meta name=\"twitter:data1\" content=\"Reda\u00e7\u00e3o\" \/>\n\t<meta name=\"twitter:label2\" content=\"Est. tempo de leitura\" \/>\n\t<meta name=\"twitter:data2\" content=\"3 minutos\" \/>\n<script type=\"application\/ld+json\" class=\"yoast-schema-graph\">{\"@context\":\"https:\/\/schema.org\",\"@graph\":[{\"@type\":\"NewsArticle\",\"@id\":\"https:\/\/www.gaveanews.com\/index.php\/2025\/10\/22\/vai-jogar-situacao-de-leo-ortiz-agita-torcida-do-flamengo-veja\/#article\",\"isPartOf\":{\"@id\":\"https:\/\/www.gaveanews.com\/index.php\/2025\/10\/22\/vai-jogar-situacao-de-leo-ortiz-agita-torcida-do-flamengo-veja\/\"},\"author\":{\"name\":\"Reda\u00e7\u00e3o\",\"@id\":\"https:\/\/www.gaveanews.com\/#\/schema\/person\/c88645e3d550d0b6574305e67dd5a716\"},\"headline\":\"Vai jogar? Situa\u00e7\u00e3o de L\u00e9o Ortiz agita torcida do Flamengo; veja\",\"datePublished\":\"2025-10-22T15:00:00+00:00\",\"mainEntityOfPage\":{\"@id\":\"https:\/\/www.gaveanews.com\/index.php\/2025\/10\/22\/vai-jogar-situacao-de-leo-ortiz-agita-torcida-do-flamengo-veja\/\"},\"wordCount\":374,\"commentCount\":0,\"image\":{\"@id\":\"https:\/\/www.gaveanews.com\/index.php\/2025\/10\/22\/vai-jogar-situacao-de-leo-ortiz-agita-torcida-do-flamengo-veja\/#primaryimage\"},\"thumbnailUrl\":\"https:\/\/www.gaveanews.com\/wp-content\/uploads\/Leo-Ortiz-treinando-com-o-grupo-no-CT-Ninho-do-Urubu.webp\",\"articleSection\":[\"Flamengo\"],\"inLanguage\":\"pt-BR\",\"potentialAction\":[{\"@type\":\"CommentAction\",\"name\":\"Comment\",\"target\":[\"https:\/\/www.gaveanews.com\/index.php\/2025\/10\/22\/vai-jogar-situacao-de-leo-ortiz-agita-torcida-do-flamengo-veja\/#respond\"]}],\"copyrightYear\":\"2025\",\"copyrightHolder\":{\"@id\":\"https:\/\/www.gaveanews.com\/#organization\"}},{\"@type\":\"WebPage\",\"@id\":\"https:\/\/www.gaveanews.com\/index.php\/2025\/10\/22\/vai-jogar-situacao-de-leo-ortiz-agita-torcida-do-flamengo-veja\/\",\"url\":\"https:\/\/www.gaveanews.com\/index.php\/2025\/10\/22\/vai-jogar-situacao-de-leo-ortiz-agita-torcida-do-flamengo-veja\/\",\"name\":\"Vai jogar? Situa\u00e7\u00e3o de L\u00e9o Ortiz agita torcida do Flamengo; veja\",\"isPartOf\":{\"@id\":\"https:\/\/www.gaveanews.com\/#website\"},\"primaryImageOfPage\":{\"@id\":\"https:\/\/www.gaveanews.com\/index.php\/2025\/10\/22\/vai-jogar-situacao-de-leo-ortiz-agita-torcida-do-flamengo-veja\/#primaryimage\"},\"image\":{\"@id\":\"https:\/\/www.gaveanews.com\/index.php\/2025\/10\/22\/vai-jogar-situacao-de-leo-ortiz-agita-torcida-do-flamengo-veja\/#primaryimage\"},\"thumbnailUrl\":\"https:\/\/www.gaveanews.com\/wp-content\/uploads\/Leo-Ortiz-treinando-com-o-grupo-no-CT-Ninho-do-Urubu.webp\",\"datePublished\":\"2025-10-22T15:00:00+00:00\",\"author\":{\"@id\":\"https:\/\/www.gaveanews.com\/#\/schema\/person\/c88645e3d550d0b6574305e67dd5a716\"},\"breadcrumb\":{\"@id\":\"https:\/\/www.gaveanews.com\/index.php\/2025\/10\/22\/vai-jogar-situacao-de-leo-ortiz-agita-torcida-do-flamengo-veja\/#breadcrumb\"},\"inLanguage\":\"pt-BR\",\"potentialAction\":[{\"@type\":\"ReadAction\",\"target\":[\"https:\/\/www.gaveanews.com\/index.php\/2025\/10\/22\/vai-jogar-situacao-de-leo-ortiz-agita-torcida-do-flamengo-veja\/\"]}]},{\"@type\":\"ImageObject\",\"inLanguage\":\"pt-BR\",\"@id\":\"https:\/\/www.gaveanews.com\/index.php\/2025\/10\/22\/vai-jogar-situacao-de-leo-ortiz-agita-torcida-do-flamengo-veja\/#primaryimage\",\"url\":\"https:\/\/www.gaveanews.com\/wp-content\/uploads\/Leo-Ortiz-treinando-com-o-grupo-no-CT-Ninho-do-Urubu.webp\",\"contentUrl\":\"https:\/\/www.gaveanews.com\/wp-content\/uploads\/Leo-Ortiz-treinando-com-o-grupo-no-CT-Ninho-do-Urubu.webp\",\"width\":1200,\"height\":800,\"caption\":\"L\u00e9o Ortiz treinando com o grupo no CT Ninho do Urubu - Foto: Adriano Fontes\/Flamengo\"},{\"@type\":\"BreadcrumbList\",\"@id\":\"https:\/\/www.gaveanews.com\/index.php\/2025\/10\/22\/vai-jogar-situacao-de-leo-ortiz-agita-torcida-do-flamengo-veja\/#breadcrumb\",\"itemListElement\":[{\"@type\":\"ListItem\",\"position\":1,\"name\":\"Home\",\"item\":\"https:\/\/www.gaveanews.com\/\"},{\"@type\":\"ListItem\",\"position\":2,\"name\":\"Vai jogar? Situa\u00e7\u00e3o de L\u00e9o Ortiz agita torcida do Flamengo; veja\"}]},{\"@type\":\"WebSite\",\"@id\":\"https:\/\/www.gaveanews.com\/#website\",\"url\":\"https:\/\/www.gaveanews.com\/\",\"name\":\"G\u00e1vea News\",\"description\":\"Veja todas as not\u00edcias sobre o Flamengo: Contrata\u00e7\u00f5es, categorias de base, resultados das partidas, tabela de classifica\u00e7\u00e3o, pr\u00f3ximos jogos!\",\"potentialAction\":[{\"@type\":\"SearchAction\",\"target\":{\"@type\":\"EntryPoint\",\"urlTemplate\":\"https:\/\/www.gaveanews.com\/?s={search_term_string}\"},\"query-input\":{\"@type\":\"PropertyValueSpecification\",\"valueRequired\":true,\"valueName\":\"search_term_string\"}}],\"inLanguage\":\"pt-BR\"},{\"@type\":\"Person\",\"@id\":\"https:\/\/www.gaveanews.com\/#\/schema\/person\/c88645e3d550d0b6574305e67dd5a716\",\"name\":\"Reda\u00e7\u00e3o\",\"image\":{\"@type\":\"ImageObject\",\"inLanguage\":\"pt-BR\",\"@id\":\"https:\/\/www.gaveanews.com\/#\/schema\/person\/image\/\",\"url\":\"https:\/\/secure.gravatar.com\/avatar\/434098fd823f0dc1b062d14ca22bacaa6e38de28d8c816bbef6fc2f8c44d8ba3?s=96&d=mm&r=g\",\"contentUrl\":\"https:\/\/secure.gravatar.com\/avatar\/434098fd823f0dc1b062d14ca22bacaa6e38de28d8c816bbef6fc2f8c44d8ba3?s=96&d=mm&r=g\",\"caption\":\"Reda\u00e7\u00e3o\"}}]}<\/script>\n<!-- \/ Yoast SEO Premium plugin. -->","yoast_head_json":{"title":"Vai jogar? Situa\u00e7\u00e3o de L\u00e9o Ortiz agita torcida do Flamengo; veja","robots":{"index":"index","follow":"follow","max-snippet":"max-snippet:-1","max-image-preview":"max-image-preview:large","max-video-preview":"max-video-preview:-1"},"canonical":"https:\/\/www.gaveanews.com\/index.php\/2025\/10\/22\/vai-jogar-situacao-de-leo-ortiz-agita-torcida-do-flamengo-veja\/","og_locale":"pt_BR","og_type":"article","og_title":"Vai jogar? Situa\u00e7\u00e3o de L\u00e9o Ortiz agita torcida do Flamengo; veja","og_description":"O zagueiro L\u00e9o Ortiz treinou com o elenco do Flamengo na ter\u00e7a-feira (21) e tem chances concretas de ser titular no confronto de ida contra o Racing, pela semifinal da Libertadores 2025. A partida ser\u00e1 disputada nesta quarta (22), \u00e0s 21h30 (de Bras\u00edlia), no Maracan\u00e3. A informa\u00e7\u00e3o foi confirmada pelo jornalista Renan Moura, da r\u00e1dio [&hellip;]","og_url":"https:\/\/www.gaveanews.com\/index.php\/2025\/10\/22\/vai-jogar-situacao-de-leo-ortiz-agita-torcida-do-flamengo-veja\/","og_site_name":"G\u00e1vea News","article_publisher":"https:\/\/facebook.com\/gaveaNews\/","article_published_time":"2025-10-22T15:00:00+00:00","og_image":[{"width":1200,"height":800,"url":"https:\/\/www.gaveanews.com\/wp-content\/uploads\/Leo-Ortiz-treinando-com-o-grupo-no-CT-Ninho-do-Urubu.webp","type":"image\/png"}],"author":"Reda\u00e7\u00e3o","twitter_card":"summary_large_image","twitter_misc":{"Escrito por":"Reda\u00e7\u00e3o","Est. tempo de leitura":"3 minutos"},"schema":{"@context":"https:\/\/schema.org","@graph":[{"@type":"NewsArticle","@id":"https:\/\/www.gaveanews.com\/index.php\/2025\/10\/22\/vai-jogar-situacao-de-leo-ortiz-agita-torcida-do-flamengo-veja\/#article","isPartOf":{"@id":"https:\/\/www.gaveanews.com\/index.php\/2025\/10\/22\/vai-jogar-situacao-de-leo-ortiz-agita-torcida-do-flamengo-veja\/"},"author":{"name":"Reda\u00e7\u00e3o","@id":"https:\/\/www.gaveanews.com\/#\/schema\/person\/c88645e3d550d0b6574305e67dd5a716"},"headline":"Vai jogar? Situa\u00e7\u00e3o de L\u00e9o Ortiz agita torcida do Flamengo; veja","datePublished":"2025-10-22T15:00:00+00:00","mainEntityOfPage":{"@id":"https:\/\/www.gaveanews.com\/index.php\/2025\/10\/22\/vai-jogar-situacao-de-leo-ortiz-agita-torcida-do-flamengo-veja\/"},"wordCount":374,"commentCount":0,"image":{"@id":"https:\/\/www.gaveanews.com\/index.php\/2025\/10\/22\/vai-jogar-situacao-de-leo-ortiz-agita-torcida-do-flamengo-veja\/#primaryimage"},"thumbnailUrl":"https:\/\/www.gaveanews.com\/wp-content\/uploads\/Leo-Ortiz-treinando-com-o-grupo-no-CT-Ninho-do-Urubu.webp","articleSection":["Flamengo"],"inLanguage":"pt-BR","potentialAction":[{"@type":"CommentAction","name":"Comment","target":["https:\/\/www.gaveanews.com\/index.php\/2025\/10\/22\/vai-jogar-situacao-de-leo-ortiz-agita-torcida-do-flamengo-veja\/#respond"]}],"copyrightYear":"2025","copyrightHolder":{"@id":"https:\/\/www.gaveanews.com\/#organization"}},{"@type":"WebPage","@id":"https:\/\/www.gaveanews.com\/index.php\/2025\/10\/22\/vai-jogar-situacao-de-leo-ortiz-agita-torcida-do-flamengo-veja\/","url":"https:\/\/www.gaveanews.com\/index.php\/2025\/10\/22\/vai-jogar-situacao-de-leo-ortiz-agita-torcida-do-flamengo-veja\/","name":"Vai jogar? Situa\u00e7\u00e3o de L\u00e9o Ortiz agita torcida do Flamengo; veja","isPartOf":{"@id":"https:\/\/www.gaveanews.com\/#website"},"primaryImageOfPage":{"@id":"https:\/\/www.gaveanews.com\/index.php\/2025\/10\/22\/vai-jogar-situacao-de-leo-ortiz-agita-torcida-do-flamengo-veja\/#primaryimage"},"image":{"@id":"https:\/\/www.gaveanews.com\/index.php\/2025\/10\/22\/vai-jogar-situacao-de-leo-ortiz-agita-torcida-do-flamengo-veja\/#primaryimage"},"thumbnailUrl":"https:\/\/www.gaveanews.com\/wp-content\/uploads\/Leo-Ortiz-treinando-com-o-grupo-no-CT-Ninho-do-Urubu.webp","datePublished":"2025-10-22T15:00:00+00:00","author":{"@id":"https:\/\/www.gaveanews.com\/#\/schema\/person\/c88645e3d550d0b6574305e67dd5a716"},"breadcrumb":{"@id":"https:\/\/www.gaveanews.com\/index.php\/2025\/10\/22\/vai-jogar-situacao-de-leo-ortiz-agita-torcida-do-flamengo-veja\/#breadcrumb"},"inLanguage":"pt-BR","potentialAction":[{"@type":"ReadAction","target":["https:\/\/www.gaveanews.com\/index.php\/2025\/10\/22\/vai-jogar-situacao-de-leo-ortiz-agita-torcida-do-flamengo-veja\/"]}]},{"@type":"ImageObject","inLanguage":"pt-BR","@id":"https:\/\/www.gaveanews.com\/index.php\/2025\/10\/22\/vai-jogar-situacao-de-leo-ortiz-agita-torcida-do-flamengo-veja\/#primaryimage","url":"https:\/\/www.gaveanews.com\/wp-content\/uploads\/Leo-Ortiz-treinando-com-o-grupo-no-CT-Ninho-do-Urubu.webp","contentUrl":"https:\/\/www.gaveanews.com\/wp-content\/uploads\/Leo-Ortiz-treinando-com-o-grupo-no-CT-Ninho-do-Urubu.webp","width":1200,"height":800,"caption":"L\u00e9o Ortiz treinando com o grupo no CT Ninho do Urubu - Foto: Adriano Fontes\/Flamengo"},{"@type":"BreadcrumbList","@id":"https:\/\/www.gaveanews.com\/index.php\/2025\/10\/22\/vai-jogar-situacao-de-leo-ortiz-agita-torcida-do-flamengo-veja\/#breadcrumb","itemListElement":[{"@type":"ListItem","position":1,"name":"Home","item":"https:\/\/www.gaveanews.com\/"},{"@type":"ListItem","position":2,"name":"Vai jogar? Situa\u00e7\u00e3o de L\u00e9o Ortiz agita torcida do Flamengo; veja"}]},{"@type":"WebSite","@id":"https:\/\/www.gaveanews.com\/#website","url":"https:\/\/www.gaveanews.com\/","name":"G\u00e1vea News","description":"Veja todas as not\u00edcias sobre o Flamengo: Contrata\u00e7\u00f5es, categorias de base, resultados das partidas, tabela de classifica\u00e7\u00e3o, pr\u00f3ximos jogos!","potentialAction":[{"@type":"SearchAction","target":{"@type":"EntryPoint","urlTemplate":"https:\/\/www.gaveanews.com\/?s={search_term_string}"},"query-input":{"@type":"PropertyValueSpecification","valueRequired":true,"valueName":"search_term_string"}}],"inLanguage":"pt-BR"},{"@type":"Person","@id":"https:\/\/www.gaveanews.com\/#\/schema\/person\/c88645e3d550d0b6574305e67dd5a716","name":"Reda\u00e7\u00e3o","image":{"@type":"ImageObject","inLanguage":"pt-BR","@id":"https:\/\/www.gaveanews.com\/#\/schema\/person\/image\/","url":"https:\/\/secure.gravatar.com\/avatar\/434098fd823f0dc1b062d14ca22bacaa6e38de28d8c816bbef6fc2f8c44d8ba3?s=96&d=mm&r=g","contentUrl":"https:\/\/secure.gravatar.com\/avatar\/434098fd823f0dc1b062d14ca22bacaa6e38de28d8c816bbef6fc2f8c44d8ba3?s=96&d=mm&r=g","caption":"Reda\u00e7\u00e3o"}}]}},"_links":{"self":[{"href":"https:\/\/www.gaveanews.com\/index.php\/wp-json\/wp\/v2\/posts\/279030","targetHints":{"allow":["GET"]}}],"collection":[{"href":"https:\/\/www.gaveanews.com\/index.php\/wp-json\/wp\/v2\/posts"}],"about":[{"href":"https:\/\/www.gaveanews.com\/index.php\/wp-json\/wp\/v2\/types\/post"}],"author":[{"embeddable":true,"href":"https:\/\/www.gaveanews.com\/index.php\/wp-json\/wp\/v2\/users\/39"}],"replies":[{"embeddable":true,"href":"https:\/\/www.gaveanews.com\/index.php\/wp-json\/wp\/v2\/comments?post=279030"}],"version-history":[{"count":2,"href":"https:\/\/www.gaveanews.com\/index.php\/wp-json\/wp\/v2\/posts\/279030\/revisions"}],"predecessor-version":[{"id":279041,"href":"https:\/\/www.gaveanews.com\/index.php\/wp-json\/wp\/v2\/posts\/279030\/revisions\/279041"}],"wp:featuredmedia":[{"embeddable":true,"href":"https:\/\/www.gaveanews.com\/index.php\/wp-json\/wp\/v2\/media\/255009"}],"wp:attachment":[{"href":"https:\/\/www.gaveanews.com\/index.php\/wp-json\/wp\/v2\/media?parent=279030"}],"wp:term":[{"taxonomy":"category","embeddable":true,"href":"https:\/\/www.gaveanews.com\/index.php\/wp-json\/wp\/v2\/categories?post=279030"},{"taxonomy":"post_tag","embeddable":true,"href":"https:\/\/www.gaveanews.com\/index.php\/wp-json\/wp\/v2\/tags?post=279030"}],"curies":[{"name":"wp","href":"https:\/\/api.w.org\/{rel}","templated":true}]}}