{"id":279033,"date":"2025-10-22T12:10:00","date_gmt":"2025-10-22T15:10:00","guid":{"rendered":"https:\/\/www.gaveanews.com\/?p=279033"},"modified":"2025-10-22T11:57:13","modified_gmt":"2025-10-22T14:57:13","slug":"campeao-do-mundo-pela-argentina-da-declaracao-envolvendo-o-flamengo","status":"publish","type":"post","link":"https:\/\/www.gaveanews.com\/index.php\/2025\/10\/22\/campeao-do-mundo-pela-argentina-da-declaracao-envolvendo-o-flamengo\/","title":{"rendered":"Campe\u00e3o do mundo pela Argentina d\u00e1 declara\u00e7\u00e3o envolvendo o Flamengo"},"content":{"rendered":"<p data-start=\"93\" data-end=\"421\">Enquanto o <a href=\"https:\/\/www.gaveanews.com\/index.php\/category\/brasileirao\/flamengo\/\" target=\"_blank\" rel=\"noopener\">Flamengo<\/a> se prepara para encarar o Racing nesta quarta-feira (22), com o Maracan\u00e3 lotado, o clube argentino recebe apoio de peso vindo dos Estados Unidos. Isso porque Rodrigo De Paul, campe\u00e3o com a Argentina e atualmente no Inter Miami, enviou uma mensagem \u00e0 equipe que o revelou.<\/p>\n<p data-start=\"423\" data-end=\"661\">\u201cVou dar tudo de mim amanh\u00e3 contra o Flamengo. Os rapazes est\u00e3o acostumados a jogar esse tipo de partida. Eles saber\u00e3o como jogar, o importante \u00e9 que fa\u00e7am isso com o cora\u00e7\u00e3o\u201d, declarou De Paul.<\/p>\n<p data-start=\"706\" data-end=\"1066\">Rodrigo De Paul iniciou sua trajet\u00f3ria profissional no Racing em 2013 e, pouco tempo depois, foi negociado com o Valencia, da Espanha. Posteriormente, chegou ao Atl\u00e9tico de Madrid.<\/p>\n<p data-start=\"706\" data-end=\"1066\">A carreira s\u00f3lida na Europa e a participa\u00e7\u00e3o decisiva na conquista da Copa do Mundo de 2022 com a sele\u00e7\u00e3o argentina o consolidaram como uma refer\u00eancia no futebol mundial.<\/p>\n<p data-start=\"1068\" data-end=\"1355\">De Paul mant\u00e9m a liga\u00e7\u00e3o com o clube onde deu os primeiros passos. Em momento importante da temporada, o Racing reencontra o Flamengo na semifinal da Libertadores, e o apoio do meia a refor\u00e7a o sentimento de identidade que o \u00eddolo carrega com a camisa alviceleste.<\/p>\n<h3 data-start=\"1362\" data-end=\"1400\">Clima de decis\u00e3o no Rio de Janeiro<\/h3>\n<p data-start=\"1402\" data-end=\"1640\">Do outro lado, o Flamengo ter\u00e1 o fator casa como trunfo. Todos os ingressos para o jogo de ida da semifinal da Libertadores foram vendidos e a expectativa \u00e9 de Maracan\u00e3 completamente lotado para empurrar a equipe comandada por Filipe Lu\u00eds.<\/p>\n<p data-start=\"1642\" data-end=\"1837\">O jogo est\u00e1 marcado para \u00e0s <strong data-start=\"1670\" data-end=\"1693\">21h30 (de Bras\u00edlia)<\/strong>, e ser\u00e1 o primeiro de dois encontros entre brasileiros e argentinos que definir\u00e3o um finalista da principal competi\u00e7\u00e3o sul-americana de clubes.<\/p>\n<h3 data-start=\"1844\" data-end=\"1864\">Pr\u00f3ximo cap\u00edtulo<\/h3>\n<p data-start=\"1866\" data-end=\"2079\">O duelo da volta acontecer\u00e1 na Argentina, tamb\u00e9m \u00e0s 21h30, na pr\u00f3xima semana. O vencedor enfrentar\u00e1 o classificado do confronto entre <a href=\"https:\/\/www.gaveanews.com\/index.php\/category\/brasileirao\/palmeiras\/\" target=\"_blank\" rel=\"noopener\">Palmeiras<\/a> e LDU, que disputam a outra semifinal da edi\u00e7\u00e3o 2025 da Libertadores.<\/p>\n","protected":false},"excerpt":{"rendered":"<p>Enquanto o Flamengo se prepara para encarar o Racing nesta quarta-feira (22), com o Maracan\u00e3 lotado, o clube argentino recebe apoio de peso vindo dos Estados Unidos. Isso porque Rodrigo De Paul, campe\u00e3o com a Argentina e atualmente no Inter Miami, enviou uma mensagem \u00e0 equipe que o revelou. \u201cVou dar tudo de mim amanh\u00e3 [&hellip;]<\/p>\n","protected":false},"author":39,"featured_media":275129,"comment_status":"open","ping_status":"closed","sticky":false,"template":"","format":"standard","meta":{"footnotes":""},"categories":[1],"tags":[],"class_list":["post-279033","post","type-post","status-publish","format-standard","has-post-thumbnail","hentry","category-flamengo"],"yoast_head":"<!-- This site is optimized with the Yoast SEO Premium plugin v24.2 (Yoast SEO v26.9) - https:\/\/yoast.com\/product\/yoast-seo-premium-wordpress\/ -->\n<title>Campe\u00e3o do mundo pela Argentina d\u00e1 declara\u00e7\u00e3o envolvendo o Flamengo<\/title>\n<meta name=\"robots\" content=\"index, follow, max-snippet:-1, max-image-preview:large, max-video-preview:-1\" \/>\n<link rel=\"canonical\" href=\"https:\/\/www.gaveanews.com\/index.php\/2025\/10\/22\/campeao-do-mundo-pela-argentina-da-declaracao-envolvendo-o-flamengo\/\" \/>\n<meta property=\"og:locale\" content=\"pt_BR\" \/>\n<meta property=\"og:type\" content=\"article\" \/>\n<meta property=\"og:title\" content=\"Campe\u00e3o do mundo pela Argentina d\u00e1 declara\u00e7\u00e3o envolvendo o Flamengo\" \/>\n<meta property=\"og:description\" content=\"Enquanto o Flamengo se prepara para encarar o Racing nesta quarta-feira (22), com o Maracan\u00e3 lotado, o clube argentino recebe apoio de peso vindo dos Estados Unidos. Isso porque Rodrigo De Paul, campe\u00e3o com a Argentina e atualmente no Inter Miami, enviou uma mensagem \u00e0 equipe que o revelou. \u201cVou dar tudo de mim amanh\u00e3 [&hellip;]\" \/>\n<meta property=\"og:url\" content=\"https:\/\/www.gaveanews.com\/index.php\/2025\/10\/22\/campeao-do-mundo-pela-argentina-da-declaracao-envolvendo-o-flamengo\/\" \/>\n<meta property=\"og:site_name\" content=\"G\u00e1vea News\" \/>\n<meta property=\"article:publisher\" content=\"https:\/\/facebook.com\/gaveaNews\/\" \/>\n<meta property=\"article:published_time\" content=\"2025-10-22T15:10:00+00:00\" \/>\n<meta property=\"og:image\" content=\"https:\/\/www.gaveanews.com\/wp-content\/uploads\/Camisa-do-Flamengo-com-patrocinio-da-Betano.webp\" \/>\n\t<meta property=\"og:image:width\" content=\"969\" \/>\n\t<meta property=\"og:image:height\" content=\"726\" \/>\n\t<meta property=\"og:image:type\" content=\"image\/webp\" \/>\n<meta name=\"author\" content=\"Reda\u00e7\u00e3o\" \/>\n<meta name=\"twitter:card\" content=\"summary_large_image\" \/>\n<meta name=\"twitter:label1\" content=\"Escrito por\" \/>\n\t<meta name=\"twitter:data1\" content=\"Reda\u00e7\u00e3o\" \/>\n\t<meta name=\"twitter:label2\" content=\"Est. tempo de leitura\" \/>\n\t<meta name=\"twitter:data2\" content=\"2 minutos\" \/>\n<script type=\"application\/ld+json\" class=\"yoast-schema-graph\">{\"@context\":\"https:\/\/schema.org\",\"@graph\":[{\"@type\":\"NewsArticle\",\"@id\":\"https:\/\/www.gaveanews.com\/index.php\/2025\/10\/22\/campeao-do-mundo-pela-argentina-da-declaracao-envolvendo-o-flamengo\/#article\",\"isPartOf\":{\"@id\":\"https:\/\/www.gaveanews.com\/index.php\/2025\/10\/22\/campeao-do-mundo-pela-argentina-da-declaracao-envolvendo-o-flamengo\/\"},\"author\":{\"name\":\"Reda\u00e7\u00e3o\",\"@id\":\"https:\/\/www.gaveanews.com\/#\/schema\/person\/c88645e3d550d0b6574305e67dd5a716\"},\"headline\":\"Campe\u00e3o do mundo pela Argentina d\u00e1 declara\u00e7\u00e3o envolvendo o Flamengo\",\"datePublished\":\"2025-10-22T15:10:00+00:00\",\"mainEntityOfPage\":{\"@id\":\"https:\/\/www.gaveanews.com\/index.php\/2025\/10\/22\/campeao-do-mundo-pela-argentina-da-declaracao-envolvendo-o-flamengo\/\"},\"wordCount\":330,\"commentCount\":0,\"image\":{\"@id\":\"https:\/\/www.gaveanews.com\/index.php\/2025\/10\/22\/campeao-do-mundo-pela-argentina-da-declaracao-envolvendo-o-flamengo\/#primaryimage\"},\"thumbnailUrl\":\"https:\/\/www.gaveanews.com\/wp-content\/uploads\/Camisa-do-Flamengo-com-patrocinio-da-Betano.webp\",\"articleSection\":[\"Flamengo\"],\"inLanguage\":\"pt-BR\",\"potentialAction\":[{\"@type\":\"CommentAction\",\"name\":\"Comment\",\"target\":[\"https:\/\/www.gaveanews.com\/index.php\/2025\/10\/22\/campeao-do-mundo-pela-argentina-da-declaracao-envolvendo-o-flamengo\/#respond\"]}],\"copyrightYear\":\"2025\",\"copyrightHolder\":{\"@id\":\"https:\/\/www.gaveanews.com\/#organization\"}},{\"@type\":\"WebPage\",\"@id\":\"https:\/\/www.gaveanews.com\/index.php\/2025\/10\/22\/campeao-do-mundo-pela-argentina-da-declaracao-envolvendo-o-flamengo\/\",\"url\":\"https:\/\/www.gaveanews.com\/index.php\/2025\/10\/22\/campeao-do-mundo-pela-argentina-da-declaracao-envolvendo-o-flamengo\/\",\"name\":\"Campe\u00e3o do mundo pela Argentina d\u00e1 declara\u00e7\u00e3o envolvendo o Flamengo\",\"isPartOf\":{\"@id\":\"https:\/\/www.gaveanews.com\/#website\"},\"primaryImageOfPage\":{\"@id\":\"https:\/\/www.gaveanews.com\/index.php\/2025\/10\/22\/campeao-do-mundo-pela-argentina-da-declaracao-envolvendo-o-flamengo\/#primaryimage\"},\"image\":{\"@id\":\"https:\/\/www.gaveanews.com\/index.php\/2025\/10\/22\/campeao-do-mundo-pela-argentina-da-declaracao-envolvendo-o-flamengo\/#primaryimage\"},\"thumbnailUrl\":\"https:\/\/www.gaveanews.com\/wp-content\/uploads\/Camisa-do-Flamengo-com-patrocinio-da-Betano.webp\",\"datePublished\":\"2025-10-22T15:10:00+00:00\",\"author\":{\"@id\":\"https:\/\/www.gaveanews.com\/#\/schema\/person\/c88645e3d550d0b6574305e67dd5a716\"},\"breadcrumb\":{\"@id\":\"https:\/\/www.gaveanews.com\/index.php\/2025\/10\/22\/campeao-do-mundo-pela-argentina-da-declaracao-envolvendo-o-flamengo\/#breadcrumb\"},\"inLanguage\":\"pt-BR\",\"potentialAction\":[{\"@type\":\"ReadAction\",\"target\":[\"https:\/\/www.gaveanews.com\/index.php\/2025\/10\/22\/campeao-do-mundo-pela-argentina-da-declaracao-envolvendo-o-flamengo\/\"]}]},{\"@type\":\"ImageObject\",\"inLanguage\":\"pt-BR\",\"@id\":\"https:\/\/www.gaveanews.com\/index.php\/2025\/10\/22\/campeao-do-mundo-pela-argentina-da-declaracao-envolvendo-o-flamengo\/#primaryimage\",\"url\":\"https:\/\/www.gaveanews.com\/wp-content\/uploads\/Camisa-do-Flamengo-com-patrocinio-da-Betano.webp\",\"contentUrl\":\"https:\/\/www.gaveanews.com\/wp-content\/uploads\/Camisa-do-Flamengo-com-patrocinio-da-Betano.webp\",\"width\":969,\"height\":726,\"caption\":\"Camisa do Flamengo com patroc\u00ednio da Betano (Foto: Divulga\u00e7\u00e3o)\"},{\"@type\":\"BreadcrumbList\",\"@id\":\"https:\/\/www.gaveanews.com\/index.php\/2025\/10\/22\/campeao-do-mundo-pela-argentina-da-declaracao-envolvendo-o-flamengo\/#breadcrumb\",\"itemListElement\":[{\"@type\":\"ListItem\",\"position\":1,\"name\":\"Home\",\"item\":\"https:\/\/www.gaveanews.com\/\"},{\"@type\":\"ListItem\",\"position\":2,\"name\":\"Campe\u00e3o do mundo pela Argentina d\u00e1 declara\u00e7\u00e3o envolvendo o Flamengo\"}]},{\"@type\":\"WebSite\",\"@id\":\"https:\/\/www.gaveanews.com\/#website\",\"url\":\"https:\/\/www.gaveanews.com\/\",\"name\":\"G\u00e1vea News\",\"description\":\"Veja todas as not\u00edcias sobre o Flamengo: Contrata\u00e7\u00f5es, categorias de base, resultados das partidas, tabela de classifica\u00e7\u00e3o, pr\u00f3ximos jogos!\",\"potentialAction\":[{\"@type\":\"SearchAction\",\"target\":{\"@type\":\"EntryPoint\",\"urlTemplate\":\"https:\/\/www.gaveanews.com\/?s={search_term_string}\"},\"query-input\":{\"@type\":\"PropertyValueSpecification\",\"valueRequired\":true,\"valueName\":\"search_term_string\"}}],\"inLanguage\":\"pt-BR\"},{\"@type\":\"Person\",\"@id\":\"https:\/\/www.gaveanews.com\/#\/schema\/person\/c88645e3d550d0b6574305e67dd5a716\",\"name\":\"Reda\u00e7\u00e3o\",\"image\":{\"@type\":\"ImageObject\",\"inLanguage\":\"pt-BR\",\"@id\":\"https:\/\/www.gaveanews.com\/#\/schema\/person\/image\/\",\"url\":\"https:\/\/secure.gravatar.com\/avatar\/434098fd823f0dc1b062d14ca22bacaa6e38de28d8c816bbef6fc2f8c44d8ba3?s=96&d=mm&r=g\",\"contentUrl\":\"https:\/\/secure.gravatar.com\/avatar\/434098fd823f0dc1b062d14ca22bacaa6e38de28d8c816bbef6fc2f8c44d8ba3?s=96&d=mm&r=g\",\"caption\":\"Reda\u00e7\u00e3o\"}}]}<\/script>\n<!-- \/ Yoast SEO Premium plugin. -->","yoast_head_json":{"title":"Campe\u00e3o do mundo pela Argentina d\u00e1 declara\u00e7\u00e3o envolvendo o Flamengo","robots":{"index":"index","follow":"follow","max-snippet":"max-snippet:-1","max-image-preview":"max-image-preview:large","max-video-preview":"max-video-preview:-1"},"canonical":"https:\/\/www.gaveanews.com\/index.php\/2025\/10\/22\/campeao-do-mundo-pela-argentina-da-declaracao-envolvendo-o-flamengo\/","og_locale":"pt_BR","og_type":"article","og_title":"Campe\u00e3o do mundo pela Argentina d\u00e1 declara\u00e7\u00e3o envolvendo o Flamengo","og_description":"Enquanto o Flamengo se prepara para encarar o Racing nesta quarta-feira (22), com o Maracan\u00e3 lotado, o clube argentino recebe apoio de peso vindo dos Estados Unidos. Isso porque Rodrigo De Paul, campe\u00e3o com a Argentina e atualmente no Inter Miami, enviou uma mensagem \u00e0 equipe que o revelou. \u201cVou dar tudo de mim amanh\u00e3 [&hellip;]","og_url":"https:\/\/www.gaveanews.com\/index.php\/2025\/10\/22\/campeao-do-mundo-pela-argentina-da-declaracao-envolvendo-o-flamengo\/","og_site_name":"G\u00e1vea News","article_publisher":"https:\/\/facebook.com\/gaveaNews\/","article_published_time":"2025-10-22T15:10:00+00:00","og_image":[{"width":969,"height":726,"url":"https:\/\/www.gaveanews.com\/wp-content\/uploads\/Camisa-do-Flamengo-com-patrocinio-da-Betano.webp","type":"image\/webp"}],"author":"Reda\u00e7\u00e3o","twitter_card":"summary_large_image","twitter_misc":{"Escrito por":"Reda\u00e7\u00e3o","Est. tempo de leitura":"2 minutos"},"schema":{"@context":"https:\/\/schema.org","@graph":[{"@type":"NewsArticle","@id":"https:\/\/www.gaveanews.com\/index.php\/2025\/10\/22\/campeao-do-mundo-pela-argentina-da-declaracao-envolvendo-o-flamengo\/#article","isPartOf":{"@id":"https:\/\/www.gaveanews.com\/index.php\/2025\/10\/22\/campeao-do-mundo-pela-argentina-da-declaracao-envolvendo-o-flamengo\/"},"author":{"name":"Reda\u00e7\u00e3o","@id":"https:\/\/www.gaveanews.com\/#\/schema\/person\/c88645e3d550d0b6574305e67dd5a716"},"headline":"Campe\u00e3o do mundo pela Argentina d\u00e1 declara\u00e7\u00e3o envolvendo o Flamengo","datePublished":"2025-10-22T15:10:00+00:00","mainEntityOfPage":{"@id":"https:\/\/www.gaveanews.com\/index.php\/2025\/10\/22\/campeao-do-mundo-pela-argentina-da-declaracao-envolvendo-o-flamengo\/"},"wordCount":330,"commentCount":0,"image":{"@id":"https:\/\/www.gaveanews.com\/index.php\/2025\/10\/22\/campeao-do-mundo-pela-argentina-da-declaracao-envolvendo-o-flamengo\/#primaryimage"},"thumbnailUrl":"https:\/\/www.gaveanews.com\/wp-content\/uploads\/Camisa-do-Flamengo-com-patrocinio-da-Betano.webp","articleSection":["Flamengo"],"inLanguage":"pt-BR","potentialAction":[{"@type":"CommentAction","name":"Comment","target":["https:\/\/www.gaveanews.com\/index.php\/2025\/10\/22\/campeao-do-mundo-pela-argentina-da-declaracao-envolvendo-o-flamengo\/#respond"]}],"copyrightYear":"2025","copyrightHolder":{"@id":"https:\/\/www.gaveanews.com\/#organization"}},{"@type":"WebPage","@id":"https:\/\/www.gaveanews.com\/index.php\/2025\/10\/22\/campeao-do-mundo-pela-argentina-da-declaracao-envolvendo-o-flamengo\/","url":"https:\/\/www.gaveanews.com\/index.php\/2025\/10\/22\/campeao-do-mundo-pela-argentina-da-declaracao-envolvendo-o-flamengo\/","name":"Campe\u00e3o do mundo pela Argentina d\u00e1 declara\u00e7\u00e3o envolvendo o Flamengo","isPartOf":{"@id":"https:\/\/www.gaveanews.com\/#website"},"primaryImageOfPage":{"@id":"https:\/\/www.gaveanews.com\/index.php\/2025\/10\/22\/campeao-do-mundo-pela-argentina-da-declaracao-envolvendo-o-flamengo\/#primaryimage"},"image":{"@id":"https:\/\/www.gaveanews.com\/index.php\/2025\/10\/22\/campeao-do-mundo-pela-argentina-da-declaracao-envolvendo-o-flamengo\/#primaryimage"},"thumbnailUrl":"https:\/\/www.gaveanews.com\/wp-content\/uploads\/Camisa-do-Flamengo-com-patrocinio-da-Betano.webp","datePublished":"2025-10-22T15:10:00+00:00","author":{"@id":"https:\/\/www.gaveanews.com\/#\/schema\/person\/c88645e3d550d0b6574305e67dd5a716"},"breadcrumb":{"@id":"https:\/\/www.gaveanews.com\/index.php\/2025\/10\/22\/campeao-do-mundo-pela-argentina-da-declaracao-envolvendo-o-flamengo\/#breadcrumb"},"inLanguage":"pt-BR","potentialAction":[{"@type":"ReadAction","target":["https:\/\/www.gaveanews.com\/index.php\/2025\/10\/22\/campeao-do-mundo-pela-argentina-da-declaracao-envolvendo-o-flamengo\/"]}]},{"@type":"ImageObject","inLanguage":"pt-BR","@id":"https:\/\/www.gaveanews.com\/index.php\/2025\/10\/22\/campeao-do-mundo-pela-argentina-da-declaracao-envolvendo-o-flamengo\/#primaryimage","url":"https:\/\/www.gaveanews.com\/wp-content\/uploads\/Camisa-do-Flamengo-com-patrocinio-da-Betano.webp","contentUrl":"https:\/\/www.gaveanews.com\/wp-content\/uploads\/Camisa-do-Flamengo-com-patrocinio-da-Betano.webp","width":969,"height":726,"caption":"Camisa do Flamengo com patroc\u00ednio da Betano (Foto: Divulga\u00e7\u00e3o)"},{"@type":"BreadcrumbList","@id":"https:\/\/www.gaveanews.com\/index.php\/2025\/10\/22\/campeao-do-mundo-pela-argentina-da-declaracao-envolvendo-o-flamengo\/#breadcrumb","itemListElement":[{"@type":"ListItem","position":1,"name":"Home","item":"https:\/\/www.gaveanews.com\/"},{"@type":"ListItem","position":2,"name":"Campe\u00e3o do mundo pela Argentina d\u00e1 declara\u00e7\u00e3o envolvendo o Flamengo"}]},{"@type":"WebSite","@id":"https:\/\/www.gaveanews.com\/#website","url":"https:\/\/www.gaveanews.com\/","name":"G\u00e1vea News","description":"Veja todas as not\u00edcias sobre o Flamengo: Contrata\u00e7\u00f5es, categorias de base, resultados das partidas, tabela de classifica\u00e7\u00e3o, pr\u00f3ximos jogos!","potentialAction":[{"@type":"SearchAction","target":{"@type":"EntryPoint","urlTemplate":"https:\/\/www.gaveanews.com\/?s={search_term_string}"},"query-input":{"@type":"PropertyValueSpecification","valueRequired":true,"valueName":"search_term_string"}}],"inLanguage":"pt-BR"},{"@type":"Person","@id":"https:\/\/www.gaveanews.com\/#\/schema\/person\/c88645e3d550d0b6574305e67dd5a716","name":"Reda\u00e7\u00e3o","image":{"@type":"ImageObject","inLanguage":"pt-BR","@id":"https:\/\/www.gaveanews.com\/#\/schema\/person\/image\/","url":"https:\/\/secure.gravatar.com\/avatar\/434098fd823f0dc1b062d14ca22bacaa6e38de28d8c816bbef6fc2f8c44d8ba3?s=96&d=mm&r=g","contentUrl":"https:\/\/secure.gravatar.com\/avatar\/434098fd823f0dc1b062d14ca22bacaa6e38de28d8c816bbef6fc2f8c44d8ba3?s=96&d=mm&r=g","caption":"Reda\u00e7\u00e3o"}}]}},"_links":{"self":[{"href":"https:\/\/www.gaveanews.com\/index.php\/wp-json\/wp\/v2\/posts\/279033","targetHints":{"allow":["GET"]}}],"collection":[{"href":"https:\/\/www.gaveanews.com\/index.php\/wp-json\/wp\/v2\/posts"}],"about":[{"href":"https:\/\/www.gaveanews.com\/index.php\/wp-json\/wp\/v2\/types\/post"}],"author":[{"embeddable":true,"href":"https:\/\/www.gaveanews.com\/index.php\/wp-json\/wp\/v2\/users\/39"}],"replies":[{"embeddable":true,"href":"https:\/\/www.gaveanews.com\/index.php\/wp-json\/wp\/v2\/comments?post=279033"}],"version-history":[{"count":2,"href":"https:\/\/www.gaveanews.com\/index.php\/wp-json\/wp\/v2\/posts\/279033\/revisions"}],"predecessor-version":[{"id":279045,"href":"https:\/\/www.gaveanews.com\/index.php\/wp-json\/wp\/v2\/posts\/279033\/revisions\/279045"}],"wp:featuredmedia":[{"embeddable":true,"href":"https:\/\/www.gaveanews.com\/index.php\/wp-json\/wp\/v2\/media\/275129"}],"wp:attachment":[{"href":"https:\/\/www.gaveanews.com\/index.php\/wp-json\/wp\/v2\/media?parent=279033"}],"wp:term":[{"taxonomy":"category","embeddable":true,"href":"https:\/\/www.gaveanews.com\/index.php\/wp-json\/wp\/v2\/categories?post=279033"},{"taxonomy":"post_tag","embeddable":true,"href":"https:\/\/www.gaveanews.com\/index.php\/wp-json\/wp\/v2\/tags?post=279033"}],"curies":[{"name":"wp","href":"https:\/\/api.w.org\/{rel}","templated":true}]}}