{"id":279049,"date":"2025-10-22T16:00:00","date_gmt":"2025-10-22T19:00:00","guid":{"rendered":"https:\/\/www.gaveanews.com\/?p=279049"},"modified":"2025-10-22T15:49:49","modified_gmt":"2025-10-22T18:49:49","slug":"flamengo-familiares-de-vitimas-do-incendio-no-ninho-se-revoltam-com-nova-decisao-da-justica","status":"publish","type":"post","link":"https:\/\/www.gaveanews.com\/index.php\/2025\/10\/22\/flamengo-familiares-de-vitimas-do-incendio-no-ninho-se-revoltam-com-nova-decisao-da-justica\/","title":{"rendered":"Flamengo: familiares de v\u00edtimas do inc\u00eandio no Ninho se revoltam com nova decis\u00e3o da Justi\u00e7a"},"content":{"rendered":"\n<p>As fam\u00edlias dos dez garotos mortos na trag\u00e9dia do Ninho do Urubu reagiram \u00e0 absolvi\u00e7\u00e3o dos sete r\u00e9us na 36\u00aa Vara Criminal da Capital, no Rio. A decis\u00e3o, em primeira inst\u00e2ncia, envolve o inc\u00eandio de 2019 nas categorias de base do <a href=\"https:\/\/www.gaveanews.com\/index.php\/category\/brasileirao\/flamengo\/\" target=\"_blank\" rel=\"noopener noreferrer\">Flamengo<\/a>.<\/p>\n\n\n\n<p>Na ter\u00e7a-feira (21 de outubro), o juiz Tiago Fernandes de Barros assinou a senten\u00e7a. Ele apontou falta de provas suficientes e dificuldade para estabelecer nexo causal seguro entre condutas e o in\u00edcio do fogo. A per\u00edcia n\u00e3o definiu a origem de forma conclusiva. O Minist\u00e9rio P\u00fablico do Rio de Janeiro informou que a Promotoria junto \u00e0 36\u00aa Vara vai recorrer. O processo tramita desde janeiro de 2021.<\/p>\n\n\n\n<p>Al\u00e9m disso, a Afavinu (Associa\u00e7\u00e3o dos Familiares de V\u00edtimas do Inc\u00eandio do Ninho do Urubu) divulgou nota de rep\u00fadio e vinculou a decis\u00e3o ao risco de enfraquecimento de protocolos de seguran\u00e7a para menores em entidades esportivas.<\/p>\n\n\n\n<p>\u201cA absolvi\u00e7\u00e3o dos acusados, sob o argumento de que n\u00e3o se conseguiu individualizar condutas t\u00e9cnicas ou provar nexo causal penalmente relevante, renova em n\u00f3s o sentimento de impunidade e fragiliza o mecanismo de prote\u00e7\u00e3o \u00e0 vida e \u00e0 seguran\u00e7a dos menores em entidades esportivas, formativas ou assistenciais no pa\u00eds\u201d.<\/p>\n\n\n\n<p>O pai de Bernardo Pisetta, goleiro de 14 anos morto no inc\u00eandio, falou na manh\u00e3 desta quarta-feira (22 de outubro). Ele afirmou que a fam\u00edlia segue sofrendo e classificou a decis\u00e3o como revoltante. <\/p>\n\n\n\n<p>\u201c\u00c9 uma indigna\u00e7\u00e3o muito grande, \u00e9 um sentimento de impot\u00eancia. A gente se sente um lixo. S\u00e3o os nossos filhos. E algu\u00e9m tira a vida dos nossos filhos, e nada acontece. Isso n\u00e3o \u00e9 justo. N\u00e3o tem cabimento. Ficamos sem palavras. \u00c9 revoltante\u201d.<\/p>\n\n\n\n<p>A m\u00e3e de Christian Esm\u00e9rio, Andreia Candido, tamb\u00e9m se pronunciou e disse ter passado a noite em claro, pensando na decis\u00e3o, e disse que quer recorrer.<\/p>\n\n\n\n<p>\u201cTenho a certeza de que a Justi\u00e7a do Brasil \u00e9 injusta. A gente, como familiar, sabia que era prov\u00e1vel que isso fosse acontecer. Mas tinha f\u00e9 de que a justi\u00e7a dos homens seria feira\u201d.<\/p>\n","protected":false},"excerpt":{"rendered":"<p>As fam\u00edlias dos dez garotos mortos na trag\u00e9dia do Ninho do Urubu reagiram \u00e0 absolvi\u00e7\u00e3o dos sete r\u00e9us na 36\u00aa Vara Criminal da Capital, no Rio. A decis\u00e3o, em primeira inst\u00e2ncia, envolve o inc\u00eandio de 2019 nas categorias de base do Flamengo. Na ter\u00e7a-feira (21 de outubro), o juiz Tiago Fernandes de Barros assinou a [&hellip;]<\/p>\n","protected":false},"author":39,"featured_media":121377,"comment_status":"open","ping_status":"closed","sticky":false,"template":"","format":"standard","meta":{"footnotes":""},"categories":[1],"tags":[],"class_list":["post-279049","post","type-post","status-publish","format-standard","has-post-thumbnail","hentry","category-flamengo"],"yoast_head":"<!-- This site is optimized with the Yoast SEO Premium plugin v24.2 (Yoast SEO v26.9) - https:\/\/yoast.com\/product\/yoast-seo-premium-wordpress\/ -->\n<title>Flamengo: familiares de v\u00edtimas do inc\u00eandio no Ninho se revoltam com nova decis\u00e3o da Justi\u00e7a<\/title>\n<meta name=\"robots\" content=\"index, follow, max-snippet:-1, max-image-preview:large, max-video-preview:-1\" \/>\n<link rel=\"canonical\" href=\"https:\/\/www.gaveanews.com\/index.php\/2025\/10\/22\/flamengo-familiares-de-vitimas-do-incendio-no-ninho-se-revoltam-com-nova-decisao-da-justica\/\" \/>\n<meta property=\"og:locale\" content=\"pt_BR\" \/>\n<meta property=\"og:type\" content=\"article\" \/>\n<meta property=\"og:title\" content=\"Flamengo: familiares de v\u00edtimas do inc\u00eandio no Ninho se revoltam com nova decis\u00e3o da Justi\u00e7a\" \/>\n<meta property=\"og:description\" content=\"As fam\u00edlias dos dez garotos mortos na trag\u00e9dia do Ninho do Urubu reagiram \u00e0 absolvi\u00e7\u00e3o dos sete r\u00e9us na 36\u00aa Vara Criminal da Capital, no Rio. A decis\u00e3o, em primeira inst\u00e2ncia, envolve o inc\u00eandio de 2019 nas categorias de base do Flamengo. Na ter\u00e7a-feira (21 de outubro), o juiz Tiago Fernandes de Barros assinou a [&hellip;]\" \/>\n<meta property=\"og:url\" content=\"https:\/\/www.gaveanews.com\/index.php\/2025\/10\/22\/flamengo-familiares-de-vitimas-do-incendio-no-ninho-se-revoltam-com-nova-decisao-da-justica\/\" \/>\n<meta property=\"og:site_name\" content=\"G\u00e1vea News\" \/>\n<meta property=\"article:publisher\" content=\"https:\/\/facebook.com\/gaveaNews\/\" \/>\n<meta property=\"article:published_time\" content=\"2025-10-22T19:00:00+00:00\" \/>\n<meta property=\"og:image\" content=\"https:\/\/www.gaveanews.com\/wp-content\/uploads\/Ninho-do-Urubu-1.webp\" \/>\n\t<meta property=\"og:image:width\" content=\"700\" \/>\n\t<meta property=\"og:image:height\" content=\"463\" \/>\n\t<meta property=\"og:image:type\" content=\"image\/jpeg\" \/>\n<meta name=\"author\" content=\"Reda\u00e7\u00e3o\" \/>\n<meta name=\"twitter:card\" content=\"summary_large_image\" \/>\n<meta name=\"twitter:label1\" content=\"Escrito por\" \/>\n\t<meta name=\"twitter:data1\" content=\"Reda\u00e7\u00e3o\" \/>\n\t<meta name=\"twitter:label2\" content=\"Est. tempo de leitura\" \/>\n\t<meta name=\"twitter:data2\" content=\"3 minutos\" \/>\n<script type=\"application\/ld+json\" class=\"yoast-schema-graph\">{\"@context\":\"https:\/\/schema.org\",\"@graph\":[{\"@type\":\"NewsArticle\",\"@id\":\"https:\/\/www.gaveanews.com\/index.php\/2025\/10\/22\/flamengo-familiares-de-vitimas-do-incendio-no-ninho-se-revoltam-com-nova-decisao-da-justica\/#article\",\"isPartOf\":{\"@id\":\"https:\/\/www.gaveanews.com\/index.php\/2025\/10\/22\/flamengo-familiares-de-vitimas-do-incendio-no-ninho-se-revoltam-com-nova-decisao-da-justica\/\"},\"author\":{\"name\":\"Reda\u00e7\u00e3o\",\"@id\":\"https:\/\/www.gaveanews.com\/#\/schema\/person\/c88645e3d550d0b6574305e67dd5a716\"},\"headline\":\"Flamengo: familiares de v\u00edtimas do inc\u00eandio no Ninho se revoltam com nova decis\u00e3o da Justi\u00e7a\",\"datePublished\":\"2025-10-22T19:00:00+00:00\",\"mainEntityOfPage\":{\"@id\":\"https:\/\/www.gaveanews.com\/index.php\/2025\/10\/22\/flamengo-familiares-de-vitimas-do-incendio-no-ninho-se-revoltam-com-nova-decisao-da-justica\/\"},\"wordCount\":377,\"commentCount\":0,\"image\":{\"@id\":\"https:\/\/www.gaveanews.com\/index.php\/2025\/10\/22\/flamengo-familiares-de-vitimas-do-incendio-no-ninho-se-revoltam-com-nova-decisao-da-justica\/#primaryimage\"},\"thumbnailUrl\":\"https:\/\/www.gaveanews.com\/wp-content\/uploads\/Ninho-do-Urubu-1.webp\",\"articleSection\":[\"Flamengo\"],\"inLanguage\":\"pt-BR\",\"potentialAction\":[{\"@type\":\"CommentAction\",\"name\":\"Comment\",\"target\":[\"https:\/\/www.gaveanews.com\/index.php\/2025\/10\/22\/flamengo-familiares-de-vitimas-do-incendio-no-ninho-se-revoltam-com-nova-decisao-da-justica\/#respond\"]}],\"copyrightYear\":\"2025\",\"copyrightHolder\":{\"@id\":\"https:\/\/www.gaveanews.com\/#organization\"}},{\"@type\":\"WebPage\",\"@id\":\"https:\/\/www.gaveanews.com\/index.php\/2025\/10\/22\/flamengo-familiares-de-vitimas-do-incendio-no-ninho-se-revoltam-com-nova-decisao-da-justica\/\",\"url\":\"https:\/\/www.gaveanews.com\/index.php\/2025\/10\/22\/flamengo-familiares-de-vitimas-do-incendio-no-ninho-se-revoltam-com-nova-decisao-da-justica\/\",\"name\":\"Flamengo: familiares de v\u00edtimas do inc\u00eandio no Ninho se revoltam com nova decis\u00e3o da Justi\u00e7a\",\"isPartOf\":{\"@id\":\"https:\/\/www.gaveanews.com\/#website\"},\"primaryImageOfPage\":{\"@id\":\"https:\/\/www.gaveanews.com\/index.php\/2025\/10\/22\/flamengo-familiares-de-vitimas-do-incendio-no-ninho-se-revoltam-com-nova-decisao-da-justica\/#primaryimage\"},\"image\":{\"@id\":\"https:\/\/www.gaveanews.com\/index.php\/2025\/10\/22\/flamengo-familiares-de-vitimas-do-incendio-no-ninho-se-revoltam-com-nova-decisao-da-justica\/#primaryimage\"},\"thumbnailUrl\":\"https:\/\/www.gaveanews.com\/wp-content\/uploads\/Ninho-do-Urubu-1.webp\",\"datePublished\":\"2025-10-22T19:00:00+00:00\",\"author\":{\"@id\":\"https:\/\/www.gaveanews.com\/#\/schema\/person\/c88645e3d550d0b6574305e67dd5a716\"},\"breadcrumb\":{\"@id\":\"https:\/\/www.gaveanews.com\/index.php\/2025\/10\/22\/flamengo-familiares-de-vitimas-do-incendio-no-ninho-se-revoltam-com-nova-decisao-da-justica\/#breadcrumb\"},\"inLanguage\":\"pt-BR\",\"potentialAction\":[{\"@type\":\"ReadAction\",\"target\":[\"https:\/\/www.gaveanews.com\/index.php\/2025\/10\/22\/flamengo-familiares-de-vitimas-do-incendio-no-ninho-se-revoltam-com-nova-decisao-da-justica\/\"]}]},{\"@type\":\"ImageObject\",\"inLanguage\":\"pt-BR\",\"@id\":\"https:\/\/www.gaveanews.com\/index.php\/2025\/10\/22\/flamengo-familiares-de-vitimas-do-incendio-no-ninho-se-revoltam-com-nova-decisao-da-justica\/#primaryimage\",\"url\":\"https:\/\/www.gaveanews.com\/wp-content\/uploads\/Ninho-do-Urubu-1.webp\",\"contentUrl\":\"https:\/\/www.gaveanews.com\/wp-content\/uploads\/Ninho-do-Urubu-1.webp\",\"width\":700,\"height\":463,\"caption\":\"Ninho do Urubu (Foto: Reprodu\u00e7\u00e3o)\"},{\"@type\":\"BreadcrumbList\",\"@id\":\"https:\/\/www.gaveanews.com\/index.php\/2025\/10\/22\/flamengo-familiares-de-vitimas-do-incendio-no-ninho-se-revoltam-com-nova-decisao-da-justica\/#breadcrumb\",\"itemListElement\":[{\"@type\":\"ListItem\",\"position\":1,\"name\":\"Home\",\"item\":\"https:\/\/www.gaveanews.com\/\"},{\"@type\":\"ListItem\",\"position\":2,\"name\":\"Flamengo: familiares de v\u00edtimas do inc\u00eandio no Ninho se revoltam com nova decis\u00e3o da Justi\u00e7a\"}]},{\"@type\":\"WebSite\",\"@id\":\"https:\/\/www.gaveanews.com\/#website\",\"url\":\"https:\/\/www.gaveanews.com\/\",\"name\":\"G\u00e1vea News\",\"description\":\"Veja todas as not\u00edcias sobre o Flamengo: Contrata\u00e7\u00f5es, categorias de base, resultados das partidas, tabela de classifica\u00e7\u00e3o, pr\u00f3ximos jogos!\",\"potentialAction\":[{\"@type\":\"SearchAction\",\"target\":{\"@type\":\"EntryPoint\",\"urlTemplate\":\"https:\/\/www.gaveanews.com\/?s={search_term_string}\"},\"query-input\":{\"@type\":\"PropertyValueSpecification\",\"valueRequired\":true,\"valueName\":\"search_term_string\"}}],\"inLanguage\":\"pt-BR\"},{\"@type\":\"Person\",\"@id\":\"https:\/\/www.gaveanews.com\/#\/schema\/person\/c88645e3d550d0b6574305e67dd5a716\",\"name\":\"Reda\u00e7\u00e3o\",\"image\":{\"@type\":\"ImageObject\",\"inLanguage\":\"pt-BR\",\"@id\":\"https:\/\/www.gaveanews.com\/#\/schema\/person\/image\/\",\"url\":\"https:\/\/secure.gravatar.com\/avatar\/434098fd823f0dc1b062d14ca22bacaa6e38de28d8c816bbef6fc2f8c44d8ba3?s=96&d=mm&r=g\",\"contentUrl\":\"https:\/\/secure.gravatar.com\/avatar\/434098fd823f0dc1b062d14ca22bacaa6e38de28d8c816bbef6fc2f8c44d8ba3?s=96&d=mm&r=g\",\"caption\":\"Reda\u00e7\u00e3o\"}}]}<\/script>\n<!-- \/ Yoast SEO Premium plugin. -->","yoast_head_json":{"title":"Flamengo: familiares de v\u00edtimas do inc\u00eandio no Ninho se revoltam com nova decis\u00e3o da Justi\u00e7a","robots":{"index":"index","follow":"follow","max-snippet":"max-snippet:-1","max-image-preview":"max-image-preview:large","max-video-preview":"max-video-preview:-1"},"canonical":"https:\/\/www.gaveanews.com\/index.php\/2025\/10\/22\/flamengo-familiares-de-vitimas-do-incendio-no-ninho-se-revoltam-com-nova-decisao-da-justica\/","og_locale":"pt_BR","og_type":"article","og_title":"Flamengo: familiares de v\u00edtimas do inc\u00eandio no Ninho se revoltam com nova decis\u00e3o da Justi\u00e7a","og_description":"As fam\u00edlias dos dez garotos mortos na trag\u00e9dia do Ninho do Urubu reagiram \u00e0 absolvi\u00e7\u00e3o dos sete r\u00e9us na 36\u00aa Vara Criminal da Capital, no Rio. A decis\u00e3o, em primeira inst\u00e2ncia, envolve o inc\u00eandio de 2019 nas categorias de base do Flamengo. Na ter\u00e7a-feira (21 de outubro), o juiz Tiago Fernandes de Barros assinou a [&hellip;]","og_url":"https:\/\/www.gaveanews.com\/index.php\/2025\/10\/22\/flamengo-familiares-de-vitimas-do-incendio-no-ninho-se-revoltam-com-nova-decisao-da-justica\/","og_site_name":"G\u00e1vea News","article_publisher":"https:\/\/facebook.com\/gaveaNews\/","article_published_time":"2025-10-22T19:00:00+00:00","og_image":[{"width":700,"height":463,"url":"https:\/\/www.gaveanews.com\/wp-content\/uploads\/Ninho-do-Urubu-1.webp","type":"image\/jpeg"}],"author":"Reda\u00e7\u00e3o","twitter_card":"summary_large_image","twitter_misc":{"Escrito por":"Reda\u00e7\u00e3o","Est. tempo de leitura":"3 minutos"},"schema":{"@context":"https:\/\/schema.org","@graph":[{"@type":"NewsArticle","@id":"https:\/\/www.gaveanews.com\/index.php\/2025\/10\/22\/flamengo-familiares-de-vitimas-do-incendio-no-ninho-se-revoltam-com-nova-decisao-da-justica\/#article","isPartOf":{"@id":"https:\/\/www.gaveanews.com\/index.php\/2025\/10\/22\/flamengo-familiares-de-vitimas-do-incendio-no-ninho-se-revoltam-com-nova-decisao-da-justica\/"},"author":{"name":"Reda\u00e7\u00e3o","@id":"https:\/\/www.gaveanews.com\/#\/schema\/person\/c88645e3d550d0b6574305e67dd5a716"},"headline":"Flamengo: familiares de v\u00edtimas do inc\u00eandio no Ninho se revoltam com nova decis\u00e3o da Justi\u00e7a","datePublished":"2025-10-22T19:00:00+00:00","mainEntityOfPage":{"@id":"https:\/\/www.gaveanews.com\/index.php\/2025\/10\/22\/flamengo-familiares-de-vitimas-do-incendio-no-ninho-se-revoltam-com-nova-decisao-da-justica\/"},"wordCount":377,"commentCount":0,"image":{"@id":"https:\/\/www.gaveanews.com\/index.php\/2025\/10\/22\/flamengo-familiares-de-vitimas-do-incendio-no-ninho-se-revoltam-com-nova-decisao-da-justica\/#primaryimage"},"thumbnailUrl":"https:\/\/www.gaveanews.com\/wp-content\/uploads\/Ninho-do-Urubu-1.webp","articleSection":["Flamengo"],"inLanguage":"pt-BR","potentialAction":[{"@type":"CommentAction","name":"Comment","target":["https:\/\/www.gaveanews.com\/index.php\/2025\/10\/22\/flamengo-familiares-de-vitimas-do-incendio-no-ninho-se-revoltam-com-nova-decisao-da-justica\/#respond"]}],"copyrightYear":"2025","copyrightHolder":{"@id":"https:\/\/www.gaveanews.com\/#organization"}},{"@type":"WebPage","@id":"https:\/\/www.gaveanews.com\/index.php\/2025\/10\/22\/flamengo-familiares-de-vitimas-do-incendio-no-ninho-se-revoltam-com-nova-decisao-da-justica\/","url":"https:\/\/www.gaveanews.com\/index.php\/2025\/10\/22\/flamengo-familiares-de-vitimas-do-incendio-no-ninho-se-revoltam-com-nova-decisao-da-justica\/","name":"Flamengo: familiares de v\u00edtimas do inc\u00eandio no Ninho se revoltam com nova decis\u00e3o da Justi\u00e7a","isPartOf":{"@id":"https:\/\/www.gaveanews.com\/#website"},"primaryImageOfPage":{"@id":"https:\/\/www.gaveanews.com\/index.php\/2025\/10\/22\/flamengo-familiares-de-vitimas-do-incendio-no-ninho-se-revoltam-com-nova-decisao-da-justica\/#primaryimage"},"image":{"@id":"https:\/\/www.gaveanews.com\/index.php\/2025\/10\/22\/flamengo-familiares-de-vitimas-do-incendio-no-ninho-se-revoltam-com-nova-decisao-da-justica\/#primaryimage"},"thumbnailUrl":"https:\/\/www.gaveanews.com\/wp-content\/uploads\/Ninho-do-Urubu-1.webp","datePublished":"2025-10-22T19:00:00+00:00","author":{"@id":"https:\/\/www.gaveanews.com\/#\/schema\/person\/c88645e3d550d0b6574305e67dd5a716"},"breadcrumb":{"@id":"https:\/\/www.gaveanews.com\/index.php\/2025\/10\/22\/flamengo-familiares-de-vitimas-do-incendio-no-ninho-se-revoltam-com-nova-decisao-da-justica\/#breadcrumb"},"inLanguage":"pt-BR","potentialAction":[{"@type":"ReadAction","target":["https:\/\/www.gaveanews.com\/index.php\/2025\/10\/22\/flamengo-familiares-de-vitimas-do-incendio-no-ninho-se-revoltam-com-nova-decisao-da-justica\/"]}]},{"@type":"ImageObject","inLanguage":"pt-BR","@id":"https:\/\/www.gaveanews.com\/index.php\/2025\/10\/22\/flamengo-familiares-de-vitimas-do-incendio-no-ninho-se-revoltam-com-nova-decisao-da-justica\/#primaryimage","url":"https:\/\/www.gaveanews.com\/wp-content\/uploads\/Ninho-do-Urubu-1.webp","contentUrl":"https:\/\/www.gaveanews.com\/wp-content\/uploads\/Ninho-do-Urubu-1.webp","width":700,"height":463,"caption":"Ninho do Urubu (Foto: Reprodu\u00e7\u00e3o)"},{"@type":"BreadcrumbList","@id":"https:\/\/www.gaveanews.com\/index.php\/2025\/10\/22\/flamengo-familiares-de-vitimas-do-incendio-no-ninho-se-revoltam-com-nova-decisao-da-justica\/#breadcrumb","itemListElement":[{"@type":"ListItem","position":1,"name":"Home","item":"https:\/\/www.gaveanews.com\/"},{"@type":"ListItem","position":2,"name":"Flamengo: familiares de v\u00edtimas do inc\u00eandio no Ninho se revoltam com nova decis\u00e3o da Justi\u00e7a"}]},{"@type":"WebSite","@id":"https:\/\/www.gaveanews.com\/#website","url":"https:\/\/www.gaveanews.com\/","name":"G\u00e1vea News","description":"Veja todas as not\u00edcias sobre o Flamengo: Contrata\u00e7\u00f5es, categorias de base, resultados das partidas, tabela de classifica\u00e7\u00e3o, pr\u00f3ximos jogos!","potentialAction":[{"@type":"SearchAction","target":{"@type":"EntryPoint","urlTemplate":"https:\/\/www.gaveanews.com\/?s={search_term_string}"},"query-input":{"@type":"PropertyValueSpecification","valueRequired":true,"valueName":"search_term_string"}}],"inLanguage":"pt-BR"},{"@type":"Person","@id":"https:\/\/www.gaveanews.com\/#\/schema\/person\/c88645e3d550d0b6574305e67dd5a716","name":"Reda\u00e7\u00e3o","image":{"@type":"ImageObject","inLanguage":"pt-BR","@id":"https:\/\/www.gaveanews.com\/#\/schema\/person\/image\/","url":"https:\/\/secure.gravatar.com\/avatar\/434098fd823f0dc1b062d14ca22bacaa6e38de28d8c816bbef6fc2f8c44d8ba3?s=96&d=mm&r=g","contentUrl":"https:\/\/secure.gravatar.com\/avatar\/434098fd823f0dc1b062d14ca22bacaa6e38de28d8c816bbef6fc2f8c44d8ba3?s=96&d=mm&r=g","caption":"Reda\u00e7\u00e3o"}}]}},"_links":{"self":[{"href":"https:\/\/www.gaveanews.com\/index.php\/wp-json\/wp\/v2\/posts\/279049","targetHints":{"allow":["GET"]}}],"collection":[{"href":"https:\/\/www.gaveanews.com\/index.php\/wp-json\/wp\/v2\/posts"}],"about":[{"href":"https:\/\/www.gaveanews.com\/index.php\/wp-json\/wp\/v2\/types\/post"}],"author":[{"embeddable":true,"href":"https:\/\/www.gaveanews.com\/index.php\/wp-json\/wp\/v2\/users\/39"}],"replies":[{"embeddable":true,"href":"https:\/\/www.gaveanews.com\/index.php\/wp-json\/wp\/v2\/comments?post=279049"}],"version-history":[{"count":1,"href":"https:\/\/www.gaveanews.com\/index.php\/wp-json\/wp\/v2\/posts\/279049\/revisions"}],"predecessor-version":[{"id":279070,"href":"https:\/\/www.gaveanews.com\/index.php\/wp-json\/wp\/v2\/posts\/279049\/revisions\/279070"}],"wp:featuredmedia":[{"embeddable":true,"href":"https:\/\/www.gaveanews.com\/index.php\/wp-json\/wp\/v2\/media\/121377"}],"wp:attachment":[{"href":"https:\/\/www.gaveanews.com\/index.php\/wp-json\/wp\/v2\/media?parent=279049"}],"wp:term":[{"taxonomy":"category","embeddable":true,"href":"https:\/\/www.gaveanews.com\/index.php\/wp-json\/wp\/v2\/categories?post=279049"},{"taxonomy":"post_tag","embeddable":true,"href":"https:\/\/www.gaveanews.com\/index.php\/wp-json\/wp\/v2\/tags?post=279049"}],"curies":[{"name":"wp","href":"https:\/\/api.w.org\/{rel}","templated":true}]}}