{"id":279050,"date":"2025-10-22T15:30:00","date_gmt":"2025-10-22T18:30:00","guid":{"rendered":"https:\/\/www.gaveanews.com\/?p=279050"},"modified":"2025-10-22T14:57:17","modified_gmt":"2025-10-22T17:57:17","slug":"torcida-do-flamengo-emite-nota-oficial-antes-de-partida-contra-o-racing","status":"publish","type":"post","link":"https:\/\/www.gaveanews.com\/index.php\/2025\/10\/22\/torcida-do-flamengo-emite-nota-oficial-antes-de-partida-contra-o-racing\/","title":{"rendered":"Torcida do Flamengo emite nota oficial antes de partida contra o Racing"},"content":{"rendered":"\n<p>Nesta quarta-feira (22 de outubro), o <a href=\"https:\/\/www.gaveanews.com\/index.php\/category\/brasileirao\/flamengo\/\" target=\"_blank\" rel=\"noopener noreferrer\">Flamengo<\/a> enfrenta o Racing pelas semifinais da Libertadores. A partida come\u00e7a \u00e0s 21h30 (hor\u00e1rio de Bras\u00edlia), no Maracan\u00e3, e os torcedores est\u00e3o planejando uma mobiliza\u00e7\u00e3o que envolve a\u00e7\u00f5es no est\u00e1dio e no Ninho do Urubu.<\/p>\n\n\n\n<p>Grupos anunciaram recep\u00e7\u00e3o \u00e0 delega\u00e7\u00e3o no Ninho do Urubu, com in\u00edcio \u00e0s 18 horas (hor\u00e1rio de Bras\u00edlia). No Maracan\u00e3, torcedores planejam um mosaico especial, que \u00e9 visto como o \u201cmaior mosaico do novo Maracan\u00e3\u201d, e ser\u00e1 divulgado na entrada dos times no gramado para o confronto.<\/p>\n\n\n\n<p>Vale ressaltar que as torcidas organizadas do clube divulgaram uma nota conjunta e se colocaram contra a mobiliza\u00e7\u00e3o no centro de treinamento. O foco, segundo elas, deve ser a festa no est\u00e1dio, e a justificativa foi a seguinte: &#8220;N\u00e3o compareceremos ao Ninho do Urubu, fato esse que pode atrapalhar a prepara\u00e7\u00e3o e log\u00edstica do Clube para o jogo&#8221;.<\/p>\n\n\n\n<p>Assinaram o comunicado a Ra\u00e7a Rubro-Negra, Falange Rubro-Negra, FlaMangua\u00e7a, Urubuzada, Imp\u00e9rio Rubro-Negro, FlaRoots e Na\u00e7\u00e3o 12. Ao fim da nota, as organizadas convocaram os torcedores a seguirem suas instru\u00e7\u00f5es.<\/p>\n\n\n\n<p>Entre as orienta\u00e7\u00f5es citadas, a maior preocupa\u00e7\u00e3o das organizadas \u00e9 com a a\u00e7\u00e3o no Maracan\u00e3. Elas pediram para que rubro-negros entrem cedo, n\u00e3o retirem as placas do lugar, n\u00e3o se aglomerem nas escadas e s\u00f3 levantem as placas na entrada do time. Qualquer ato exercido de maneira diferente das instru\u00e7\u00e3o pode atrapalhar a festa.<\/p>\n\n\n\n<p>Se por um lado as organizadas se manifestam contra a ida para o Ninho do Urubu, outros torcedores seguem o planejamento de encontrar o time na sa\u00edda do Centro de Treinamento, como forma de apoio no trajeto rumo ao est\u00e1dio. <\/p>\n\n\n\n<p>O Flamengo tentar\u00e1, com o apoio de sua torcida, construir um bom resultado em casa para levar vantagem na briga por uma vaga na grande final. O jogo de volta acontece na quarta-feira (29 de outubro), \u00e0s 21h30 (hor\u00e1rio de Bras\u00edlia), no Est\u00e1dio Presidente Per\u00f3n, na Argentina. <\/p>\n","protected":false},"excerpt":{"rendered":"<p>Nesta quarta-feira (22 de outubro), o Flamengo enfrenta o Racing pelas semifinais da Libertadores. A partida come\u00e7a \u00e0s 21h30 (hor\u00e1rio de Bras\u00edlia), no Maracan\u00e3, e os torcedores est\u00e3o planejando uma mobiliza\u00e7\u00e3o que envolve a\u00e7\u00f5es no est\u00e1dio e no Ninho do Urubu. Grupos anunciaram recep\u00e7\u00e3o \u00e0 delega\u00e7\u00e3o no Ninho do Urubu, com in\u00edcio \u00e0s 18 horas [&hellip;]<\/p>\n","protected":false},"author":39,"featured_media":151089,"comment_status":"open","ping_status":"closed","sticky":false,"template":"","format":"standard","meta":{"footnotes":""},"categories":[1],"tags":[],"class_list":["post-279050","post","type-post","status-publish","format-standard","has-post-thumbnail","hentry","category-flamengo"],"yoast_head":"<!-- This site is optimized with the Yoast SEO Premium plugin v24.2 (Yoast SEO v26.9) - https:\/\/yoast.com\/product\/yoast-seo-premium-wordpress\/ -->\n<title>Torcida do Flamengo emite nota oficial antes de partida contra o Racing<\/title>\n<meta name=\"robots\" content=\"index, follow, max-snippet:-1, max-image-preview:large, max-video-preview:-1\" \/>\n<link rel=\"canonical\" href=\"https:\/\/www.gaveanews.com\/index.php\/2025\/10\/22\/torcida-do-flamengo-emite-nota-oficial-antes-de-partida-contra-o-racing\/\" \/>\n<meta property=\"og:locale\" content=\"pt_BR\" \/>\n<meta property=\"og:type\" content=\"article\" \/>\n<meta property=\"og:title\" content=\"Torcida do Flamengo emite nota oficial antes de partida contra o Racing\" \/>\n<meta property=\"og:description\" content=\"Nesta quarta-feira (22 de outubro), o Flamengo enfrenta o Racing pelas semifinais da Libertadores. A partida come\u00e7a \u00e0s 21h30 (hor\u00e1rio de Bras\u00edlia), no Maracan\u00e3, e os torcedores est\u00e3o planejando uma mobiliza\u00e7\u00e3o que envolve a\u00e7\u00f5es no est\u00e1dio e no Ninho do Urubu. Grupos anunciaram recep\u00e7\u00e3o \u00e0 delega\u00e7\u00e3o no Ninho do Urubu, com in\u00edcio \u00e0s 18 horas [&hellip;]\" \/>\n<meta property=\"og:url\" content=\"https:\/\/www.gaveanews.com\/index.php\/2025\/10\/22\/torcida-do-flamengo-emite-nota-oficial-antes-de-partida-contra-o-racing\/\" \/>\n<meta property=\"og:site_name\" content=\"G\u00e1vea News\" \/>\n<meta property=\"article:publisher\" content=\"https:\/\/facebook.com\/gaveaNews\/\" \/>\n<meta property=\"article:published_time\" content=\"2025-10-22T18:30:00+00:00\" \/>\n<meta property=\"og:image\" content=\"https:\/\/www.gaveanews.com\/wp-content\/uploads\/Torcida-do-Flamengo-no-estadio-do-Maracana.webp\" \/>\n\t<meta property=\"og:image:width\" content=\"1220\" \/>\n\t<meta property=\"og:image:height\" content=\"674\" \/>\n\t<meta property=\"og:image:type\" content=\"image\/jpeg\" \/>\n<meta name=\"author\" content=\"Reda\u00e7\u00e3o\" \/>\n<meta name=\"twitter:card\" content=\"summary_large_image\" \/>\n<meta name=\"twitter:label1\" content=\"Escrito por\" \/>\n\t<meta name=\"twitter:data1\" content=\"Reda\u00e7\u00e3o\" \/>\n\t<meta name=\"twitter:label2\" content=\"Est. tempo de leitura\" \/>\n\t<meta name=\"twitter:data2\" content=\"2 minutos\" \/>\n<script type=\"application\/ld+json\" class=\"yoast-schema-graph\">{\"@context\":\"https:\/\/schema.org\",\"@graph\":[{\"@type\":\"NewsArticle\",\"@id\":\"https:\/\/www.gaveanews.com\/index.php\/2025\/10\/22\/torcida-do-flamengo-emite-nota-oficial-antes-de-partida-contra-o-racing\/#article\",\"isPartOf\":{\"@id\":\"https:\/\/www.gaveanews.com\/index.php\/2025\/10\/22\/torcida-do-flamengo-emite-nota-oficial-antes-de-partida-contra-o-racing\/\"},\"author\":{\"name\":\"Reda\u00e7\u00e3o\",\"@id\":\"https:\/\/www.gaveanews.com\/#\/schema\/person\/c88645e3d550d0b6574305e67dd5a716\"},\"headline\":\"Torcida do Flamengo emite nota oficial antes de partida contra o Racing\",\"datePublished\":\"2025-10-22T18:30:00+00:00\",\"mainEntityOfPage\":{\"@id\":\"https:\/\/www.gaveanews.com\/index.php\/2025\/10\/22\/torcida-do-flamengo-emite-nota-oficial-antes-de-partida-contra-o-racing\/\"},\"wordCount\":354,\"commentCount\":0,\"image\":{\"@id\":\"https:\/\/www.gaveanews.com\/index.php\/2025\/10\/22\/torcida-do-flamengo-emite-nota-oficial-antes-de-partida-contra-o-racing\/#primaryimage\"},\"thumbnailUrl\":\"https:\/\/www.gaveanews.com\/wp-content\/uploads\/Torcida-do-Flamengo-no-estadio-do-Maracana.webp\",\"articleSection\":[\"Flamengo\"],\"inLanguage\":\"pt-BR\",\"potentialAction\":[{\"@type\":\"CommentAction\",\"name\":\"Comment\",\"target\":[\"https:\/\/www.gaveanews.com\/index.php\/2025\/10\/22\/torcida-do-flamengo-emite-nota-oficial-antes-de-partida-contra-o-racing\/#respond\"]}],\"copyrightYear\":\"2025\",\"copyrightHolder\":{\"@id\":\"https:\/\/www.gaveanews.com\/#organization\"}},{\"@type\":\"WebPage\",\"@id\":\"https:\/\/www.gaveanews.com\/index.php\/2025\/10\/22\/torcida-do-flamengo-emite-nota-oficial-antes-de-partida-contra-o-racing\/\",\"url\":\"https:\/\/www.gaveanews.com\/index.php\/2025\/10\/22\/torcida-do-flamengo-emite-nota-oficial-antes-de-partida-contra-o-racing\/\",\"name\":\"Torcida do Flamengo emite nota oficial antes de partida contra o Racing\",\"isPartOf\":{\"@id\":\"https:\/\/www.gaveanews.com\/#website\"},\"primaryImageOfPage\":{\"@id\":\"https:\/\/www.gaveanews.com\/index.php\/2025\/10\/22\/torcida-do-flamengo-emite-nota-oficial-antes-de-partida-contra-o-racing\/#primaryimage\"},\"image\":{\"@id\":\"https:\/\/www.gaveanews.com\/index.php\/2025\/10\/22\/torcida-do-flamengo-emite-nota-oficial-antes-de-partida-contra-o-racing\/#primaryimage\"},\"thumbnailUrl\":\"https:\/\/www.gaveanews.com\/wp-content\/uploads\/Torcida-do-Flamengo-no-estadio-do-Maracana.webp\",\"datePublished\":\"2025-10-22T18:30:00+00:00\",\"author\":{\"@id\":\"https:\/\/www.gaveanews.com\/#\/schema\/person\/c88645e3d550d0b6574305e67dd5a716\"},\"breadcrumb\":{\"@id\":\"https:\/\/www.gaveanews.com\/index.php\/2025\/10\/22\/torcida-do-flamengo-emite-nota-oficial-antes-de-partida-contra-o-racing\/#breadcrumb\"},\"inLanguage\":\"pt-BR\",\"potentialAction\":[{\"@type\":\"ReadAction\",\"target\":[\"https:\/\/www.gaveanews.com\/index.php\/2025\/10\/22\/torcida-do-flamengo-emite-nota-oficial-antes-de-partida-contra-o-racing\/\"]}]},{\"@type\":\"ImageObject\",\"inLanguage\":\"pt-BR\",\"@id\":\"https:\/\/www.gaveanews.com\/index.php\/2025\/10\/22\/torcida-do-flamengo-emite-nota-oficial-antes-de-partida-contra-o-racing\/#primaryimage\",\"url\":\"https:\/\/www.gaveanews.com\/wp-content\/uploads\/Torcida-do-Flamengo-no-estadio-do-Maracana.webp\",\"contentUrl\":\"https:\/\/www.gaveanews.com\/wp-content\/uploads\/Torcida-do-Flamengo-no-estadio-do-Maracana.webp\",\"width\":1220,\"height\":674,\"caption\":\"Torcida do Flamengo no est\u00e1dio do Maracan\u00e3 (Foto: Paula Reis)\"},{\"@type\":\"BreadcrumbList\",\"@id\":\"https:\/\/www.gaveanews.com\/index.php\/2025\/10\/22\/torcida-do-flamengo-emite-nota-oficial-antes-de-partida-contra-o-racing\/#breadcrumb\",\"itemListElement\":[{\"@type\":\"ListItem\",\"position\":1,\"name\":\"Home\",\"item\":\"https:\/\/www.gaveanews.com\/\"},{\"@type\":\"ListItem\",\"position\":2,\"name\":\"Torcida do Flamengo emite nota oficial antes de partida contra o Racing\"}]},{\"@type\":\"WebSite\",\"@id\":\"https:\/\/www.gaveanews.com\/#website\",\"url\":\"https:\/\/www.gaveanews.com\/\",\"name\":\"G\u00e1vea News\",\"description\":\"Veja todas as not\u00edcias sobre o Flamengo: Contrata\u00e7\u00f5es, categorias de base, resultados das partidas, tabela de classifica\u00e7\u00e3o, pr\u00f3ximos jogos!\",\"potentialAction\":[{\"@type\":\"SearchAction\",\"target\":{\"@type\":\"EntryPoint\",\"urlTemplate\":\"https:\/\/www.gaveanews.com\/?s={search_term_string}\"},\"query-input\":{\"@type\":\"PropertyValueSpecification\",\"valueRequired\":true,\"valueName\":\"search_term_string\"}}],\"inLanguage\":\"pt-BR\"},{\"@type\":\"Person\",\"@id\":\"https:\/\/www.gaveanews.com\/#\/schema\/person\/c88645e3d550d0b6574305e67dd5a716\",\"name\":\"Reda\u00e7\u00e3o\",\"image\":{\"@type\":\"ImageObject\",\"inLanguage\":\"pt-BR\",\"@id\":\"https:\/\/www.gaveanews.com\/#\/schema\/person\/image\/\",\"url\":\"https:\/\/secure.gravatar.com\/avatar\/434098fd823f0dc1b062d14ca22bacaa6e38de28d8c816bbef6fc2f8c44d8ba3?s=96&d=mm&r=g\",\"contentUrl\":\"https:\/\/secure.gravatar.com\/avatar\/434098fd823f0dc1b062d14ca22bacaa6e38de28d8c816bbef6fc2f8c44d8ba3?s=96&d=mm&r=g\",\"caption\":\"Reda\u00e7\u00e3o\"}}]}<\/script>\n<!-- \/ Yoast SEO Premium plugin. -->","yoast_head_json":{"title":"Torcida do Flamengo emite nota oficial antes de partida contra o Racing","robots":{"index":"index","follow":"follow","max-snippet":"max-snippet:-1","max-image-preview":"max-image-preview:large","max-video-preview":"max-video-preview:-1"},"canonical":"https:\/\/www.gaveanews.com\/index.php\/2025\/10\/22\/torcida-do-flamengo-emite-nota-oficial-antes-de-partida-contra-o-racing\/","og_locale":"pt_BR","og_type":"article","og_title":"Torcida do Flamengo emite nota oficial antes de partida contra o Racing","og_description":"Nesta quarta-feira (22 de outubro), o Flamengo enfrenta o Racing pelas semifinais da Libertadores. A partida come\u00e7a \u00e0s 21h30 (hor\u00e1rio de Bras\u00edlia), no Maracan\u00e3, e os torcedores est\u00e3o planejando uma mobiliza\u00e7\u00e3o que envolve a\u00e7\u00f5es no est\u00e1dio e no Ninho do Urubu. Grupos anunciaram recep\u00e7\u00e3o \u00e0 delega\u00e7\u00e3o no Ninho do Urubu, com in\u00edcio \u00e0s 18 horas [&hellip;]","og_url":"https:\/\/www.gaveanews.com\/index.php\/2025\/10\/22\/torcida-do-flamengo-emite-nota-oficial-antes-de-partida-contra-o-racing\/","og_site_name":"G\u00e1vea News","article_publisher":"https:\/\/facebook.com\/gaveaNews\/","article_published_time":"2025-10-22T18:30:00+00:00","og_image":[{"width":1220,"height":674,"url":"https:\/\/www.gaveanews.com\/wp-content\/uploads\/Torcida-do-Flamengo-no-estadio-do-Maracana.webp","type":"image\/jpeg"}],"author":"Reda\u00e7\u00e3o","twitter_card":"summary_large_image","twitter_misc":{"Escrito por":"Reda\u00e7\u00e3o","Est. tempo de leitura":"2 minutos"},"schema":{"@context":"https:\/\/schema.org","@graph":[{"@type":"NewsArticle","@id":"https:\/\/www.gaveanews.com\/index.php\/2025\/10\/22\/torcida-do-flamengo-emite-nota-oficial-antes-de-partida-contra-o-racing\/#article","isPartOf":{"@id":"https:\/\/www.gaveanews.com\/index.php\/2025\/10\/22\/torcida-do-flamengo-emite-nota-oficial-antes-de-partida-contra-o-racing\/"},"author":{"name":"Reda\u00e7\u00e3o","@id":"https:\/\/www.gaveanews.com\/#\/schema\/person\/c88645e3d550d0b6574305e67dd5a716"},"headline":"Torcida do Flamengo emite nota oficial antes de partida contra o Racing","datePublished":"2025-10-22T18:30:00+00:00","mainEntityOfPage":{"@id":"https:\/\/www.gaveanews.com\/index.php\/2025\/10\/22\/torcida-do-flamengo-emite-nota-oficial-antes-de-partida-contra-o-racing\/"},"wordCount":354,"commentCount":0,"image":{"@id":"https:\/\/www.gaveanews.com\/index.php\/2025\/10\/22\/torcida-do-flamengo-emite-nota-oficial-antes-de-partida-contra-o-racing\/#primaryimage"},"thumbnailUrl":"https:\/\/www.gaveanews.com\/wp-content\/uploads\/Torcida-do-Flamengo-no-estadio-do-Maracana.webp","articleSection":["Flamengo"],"inLanguage":"pt-BR","potentialAction":[{"@type":"CommentAction","name":"Comment","target":["https:\/\/www.gaveanews.com\/index.php\/2025\/10\/22\/torcida-do-flamengo-emite-nota-oficial-antes-de-partida-contra-o-racing\/#respond"]}],"copyrightYear":"2025","copyrightHolder":{"@id":"https:\/\/www.gaveanews.com\/#organization"}},{"@type":"WebPage","@id":"https:\/\/www.gaveanews.com\/index.php\/2025\/10\/22\/torcida-do-flamengo-emite-nota-oficial-antes-de-partida-contra-o-racing\/","url":"https:\/\/www.gaveanews.com\/index.php\/2025\/10\/22\/torcida-do-flamengo-emite-nota-oficial-antes-de-partida-contra-o-racing\/","name":"Torcida do Flamengo emite nota oficial antes de partida contra o Racing","isPartOf":{"@id":"https:\/\/www.gaveanews.com\/#website"},"primaryImageOfPage":{"@id":"https:\/\/www.gaveanews.com\/index.php\/2025\/10\/22\/torcida-do-flamengo-emite-nota-oficial-antes-de-partida-contra-o-racing\/#primaryimage"},"image":{"@id":"https:\/\/www.gaveanews.com\/index.php\/2025\/10\/22\/torcida-do-flamengo-emite-nota-oficial-antes-de-partida-contra-o-racing\/#primaryimage"},"thumbnailUrl":"https:\/\/www.gaveanews.com\/wp-content\/uploads\/Torcida-do-Flamengo-no-estadio-do-Maracana.webp","datePublished":"2025-10-22T18:30:00+00:00","author":{"@id":"https:\/\/www.gaveanews.com\/#\/schema\/person\/c88645e3d550d0b6574305e67dd5a716"},"breadcrumb":{"@id":"https:\/\/www.gaveanews.com\/index.php\/2025\/10\/22\/torcida-do-flamengo-emite-nota-oficial-antes-de-partida-contra-o-racing\/#breadcrumb"},"inLanguage":"pt-BR","potentialAction":[{"@type":"ReadAction","target":["https:\/\/www.gaveanews.com\/index.php\/2025\/10\/22\/torcida-do-flamengo-emite-nota-oficial-antes-de-partida-contra-o-racing\/"]}]},{"@type":"ImageObject","inLanguage":"pt-BR","@id":"https:\/\/www.gaveanews.com\/index.php\/2025\/10\/22\/torcida-do-flamengo-emite-nota-oficial-antes-de-partida-contra-o-racing\/#primaryimage","url":"https:\/\/www.gaveanews.com\/wp-content\/uploads\/Torcida-do-Flamengo-no-estadio-do-Maracana.webp","contentUrl":"https:\/\/www.gaveanews.com\/wp-content\/uploads\/Torcida-do-Flamengo-no-estadio-do-Maracana.webp","width":1220,"height":674,"caption":"Torcida do Flamengo no est\u00e1dio do Maracan\u00e3 (Foto: Paula Reis)"},{"@type":"BreadcrumbList","@id":"https:\/\/www.gaveanews.com\/index.php\/2025\/10\/22\/torcida-do-flamengo-emite-nota-oficial-antes-de-partida-contra-o-racing\/#breadcrumb","itemListElement":[{"@type":"ListItem","position":1,"name":"Home","item":"https:\/\/www.gaveanews.com\/"},{"@type":"ListItem","position":2,"name":"Torcida do Flamengo emite nota oficial antes de partida contra o Racing"}]},{"@type":"WebSite","@id":"https:\/\/www.gaveanews.com\/#website","url":"https:\/\/www.gaveanews.com\/","name":"G\u00e1vea News","description":"Veja todas as not\u00edcias sobre o Flamengo: Contrata\u00e7\u00f5es, categorias de base, resultados das partidas, tabela de classifica\u00e7\u00e3o, pr\u00f3ximos jogos!","potentialAction":[{"@type":"SearchAction","target":{"@type":"EntryPoint","urlTemplate":"https:\/\/www.gaveanews.com\/?s={search_term_string}"},"query-input":{"@type":"PropertyValueSpecification","valueRequired":true,"valueName":"search_term_string"}}],"inLanguage":"pt-BR"},{"@type":"Person","@id":"https:\/\/www.gaveanews.com\/#\/schema\/person\/c88645e3d550d0b6574305e67dd5a716","name":"Reda\u00e7\u00e3o","image":{"@type":"ImageObject","inLanguage":"pt-BR","@id":"https:\/\/www.gaveanews.com\/#\/schema\/person\/image\/","url":"https:\/\/secure.gravatar.com\/avatar\/434098fd823f0dc1b062d14ca22bacaa6e38de28d8c816bbef6fc2f8c44d8ba3?s=96&d=mm&r=g","contentUrl":"https:\/\/secure.gravatar.com\/avatar\/434098fd823f0dc1b062d14ca22bacaa6e38de28d8c816bbef6fc2f8c44d8ba3?s=96&d=mm&r=g","caption":"Reda\u00e7\u00e3o"}}]}},"_links":{"self":[{"href":"https:\/\/www.gaveanews.com\/index.php\/wp-json\/wp\/v2\/posts\/279050","targetHints":{"allow":["GET"]}}],"collection":[{"href":"https:\/\/www.gaveanews.com\/index.php\/wp-json\/wp\/v2\/posts"}],"about":[{"href":"https:\/\/www.gaveanews.com\/index.php\/wp-json\/wp\/v2\/types\/post"}],"author":[{"embeddable":true,"href":"https:\/\/www.gaveanews.com\/index.php\/wp-json\/wp\/v2\/users\/39"}],"replies":[{"embeddable":true,"href":"https:\/\/www.gaveanews.com\/index.php\/wp-json\/wp\/v2\/comments?post=279050"}],"version-history":[{"count":1,"href":"https:\/\/www.gaveanews.com\/index.php\/wp-json\/wp\/v2\/posts\/279050\/revisions"}],"predecessor-version":[{"id":279062,"href":"https:\/\/www.gaveanews.com\/index.php\/wp-json\/wp\/v2\/posts\/279050\/revisions\/279062"}],"wp:featuredmedia":[{"embeddable":true,"href":"https:\/\/www.gaveanews.com\/index.php\/wp-json\/wp\/v2\/media\/151089"}],"wp:attachment":[{"href":"https:\/\/www.gaveanews.com\/index.php\/wp-json\/wp\/v2\/media?parent=279050"}],"wp:term":[{"taxonomy":"category","embeddable":true,"href":"https:\/\/www.gaveanews.com\/index.php\/wp-json\/wp\/v2\/categories?post=279050"},{"taxonomy":"post_tag","embeddable":true,"href":"https:\/\/www.gaveanews.com\/index.php\/wp-json\/wp\/v2\/tags?post=279050"}],"curies":[{"name":"wp","href":"https:\/\/api.w.org\/{rel}","templated":true}]}}