{"id":279052,"date":"2025-10-22T15:00:00","date_gmt":"2025-10-22T18:00:00","guid":{"rendered":"https:\/\/www.gaveanews.com\/?p=279052"},"modified":"2025-10-22T14:42:52","modified_gmt":"2025-10-22T17:42:52","slug":"flamengo-tem-novidade-na-lista-de-relacionados-para-partida-contra-o-racing","status":"publish","type":"post","link":"https:\/\/www.gaveanews.com\/index.php\/2025\/10\/22\/flamengo-tem-novidade-na-lista-de-relacionados-para-partida-contra-o-racing\/","title":{"rendered":"Flamengo tem novidade na lista de relacionados para partida contra o Racing"},"content":{"rendered":"\n<p>O Flamengo contar\u00e1 com o retorno de L\u00e9o Ortiz na lista de relacionados para o confronto decisivo diante do Racing, marcado para esta quarta-feira (22), \u00e0s 21h30 (hor\u00e1rio de Bras\u00edlia), no Maracan\u00e3, pelas semifinais da Libertadores. A presen\u00e7a do zagueiro surpreende, sobretudo pelo cen\u00e1rio vivido h\u00e1 apenas tr\u00eas dias, quando precisou deixar o campo lesionado ainda no primeiro tempo da partida contra o Palmeiras.<\/p>\n\n\n\n<p>Na ocasi\u00e3o, Ortiz sofreu uma forte entrada e precisou ser substitu\u00eddo aos 26 minutos de jogo. Encaminhado diretamente ao hospital, passou por exames de imagem que descartaram fratura, mas diagnosticaram um estiramento no ligamento do tornozelo direito. Apesar da gravidade inicial, o defensor deu in\u00edcio imediato ao tratamento, inclusive realizando sess\u00f5es de fisioterapia em casa, o que acelerou seu processo de recupera\u00e7\u00e3o.<\/p>\n\n\n\n<p>Embora a presen\u00e7a na lista de relacionados j\u00e1 represente uma reviravolta, a confirma\u00e7\u00e3o da titularidade ainda depende de uma reavalia\u00e7\u00e3o m\u00e9dica. A evolu\u00e7\u00e3o do jogador surpreendeu positivamente, mas sua real condi\u00e7\u00e3o f\u00edsica ser\u00e1 testada horas antes da partida, quando ser\u00e1 reavalidado pelo departamento m\u00e9dico.<\/p>\n\n\n\n<p>A d\u00favida se estende ao poss\u00edvel substituto, caso Ortiz n\u00e3o tenha condi\u00e7\u00f5es. Danilo, que entrou no lugar do zagueiro na \u00faltima rodada, tamb\u00e9m apresenta problemas f\u00edsicos e n\u00e3o est\u00e1 100% recuperado de dores no joelho. Assim, a defini\u00e7\u00e3o sobre quem atuar\u00e1 ao lado de L\u00e9o Pereira ser\u00e1 tomada em conjunto pela comiss\u00e3o t\u00e9cnica e pelo departamento m\u00e9dico do clube.<\/p>\n\n\n\n<p>Ali\u00e1s, Ortiz agradou \u00e0 comiss\u00e3o durante os treinos realizados na segunda (20) e na ter\u00e7a-feira (21), participando de parte das atividades no campo junto aos demais companheiros. Por isso, seu nome foi mantido entre os convocados, mesmo que ainda exista cautela sobre sua utiliza\u00e7\u00e3o entre os titulares.<\/p>\n\n\n\n<p>O Flamengo chega para o confronto contra os argentinos com apenas um desfalque confirmado: Everton Cebolinha, vetado por conta de uma les\u00e3o no quadril. No mais, o elenco est\u00e1 completo, e a tend\u00eancia \u00e9 que o t\u00e9cnico Filipe Lu\u00eds mantenha a base que superou o Palmeiras no fim de semana.<\/p>\n\n\n\n<p>Por fim, a primeira partida entre Flamengo e Racing marca a abertura da s\u00e9rie semifinal da Libertadores. O duelo de volta est\u00e1 agendado para a pr\u00f3xima quarta-feira (29), tamb\u00e9m \u00e0s 21h30 (hor\u00e1rio de Bras\u00edlia), em solo argentino. O vencedor da eliminat\u00f3ria enfrentar\u00e1 quem avan\u00e7ar entre Palmeiras e LDU.<\/p>\n","protected":false},"excerpt":{"rendered":"<p>O Flamengo contar\u00e1 com o retorno de L\u00e9o Ortiz na lista de relacionados para o confronto decisivo diante do Racing, marcado para esta quarta-feira (22), \u00e0s 21h30 (hor\u00e1rio de Bras\u00edlia), no Maracan\u00e3, pelas semifinais da Libertadores. A presen\u00e7a do zagueiro surpreende, sobretudo pelo cen\u00e1rio vivido h\u00e1 apenas tr\u00eas dias, quando precisou deixar o campo lesionado [&hellip;]<\/p>\n","protected":false},"author":39,"featured_media":251455,"comment_status":"open","ping_status":"closed","sticky":false,"template":"","format":"standard","meta":{"footnotes":""},"categories":[1],"tags":[],"class_list":["post-279052","post","type-post","status-publish","format-standard","has-post-thumbnail","hentry","category-flamengo"],"yoast_head":"<!-- This site is optimized with the Yoast SEO Premium plugin v24.2 (Yoast SEO v26.9) - https:\/\/yoast.com\/product\/yoast-seo-premium-wordpress\/ -->\n<title>Flamengo tem novidade na lista de relacionados para partida contra o Racing<\/title>\n<meta name=\"robots\" content=\"index, follow, max-snippet:-1, max-image-preview:large, max-video-preview:-1\" \/>\n<link rel=\"canonical\" href=\"https:\/\/www.gaveanews.com\/index.php\/2025\/10\/22\/flamengo-tem-novidade-na-lista-de-relacionados-para-partida-contra-o-racing\/\" \/>\n<meta property=\"og:locale\" content=\"pt_BR\" \/>\n<meta property=\"og:type\" content=\"article\" \/>\n<meta property=\"og:title\" content=\"Flamengo tem novidade na lista de relacionados para partida contra o Racing\" \/>\n<meta property=\"og:description\" content=\"O Flamengo contar\u00e1 com o retorno de L\u00e9o Ortiz na lista de relacionados para o confronto decisivo diante do Racing, marcado para esta quarta-feira (22), \u00e0s 21h30 (hor\u00e1rio de Bras\u00edlia), no Maracan\u00e3, pelas semifinais da Libertadores. A presen\u00e7a do zagueiro surpreende, sobretudo pelo cen\u00e1rio vivido h\u00e1 apenas tr\u00eas dias, quando precisou deixar o campo lesionado [&hellip;]\" \/>\n<meta property=\"og:url\" content=\"https:\/\/www.gaveanews.com\/index.php\/2025\/10\/22\/flamengo-tem-novidade-na-lista-de-relacionados-para-partida-contra-o-racing\/\" \/>\n<meta property=\"og:site_name\" content=\"G\u00e1vea News\" \/>\n<meta property=\"article:publisher\" content=\"https:\/\/facebook.com\/gaveaNews\/\" \/>\n<meta property=\"article:published_time\" content=\"2025-10-22T18:00:00+00:00\" \/>\n<meta property=\"og:image\" content=\"https:\/\/www.gaveanews.com\/wp-content\/uploads\/Filipe-Luis-pelo-Flamengo.webp\" \/>\n\t<meta property=\"og:image:width\" content=\"477\" \/>\n\t<meta property=\"og:image:height\" content=\"291\" \/>\n\t<meta property=\"og:image:type\" content=\"image\/jpeg\" \/>\n<meta name=\"author\" content=\"Reda\u00e7\u00e3o\" \/>\n<meta name=\"twitter:card\" content=\"summary_large_image\" \/>\n<meta name=\"twitter:label1\" content=\"Escrito por\" \/>\n\t<meta name=\"twitter:data1\" content=\"Reda\u00e7\u00e3o\" \/>\n\t<meta name=\"twitter:label2\" content=\"Est. tempo de leitura\" \/>\n\t<meta name=\"twitter:data2\" content=\"3 minutos\" \/>\n<script type=\"application\/ld+json\" class=\"yoast-schema-graph\">{\"@context\":\"https:\/\/schema.org\",\"@graph\":[{\"@type\":\"NewsArticle\",\"@id\":\"https:\/\/www.gaveanews.com\/index.php\/2025\/10\/22\/flamengo-tem-novidade-na-lista-de-relacionados-para-partida-contra-o-racing\/#article\",\"isPartOf\":{\"@id\":\"https:\/\/www.gaveanews.com\/index.php\/2025\/10\/22\/flamengo-tem-novidade-na-lista-de-relacionados-para-partida-contra-o-racing\/\"},\"author\":{\"name\":\"Reda\u00e7\u00e3o\",\"@id\":\"https:\/\/www.gaveanews.com\/#\/schema\/person\/c88645e3d550d0b6574305e67dd5a716\"},\"headline\":\"Flamengo tem novidade na lista de relacionados para partida contra o Racing\",\"datePublished\":\"2025-10-22T18:00:00+00:00\",\"mainEntityOfPage\":{\"@id\":\"https:\/\/www.gaveanews.com\/index.php\/2025\/10\/22\/flamengo-tem-novidade-na-lista-de-relacionados-para-partida-contra-o-racing\/\"},\"wordCount\":424,\"commentCount\":0,\"image\":{\"@id\":\"https:\/\/www.gaveanews.com\/index.php\/2025\/10\/22\/flamengo-tem-novidade-na-lista-de-relacionados-para-partida-contra-o-racing\/#primaryimage\"},\"thumbnailUrl\":\"https:\/\/www.gaveanews.com\/wp-content\/uploads\/Filipe-Luis-pelo-Flamengo.webp\",\"articleSection\":[\"Flamengo\"],\"inLanguage\":\"pt-BR\",\"potentialAction\":[{\"@type\":\"CommentAction\",\"name\":\"Comment\",\"target\":[\"https:\/\/www.gaveanews.com\/index.php\/2025\/10\/22\/flamengo-tem-novidade-na-lista-de-relacionados-para-partida-contra-o-racing\/#respond\"]}],\"copyrightYear\":\"2025\",\"copyrightHolder\":{\"@id\":\"https:\/\/www.gaveanews.com\/#organization\"}},{\"@type\":\"WebPage\",\"@id\":\"https:\/\/www.gaveanews.com\/index.php\/2025\/10\/22\/flamengo-tem-novidade-na-lista-de-relacionados-para-partida-contra-o-racing\/\",\"url\":\"https:\/\/www.gaveanews.com\/index.php\/2025\/10\/22\/flamengo-tem-novidade-na-lista-de-relacionados-para-partida-contra-o-racing\/\",\"name\":\"Flamengo tem novidade na lista de relacionados para partida contra o Racing\",\"isPartOf\":{\"@id\":\"https:\/\/www.gaveanews.com\/#website\"},\"primaryImageOfPage\":{\"@id\":\"https:\/\/www.gaveanews.com\/index.php\/2025\/10\/22\/flamengo-tem-novidade-na-lista-de-relacionados-para-partida-contra-o-racing\/#primaryimage\"},\"image\":{\"@id\":\"https:\/\/www.gaveanews.com\/index.php\/2025\/10\/22\/flamengo-tem-novidade-na-lista-de-relacionados-para-partida-contra-o-racing\/#primaryimage\"},\"thumbnailUrl\":\"https:\/\/www.gaveanews.com\/wp-content\/uploads\/Filipe-Luis-pelo-Flamengo.webp\",\"datePublished\":\"2025-10-22T18:00:00+00:00\",\"author\":{\"@id\":\"https:\/\/www.gaveanews.com\/#\/schema\/person\/c88645e3d550d0b6574305e67dd5a716\"},\"breadcrumb\":{\"@id\":\"https:\/\/www.gaveanews.com\/index.php\/2025\/10\/22\/flamengo-tem-novidade-na-lista-de-relacionados-para-partida-contra-o-racing\/#breadcrumb\"},\"inLanguage\":\"pt-BR\",\"potentialAction\":[{\"@type\":\"ReadAction\",\"target\":[\"https:\/\/www.gaveanews.com\/index.php\/2025\/10\/22\/flamengo-tem-novidade-na-lista-de-relacionados-para-partida-contra-o-racing\/\"]}]},{\"@type\":\"ImageObject\",\"inLanguage\":\"pt-BR\",\"@id\":\"https:\/\/www.gaveanews.com\/index.php\/2025\/10\/22\/flamengo-tem-novidade-na-lista-de-relacionados-para-partida-contra-o-racing\/#primaryimage\",\"url\":\"https:\/\/www.gaveanews.com\/wp-content\/uploads\/Filipe-Luis-pelo-Flamengo.webp\",\"contentUrl\":\"https:\/\/www.gaveanews.com\/wp-content\/uploads\/Filipe-Luis-pelo-Flamengo.webp\",\"width\":477,\"height\":291,\"caption\":\"Filipe Lu\u00eds pelo Flamengo (Fotos: Gilvan de Souza\/Flamengo)\"},{\"@type\":\"BreadcrumbList\",\"@id\":\"https:\/\/www.gaveanews.com\/index.php\/2025\/10\/22\/flamengo-tem-novidade-na-lista-de-relacionados-para-partida-contra-o-racing\/#breadcrumb\",\"itemListElement\":[{\"@type\":\"ListItem\",\"position\":1,\"name\":\"Home\",\"item\":\"https:\/\/www.gaveanews.com\/\"},{\"@type\":\"ListItem\",\"position\":2,\"name\":\"Flamengo tem novidade na lista de relacionados para partida contra o Racing\"}]},{\"@type\":\"WebSite\",\"@id\":\"https:\/\/www.gaveanews.com\/#website\",\"url\":\"https:\/\/www.gaveanews.com\/\",\"name\":\"G\u00e1vea News\",\"description\":\"Veja todas as not\u00edcias sobre o Flamengo: Contrata\u00e7\u00f5es, categorias de base, resultados das partidas, tabela de classifica\u00e7\u00e3o, pr\u00f3ximos jogos!\",\"potentialAction\":[{\"@type\":\"SearchAction\",\"target\":{\"@type\":\"EntryPoint\",\"urlTemplate\":\"https:\/\/www.gaveanews.com\/?s={search_term_string}\"},\"query-input\":{\"@type\":\"PropertyValueSpecification\",\"valueRequired\":true,\"valueName\":\"search_term_string\"}}],\"inLanguage\":\"pt-BR\"},{\"@type\":\"Person\",\"@id\":\"https:\/\/www.gaveanews.com\/#\/schema\/person\/c88645e3d550d0b6574305e67dd5a716\",\"name\":\"Reda\u00e7\u00e3o\",\"image\":{\"@type\":\"ImageObject\",\"inLanguage\":\"pt-BR\",\"@id\":\"https:\/\/www.gaveanews.com\/#\/schema\/person\/image\/\",\"url\":\"https:\/\/secure.gravatar.com\/avatar\/434098fd823f0dc1b062d14ca22bacaa6e38de28d8c816bbef6fc2f8c44d8ba3?s=96&d=mm&r=g\",\"contentUrl\":\"https:\/\/secure.gravatar.com\/avatar\/434098fd823f0dc1b062d14ca22bacaa6e38de28d8c816bbef6fc2f8c44d8ba3?s=96&d=mm&r=g\",\"caption\":\"Reda\u00e7\u00e3o\"}}]}<\/script>\n<!-- \/ Yoast SEO Premium plugin. -->","yoast_head_json":{"title":"Flamengo tem novidade na lista de relacionados para partida contra o Racing","robots":{"index":"index","follow":"follow","max-snippet":"max-snippet:-1","max-image-preview":"max-image-preview:large","max-video-preview":"max-video-preview:-1"},"canonical":"https:\/\/www.gaveanews.com\/index.php\/2025\/10\/22\/flamengo-tem-novidade-na-lista-de-relacionados-para-partida-contra-o-racing\/","og_locale":"pt_BR","og_type":"article","og_title":"Flamengo tem novidade na lista de relacionados para partida contra o Racing","og_description":"O Flamengo contar\u00e1 com o retorno de L\u00e9o Ortiz na lista de relacionados para o confronto decisivo diante do Racing, marcado para esta quarta-feira (22), \u00e0s 21h30 (hor\u00e1rio de Bras\u00edlia), no Maracan\u00e3, pelas semifinais da Libertadores. A presen\u00e7a do zagueiro surpreende, sobretudo pelo cen\u00e1rio vivido h\u00e1 apenas tr\u00eas dias, quando precisou deixar o campo lesionado [&hellip;]","og_url":"https:\/\/www.gaveanews.com\/index.php\/2025\/10\/22\/flamengo-tem-novidade-na-lista-de-relacionados-para-partida-contra-o-racing\/","og_site_name":"G\u00e1vea News","article_publisher":"https:\/\/facebook.com\/gaveaNews\/","article_published_time":"2025-10-22T18:00:00+00:00","og_image":[{"width":477,"height":291,"url":"https:\/\/www.gaveanews.com\/wp-content\/uploads\/Filipe-Luis-pelo-Flamengo.webp","type":"image\/jpeg"}],"author":"Reda\u00e7\u00e3o","twitter_card":"summary_large_image","twitter_misc":{"Escrito por":"Reda\u00e7\u00e3o","Est. tempo de leitura":"3 minutos"},"schema":{"@context":"https:\/\/schema.org","@graph":[{"@type":"NewsArticle","@id":"https:\/\/www.gaveanews.com\/index.php\/2025\/10\/22\/flamengo-tem-novidade-na-lista-de-relacionados-para-partida-contra-o-racing\/#article","isPartOf":{"@id":"https:\/\/www.gaveanews.com\/index.php\/2025\/10\/22\/flamengo-tem-novidade-na-lista-de-relacionados-para-partida-contra-o-racing\/"},"author":{"name":"Reda\u00e7\u00e3o","@id":"https:\/\/www.gaveanews.com\/#\/schema\/person\/c88645e3d550d0b6574305e67dd5a716"},"headline":"Flamengo tem novidade na lista de relacionados para partida contra o Racing","datePublished":"2025-10-22T18:00:00+00:00","mainEntityOfPage":{"@id":"https:\/\/www.gaveanews.com\/index.php\/2025\/10\/22\/flamengo-tem-novidade-na-lista-de-relacionados-para-partida-contra-o-racing\/"},"wordCount":424,"commentCount":0,"image":{"@id":"https:\/\/www.gaveanews.com\/index.php\/2025\/10\/22\/flamengo-tem-novidade-na-lista-de-relacionados-para-partida-contra-o-racing\/#primaryimage"},"thumbnailUrl":"https:\/\/www.gaveanews.com\/wp-content\/uploads\/Filipe-Luis-pelo-Flamengo.webp","articleSection":["Flamengo"],"inLanguage":"pt-BR","potentialAction":[{"@type":"CommentAction","name":"Comment","target":["https:\/\/www.gaveanews.com\/index.php\/2025\/10\/22\/flamengo-tem-novidade-na-lista-de-relacionados-para-partida-contra-o-racing\/#respond"]}],"copyrightYear":"2025","copyrightHolder":{"@id":"https:\/\/www.gaveanews.com\/#organization"}},{"@type":"WebPage","@id":"https:\/\/www.gaveanews.com\/index.php\/2025\/10\/22\/flamengo-tem-novidade-na-lista-de-relacionados-para-partida-contra-o-racing\/","url":"https:\/\/www.gaveanews.com\/index.php\/2025\/10\/22\/flamengo-tem-novidade-na-lista-de-relacionados-para-partida-contra-o-racing\/","name":"Flamengo tem novidade na lista de relacionados para partida contra o Racing","isPartOf":{"@id":"https:\/\/www.gaveanews.com\/#website"},"primaryImageOfPage":{"@id":"https:\/\/www.gaveanews.com\/index.php\/2025\/10\/22\/flamengo-tem-novidade-na-lista-de-relacionados-para-partida-contra-o-racing\/#primaryimage"},"image":{"@id":"https:\/\/www.gaveanews.com\/index.php\/2025\/10\/22\/flamengo-tem-novidade-na-lista-de-relacionados-para-partida-contra-o-racing\/#primaryimage"},"thumbnailUrl":"https:\/\/www.gaveanews.com\/wp-content\/uploads\/Filipe-Luis-pelo-Flamengo.webp","datePublished":"2025-10-22T18:00:00+00:00","author":{"@id":"https:\/\/www.gaveanews.com\/#\/schema\/person\/c88645e3d550d0b6574305e67dd5a716"},"breadcrumb":{"@id":"https:\/\/www.gaveanews.com\/index.php\/2025\/10\/22\/flamengo-tem-novidade-na-lista-de-relacionados-para-partida-contra-o-racing\/#breadcrumb"},"inLanguage":"pt-BR","potentialAction":[{"@type":"ReadAction","target":["https:\/\/www.gaveanews.com\/index.php\/2025\/10\/22\/flamengo-tem-novidade-na-lista-de-relacionados-para-partida-contra-o-racing\/"]}]},{"@type":"ImageObject","inLanguage":"pt-BR","@id":"https:\/\/www.gaveanews.com\/index.php\/2025\/10\/22\/flamengo-tem-novidade-na-lista-de-relacionados-para-partida-contra-o-racing\/#primaryimage","url":"https:\/\/www.gaveanews.com\/wp-content\/uploads\/Filipe-Luis-pelo-Flamengo.webp","contentUrl":"https:\/\/www.gaveanews.com\/wp-content\/uploads\/Filipe-Luis-pelo-Flamengo.webp","width":477,"height":291,"caption":"Filipe Lu\u00eds pelo Flamengo (Fotos: Gilvan de Souza\/Flamengo)"},{"@type":"BreadcrumbList","@id":"https:\/\/www.gaveanews.com\/index.php\/2025\/10\/22\/flamengo-tem-novidade-na-lista-de-relacionados-para-partida-contra-o-racing\/#breadcrumb","itemListElement":[{"@type":"ListItem","position":1,"name":"Home","item":"https:\/\/www.gaveanews.com\/"},{"@type":"ListItem","position":2,"name":"Flamengo tem novidade na lista de relacionados para partida contra o Racing"}]},{"@type":"WebSite","@id":"https:\/\/www.gaveanews.com\/#website","url":"https:\/\/www.gaveanews.com\/","name":"G\u00e1vea News","description":"Veja todas as not\u00edcias sobre o Flamengo: Contrata\u00e7\u00f5es, categorias de base, resultados das partidas, tabela de classifica\u00e7\u00e3o, pr\u00f3ximos jogos!","potentialAction":[{"@type":"SearchAction","target":{"@type":"EntryPoint","urlTemplate":"https:\/\/www.gaveanews.com\/?s={search_term_string}"},"query-input":{"@type":"PropertyValueSpecification","valueRequired":true,"valueName":"search_term_string"}}],"inLanguage":"pt-BR"},{"@type":"Person","@id":"https:\/\/www.gaveanews.com\/#\/schema\/person\/c88645e3d550d0b6574305e67dd5a716","name":"Reda\u00e7\u00e3o","image":{"@type":"ImageObject","inLanguage":"pt-BR","@id":"https:\/\/www.gaveanews.com\/#\/schema\/person\/image\/","url":"https:\/\/secure.gravatar.com\/avatar\/434098fd823f0dc1b062d14ca22bacaa6e38de28d8c816bbef6fc2f8c44d8ba3?s=96&d=mm&r=g","contentUrl":"https:\/\/secure.gravatar.com\/avatar\/434098fd823f0dc1b062d14ca22bacaa6e38de28d8c816bbef6fc2f8c44d8ba3?s=96&d=mm&r=g","caption":"Reda\u00e7\u00e3o"}}]}},"_links":{"self":[{"href":"https:\/\/www.gaveanews.com\/index.php\/wp-json\/wp\/v2\/posts\/279052","targetHints":{"allow":["GET"]}}],"collection":[{"href":"https:\/\/www.gaveanews.com\/index.php\/wp-json\/wp\/v2\/posts"}],"about":[{"href":"https:\/\/www.gaveanews.com\/index.php\/wp-json\/wp\/v2\/types\/post"}],"author":[{"embeddable":true,"href":"https:\/\/www.gaveanews.com\/index.php\/wp-json\/wp\/v2\/users\/39"}],"replies":[{"embeddable":true,"href":"https:\/\/www.gaveanews.com\/index.php\/wp-json\/wp\/v2\/comments?post=279052"}],"version-history":[{"count":2,"href":"https:\/\/www.gaveanews.com\/index.php\/wp-json\/wp\/v2\/posts\/279052\/revisions"}],"predecessor-version":[{"id":279058,"href":"https:\/\/www.gaveanews.com\/index.php\/wp-json\/wp\/v2\/posts\/279052\/revisions\/279058"}],"wp:featuredmedia":[{"embeddable":true,"href":"https:\/\/www.gaveanews.com\/index.php\/wp-json\/wp\/v2\/media\/251455"}],"wp:attachment":[{"href":"https:\/\/www.gaveanews.com\/index.php\/wp-json\/wp\/v2\/media?parent=279052"}],"wp:term":[{"taxonomy":"category","embeddable":true,"href":"https:\/\/www.gaveanews.com\/index.php\/wp-json\/wp\/v2\/categories?post=279052"},{"taxonomy":"post_tag","embeddable":true,"href":"https:\/\/www.gaveanews.com\/index.php\/wp-json\/wp\/v2\/tags?post=279052"}],"curies":[{"name":"wp","href":"https:\/\/api.w.org\/{rel}","templated":true}]}}