{"id":279057,"date":"2025-10-22T15:45:00","date_gmt":"2025-10-22T18:45:00","guid":{"rendered":"https:\/\/www.gaveanews.com\/?p=279057"},"modified":"2025-10-22T15:35:13","modified_gmt":"2025-10-22T18:35:13","slug":"a-declaracao-de-rossi-direcionada-a-idolo-do-flamengo","status":"publish","type":"post","link":"https:\/\/www.gaveanews.com\/index.php\/2025\/10\/22\/a-declaracao-de-rossi-direcionada-a-idolo-do-flamengo\/","title":{"rendered":"A declara\u00e7\u00e3o de Rossi direcionada a \u00eddolo do Flamengo"},"content":{"rendered":"\n<p>Desde sua chegada ao Flamengo em 2023, Agust\u00edn Rossi tem constru\u00eddo uma trajet\u00f3ria s\u00f3lida no clube, marcada por t\u00edtulos e atua\u00e7\u00f5es decisivas. A identifica\u00e7\u00e3o com o ambiente rubro-negro ultrapassa o campo esportivo, e recentemente ganhou um novo cap\u00edtulo com a inspira\u00e7\u00e3o declarada em um \u00eddolo do passado: o compatriota Ubaldo Fillol.<\/p>\n\n\n\n<p>Fillol, campe\u00e3o mundial com a Argentina em 1978, defendeu o Flamengo entre 1984 e 1985, per\u00edodo em que atuou em 71 partidas. Apesar da boa rela\u00e7\u00e3o com a torcida e do desempenho consistente, deixou o clube rumo ao Atl\u00e9tico de Madrid ap\u00f3s pouco mais de um ano. Anos depois, admitiu arrependimento por ter encerrado precocemente sua passagem pela equipe carioca.<\/p>\n\n\n\n<p>Rossi, por sua vez, tornou-se o primeiro goleiro estrangeiro a atuar pelo Flamengo ap\u00f3s 38 anos. O encontro entre os dois aconteceu apenas recentemente, quando Fillol visitou o Ninho do Urubu durante compromisso com o Racing, advers\u00e1rio do Flamengo na semifinal da Libertadores. Na ocasi\u00e3o, houve troca de camisas e conversas sobre o legado deixado pelos argentinos no clube.<\/p>\n\n\n\n<p>\u201cPassou muito tempo desde que ele esteve aqui. Agora que estou vivendo o que \u00e9 o Flamengo de verdade. Quando cheguei aqui, ele me disse que se arrependia muito de ter sa\u00eddo do Flamengo naquela \u00e9poca. E o Flamengo j\u00e1 era grande. Eu n\u00e3o vivi aquela \u00e9poca, mas acho que hoje \u00e9 maior ainda. \u00c9 algo inexplic\u00e1vel estar aqui\u201d, declarou Rossi ao relembrar o di\u00e1logo com Fillol.<\/p>\n\n\n\n<p>O atual titular da meta rubro-negra exaltou ainda a retomada da presen\u00e7a argentina na posi\u00e7\u00e3o, mencionando o significado dessa continuidade hist\u00f3rica. Fillol, Eus\u00e9bio Chamorro e Rogelio Dom\u00ednguez foram os \u00fanicos estrangeiros a defender o gol do Flamengo antes de Rossi.<\/p>\n\n\n\n<p>\u201cEssa influ\u00eancia dos goleiros argentinos aqui h\u00e1 muito tempo n\u00e3o acontecia. Estar aqui me deixa muito feliz e contente, pela hist\u00f3ria do futebol brasileiro, do Flamengo e dos goleiros argentinos no Meng\u00e3o. Me deixa feliz estar hoje cumprindo meu trabalho aqui, fazendo da melhor forma que eu gosto, que \u00e9 dentro do campo. Contar com o apoio da torcida \u00e9 algo muito importante\u201d, completou.<\/p>\n\n\n\n<p>Atualmente, Rossi soma 130 jogos com a camisa do Flamengo, sendo titular em todas as partidas. Em 65 delas, saiu de campo sem sofrer gols. O aproveitamento na Libertadores \u00e9 igualmente expressivo: s\u00e3o 11 jogos sem ser vazado em 20 participa\u00e7\u00f5es. A regularidade tem sido pe\u00e7a importante no esquema de Filipe Lu\u00eds, inclusive na constru\u00e7\u00e3o ofensiva da equipe.<\/p>\n\n\n\n<p>Por fim, al\u00e9m da refer\u00eancia t\u00e9cnica, o encontro com Fillol serviu como um elo simb\u00f3lico entre diferentes gera\u00e7\u00f5es de goleiros argentinos no clube. E, enquanto Rossi segue atuando em alto n\u00edvel, carrega n\u00e3o apenas a responsabilidade da camisa 1, mas tamb\u00e9m o peso de um legado que come\u00e7ou quatro d\u00e9cadas atr\u00e1s.<\/p>\n","protected":false},"excerpt":{"rendered":"<p>Desde sua chegada ao Flamengo em 2023, Agust\u00edn Rossi tem constru\u00eddo uma trajet\u00f3ria s\u00f3lida no clube, marcada por t\u00edtulos e atua\u00e7\u00f5es decisivas. A identifica\u00e7\u00e3o com o ambiente rubro-negro ultrapassa o campo esportivo, e recentemente ganhou um novo cap\u00edtulo com a inspira\u00e7\u00e3o declarada em um \u00eddolo do passado: o compatriota Ubaldo Fillol. Fillol, campe\u00e3o mundial com [&hellip;]<\/p>\n","protected":false},"author":39,"featured_media":279066,"comment_status":"open","ping_status":"closed","sticky":false,"template":"","format":"standard","meta":{"footnotes":""},"categories":[1],"tags":[],"class_list":["post-279057","post","type-post","status-publish","format-standard","has-post-thumbnail","hentry","category-flamengo"],"yoast_head":"<!-- This site is optimized with the Yoast SEO Premium plugin v24.2 (Yoast SEO v26.9) - https:\/\/yoast.com\/product\/yoast-seo-premium-wordpress\/ -->\n<title>A declara\u00e7\u00e3o de Rossi direcionada a \u00eddolo do Flamengo<\/title>\n<meta name=\"robots\" content=\"index, follow, max-snippet:-1, max-image-preview:large, max-video-preview:-1\" \/>\n<link rel=\"canonical\" href=\"https:\/\/www.gaveanews.com\/index.php\/2025\/10\/22\/a-declaracao-de-rossi-direcionada-a-idolo-do-flamengo\/\" \/>\n<meta property=\"og:locale\" content=\"pt_BR\" \/>\n<meta property=\"og:type\" content=\"article\" \/>\n<meta property=\"og:title\" content=\"A declara\u00e7\u00e3o de Rossi direcionada a \u00eddolo do Flamengo\" \/>\n<meta property=\"og:description\" content=\"Desde sua chegada ao Flamengo em 2023, Agust\u00edn Rossi tem constru\u00eddo uma trajet\u00f3ria s\u00f3lida no clube, marcada por t\u00edtulos e atua\u00e7\u00f5es decisivas. A identifica\u00e7\u00e3o com o ambiente rubro-negro ultrapassa o campo esportivo, e recentemente ganhou um novo cap\u00edtulo com a inspira\u00e7\u00e3o declarada em um \u00eddolo do passado: o compatriota Ubaldo Fillol. Fillol, campe\u00e3o mundial com [&hellip;]\" \/>\n<meta property=\"og:url\" content=\"https:\/\/www.gaveanews.com\/index.php\/2025\/10\/22\/a-declaracao-de-rossi-direcionada-a-idolo-do-flamengo\/\" \/>\n<meta property=\"og:site_name\" content=\"G\u00e1vea News\" \/>\n<meta property=\"article:publisher\" content=\"https:\/\/facebook.com\/gaveaNews\/\" \/>\n<meta property=\"article:published_time\" content=\"2025-10-22T18:45:00+00:00\" \/>\n<meta property=\"og:image\" content=\"https:\/\/www.gaveanews.com\/wp-content\/uploads\/Rossi-pelo-Flamengo.png\" \/>\n\t<meta property=\"og:image:width\" content=\"1200\" \/>\n\t<meta property=\"og:image:height\" content=\"900\" \/>\n\t<meta property=\"og:image:type\" content=\"image\/png\" \/>\n<meta name=\"author\" content=\"Reda\u00e7\u00e3o\" \/>\n<meta name=\"twitter:card\" content=\"summary_large_image\" \/>\n<meta name=\"twitter:label1\" content=\"Escrito por\" \/>\n\t<meta name=\"twitter:data1\" content=\"Reda\u00e7\u00e3o\" \/>\n\t<meta name=\"twitter:label2\" content=\"Est. tempo de leitura\" \/>\n\t<meta name=\"twitter:data2\" content=\"3 minutos\" \/>\n<script type=\"application\/ld+json\" class=\"yoast-schema-graph\">{\"@context\":\"https:\/\/schema.org\",\"@graph\":[{\"@type\":\"NewsArticle\",\"@id\":\"https:\/\/www.gaveanews.com\/index.php\/2025\/10\/22\/a-declaracao-de-rossi-direcionada-a-idolo-do-flamengo\/#article\",\"isPartOf\":{\"@id\":\"https:\/\/www.gaveanews.com\/index.php\/2025\/10\/22\/a-declaracao-de-rossi-direcionada-a-idolo-do-flamengo\/\"},\"author\":{\"name\":\"Reda\u00e7\u00e3o\",\"@id\":\"https:\/\/www.gaveanews.com\/#\/schema\/person\/c88645e3d550d0b6574305e67dd5a716\"},\"headline\":\"A declara\u00e7\u00e3o de Rossi direcionada a \u00eddolo do Flamengo\",\"datePublished\":\"2025-10-22T18:45:00+00:00\",\"mainEntityOfPage\":{\"@id\":\"https:\/\/www.gaveanews.com\/index.php\/2025\/10\/22\/a-declaracao-de-rossi-direcionada-a-idolo-do-flamengo\/\"},\"wordCount\":489,\"commentCount\":0,\"image\":{\"@id\":\"https:\/\/www.gaveanews.com\/index.php\/2025\/10\/22\/a-declaracao-de-rossi-direcionada-a-idolo-do-flamengo\/#primaryimage\"},\"thumbnailUrl\":\"https:\/\/www.gaveanews.com\/wp-content\/uploads\/Rossi-pelo-Flamengo.png\",\"articleSection\":[\"Flamengo\"],\"inLanguage\":\"pt-BR\",\"potentialAction\":[{\"@type\":\"CommentAction\",\"name\":\"Comment\",\"target\":[\"https:\/\/www.gaveanews.com\/index.php\/2025\/10\/22\/a-declaracao-de-rossi-direcionada-a-idolo-do-flamengo\/#respond\"]}],\"copyrightYear\":\"2025\",\"copyrightHolder\":{\"@id\":\"https:\/\/www.gaveanews.com\/#organization\"}},{\"@type\":\"WebPage\",\"@id\":\"https:\/\/www.gaveanews.com\/index.php\/2025\/10\/22\/a-declaracao-de-rossi-direcionada-a-idolo-do-flamengo\/\",\"url\":\"https:\/\/www.gaveanews.com\/index.php\/2025\/10\/22\/a-declaracao-de-rossi-direcionada-a-idolo-do-flamengo\/\",\"name\":\"A declara\u00e7\u00e3o de Rossi direcionada a \u00eddolo do Flamengo\",\"isPartOf\":{\"@id\":\"https:\/\/www.gaveanews.com\/#website\"},\"primaryImageOfPage\":{\"@id\":\"https:\/\/www.gaveanews.com\/index.php\/2025\/10\/22\/a-declaracao-de-rossi-direcionada-a-idolo-do-flamengo\/#primaryimage\"},\"image\":{\"@id\":\"https:\/\/www.gaveanews.com\/index.php\/2025\/10\/22\/a-declaracao-de-rossi-direcionada-a-idolo-do-flamengo\/#primaryimage\"},\"thumbnailUrl\":\"https:\/\/www.gaveanews.com\/wp-content\/uploads\/Rossi-pelo-Flamengo.png\",\"datePublished\":\"2025-10-22T18:45:00+00:00\",\"author\":{\"@id\":\"https:\/\/www.gaveanews.com\/#\/schema\/person\/c88645e3d550d0b6574305e67dd5a716\"},\"breadcrumb\":{\"@id\":\"https:\/\/www.gaveanews.com\/index.php\/2025\/10\/22\/a-declaracao-de-rossi-direcionada-a-idolo-do-flamengo\/#breadcrumb\"},\"inLanguage\":\"pt-BR\",\"potentialAction\":[{\"@type\":\"ReadAction\",\"target\":[\"https:\/\/www.gaveanews.com\/index.php\/2025\/10\/22\/a-declaracao-de-rossi-direcionada-a-idolo-do-flamengo\/\"]}]},{\"@type\":\"ImageObject\",\"inLanguage\":\"pt-BR\",\"@id\":\"https:\/\/www.gaveanews.com\/index.php\/2025\/10\/22\/a-declaracao-de-rossi-direcionada-a-idolo-do-flamengo\/#primaryimage\",\"url\":\"https:\/\/www.gaveanews.com\/wp-content\/uploads\/Rossi-pelo-Flamengo.png\",\"contentUrl\":\"https:\/\/www.gaveanews.com\/wp-content\/uploads\/Rossi-pelo-Flamengo.png\",\"width\":1200,\"height\":900,\"caption\":\"Rossi pelo Flamengo (Fotos: Gilvan de Souza\/CRF)\"},{\"@type\":\"BreadcrumbList\",\"@id\":\"https:\/\/www.gaveanews.com\/index.php\/2025\/10\/22\/a-declaracao-de-rossi-direcionada-a-idolo-do-flamengo\/#breadcrumb\",\"itemListElement\":[{\"@type\":\"ListItem\",\"position\":1,\"name\":\"Home\",\"item\":\"https:\/\/www.gaveanews.com\/\"},{\"@type\":\"ListItem\",\"position\":2,\"name\":\"A declara\u00e7\u00e3o de Rossi direcionada a \u00eddolo do Flamengo\"}]},{\"@type\":\"WebSite\",\"@id\":\"https:\/\/www.gaveanews.com\/#website\",\"url\":\"https:\/\/www.gaveanews.com\/\",\"name\":\"G\u00e1vea News\",\"description\":\"Veja todas as not\u00edcias sobre o Flamengo: Contrata\u00e7\u00f5es, categorias de base, resultados das partidas, tabela de classifica\u00e7\u00e3o, pr\u00f3ximos jogos!\",\"potentialAction\":[{\"@type\":\"SearchAction\",\"target\":{\"@type\":\"EntryPoint\",\"urlTemplate\":\"https:\/\/www.gaveanews.com\/?s={search_term_string}\"},\"query-input\":{\"@type\":\"PropertyValueSpecification\",\"valueRequired\":true,\"valueName\":\"search_term_string\"}}],\"inLanguage\":\"pt-BR\"},{\"@type\":\"Person\",\"@id\":\"https:\/\/www.gaveanews.com\/#\/schema\/person\/c88645e3d550d0b6574305e67dd5a716\",\"name\":\"Reda\u00e7\u00e3o\",\"image\":{\"@type\":\"ImageObject\",\"inLanguage\":\"pt-BR\",\"@id\":\"https:\/\/www.gaveanews.com\/#\/schema\/person\/image\/\",\"url\":\"https:\/\/secure.gravatar.com\/avatar\/434098fd823f0dc1b062d14ca22bacaa6e38de28d8c816bbef6fc2f8c44d8ba3?s=96&d=mm&r=g\",\"contentUrl\":\"https:\/\/secure.gravatar.com\/avatar\/434098fd823f0dc1b062d14ca22bacaa6e38de28d8c816bbef6fc2f8c44d8ba3?s=96&d=mm&r=g\",\"caption\":\"Reda\u00e7\u00e3o\"}}]}<\/script>\n<!-- \/ Yoast SEO Premium plugin. -->","yoast_head_json":{"title":"A declara\u00e7\u00e3o de Rossi direcionada a \u00eddolo do Flamengo","robots":{"index":"index","follow":"follow","max-snippet":"max-snippet:-1","max-image-preview":"max-image-preview:large","max-video-preview":"max-video-preview:-1"},"canonical":"https:\/\/www.gaveanews.com\/index.php\/2025\/10\/22\/a-declaracao-de-rossi-direcionada-a-idolo-do-flamengo\/","og_locale":"pt_BR","og_type":"article","og_title":"A declara\u00e7\u00e3o de Rossi direcionada a \u00eddolo do Flamengo","og_description":"Desde sua chegada ao Flamengo em 2023, Agust\u00edn Rossi tem constru\u00eddo uma trajet\u00f3ria s\u00f3lida no clube, marcada por t\u00edtulos e atua\u00e7\u00f5es decisivas. A identifica\u00e7\u00e3o com o ambiente rubro-negro ultrapassa o campo esportivo, e recentemente ganhou um novo cap\u00edtulo com a inspira\u00e7\u00e3o declarada em um \u00eddolo do passado: o compatriota Ubaldo Fillol. Fillol, campe\u00e3o mundial com [&hellip;]","og_url":"https:\/\/www.gaveanews.com\/index.php\/2025\/10\/22\/a-declaracao-de-rossi-direcionada-a-idolo-do-flamengo\/","og_site_name":"G\u00e1vea News","article_publisher":"https:\/\/facebook.com\/gaveaNews\/","article_published_time":"2025-10-22T18:45:00+00:00","og_image":[{"width":1200,"height":900,"url":"https:\/\/www.gaveanews.com\/wp-content\/uploads\/Rossi-pelo-Flamengo.png","type":"image\/png"}],"author":"Reda\u00e7\u00e3o","twitter_card":"summary_large_image","twitter_misc":{"Escrito por":"Reda\u00e7\u00e3o","Est. tempo de leitura":"3 minutos"},"schema":{"@context":"https:\/\/schema.org","@graph":[{"@type":"NewsArticle","@id":"https:\/\/www.gaveanews.com\/index.php\/2025\/10\/22\/a-declaracao-de-rossi-direcionada-a-idolo-do-flamengo\/#article","isPartOf":{"@id":"https:\/\/www.gaveanews.com\/index.php\/2025\/10\/22\/a-declaracao-de-rossi-direcionada-a-idolo-do-flamengo\/"},"author":{"name":"Reda\u00e7\u00e3o","@id":"https:\/\/www.gaveanews.com\/#\/schema\/person\/c88645e3d550d0b6574305e67dd5a716"},"headline":"A declara\u00e7\u00e3o de Rossi direcionada a \u00eddolo do Flamengo","datePublished":"2025-10-22T18:45:00+00:00","mainEntityOfPage":{"@id":"https:\/\/www.gaveanews.com\/index.php\/2025\/10\/22\/a-declaracao-de-rossi-direcionada-a-idolo-do-flamengo\/"},"wordCount":489,"commentCount":0,"image":{"@id":"https:\/\/www.gaveanews.com\/index.php\/2025\/10\/22\/a-declaracao-de-rossi-direcionada-a-idolo-do-flamengo\/#primaryimage"},"thumbnailUrl":"https:\/\/www.gaveanews.com\/wp-content\/uploads\/Rossi-pelo-Flamengo.png","articleSection":["Flamengo"],"inLanguage":"pt-BR","potentialAction":[{"@type":"CommentAction","name":"Comment","target":["https:\/\/www.gaveanews.com\/index.php\/2025\/10\/22\/a-declaracao-de-rossi-direcionada-a-idolo-do-flamengo\/#respond"]}],"copyrightYear":"2025","copyrightHolder":{"@id":"https:\/\/www.gaveanews.com\/#organization"}},{"@type":"WebPage","@id":"https:\/\/www.gaveanews.com\/index.php\/2025\/10\/22\/a-declaracao-de-rossi-direcionada-a-idolo-do-flamengo\/","url":"https:\/\/www.gaveanews.com\/index.php\/2025\/10\/22\/a-declaracao-de-rossi-direcionada-a-idolo-do-flamengo\/","name":"A declara\u00e7\u00e3o de Rossi direcionada a \u00eddolo do Flamengo","isPartOf":{"@id":"https:\/\/www.gaveanews.com\/#website"},"primaryImageOfPage":{"@id":"https:\/\/www.gaveanews.com\/index.php\/2025\/10\/22\/a-declaracao-de-rossi-direcionada-a-idolo-do-flamengo\/#primaryimage"},"image":{"@id":"https:\/\/www.gaveanews.com\/index.php\/2025\/10\/22\/a-declaracao-de-rossi-direcionada-a-idolo-do-flamengo\/#primaryimage"},"thumbnailUrl":"https:\/\/www.gaveanews.com\/wp-content\/uploads\/Rossi-pelo-Flamengo.png","datePublished":"2025-10-22T18:45:00+00:00","author":{"@id":"https:\/\/www.gaveanews.com\/#\/schema\/person\/c88645e3d550d0b6574305e67dd5a716"},"breadcrumb":{"@id":"https:\/\/www.gaveanews.com\/index.php\/2025\/10\/22\/a-declaracao-de-rossi-direcionada-a-idolo-do-flamengo\/#breadcrumb"},"inLanguage":"pt-BR","potentialAction":[{"@type":"ReadAction","target":["https:\/\/www.gaveanews.com\/index.php\/2025\/10\/22\/a-declaracao-de-rossi-direcionada-a-idolo-do-flamengo\/"]}]},{"@type":"ImageObject","inLanguage":"pt-BR","@id":"https:\/\/www.gaveanews.com\/index.php\/2025\/10\/22\/a-declaracao-de-rossi-direcionada-a-idolo-do-flamengo\/#primaryimage","url":"https:\/\/www.gaveanews.com\/wp-content\/uploads\/Rossi-pelo-Flamengo.png","contentUrl":"https:\/\/www.gaveanews.com\/wp-content\/uploads\/Rossi-pelo-Flamengo.png","width":1200,"height":900,"caption":"Rossi pelo Flamengo (Fotos: Gilvan de Souza\/CRF)"},{"@type":"BreadcrumbList","@id":"https:\/\/www.gaveanews.com\/index.php\/2025\/10\/22\/a-declaracao-de-rossi-direcionada-a-idolo-do-flamengo\/#breadcrumb","itemListElement":[{"@type":"ListItem","position":1,"name":"Home","item":"https:\/\/www.gaveanews.com\/"},{"@type":"ListItem","position":2,"name":"A declara\u00e7\u00e3o de Rossi direcionada a \u00eddolo do Flamengo"}]},{"@type":"WebSite","@id":"https:\/\/www.gaveanews.com\/#website","url":"https:\/\/www.gaveanews.com\/","name":"G\u00e1vea News","description":"Veja todas as not\u00edcias sobre o Flamengo: Contrata\u00e7\u00f5es, categorias de base, resultados das partidas, tabela de classifica\u00e7\u00e3o, pr\u00f3ximos jogos!","potentialAction":[{"@type":"SearchAction","target":{"@type":"EntryPoint","urlTemplate":"https:\/\/www.gaveanews.com\/?s={search_term_string}"},"query-input":{"@type":"PropertyValueSpecification","valueRequired":true,"valueName":"search_term_string"}}],"inLanguage":"pt-BR"},{"@type":"Person","@id":"https:\/\/www.gaveanews.com\/#\/schema\/person\/c88645e3d550d0b6574305e67dd5a716","name":"Reda\u00e7\u00e3o","image":{"@type":"ImageObject","inLanguage":"pt-BR","@id":"https:\/\/www.gaveanews.com\/#\/schema\/person\/image\/","url":"https:\/\/secure.gravatar.com\/avatar\/434098fd823f0dc1b062d14ca22bacaa6e38de28d8c816bbef6fc2f8c44d8ba3?s=96&d=mm&r=g","contentUrl":"https:\/\/secure.gravatar.com\/avatar\/434098fd823f0dc1b062d14ca22bacaa6e38de28d8c816bbef6fc2f8c44d8ba3?s=96&d=mm&r=g","caption":"Reda\u00e7\u00e3o"}}]}},"_links":{"self":[{"href":"https:\/\/www.gaveanews.com\/index.php\/wp-json\/wp\/v2\/posts\/279057","targetHints":{"allow":["GET"]}}],"collection":[{"href":"https:\/\/www.gaveanews.com\/index.php\/wp-json\/wp\/v2\/posts"}],"about":[{"href":"https:\/\/www.gaveanews.com\/index.php\/wp-json\/wp\/v2\/types\/post"}],"author":[{"embeddable":true,"href":"https:\/\/www.gaveanews.com\/index.php\/wp-json\/wp\/v2\/users\/39"}],"replies":[{"embeddable":true,"href":"https:\/\/www.gaveanews.com\/index.php\/wp-json\/wp\/v2\/comments?post=279057"}],"version-history":[{"count":1,"href":"https:\/\/www.gaveanews.com\/index.php\/wp-json\/wp\/v2\/posts\/279057\/revisions"}],"predecessor-version":[{"id":279068,"href":"https:\/\/www.gaveanews.com\/index.php\/wp-json\/wp\/v2\/posts\/279057\/revisions\/279068"}],"wp:featuredmedia":[{"embeddable":true,"href":"https:\/\/www.gaveanews.com\/index.php\/wp-json\/wp\/v2\/media\/279066"}],"wp:attachment":[{"href":"https:\/\/www.gaveanews.com\/index.php\/wp-json\/wp\/v2\/media?parent=279057"}],"wp:term":[{"taxonomy":"category","embeddable":true,"href":"https:\/\/www.gaveanews.com\/index.php\/wp-json\/wp\/v2\/categories?post=279057"},{"taxonomy":"post_tag","embeddable":true,"href":"https:\/\/www.gaveanews.com\/index.php\/wp-json\/wp\/v2\/tags?post=279057"}],"curies":[{"name":"wp","href":"https:\/\/api.w.org\/{rel}","templated":true}]}}