{"id":279063,"date":"2025-10-22T16:15:00","date_gmt":"2025-10-22T19:15:00","guid":{"rendered":"https:\/\/www.gaveanews.com\/?p=279063"},"modified":"2025-10-22T16:13:34","modified_gmt":"2025-10-22T19:13:34","slug":"torcedores-do-flamengo-se-unem-para-apresentar-proposta-a-diretoria","status":"publish","type":"post","link":"https:\/\/www.gaveanews.com\/index.php\/2025\/10\/22\/torcedores-do-flamengo-se-unem-para-apresentar-proposta-a-diretoria\/","title":{"rendered":"Torcedores do Flamengo se unem para apresentar proposta \u00e0 diretoria"},"content":{"rendered":"\n<p>O Flamengo atravessa um momento delicado em rela\u00e7\u00e3o ao futebol feminino. Ap\u00f3s a sa\u00edda da treinadora Rosana Augusto, a estrutura do departamento passou a ser alvo de fortes cr\u00edticas, impulsionando uma mobiliza\u00e7\u00e3o in\u00e9dita entre os torcedores. O coletivo \u201cMeninas da G\u00e1vea em Pauta\u201d pretende apresentar um conjunto de propostas diretamente ao conselho do clube, a fim de provocar mudan\u00e7as significativas na gest\u00e3o da modalidade.<\/p>\n\n\n\n<p>A iniciativa surgiu a partir da percep\u00e7\u00e3o de falhas estruturais e administrativas. Entre os pontos levantados pelo grupo est\u00e3o a aus\u00eancia de um calend\u00e1rio cont\u00ednuo para as categorias de base, as defici\u00eancias na infraestrutura do centro de treinamento e a baixa visibilidade dos jogos, fatores que, segundo eles, comprometem o desenvolvimento da equipe feminina.<\/p>\n\n\n\n<p>\u201cO objetivo \u00e9 que o feminino tenha um espa\u00e7o mais s\u00f3lido, assim como o masculino. Inicialmente, criamos um grupo de WhatsApp, mas hoje atuamos interligando pessoas que produzem conte\u00fado e desenvolvendo propostas estrat\u00e9gicas\u201d, explicou um dos representantes do coletivo, que preferiu n\u00e3o se identificar.<\/p>\n\n\n\n<p>De acordo com os organizadores, as propostas incluem medidas de curto, m\u00e9dio e longo prazo, como o fortalecimento da base, melhorias nos espa\u00e7os f\u00edsicos da G\u00e1vea e a cria\u00e7\u00e3o de a\u00e7\u00f5es de engajamento com a torcida. Al\u00e9m disso, est\u00e1 prevista a entrega de um documento oficial \u00e0 bancada feminina do clube, com suporte jur\u00eddico especializado em pol\u00edticas p\u00fablicas e futebol feminino.<\/p>\n\n\n\n<p>A movimenta\u00e7\u00e3o dos torcedores ocorre paralelamente \u00e0s den\u00fancias feitas pela jornalista Renata Mendon\u00e7a, que exibiu nas redes sociais imagens do vesti\u00e1rio do time feminino no Centro de Futebol Zico (CFZ). Nas imagens, \u00e9 poss\u00edvel ver torneiras quebradas, ralos entupidos e um campo com dimens\u00f5es menores que as oficiais. A estrutura de fisioterapia, segundo a comentarista, chega a ser improvisada com um balde.<\/p>\n\n\n\n<p>\u2014 \u201cEssa \u00e9 a estrutura que o Flamengo, o clube mais rico do pa\u00eds, oferece \u00e0s suas jogadoras profissionais. S\u00e3o 25 jogadoras que t\u00eam que usar esse espa\u00e7o diariamente, claramente, um espa\u00e7o apertado\u201d \u2014 afirmou Mendon\u00e7a em v\u00eddeo divulgado pelo Dibradoras.<\/p>\n\n\n\n<p>O clube, por sua vez, ainda n\u00e3o apresentou resposta oficial sobre as imagens divulgadas. Contudo, o gerente de futebol feminino, Andr\u00e9 Rocha, declarou recentemente que &#8220;a modalidade est\u00e1 crescendo&#8221; e que &#8220;tem tudo para ser forte&#8221;, negando qualquer tipo de desmanche no departamento.<\/p>\n\n\n\n<p>Por fim, o coletivo rubro-negro refor\u00e7a que o momento exige planejamento e compromisso institucional. A proposta \u00e9 dar voz \u00e0 torcida e construir, junto ao clube, um caminho que garanta condi\u00e7\u00f5es profissionais e sustent\u00e1veis para o futebol feminino no Flamengo.<\/p>\n","protected":false},"excerpt":{"rendered":"<p>O Flamengo atravessa um momento delicado em rela\u00e7\u00e3o ao futebol feminino. Ap\u00f3s a sa\u00edda da treinadora Rosana Augusto, a estrutura do departamento passou a ser alvo de fortes cr\u00edticas, impulsionando uma mobiliza\u00e7\u00e3o in\u00e9dita entre os torcedores. O coletivo \u201cMeninas da G\u00e1vea em Pauta\u201d pretende apresentar um conjunto de propostas diretamente ao conselho do clube, a [&hellip;]<\/p>\n","protected":false},"author":39,"featured_media":251466,"comment_status":"open","ping_status":"closed","sticky":false,"template":"","format":"standard","meta":{"footnotes":""},"categories":[1],"tags":[],"class_list":["post-279063","post","type-post","status-publish","format-standard","has-post-thumbnail","hentry","category-flamengo"],"yoast_head":"<!-- This site is optimized with the Yoast SEO Premium plugin v24.2 (Yoast SEO v26.9) - https:\/\/yoast.com\/product\/yoast-seo-premium-wordpress\/ -->\n<title>Torcedores do Flamengo se unem para apresentar proposta \u00e0 diretoria<\/title>\n<meta name=\"robots\" content=\"index, follow, max-snippet:-1, max-image-preview:large, max-video-preview:-1\" \/>\n<link rel=\"canonical\" href=\"https:\/\/www.gaveanews.com\/index.php\/2025\/10\/22\/torcedores-do-flamengo-se-unem-para-apresentar-proposta-a-diretoria\/\" \/>\n<meta property=\"og:locale\" content=\"pt_BR\" \/>\n<meta property=\"og:type\" content=\"article\" \/>\n<meta property=\"og:title\" content=\"Torcedores do Flamengo se unem para apresentar proposta \u00e0 diretoria\" \/>\n<meta property=\"og:description\" content=\"O Flamengo atravessa um momento delicado em rela\u00e7\u00e3o ao futebol feminino. Ap\u00f3s a sa\u00edda da treinadora Rosana Augusto, a estrutura do departamento passou a ser alvo de fortes cr\u00edticas, impulsionando uma mobiliza\u00e7\u00e3o in\u00e9dita entre os torcedores. O coletivo \u201cMeninas da G\u00e1vea em Pauta\u201d pretende apresentar um conjunto de propostas diretamente ao conselho do clube, a [&hellip;]\" \/>\n<meta property=\"og:url\" content=\"https:\/\/www.gaveanews.com\/index.php\/2025\/10\/22\/torcedores-do-flamengo-se-unem-para-apresentar-proposta-a-diretoria\/\" \/>\n<meta property=\"og:site_name\" content=\"G\u00e1vea News\" \/>\n<meta property=\"article:publisher\" content=\"https:\/\/facebook.com\/gaveaNews\/\" \/>\n<meta property=\"article:published_time\" content=\"2025-10-22T19:15:00+00:00\" \/>\n<meta property=\"og:image\" content=\"https:\/\/www.gaveanews.com\/wp-content\/uploads\/torcida-do-Flamengo-no-Maracana.webp\" \/>\n\t<meta property=\"og:image:width\" content=\"871\" \/>\n\t<meta property=\"og:image:height\" content=\"551\" \/>\n\t<meta property=\"og:image:type\" content=\"image\/jpeg\" \/>\n<meta name=\"author\" content=\"Reda\u00e7\u00e3o\" \/>\n<meta name=\"twitter:card\" content=\"summary_large_image\" \/>\n<meta name=\"twitter:label1\" content=\"Escrito por\" \/>\n\t<meta name=\"twitter:data1\" content=\"Reda\u00e7\u00e3o\" \/>\n\t<meta name=\"twitter:label2\" content=\"Est. tempo de leitura\" \/>\n\t<meta name=\"twitter:data2\" content=\"3 minutos\" \/>\n<script type=\"application\/ld+json\" class=\"yoast-schema-graph\">{\"@context\":\"https:\/\/schema.org\",\"@graph\":[{\"@type\":\"NewsArticle\",\"@id\":\"https:\/\/www.gaveanews.com\/index.php\/2025\/10\/22\/torcedores-do-flamengo-se-unem-para-apresentar-proposta-a-diretoria\/#article\",\"isPartOf\":{\"@id\":\"https:\/\/www.gaveanews.com\/index.php\/2025\/10\/22\/torcedores-do-flamengo-se-unem-para-apresentar-proposta-a-diretoria\/\"},\"author\":{\"name\":\"Reda\u00e7\u00e3o\",\"@id\":\"https:\/\/www.gaveanews.com\/#\/schema\/person\/c88645e3d550d0b6574305e67dd5a716\"},\"headline\":\"Torcedores do Flamengo se unem para apresentar proposta \u00e0 diretoria\",\"datePublished\":\"2025-10-22T19:15:00+00:00\",\"mainEntityOfPage\":{\"@id\":\"https:\/\/www.gaveanews.com\/index.php\/2025\/10\/22\/torcedores-do-flamengo-se-unem-para-apresentar-proposta-a-diretoria\/\"},\"wordCount\":456,\"commentCount\":0,\"image\":{\"@id\":\"https:\/\/www.gaveanews.com\/index.php\/2025\/10\/22\/torcedores-do-flamengo-se-unem-para-apresentar-proposta-a-diretoria\/#primaryimage\"},\"thumbnailUrl\":\"https:\/\/www.gaveanews.com\/wp-content\/uploads\/torcida-do-Flamengo-no-Maracana.webp\",\"articleSection\":[\"Flamengo\"],\"inLanguage\":\"pt-BR\",\"potentialAction\":[{\"@type\":\"CommentAction\",\"name\":\"Comment\",\"target\":[\"https:\/\/www.gaveanews.com\/index.php\/2025\/10\/22\/torcedores-do-flamengo-se-unem-para-apresentar-proposta-a-diretoria\/#respond\"]}],\"copyrightYear\":\"2025\",\"copyrightHolder\":{\"@id\":\"https:\/\/www.gaveanews.com\/#organization\"}},{\"@type\":\"WebPage\",\"@id\":\"https:\/\/www.gaveanews.com\/index.php\/2025\/10\/22\/torcedores-do-flamengo-se-unem-para-apresentar-proposta-a-diretoria\/\",\"url\":\"https:\/\/www.gaveanews.com\/index.php\/2025\/10\/22\/torcedores-do-flamengo-se-unem-para-apresentar-proposta-a-diretoria\/\",\"name\":\"Torcedores do Flamengo se unem para apresentar proposta \u00e0 diretoria\",\"isPartOf\":{\"@id\":\"https:\/\/www.gaveanews.com\/#website\"},\"primaryImageOfPage\":{\"@id\":\"https:\/\/www.gaveanews.com\/index.php\/2025\/10\/22\/torcedores-do-flamengo-se-unem-para-apresentar-proposta-a-diretoria\/#primaryimage\"},\"image\":{\"@id\":\"https:\/\/www.gaveanews.com\/index.php\/2025\/10\/22\/torcedores-do-flamengo-se-unem-para-apresentar-proposta-a-diretoria\/#primaryimage\"},\"thumbnailUrl\":\"https:\/\/www.gaveanews.com\/wp-content\/uploads\/torcida-do-Flamengo-no-Maracana.webp\",\"datePublished\":\"2025-10-22T19:15:00+00:00\",\"author\":{\"@id\":\"https:\/\/www.gaveanews.com\/#\/schema\/person\/c88645e3d550d0b6574305e67dd5a716\"},\"breadcrumb\":{\"@id\":\"https:\/\/www.gaveanews.com\/index.php\/2025\/10\/22\/torcedores-do-flamengo-se-unem-para-apresentar-proposta-a-diretoria\/#breadcrumb\"},\"inLanguage\":\"pt-BR\",\"potentialAction\":[{\"@type\":\"ReadAction\",\"target\":[\"https:\/\/www.gaveanews.com\/index.php\/2025\/10\/22\/torcedores-do-flamengo-se-unem-para-apresentar-proposta-a-diretoria\/\"]}]},{\"@type\":\"ImageObject\",\"inLanguage\":\"pt-BR\",\"@id\":\"https:\/\/www.gaveanews.com\/index.php\/2025\/10\/22\/torcedores-do-flamengo-se-unem-para-apresentar-proposta-a-diretoria\/#primaryimage\",\"url\":\"https:\/\/www.gaveanews.com\/wp-content\/uploads\/torcida-do-Flamengo-no-Maracana.webp\",\"contentUrl\":\"https:\/\/www.gaveanews.com\/wp-content\/uploads\/torcida-do-Flamengo-no-Maracana.webp\",\"width\":871,\"height\":551,\"caption\":\"torcida do Flamengo no Maracan\u00e3 (Foto:Adriano Fontes\/Flamengo)\"},{\"@type\":\"BreadcrumbList\",\"@id\":\"https:\/\/www.gaveanews.com\/index.php\/2025\/10\/22\/torcedores-do-flamengo-se-unem-para-apresentar-proposta-a-diretoria\/#breadcrumb\",\"itemListElement\":[{\"@type\":\"ListItem\",\"position\":1,\"name\":\"Home\",\"item\":\"https:\/\/www.gaveanews.com\/\"},{\"@type\":\"ListItem\",\"position\":2,\"name\":\"Torcedores do Flamengo se unem para apresentar proposta \u00e0 diretoria\"}]},{\"@type\":\"WebSite\",\"@id\":\"https:\/\/www.gaveanews.com\/#website\",\"url\":\"https:\/\/www.gaveanews.com\/\",\"name\":\"G\u00e1vea News\",\"description\":\"Veja todas as not\u00edcias sobre o Flamengo: Contrata\u00e7\u00f5es, categorias de base, resultados das partidas, tabela de classifica\u00e7\u00e3o, pr\u00f3ximos jogos!\",\"potentialAction\":[{\"@type\":\"SearchAction\",\"target\":{\"@type\":\"EntryPoint\",\"urlTemplate\":\"https:\/\/www.gaveanews.com\/?s={search_term_string}\"},\"query-input\":{\"@type\":\"PropertyValueSpecification\",\"valueRequired\":true,\"valueName\":\"search_term_string\"}}],\"inLanguage\":\"pt-BR\"},{\"@type\":\"Person\",\"@id\":\"https:\/\/www.gaveanews.com\/#\/schema\/person\/c88645e3d550d0b6574305e67dd5a716\",\"name\":\"Reda\u00e7\u00e3o\",\"image\":{\"@type\":\"ImageObject\",\"inLanguage\":\"pt-BR\",\"@id\":\"https:\/\/www.gaveanews.com\/#\/schema\/person\/image\/\",\"url\":\"https:\/\/secure.gravatar.com\/avatar\/434098fd823f0dc1b062d14ca22bacaa6e38de28d8c816bbef6fc2f8c44d8ba3?s=96&d=mm&r=g\",\"contentUrl\":\"https:\/\/secure.gravatar.com\/avatar\/434098fd823f0dc1b062d14ca22bacaa6e38de28d8c816bbef6fc2f8c44d8ba3?s=96&d=mm&r=g\",\"caption\":\"Reda\u00e7\u00e3o\"}}]}<\/script>\n<!-- \/ Yoast SEO Premium plugin. -->","yoast_head_json":{"title":"Torcedores do Flamengo se unem para apresentar proposta \u00e0 diretoria","robots":{"index":"index","follow":"follow","max-snippet":"max-snippet:-1","max-image-preview":"max-image-preview:large","max-video-preview":"max-video-preview:-1"},"canonical":"https:\/\/www.gaveanews.com\/index.php\/2025\/10\/22\/torcedores-do-flamengo-se-unem-para-apresentar-proposta-a-diretoria\/","og_locale":"pt_BR","og_type":"article","og_title":"Torcedores do Flamengo se unem para apresentar proposta \u00e0 diretoria","og_description":"O Flamengo atravessa um momento delicado em rela\u00e7\u00e3o ao futebol feminino. Ap\u00f3s a sa\u00edda da treinadora Rosana Augusto, a estrutura do departamento passou a ser alvo de fortes cr\u00edticas, impulsionando uma mobiliza\u00e7\u00e3o in\u00e9dita entre os torcedores. O coletivo \u201cMeninas da G\u00e1vea em Pauta\u201d pretende apresentar um conjunto de propostas diretamente ao conselho do clube, a [&hellip;]","og_url":"https:\/\/www.gaveanews.com\/index.php\/2025\/10\/22\/torcedores-do-flamengo-se-unem-para-apresentar-proposta-a-diretoria\/","og_site_name":"G\u00e1vea News","article_publisher":"https:\/\/facebook.com\/gaveaNews\/","article_published_time":"2025-10-22T19:15:00+00:00","og_image":[{"width":871,"height":551,"url":"https:\/\/www.gaveanews.com\/wp-content\/uploads\/torcida-do-Flamengo-no-Maracana.webp","type":"image\/jpeg"}],"author":"Reda\u00e7\u00e3o","twitter_card":"summary_large_image","twitter_misc":{"Escrito por":"Reda\u00e7\u00e3o","Est. tempo de leitura":"3 minutos"},"schema":{"@context":"https:\/\/schema.org","@graph":[{"@type":"NewsArticle","@id":"https:\/\/www.gaveanews.com\/index.php\/2025\/10\/22\/torcedores-do-flamengo-se-unem-para-apresentar-proposta-a-diretoria\/#article","isPartOf":{"@id":"https:\/\/www.gaveanews.com\/index.php\/2025\/10\/22\/torcedores-do-flamengo-se-unem-para-apresentar-proposta-a-diretoria\/"},"author":{"name":"Reda\u00e7\u00e3o","@id":"https:\/\/www.gaveanews.com\/#\/schema\/person\/c88645e3d550d0b6574305e67dd5a716"},"headline":"Torcedores do Flamengo se unem para apresentar proposta \u00e0 diretoria","datePublished":"2025-10-22T19:15:00+00:00","mainEntityOfPage":{"@id":"https:\/\/www.gaveanews.com\/index.php\/2025\/10\/22\/torcedores-do-flamengo-se-unem-para-apresentar-proposta-a-diretoria\/"},"wordCount":456,"commentCount":0,"image":{"@id":"https:\/\/www.gaveanews.com\/index.php\/2025\/10\/22\/torcedores-do-flamengo-se-unem-para-apresentar-proposta-a-diretoria\/#primaryimage"},"thumbnailUrl":"https:\/\/www.gaveanews.com\/wp-content\/uploads\/torcida-do-Flamengo-no-Maracana.webp","articleSection":["Flamengo"],"inLanguage":"pt-BR","potentialAction":[{"@type":"CommentAction","name":"Comment","target":["https:\/\/www.gaveanews.com\/index.php\/2025\/10\/22\/torcedores-do-flamengo-se-unem-para-apresentar-proposta-a-diretoria\/#respond"]}],"copyrightYear":"2025","copyrightHolder":{"@id":"https:\/\/www.gaveanews.com\/#organization"}},{"@type":"WebPage","@id":"https:\/\/www.gaveanews.com\/index.php\/2025\/10\/22\/torcedores-do-flamengo-se-unem-para-apresentar-proposta-a-diretoria\/","url":"https:\/\/www.gaveanews.com\/index.php\/2025\/10\/22\/torcedores-do-flamengo-se-unem-para-apresentar-proposta-a-diretoria\/","name":"Torcedores do Flamengo se unem para apresentar proposta \u00e0 diretoria","isPartOf":{"@id":"https:\/\/www.gaveanews.com\/#website"},"primaryImageOfPage":{"@id":"https:\/\/www.gaveanews.com\/index.php\/2025\/10\/22\/torcedores-do-flamengo-se-unem-para-apresentar-proposta-a-diretoria\/#primaryimage"},"image":{"@id":"https:\/\/www.gaveanews.com\/index.php\/2025\/10\/22\/torcedores-do-flamengo-se-unem-para-apresentar-proposta-a-diretoria\/#primaryimage"},"thumbnailUrl":"https:\/\/www.gaveanews.com\/wp-content\/uploads\/torcida-do-Flamengo-no-Maracana.webp","datePublished":"2025-10-22T19:15:00+00:00","author":{"@id":"https:\/\/www.gaveanews.com\/#\/schema\/person\/c88645e3d550d0b6574305e67dd5a716"},"breadcrumb":{"@id":"https:\/\/www.gaveanews.com\/index.php\/2025\/10\/22\/torcedores-do-flamengo-se-unem-para-apresentar-proposta-a-diretoria\/#breadcrumb"},"inLanguage":"pt-BR","potentialAction":[{"@type":"ReadAction","target":["https:\/\/www.gaveanews.com\/index.php\/2025\/10\/22\/torcedores-do-flamengo-se-unem-para-apresentar-proposta-a-diretoria\/"]}]},{"@type":"ImageObject","inLanguage":"pt-BR","@id":"https:\/\/www.gaveanews.com\/index.php\/2025\/10\/22\/torcedores-do-flamengo-se-unem-para-apresentar-proposta-a-diretoria\/#primaryimage","url":"https:\/\/www.gaveanews.com\/wp-content\/uploads\/torcida-do-Flamengo-no-Maracana.webp","contentUrl":"https:\/\/www.gaveanews.com\/wp-content\/uploads\/torcida-do-Flamengo-no-Maracana.webp","width":871,"height":551,"caption":"torcida do Flamengo no Maracan\u00e3 (Foto:Adriano Fontes\/Flamengo)"},{"@type":"BreadcrumbList","@id":"https:\/\/www.gaveanews.com\/index.php\/2025\/10\/22\/torcedores-do-flamengo-se-unem-para-apresentar-proposta-a-diretoria\/#breadcrumb","itemListElement":[{"@type":"ListItem","position":1,"name":"Home","item":"https:\/\/www.gaveanews.com\/"},{"@type":"ListItem","position":2,"name":"Torcedores do Flamengo se unem para apresentar proposta \u00e0 diretoria"}]},{"@type":"WebSite","@id":"https:\/\/www.gaveanews.com\/#website","url":"https:\/\/www.gaveanews.com\/","name":"G\u00e1vea News","description":"Veja todas as not\u00edcias sobre o Flamengo: Contrata\u00e7\u00f5es, categorias de base, resultados das partidas, tabela de classifica\u00e7\u00e3o, pr\u00f3ximos jogos!","potentialAction":[{"@type":"SearchAction","target":{"@type":"EntryPoint","urlTemplate":"https:\/\/www.gaveanews.com\/?s={search_term_string}"},"query-input":{"@type":"PropertyValueSpecification","valueRequired":true,"valueName":"search_term_string"}}],"inLanguage":"pt-BR"},{"@type":"Person","@id":"https:\/\/www.gaveanews.com\/#\/schema\/person\/c88645e3d550d0b6574305e67dd5a716","name":"Reda\u00e7\u00e3o","image":{"@type":"ImageObject","inLanguage":"pt-BR","@id":"https:\/\/www.gaveanews.com\/#\/schema\/person\/image\/","url":"https:\/\/secure.gravatar.com\/avatar\/434098fd823f0dc1b062d14ca22bacaa6e38de28d8c816bbef6fc2f8c44d8ba3?s=96&d=mm&r=g","contentUrl":"https:\/\/secure.gravatar.com\/avatar\/434098fd823f0dc1b062d14ca22bacaa6e38de28d8c816bbef6fc2f8c44d8ba3?s=96&d=mm&r=g","caption":"Reda\u00e7\u00e3o"}}]}},"_links":{"self":[{"href":"https:\/\/www.gaveanews.com\/index.php\/wp-json\/wp\/v2\/posts\/279063","targetHints":{"allow":["GET"]}}],"collection":[{"href":"https:\/\/www.gaveanews.com\/index.php\/wp-json\/wp\/v2\/posts"}],"about":[{"href":"https:\/\/www.gaveanews.com\/index.php\/wp-json\/wp\/v2\/types\/post"}],"author":[{"embeddable":true,"href":"https:\/\/www.gaveanews.com\/index.php\/wp-json\/wp\/v2\/users\/39"}],"replies":[{"embeddable":true,"href":"https:\/\/www.gaveanews.com\/index.php\/wp-json\/wp\/v2\/comments?post=279063"}],"version-history":[{"count":1,"href":"https:\/\/www.gaveanews.com\/index.php\/wp-json\/wp\/v2\/posts\/279063\/revisions"}],"predecessor-version":[{"id":279075,"href":"https:\/\/www.gaveanews.com\/index.php\/wp-json\/wp\/v2\/posts\/279063\/revisions\/279075"}],"wp:featuredmedia":[{"embeddable":true,"href":"https:\/\/www.gaveanews.com\/index.php\/wp-json\/wp\/v2\/media\/251466"}],"wp:attachment":[{"href":"https:\/\/www.gaveanews.com\/index.php\/wp-json\/wp\/v2\/media?parent=279063"}],"wp:term":[{"taxonomy":"category","embeddable":true,"href":"https:\/\/www.gaveanews.com\/index.php\/wp-json\/wp\/v2\/categories?post=279063"},{"taxonomy":"post_tag","embeddable":true,"href":"https:\/\/www.gaveanews.com\/index.php\/wp-json\/wp\/v2\/tags?post=279063"}],"curies":[{"name":"wp","href":"https:\/\/api.w.org\/{rel}","templated":true}]}}