{"id":279067,"date":"2025-10-22T18:00:00","date_gmt":"2025-10-22T21:00:00","guid":{"rendered":"https:\/\/www.gaveanews.com\/?p=279067"},"modified":"2025-10-22T17:18:05","modified_gmt":"2025-10-22T20:18:05","slug":"a-declaracao-de-galvao-bueno-direcionada-a-jogador-do-flamengo-bota-a-bola-onde-quer","status":"publish","type":"post","link":"https:\/\/www.gaveanews.com\/index.php\/2025\/10\/22\/a-declaracao-de-galvao-bueno-direcionada-a-jogador-do-flamengo-bota-a-bola-onde-quer\/","title":{"rendered":"A declara\u00e7\u00e3o de Galv\u00e3o Bueno direcionada a jogador do Flamengo: &#8220;bota a bola onde quer&#8230;&#8221;"},"content":{"rendered":"\n<p>A experi\u00eancia de Agust\u00edn Rossi em cl\u00e1ssicos argentinos e sua evolu\u00e7\u00e3o t\u00e9cnica desde que chegou ao Flamengo t\u00eam chamado aten\u00e7\u00e3o \u00e0s v\u00e9speras da semifinal da Libertadores. Titular absoluto da meta rubro-negra, o goleiro argentino, de 30 anos, carrega um hist\u00f3rico favor\u00e1vel contra o Racing, advers\u00e1rio do duelo desta quarta-feira (22), \u00e0s 21h30 (hor\u00e1rio de Bras\u00edlia), no Maracan\u00e3.<\/p>\n\n\n\n<p>Atualmente, o goleiro vive um momento de destaque n\u00e3o apenas por sua seguran\u00e7a debaixo das traves, mas tamb\u00e9m por sua participa\u00e7\u00e3o ativa na constru\u00e7\u00e3o ofensiva. Suas sa\u00eddas de bola com os p\u00e9s t\u00eam se mostrado recursos estrat\u00e9gicos importantes. No \u00faltimo fim de semana, por exemplo, Rossi foi respons\u00e1vel pelo in\u00edcio da jogada do primeiro gol na vit\u00f3ria por 3 a 2 sobre o Palmeiras, ao encontrar Pedro com um passe rasteiro, que originou a assist\u00eancia para Arrascaeta.<\/p>\n\n\n\n<p>Galv\u00e3o Bueno, durante participa\u00e7\u00e3o no programa &#8216;<em>Galv\u00e3o e Amigos<\/em>&#8216;, ressaltou a import\u00e2ncia do goleiro nas a\u00e7\u00f5es ofensivas do time: \u201c\u00c9 impressionante o que faz o Rossi. Isso s\u00f3 \u00e9 poss\u00edvel ao Flamengo porque o time tem um goleiro que bota a bola onde quer. Ele inicia o contra-ataque da \u00e1rea\u201d.<\/p>\n\n\n\n<h2 class=\"wp-block-heading\" id=\"h-historico-com-o-racing\">Hist\u00f3rico com o Racing<\/h2>\n\n\n\n<p>Revelado pelas categorias de base do Chacarita Juniors e consolidado no Boca, Rossi j\u00e1 enfrentou a equipe de Avellaneda em diversas ocasi\u00f5es no futebol argentino. Em 2022, foi pe\u00e7a decisiva na classifica\u00e7\u00e3o do Boca \u00e0 final da Copa da Liga ao defender um p\u00eanalti na disputa contra o Racing. Al\u00e9m da defesa na s\u00e9rie, o arqueiro realizou mais de dez interven\u00e7\u00f5es ao longo do tempo regulamentar daquela semifinal, tornando-se o principal nome do jogo.<\/p>\n\n\n\n<p>O pr\u00f3prio Rossi, ao projetar o reencontro com o Racing, reconheceu as dificuldades do duelo, destacando o peso do confronto e a for\u00e7a do advers\u00e1rio em seu est\u00e1dio. \u201cSempre falo a mesma coisa: jogo da Libertadores \u00e9 sempre muito dif\u00edcil, ainda mais em uma semifinal. Existe a possibilidade de estarmos a dois jogos de jogar uma final defendendo o Flamengo e isso \u00e9 importante demais. O Racing \u00e9 um clube grande da Argentina, muito forte no est\u00e1dio deles\u201d, afirmou em entrevista \u00e0 ESPN.<\/p>\n\n\n\n<p>Apesar da dificuldade esperada, o goleiro demonstrou confian\u00e7a no trabalho da equipe comandada por Filipe Lu\u00eds  e refor\u00e7ou a import\u00e2ncia da prepara\u00e7\u00e3o di\u00e1ria. \u201cAcho que vai ser um jogo muito dif\u00edcil, muito disputado, e todo mundo tem que acreditar no trabalho que fazemos no dia a dia\u201d, completou.<\/p>\n\n\n\n<p>Nos treinamentos realizados no Ninho do Urubu, Rossi tamb\u00e9m tem sido pe\u00e7a importante na conex\u00e3o com os atacantes. Os treinos comandados por Filipe Lu\u00eds focam em lan\u00e7amentos longos e movimenta\u00e7\u00f5es coordenadas com Pedro e Bruno Henrique, t\u00e1tica que visa surpreender os advers\u00e1rios a partir do campo de defesa.<\/p>\n\n\n\n<p>Assim sendo, o confronto contra o Racing pode representar mais do que um desafio esportivo: \u00e9 uma nova oportunidade para Rossi confirmar sua relev\u00e2ncia no elenco rubro-negro e, quem sabe, repetir o protagonismo do passado recente diante de um velho conhecido.<\/p>\n","protected":false},"excerpt":{"rendered":"<p>A experi\u00eancia de Agust\u00edn Rossi em cl\u00e1ssicos argentinos e sua evolu\u00e7\u00e3o t\u00e9cnica desde que chegou ao Flamengo t\u00eam chamado aten\u00e7\u00e3o \u00e0s v\u00e9speras da semifinal da Libertadores. Titular absoluto da meta rubro-negra, o goleiro argentino, de 30 anos, carrega um hist\u00f3rico favor\u00e1vel contra o Racing, advers\u00e1rio do duelo desta quarta-feira (22), \u00e0s 21h30 (hor\u00e1rio de Bras\u00edlia), [&hellip;]<\/p>\n","protected":false},"author":39,"featured_media":171275,"comment_status":"open","ping_status":"closed","sticky":false,"template":"","format":"standard","meta":{"footnotes":""},"categories":[1],"tags":[],"class_list":["post-279067","post","type-post","status-publish","format-standard","has-post-thumbnail","hentry","category-flamengo"],"yoast_head":"<!-- This site is optimized with the Yoast SEO Premium plugin v24.2 (Yoast SEO v26.9) - https:\/\/yoast.com\/product\/yoast-seo-premium-wordpress\/ -->\n<title>A declara\u00e7\u00e3o de Galv\u00e3o Bueno direcionada a jogador do Flamengo: &quot;bota a bola onde quer...&quot;<\/title>\n<meta name=\"robots\" content=\"index, follow, max-snippet:-1, max-image-preview:large, max-video-preview:-1\" \/>\n<link rel=\"canonical\" href=\"https:\/\/www.gaveanews.com\/index.php\/2025\/10\/22\/a-declaracao-de-galvao-bueno-direcionada-a-jogador-do-flamengo-bota-a-bola-onde-quer\/\" \/>\n<meta property=\"og:locale\" content=\"pt_BR\" \/>\n<meta property=\"og:type\" content=\"article\" \/>\n<meta property=\"og:title\" content=\"A declara\u00e7\u00e3o de Galv\u00e3o Bueno direcionada a jogador do Flamengo: &quot;bota a bola onde quer...&quot;\" \/>\n<meta property=\"og:description\" content=\"A experi\u00eancia de Agust\u00edn Rossi em cl\u00e1ssicos argentinos e sua evolu\u00e7\u00e3o t\u00e9cnica desde que chegou ao Flamengo t\u00eam chamado aten\u00e7\u00e3o \u00e0s v\u00e9speras da semifinal da Libertadores. Titular absoluto da meta rubro-negra, o goleiro argentino, de 30 anos, carrega um hist\u00f3rico favor\u00e1vel contra o Racing, advers\u00e1rio do duelo desta quarta-feira (22), \u00e0s 21h30 (hor\u00e1rio de Bras\u00edlia), [&hellip;]\" \/>\n<meta property=\"og:url\" content=\"https:\/\/www.gaveanews.com\/index.php\/2025\/10\/22\/a-declaracao-de-galvao-bueno-direcionada-a-jogador-do-flamengo-bota-a-bola-onde-quer\/\" \/>\n<meta property=\"og:site_name\" content=\"G\u00e1vea News\" \/>\n<meta property=\"article:publisher\" content=\"https:\/\/facebook.com\/gaveaNews\/\" \/>\n<meta property=\"article:published_time\" content=\"2025-10-22T21:00:00+00:00\" \/>\n<meta property=\"og:image\" content=\"https:\/\/www.gaveanews.com\/wp-content\/uploads\/Galvao-Bueno-ex-narrador-do-Grupo-Globo.webp\" \/>\n\t<meta property=\"og:image:width\" content=\"620\" \/>\n\t<meta property=\"og:image:height\" content=\"372\" \/>\n\t<meta property=\"og:image:type\" content=\"image\/webp\" \/>\n<meta name=\"author\" content=\"Reda\u00e7\u00e3o\" \/>\n<meta name=\"twitter:card\" content=\"summary_large_image\" \/>\n<meta name=\"twitter:label1\" content=\"Escrito por\" \/>\n\t<meta name=\"twitter:data1\" content=\"Reda\u00e7\u00e3o\" \/>\n\t<meta name=\"twitter:label2\" content=\"Est. tempo de leitura\" \/>\n\t<meta name=\"twitter:data2\" content=\"3 minutos\" \/>\n<script type=\"application\/ld+json\" class=\"yoast-schema-graph\">{\"@context\":\"https:\/\/schema.org\",\"@graph\":[{\"@type\":\"NewsArticle\",\"@id\":\"https:\/\/www.gaveanews.com\/index.php\/2025\/10\/22\/a-declaracao-de-galvao-bueno-direcionada-a-jogador-do-flamengo-bota-a-bola-onde-quer\/#article\",\"isPartOf\":{\"@id\":\"https:\/\/www.gaveanews.com\/index.php\/2025\/10\/22\/a-declaracao-de-galvao-bueno-direcionada-a-jogador-do-flamengo-bota-a-bola-onde-quer\/\"},\"author\":{\"name\":\"Reda\u00e7\u00e3o\",\"@id\":\"https:\/\/www.gaveanews.com\/#\/schema\/person\/c88645e3d550d0b6574305e67dd5a716\"},\"headline\":\"A declara\u00e7\u00e3o de Galv\u00e3o Bueno direcionada a jogador do Flamengo: &#8220;bota a bola onde quer&#8230;&#8221;\",\"datePublished\":\"2025-10-22T21:00:00+00:00\",\"mainEntityOfPage\":{\"@id\":\"https:\/\/www.gaveanews.com\/index.php\/2025\/10\/22\/a-declaracao-de-galvao-bueno-direcionada-a-jogador-do-flamengo-bota-a-bola-onde-quer\/\"},\"wordCount\":548,\"commentCount\":0,\"image\":{\"@id\":\"https:\/\/www.gaveanews.com\/index.php\/2025\/10\/22\/a-declaracao-de-galvao-bueno-direcionada-a-jogador-do-flamengo-bota-a-bola-onde-quer\/#primaryimage\"},\"thumbnailUrl\":\"https:\/\/www.gaveanews.com\/wp-content\/uploads\/Galvao-Bueno-ex-narrador-do-Grupo-Globo.webp\",\"articleSection\":[\"Flamengo\"],\"inLanguage\":\"pt-BR\",\"potentialAction\":[{\"@type\":\"CommentAction\",\"name\":\"Comment\",\"target\":[\"https:\/\/www.gaveanews.com\/index.php\/2025\/10\/22\/a-declaracao-de-galvao-bueno-direcionada-a-jogador-do-flamengo-bota-a-bola-onde-quer\/#respond\"]}],\"copyrightYear\":\"2025\",\"copyrightHolder\":{\"@id\":\"https:\/\/www.gaveanews.com\/#organization\"}},{\"@type\":\"WebPage\",\"@id\":\"https:\/\/www.gaveanews.com\/index.php\/2025\/10\/22\/a-declaracao-de-galvao-bueno-direcionada-a-jogador-do-flamengo-bota-a-bola-onde-quer\/\",\"url\":\"https:\/\/www.gaveanews.com\/index.php\/2025\/10\/22\/a-declaracao-de-galvao-bueno-direcionada-a-jogador-do-flamengo-bota-a-bola-onde-quer\/\",\"name\":\"A declara\u00e7\u00e3o de Galv\u00e3o Bueno direcionada a jogador do Flamengo: \\\"bota a bola onde quer...\\\"\",\"isPartOf\":{\"@id\":\"https:\/\/www.gaveanews.com\/#website\"},\"primaryImageOfPage\":{\"@id\":\"https:\/\/www.gaveanews.com\/index.php\/2025\/10\/22\/a-declaracao-de-galvao-bueno-direcionada-a-jogador-do-flamengo-bota-a-bola-onde-quer\/#primaryimage\"},\"image\":{\"@id\":\"https:\/\/www.gaveanews.com\/index.php\/2025\/10\/22\/a-declaracao-de-galvao-bueno-direcionada-a-jogador-do-flamengo-bota-a-bola-onde-quer\/#primaryimage\"},\"thumbnailUrl\":\"https:\/\/www.gaveanews.com\/wp-content\/uploads\/Galvao-Bueno-ex-narrador-do-Grupo-Globo.webp\",\"datePublished\":\"2025-10-22T21:00:00+00:00\",\"author\":{\"@id\":\"https:\/\/www.gaveanews.com\/#\/schema\/person\/c88645e3d550d0b6574305e67dd5a716\"},\"breadcrumb\":{\"@id\":\"https:\/\/www.gaveanews.com\/index.php\/2025\/10\/22\/a-declaracao-de-galvao-bueno-direcionada-a-jogador-do-flamengo-bota-a-bola-onde-quer\/#breadcrumb\"},\"inLanguage\":\"pt-BR\",\"potentialAction\":[{\"@type\":\"ReadAction\",\"target\":[\"https:\/\/www.gaveanews.com\/index.php\/2025\/10\/22\/a-declaracao-de-galvao-bueno-direcionada-a-jogador-do-flamengo-bota-a-bola-onde-quer\/\"]}]},{\"@type\":\"ImageObject\",\"inLanguage\":\"pt-BR\",\"@id\":\"https:\/\/www.gaveanews.com\/index.php\/2025\/10\/22\/a-declaracao-de-galvao-bueno-direcionada-a-jogador-do-flamengo-bota-a-bola-onde-quer\/#primaryimage\",\"url\":\"https:\/\/www.gaveanews.com\/wp-content\/uploads\/Galvao-Bueno-ex-narrador-do-Grupo-Globo.webp\",\"contentUrl\":\"https:\/\/www.gaveanews.com\/wp-content\/uploads\/Galvao-Bueno-ex-narrador-do-Grupo-Globo.webp\",\"width\":620,\"height\":372,\"caption\":\"Galv\u00e3o Bueno, ex-narrador do Grupo Globo (Foto: Reprodu\u00e7\u00e3o)\"},{\"@type\":\"BreadcrumbList\",\"@id\":\"https:\/\/www.gaveanews.com\/index.php\/2025\/10\/22\/a-declaracao-de-galvao-bueno-direcionada-a-jogador-do-flamengo-bota-a-bola-onde-quer\/#breadcrumb\",\"itemListElement\":[{\"@type\":\"ListItem\",\"position\":1,\"name\":\"Home\",\"item\":\"https:\/\/www.gaveanews.com\/\"},{\"@type\":\"ListItem\",\"position\":2,\"name\":\"A declara\u00e7\u00e3o de Galv\u00e3o Bueno direcionada a jogador do Flamengo: &#8220;bota a bola onde quer&#8230;&#8221;\"}]},{\"@type\":\"WebSite\",\"@id\":\"https:\/\/www.gaveanews.com\/#website\",\"url\":\"https:\/\/www.gaveanews.com\/\",\"name\":\"G\u00e1vea News\",\"description\":\"Veja todas as not\u00edcias sobre o Flamengo: Contrata\u00e7\u00f5es, categorias de base, resultados das partidas, tabela de classifica\u00e7\u00e3o, pr\u00f3ximos jogos!\",\"potentialAction\":[{\"@type\":\"SearchAction\",\"target\":{\"@type\":\"EntryPoint\",\"urlTemplate\":\"https:\/\/www.gaveanews.com\/?s={search_term_string}\"},\"query-input\":{\"@type\":\"PropertyValueSpecification\",\"valueRequired\":true,\"valueName\":\"search_term_string\"}}],\"inLanguage\":\"pt-BR\"},{\"@type\":\"Person\",\"@id\":\"https:\/\/www.gaveanews.com\/#\/schema\/person\/c88645e3d550d0b6574305e67dd5a716\",\"name\":\"Reda\u00e7\u00e3o\",\"image\":{\"@type\":\"ImageObject\",\"inLanguage\":\"pt-BR\",\"@id\":\"https:\/\/www.gaveanews.com\/#\/schema\/person\/image\/\",\"url\":\"https:\/\/secure.gravatar.com\/avatar\/434098fd823f0dc1b062d14ca22bacaa6e38de28d8c816bbef6fc2f8c44d8ba3?s=96&d=mm&r=g\",\"contentUrl\":\"https:\/\/secure.gravatar.com\/avatar\/434098fd823f0dc1b062d14ca22bacaa6e38de28d8c816bbef6fc2f8c44d8ba3?s=96&d=mm&r=g\",\"caption\":\"Reda\u00e7\u00e3o\"}}]}<\/script>\n<!-- \/ Yoast SEO Premium plugin. -->","yoast_head_json":{"title":"A declara\u00e7\u00e3o de Galv\u00e3o Bueno direcionada a jogador do Flamengo: \"bota a bola onde quer...\"","robots":{"index":"index","follow":"follow","max-snippet":"max-snippet:-1","max-image-preview":"max-image-preview:large","max-video-preview":"max-video-preview:-1"},"canonical":"https:\/\/www.gaveanews.com\/index.php\/2025\/10\/22\/a-declaracao-de-galvao-bueno-direcionada-a-jogador-do-flamengo-bota-a-bola-onde-quer\/","og_locale":"pt_BR","og_type":"article","og_title":"A declara\u00e7\u00e3o de Galv\u00e3o Bueno direcionada a jogador do Flamengo: \"bota a bola onde quer...\"","og_description":"A experi\u00eancia de Agust\u00edn Rossi em cl\u00e1ssicos argentinos e sua evolu\u00e7\u00e3o t\u00e9cnica desde que chegou ao Flamengo t\u00eam chamado aten\u00e7\u00e3o \u00e0s v\u00e9speras da semifinal da Libertadores. Titular absoluto da meta rubro-negra, o goleiro argentino, de 30 anos, carrega um hist\u00f3rico favor\u00e1vel contra o Racing, advers\u00e1rio do duelo desta quarta-feira (22), \u00e0s 21h30 (hor\u00e1rio de Bras\u00edlia), [&hellip;]","og_url":"https:\/\/www.gaveanews.com\/index.php\/2025\/10\/22\/a-declaracao-de-galvao-bueno-direcionada-a-jogador-do-flamengo-bota-a-bola-onde-quer\/","og_site_name":"G\u00e1vea News","article_publisher":"https:\/\/facebook.com\/gaveaNews\/","article_published_time":"2025-10-22T21:00:00+00:00","og_image":[{"width":620,"height":372,"url":"https:\/\/www.gaveanews.com\/wp-content\/uploads\/Galvao-Bueno-ex-narrador-do-Grupo-Globo.webp","type":"image\/webp"}],"author":"Reda\u00e7\u00e3o","twitter_card":"summary_large_image","twitter_misc":{"Escrito por":"Reda\u00e7\u00e3o","Est. tempo de leitura":"3 minutos"},"schema":{"@context":"https:\/\/schema.org","@graph":[{"@type":"NewsArticle","@id":"https:\/\/www.gaveanews.com\/index.php\/2025\/10\/22\/a-declaracao-de-galvao-bueno-direcionada-a-jogador-do-flamengo-bota-a-bola-onde-quer\/#article","isPartOf":{"@id":"https:\/\/www.gaveanews.com\/index.php\/2025\/10\/22\/a-declaracao-de-galvao-bueno-direcionada-a-jogador-do-flamengo-bota-a-bola-onde-quer\/"},"author":{"name":"Reda\u00e7\u00e3o","@id":"https:\/\/www.gaveanews.com\/#\/schema\/person\/c88645e3d550d0b6574305e67dd5a716"},"headline":"A declara\u00e7\u00e3o de Galv\u00e3o Bueno direcionada a jogador do Flamengo: &#8220;bota a bola onde quer&#8230;&#8221;","datePublished":"2025-10-22T21:00:00+00:00","mainEntityOfPage":{"@id":"https:\/\/www.gaveanews.com\/index.php\/2025\/10\/22\/a-declaracao-de-galvao-bueno-direcionada-a-jogador-do-flamengo-bota-a-bola-onde-quer\/"},"wordCount":548,"commentCount":0,"image":{"@id":"https:\/\/www.gaveanews.com\/index.php\/2025\/10\/22\/a-declaracao-de-galvao-bueno-direcionada-a-jogador-do-flamengo-bota-a-bola-onde-quer\/#primaryimage"},"thumbnailUrl":"https:\/\/www.gaveanews.com\/wp-content\/uploads\/Galvao-Bueno-ex-narrador-do-Grupo-Globo.webp","articleSection":["Flamengo"],"inLanguage":"pt-BR","potentialAction":[{"@type":"CommentAction","name":"Comment","target":["https:\/\/www.gaveanews.com\/index.php\/2025\/10\/22\/a-declaracao-de-galvao-bueno-direcionada-a-jogador-do-flamengo-bota-a-bola-onde-quer\/#respond"]}],"copyrightYear":"2025","copyrightHolder":{"@id":"https:\/\/www.gaveanews.com\/#organization"}},{"@type":"WebPage","@id":"https:\/\/www.gaveanews.com\/index.php\/2025\/10\/22\/a-declaracao-de-galvao-bueno-direcionada-a-jogador-do-flamengo-bota-a-bola-onde-quer\/","url":"https:\/\/www.gaveanews.com\/index.php\/2025\/10\/22\/a-declaracao-de-galvao-bueno-direcionada-a-jogador-do-flamengo-bota-a-bola-onde-quer\/","name":"A declara\u00e7\u00e3o de Galv\u00e3o Bueno direcionada a jogador do Flamengo: \"bota a bola onde quer...\"","isPartOf":{"@id":"https:\/\/www.gaveanews.com\/#website"},"primaryImageOfPage":{"@id":"https:\/\/www.gaveanews.com\/index.php\/2025\/10\/22\/a-declaracao-de-galvao-bueno-direcionada-a-jogador-do-flamengo-bota-a-bola-onde-quer\/#primaryimage"},"image":{"@id":"https:\/\/www.gaveanews.com\/index.php\/2025\/10\/22\/a-declaracao-de-galvao-bueno-direcionada-a-jogador-do-flamengo-bota-a-bola-onde-quer\/#primaryimage"},"thumbnailUrl":"https:\/\/www.gaveanews.com\/wp-content\/uploads\/Galvao-Bueno-ex-narrador-do-Grupo-Globo.webp","datePublished":"2025-10-22T21:00:00+00:00","author":{"@id":"https:\/\/www.gaveanews.com\/#\/schema\/person\/c88645e3d550d0b6574305e67dd5a716"},"breadcrumb":{"@id":"https:\/\/www.gaveanews.com\/index.php\/2025\/10\/22\/a-declaracao-de-galvao-bueno-direcionada-a-jogador-do-flamengo-bota-a-bola-onde-quer\/#breadcrumb"},"inLanguage":"pt-BR","potentialAction":[{"@type":"ReadAction","target":["https:\/\/www.gaveanews.com\/index.php\/2025\/10\/22\/a-declaracao-de-galvao-bueno-direcionada-a-jogador-do-flamengo-bota-a-bola-onde-quer\/"]}]},{"@type":"ImageObject","inLanguage":"pt-BR","@id":"https:\/\/www.gaveanews.com\/index.php\/2025\/10\/22\/a-declaracao-de-galvao-bueno-direcionada-a-jogador-do-flamengo-bota-a-bola-onde-quer\/#primaryimage","url":"https:\/\/www.gaveanews.com\/wp-content\/uploads\/Galvao-Bueno-ex-narrador-do-Grupo-Globo.webp","contentUrl":"https:\/\/www.gaveanews.com\/wp-content\/uploads\/Galvao-Bueno-ex-narrador-do-Grupo-Globo.webp","width":620,"height":372,"caption":"Galv\u00e3o Bueno, ex-narrador do Grupo Globo (Foto: Reprodu\u00e7\u00e3o)"},{"@type":"BreadcrumbList","@id":"https:\/\/www.gaveanews.com\/index.php\/2025\/10\/22\/a-declaracao-de-galvao-bueno-direcionada-a-jogador-do-flamengo-bota-a-bola-onde-quer\/#breadcrumb","itemListElement":[{"@type":"ListItem","position":1,"name":"Home","item":"https:\/\/www.gaveanews.com\/"},{"@type":"ListItem","position":2,"name":"A declara\u00e7\u00e3o de Galv\u00e3o Bueno direcionada a jogador do Flamengo: &#8220;bota a bola onde quer&#8230;&#8221;"}]},{"@type":"WebSite","@id":"https:\/\/www.gaveanews.com\/#website","url":"https:\/\/www.gaveanews.com\/","name":"G\u00e1vea News","description":"Veja todas as not\u00edcias sobre o Flamengo: Contrata\u00e7\u00f5es, categorias de base, resultados das partidas, tabela de classifica\u00e7\u00e3o, pr\u00f3ximos jogos!","potentialAction":[{"@type":"SearchAction","target":{"@type":"EntryPoint","urlTemplate":"https:\/\/www.gaveanews.com\/?s={search_term_string}"},"query-input":{"@type":"PropertyValueSpecification","valueRequired":true,"valueName":"search_term_string"}}],"inLanguage":"pt-BR"},{"@type":"Person","@id":"https:\/\/www.gaveanews.com\/#\/schema\/person\/c88645e3d550d0b6574305e67dd5a716","name":"Reda\u00e7\u00e3o","image":{"@type":"ImageObject","inLanguage":"pt-BR","@id":"https:\/\/www.gaveanews.com\/#\/schema\/person\/image\/","url":"https:\/\/secure.gravatar.com\/avatar\/434098fd823f0dc1b062d14ca22bacaa6e38de28d8c816bbef6fc2f8c44d8ba3?s=96&d=mm&r=g","contentUrl":"https:\/\/secure.gravatar.com\/avatar\/434098fd823f0dc1b062d14ca22bacaa6e38de28d8c816bbef6fc2f8c44d8ba3?s=96&d=mm&r=g","caption":"Reda\u00e7\u00e3o"}}]}},"_links":{"self":[{"href":"https:\/\/www.gaveanews.com\/index.php\/wp-json\/wp\/v2\/posts\/279067","targetHints":{"allow":["GET"]}}],"collection":[{"href":"https:\/\/www.gaveanews.com\/index.php\/wp-json\/wp\/v2\/posts"}],"about":[{"href":"https:\/\/www.gaveanews.com\/index.php\/wp-json\/wp\/v2\/types\/post"}],"author":[{"embeddable":true,"href":"https:\/\/www.gaveanews.com\/index.php\/wp-json\/wp\/v2\/users\/39"}],"replies":[{"embeddable":true,"href":"https:\/\/www.gaveanews.com\/index.php\/wp-json\/wp\/v2\/comments?post=279067"}],"version-history":[{"count":1,"href":"https:\/\/www.gaveanews.com\/index.php\/wp-json\/wp\/v2\/posts\/279067\/revisions"}],"predecessor-version":[{"id":279092,"href":"https:\/\/www.gaveanews.com\/index.php\/wp-json\/wp\/v2\/posts\/279067\/revisions\/279092"}],"wp:featuredmedia":[{"embeddable":true,"href":"https:\/\/www.gaveanews.com\/index.php\/wp-json\/wp\/v2\/media\/171275"}],"wp:attachment":[{"href":"https:\/\/www.gaveanews.com\/index.php\/wp-json\/wp\/v2\/media?parent=279067"}],"wp:term":[{"taxonomy":"category","embeddable":true,"href":"https:\/\/www.gaveanews.com\/index.php\/wp-json\/wp\/v2\/categories?post=279067"},{"taxonomy":"post_tag","embeddable":true,"href":"https:\/\/www.gaveanews.com\/index.php\/wp-json\/wp\/v2\/tags?post=279067"}],"curies":[{"name":"wp","href":"https:\/\/api.w.org\/{rel}","templated":true}]}}