{"id":279073,"date":"2025-10-22T17:00:00","date_gmt":"2025-10-22T20:00:00","guid":{"rendered":"https:\/\/www.gaveanews.com\/?p=279073"},"modified":"2025-10-22T16:34:55","modified_gmt":"2025-10-22T19:34:55","slug":"flamengo-leo-ortiz-lidera-estatistica-importante-na-libertadores","status":"publish","type":"post","link":"https:\/\/www.gaveanews.com\/index.php\/2025\/10\/22\/flamengo-leo-ortiz-lidera-estatistica-importante-na-libertadores\/","title":{"rendered":"Flamengo: L\u00e9o Ortiz lidera estat\u00edstica importante na Libertadores"},"content":{"rendered":"\n<p>Apesar de viver um momento de incerteza quanto \u00e0 titularidade contra o Racing, L\u00e9o Ortiz apresenta n\u00fameros expressivos na atual edi\u00e7\u00e3o da Libertadores. O zagueiro lidera a estat\u00edstica de passes progressivos no torneio continental, refor\u00e7ando seu papel estrat\u00e9gico na constru\u00e7\u00e3o das jogadas do sistema defensivo da equipe carioca.<\/p>\n\n\n\n<p>A presen\u00e7a de Ortiz no jogo contra o Racing, nesta quarta-feira (22 de outubro), \u00e0s 21h30 (hor\u00e1rio de Bras\u00edlia), no Maracan\u00e3, ainda depende de uma reavalia\u00e7\u00e3o f\u00edsica. O defensor sofreu um estiramento no tornozelo durante a partida contra o Palmeiras e vem realizando um trabalho intensivo de recupera\u00e7\u00e3o. Apesar da les\u00e3o, ele foi relacionado pelo t\u00e9cnico Filipe Lu\u00eds para o duelo de ida da semifinal.<\/p>\n\n\n\n<p>Conforme levantamento da plataforma DataFut, o zagueiro soma 70 passes progressivos na competi\u00e7\u00e3o. Esse tipo de passe, que rompe linhas e avan\u00e7a a equipe no campo, tem sido uma das principais armas do Flamengo para iniciar jogadas ofensivas a partir do campo de defesa. Ali\u00e1s, o n\u00famero obtido por Ortiz \u00e9 oito passes superior ao do segundo colocado, Marcos Antonio, do S\u00e3o Paulo, que j\u00e1 est\u00e1 eliminado da Libertadores.<\/p>\n\n\n\n<p>Essa superioridade estat\u00edstica n\u00e3o \u00e9 ocasional. Desde sua chegada ao clube, Ortiz tem se destacado pela qualidade no primeiro passe e pela leitura de jogo que o permite arriscar passes verticais com precis\u00e3o. O pr\u00f3prio Zico, \u00eddolo hist\u00f3rico do Flamengo, j\u00e1 o apelidou de \u201cCamisa 10 da zaga\u201d, em alus\u00e3o \u00e0 sua capacidade criativa com a bola nos p\u00e9s.<\/p>\n\n\n\n<p>Mesmo sem confirma\u00e7\u00e3o oficial sobre sua presen\u00e7a entre os titulares, o zagueiro treinou parcialmente com o elenco no Ninho do Urubu e demonstrou boa evolu\u00e7\u00e3o, o que deixou o departamento m\u00e9dico otimista. O substituto natural, Danilo, tamb\u00e9m n\u00e3o est\u00e1 em plenas condi\u00e7\u00f5es f\u00edsicas, o que mant\u00e9m a indefini\u00e7\u00e3o sobre a forma\u00e7\u00e3o da zaga rubro-negra.<\/p>\n\n\n\n<p>A comiss\u00e3o t\u00e9cnica adota cautela na decis\u00e3o. Filipe Lu\u00eds tem evitado utilizar jogadores que se recuperam de les\u00f5es recentes, especialmente em confrontos decisivos. Assim, a escala\u00e7\u00e3o definitiva s\u00f3 ser\u00e1 definida momentos antes da partida, ap\u00f3s nova avalia\u00e7\u00e3o cl\u00ednica.<\/p>\n\n\n\n<p>Durante a fase eliminat\u00f3ria da Libertadores, L\u00e9o Ortiz tem sido pe\u00e7a-chave para o modelo de jogo que valoriza a posse de bola e a sa\u00edda qualificada desde o campo defensivo. Portanto, mesmo com a d\u00favida sobre sua utiliza\u00e7\u00e3o, os n\u00fameros refor\u00e7am sua import\u00e2ncia no elenco flamenguista.<\/p>\n\n\n\n<p>\u201cEle fez um esfor\u00e7o de trabalho de recupera\u00e7\u00e3o. Vale lembrar que o exame, naquele lance l\u00e1 que ele trombou com o Vitor Roque [&#8230;] constatou um probleminha no ligamento do tornozelo, mas n\u00e3o foi o pior cen\u00e1rio\u201d.<\/p>\n","protected":false},"excerpt":{"rendered":"<p>Apesar de viver um momento de incerteza quanto \u00e0 titularidade contra o Racing, L\u00e9o Ortiz apresenta n\u00fameros expressivos na atual edi\u00e7\u00e3o da Libertadores. O zagueiro lidera a estat\u00edstica de passes progressivos no torneio continental, refor\u00e7ando seu papel estrat\u00e9gico na constru\u00e7\u00e3o das jogadas do sistema defensivo da equipe carioca. A presen\u00e7a de Ortiz no jogo contra [&hellip;]<\/p>\n","protected":false},"author":39,"featured_media":145524,"comment_status":"open","ping_status":"closed","sticky":false,"template":"","format":"standard","meta":{"footnotes":""},"categories":[1],"tags":[],"class_list":["post-279073","post","type-post","status-publish","format-standard","has-post-thumbnail","hentry","category-flamengo"],"yoast_head":"<!-- This site is optimized with the Yoast SEO Premium plugin v24.2 (Yoast SEO v26.9) - https:\/\/yoast.com\/product\/yoast-seo-premium-wordpress\/ -->\n<title>Flamengo: L\u00e9o Ortiz lidera estat\u00edstica importante na Libertadores<\/title>\n<meta name=\"robots\" content=\"index, follow, max-snippet:-1, max-image-preview:large, max-video-preview:-1\" \/>\n<link rel=\"canonical\" href=\"https:\/\/www.gaveanews.com\/index.php\/2025\/10\/22\/flamengo-leo-ortiz-lidera-estatistica-importante-na-libertadores\/\" \/>\n<meta property=\"og:locale\" content=\"pt_BR\" \/>\n<meta property=\"og:type\" content=\"article\" \/>\n<meta property=\"og:title\" content=\"Flamengo: L\u00e9o Ortiz lidera estat\u00edstica importante na Libertadores\" \/>\n<meta property=\"og:description\" content=\"Apesar de viver um momento de incerteza quanto \u00e0 titularidade contra o Racing, L\u00e9o Ortiz apresenta n\u00fameros expressivos na atual edi\u00e7\u00e3o da Libertadores. O zagueiro lidera a estat\u00edstica de passes progressivos no torneio continental, refor\u00e7ando seu papel estrat\u00e9gico na constru\u00e7\u00e3o das jogadas do sistema defensivo da equipe carioca. A presen\u00e7a de Ortiz no jogo contra [&hellip;]\" \/>\n<meta property=\"og:url\" content=\"https:\/\/www.gaveanews.com\/index.php\/2025\/10\/22\/flamengo-leo-ortiz-lidera-estatistica-importante-na-libertadores\/\" \/>\n<meta property=\"og:site_name\" content=\"G\u00e1vea News\" \/>\n<meta property=\"article:publisher\" content=\"https:\/\/facebook.com\/gaveaNews\/\" \/>\n<meta property=\"article:published_time\" content=\"2025-10-22T20:00:00+00:00\" \/>\n<meta property=\"og:image\" content=\"https:\/\/www.gaveanews.com\/wp-content\/uploads\/leo-ortiz-flamengo.webp\" \/>\n\t<meta property=\"og:image:width\" content=\"900\" \/>\n\t<meta property=\"og:image:height\" content=\"599\" \/>\n\t<meta property=\"og:image:type\" content=\"image\/jpeg\" \/>\n<meta name=\"author\" content=\"Reda\u00e7\u00e3o\" \/>\n<meta name=\"twitter:card\" content=\"summary_large_image\" \/>\n<meta name=\"twitter:label1\" content=\"Escrito por\" \/>\n\t<meta name=\"twitter:data1\" content=\"Reda\u00e7\u00e3o\" \/>\n\t<meta name=\"twitter:label2\" content=\"Est. tempo de leitura\" \/>\n\t<meta name=\"twitter:data2\" content=\"3 minutos\" \/>\n<script type=\"application\/ld+json\" class=\"yoast-schema-graph\">{\"@context\":\"https:\/\/schema.org\",\"@graph\":[{\"@type\":\"NewsArticle\",\"@id\":\"https:\/\/www.gaveanews.com\/index.php\/2025\/10\/22\/flamengo-leo-ortiz-lidera-estatistica-importante-na-libertadores\/#article\",\"isPartOf\":{\"@id\":\"https:\/\/www.gaveanews.com\/index.php\/2025\/10\/22\/flamengo-leo-ortiz-lidera-estatistica-importante-na-libertadores\/\"},\"author\":{\"name\":\"Reda\u00e7\u00e3o\",\"@id\":\"https:\/\/www.gaveanews.com\/#\/schema\/person\/c88645e3d550d0b6574305e67dd5a716\"},\"headline\":\"Flamengo: L\u00e9o Ortiz lidera estat\u00edstica importante na Libertadores\",\"datePublished\":\"2025-10-22T20:00:00+00:00\",\"mainEntityOfPage\":{\"@id\":\"https:\/\/www.gaveanews.com\/index.php\/2025\/10\/22\/flamengo-leo-ortiz-lidera-estatistica-importante-na-libertadores\/\"},\"wordCount\":479,\"commentCount\":0,\"image\":{\"@id\":\"https:\/\/www.gaveanews.com\/index.php\/2025\/10\/22\/flamengo-leo-ortiz-lidera-estatistica-importante-na-libertadores\/#primaryimage\"},\"thumbnailUrl\":\"https:\/\/www.gaveanews.com\/wp-content\/uploads\/leo-ortiz-flamengo.webp\",\"articleSection\":[\"Flamengo\"],\"inLanguage\":\"pt-BR\",\"potentialAction\":[{\"@type\":\"CommentAction\",\"name\":\"Comment\",\"target\":[\"https:\/\/www.gaveanews.com\/index.php\/2025\/10\/22\/flamengo-leo-ortiz-lidera-estatistica-importante-na-libertadores\/#respond\"]}],\"copyrightYear\":\"2025\",\"copyrightHolder\":{\"@id\":\"https:\/\/www.gaveanews.com\/#organization\"}},{\"@type\":\"WebPage\",\"@id\":\"https:\/\/www.gaveanews.com\/index.php\/2025\/10\/22\/flamengo-leo-ortiz-lidera-estatistica-importante-na-libertadores\/\",\"url\":\"https:\/\/www.gaveanews.com\/index.php\/2025\/10\/22\/flamengo-leo-ortiz-lidera-estatistica-importante-na-libertadores\/\",\"name\":\"Flamengo: L\u00e9o Ortiz lidera estat\u00edstica importante na Libertadores\",\"isPartOf\":{\"@id\":\"https:\/\/www.gaveanews.com\/#website\"},\"primaryImageOfPage\":{\"@id\":\"https:\/\/www.gaveanews.com\/index.php\/2025\/10\/22\/flamengo-leo-ortiz-lidera-estatistica-importante-na-libertadores\/#primaryimage\"},\"image\":{\"@id\":\"https:\/\/www.gaveanews.com\/index.php\/2025\/10\/22\/flamengo-leo-ortiz-lidera-estatistica-importante-na-libertadores\/#primaryimage\"},\"thumbnailUrl\":\"https:\/\/www.gaveanews.com\/wp-content\/uploads\/leo-ortiz-flamengo.webp\",\"datePublished\":\"2025-10-22T20:00:00+00:00\",\"author\":{\"@id\":\"https:\/\/www.gaveanews.com\/#\/schema\/person\/c88645e3d550d0b6574305e67dd5a716\"},\"breadcrumb\":{\"@id\":\"https:\/\/www.gaveanews.com\/index.php\/2025\/10\/22\/flamengo-leo-ortiz-lidera-estatistica-importante-na-libertadores\/#breadcrumb\"},\"inLanguage\":\"pt-BR\",\"potentialAction\":[{\"@type\":\"ReadAction\",\"target\":[\"https:\/\/www.gaveanews.com\/index.php\/2025\/10\/22\/flamengo-leo-ortiz-lidera-estatistica-importante-na-libertadores\/\"]}]},{\"@type\":\"ImageObject\",\"inLanguage\":\"pt-BR\",\"@id\":\"https:\/\/www.gaveanews.com\/index.php\/2025\/10\/22\/flamengo-leo-ortiz-lidera-estatistica-importante-na-libertadores\/#primaryimage\",\"url\":\"https:\/\/www.gaveanews.com\/wp-content\/uploads\/leo-ortiz-flamengo.webp\",\"contentUrl\":\"https:\/\/www.gaveanews.com\/wp-content\/uploads\/leo-ortiz-flamengo.webp\",\"width\":900,\"height\":599,\"caption\":\"L\u00e9o Ortiz em a\u00e7\u00e3o pelo Flamengo (Foto: Marcelo Cortes\/Flamengo)\"},{\"@type\":\"BreadcrumbList\",\"@id\":\"https:\/\/www.gaveanews.com\/index.php\/2025\/10\/22\/flamengo-leo-ortiz-lidera-estatistica-importante-na-libertadores\/#breadcrumb\",\"itemListElement\":[{\"@type\":\"ListItem\",\"position\":1,\"name\":\"Home\",\"item\":\"https:\/\/www.gaveanews.com\/\"},{\"@type\":\"ListItem\",\"position\":2,\"name\":\"Flamengo: L\u00e9o Ortiz lidera estat\u00edstica importante na Libertadores\"}]},{\"@type\":\"WebSite\",\"@id\":\"https:\/\/www.gaveanews.com\/#website\",\"url\":\"https:\/\/www.gaveanews.com\/\",\"name\":\"G\u00e1vea News\",\"description\":\"Veja todas as not\u00edcias sobre o Flamengo: Contrata\u00e7\u00f5es, categorias de base, resultados das partidas, tabela de classifica\u00e7\u00e3o, pr\u00f3ximos jogos!\",\"potentialAction\":[{\"@type\":\"SearchAction\",\"target\":{\"@type\":\"EntryPoint\",\"urlTemplate\":\"https:\/\/www.gaveanews.com\/?s={search_term_string}\"},\"query-input\":{\"@type\":\"PropertyValueSpecification\",\"valueRequired\":true,\"valueName\":\"search_term_string\"}}],\"inLanguage\":\"pt-BR\"},{\"@type\":\"Person\",\"@id\":\"https:\/\/www.gaveanews.com\/#\/schema\/person\/c88645e3d550d0b6574305e67dd5a716\",\"name\":\"Reda\u00e7\u00e3o\",\"image\":{\"@type\":\"ImageObject\",\"inLanguage\":\"pt-BR\",\"@id\":\"https:\/\/www.gaveanews.com\/#\/schema\/person\/image\/\",\"url\":\"https:\/\/secure.gravatar.com\/avatar\/434098fd823f0dc1b062d14ca22bacaa6e38de28d8c816bbef6fc2f8c44d8ba3?s=96&d=mm&r=g\",\"contentUrl\":\"https:\/\/secure.gravatar.com\/avatar\/434098fd823f0dc1b062d14ca22bacaa6e38de28d8c816bbef6fc2f8c44d8ba3?s=96&d=mm&r=g\",\"caption\":\"Reda\u00e7\u00e3o\"}}]}<\/script>\n<!-- \/ Yoast SEO Premium plugin. -->","yoast_head_json":{"title":"Flamengo: L\u00e9o Ortiz lidera estat\u00edstica importante na Libertadores","robots":{"index":"index","follow":"follow","max-snippet":"max-snippet:-1","max-image-preview":"max-image-preview:large","max-video-preview":"max-video-preview:-1"},"canonical":"https:\/\/www.gaveanews.com\/index.php\/2025\/10\/22\/flamengo-leo-ortiz-lidera-estatistica-importante-na-libertadores\/","og_locale":"pt_BR","og_type":"article","og_title":"Flamengo: L\u00e9o Ortiz lidera estat\u00edstica importante na Libertadores","og_description":"Apesar de viver um momento de incerteza quanto \u00e0 titularidade contra o Racing, L\u00e9o Ortiz apresenta n\u00fameros expressivos na atual edi\u00e7\u00e3o da Libertadores. O zagueiro lidera a estat\u00edstica de passes progressivos no torneio continental, refor\u00e7ando seu papel estrat\u00e9gico na constru\u00e7\u00e3o das jogadas do sistema defensivo da equipe carioca. A presen\u00e7a de Ortiz no jogo contra [&hellip;]","og_url":"https:\/\/www.gaveanews.com\/index.php\/2025\/10\/22\/flamengo-leo-ortiz-lidera-estatistica-importante-na-libertadores\/","og_site_name":"G\u00e1vea News","article_publisher":"https:\/\/facebook.com\/gaveaNews\/","article_published_time":"2025-10-22T20:00:00+00:00","og_image":[{"width":900,"height":599,"url":"https:\/\/www.gaveanews.com\/wp-content\/uploads\/leo-ortiz-flamengo.webp","type":"image\/jpeg"}],"author":"Reda\u00e7\u00e3o","twitter_card":"summary_large_image","twitter_misc":{"Escrito por":"Reda\u00e7\u00e3o","Est. tempo de leitura":"3 minutos"},"schema":{"@context":"https:\/\/schema.org","@graph":[{"@type":"NewsArticle","@id":"https:\/\/www.gaveanews.com\/index.php\/2025\/10\/22\/flamengo-leo-ortiz-lidera-estatistica-importante-na-libertadores\/#article","isPartOf":{"@id":"https:\/\/www.gaveanews.com\/index.php\/2025\/10\/22\/flamengo-leo-ortiz-lidera-estatistica-importante-na-libertadores\/"},"author":{"name":"Reda\u00e7\u00e3o","@id":"https:\/\/www.gaveanews.com\/#\/schema\/person\/c88645e3d550d0b6574305e67dd5a716"},"headline":"Flamengo: L\u00e9o Ortiz lidera estat\u00edstica importante na Libertadores","datePublished":"2025-10-22T20:00:00+00:00","mainEntityOfPage":{"@id":"https:\/\/www.gaveanews.com\/index.php\/2025\/10\/22\/flamengo-leo-ortiz-lidera-estatistica-importante-na-libertadores\/"},"wordCount":479,"commentCount":0,"image":{"@id":"https:\/\/www.gaveanews.com\/index.php\/2025\/10\/22\/flamengo-leo-ortiz-lidera-estatistica-importante-na-libertadores\/#primaryimage"},"thumbnailUrl":"https:\/\/www.gaveanews.com\/wp-content\/uploads\/leo-ortiz-flamengo.webp","articleSection":["Flamengo"],"inLanguage":"pt-BR","potentialAction":[{"@type":"CommentAction","name":"Comment","target":["https:\/\/www.gaveanews.com\/index.php\/2025\/10\/22\/flamengo-leo-ortiz-lidera-estatistica-importante-na-libertadores\/#respond"]}],"copyrightYear":"2025","copyrightHolder":{"@id":"https:\/\/www.gaveanews.com\/#organization"}},{"@type":"WebPage","@id":"https:\/\/www.gaveanews.com\/index.php\/2025\/10\/22\/flamengo-leo-ortiz-lidera-estatistica-importante-na-libertadores\/","url":"https:\/\/www.gaveanews.com\/index.php\/2025\/10\/22\/flamengo-leo-ortiz-lidera-estatistica-importante-na-libertadores\/","name":"Flamengo: L\u00e9o Ortiz lidera estat\u00edstica importante na Libertadores","isPartOf":{"@id":"https:\/\/www.gaveanews.com\/#website"},"primaryImageOfPage":{"@id":"https:\/\/www.gaveanews.com\/index.php\/2025\/10\/22\/flamengo-leo-ortiz-lidera-estatistica-importante-na-libertadores\/#primaryimage"},"image":{"@id":"https:\/\/www.gaveanews.com\/index.php\/2025\/10\/22\/flamengo-leo-ortiz-lidera-estatistica-importante-na-libertadores\/#primaryimage"},"thumbnailUrl":"https:\/\/www.gaveanews.com\/wp-content\/uploads\/leo-ortiz-flamengo.webp","datePublished":"2025-10-22T20:00:00+00:00","author":{"@id":"https:\/\/www.gaveanews.com\/#\/schema\/person\/c88645e3d550d0b6574305e67dd5a716"},"breadcrumb":{"@id":"https:\/\/www.gaveanews.com\/index.php\/2025\/10\/22\/flamengo-leo-ortiz-lidera-estatistica-importante-na-libertadores\/#breadcrumb"},"inLanguage":"pt-BR","potentialAction":[{"@type":"ReadAction","target":["https:\/\/www.gaveanews.com\/index.php\/2025\/10\/22\/flamengo-leo-ortiz-lidera-estatistica-importante-na-libertadores\/"]}]},{"@type":"ImageObject","inLanguage":"pt-BR","@id":"https:\/\/www.gaveanews.com\/index.php\/2025\/10\/22\/flamengo-leo-ortiz-lidera-estatistica-importante-na-libertadores\/#primaryimage","url":"https:\/\/www.gaveanews.com\/wp-content\/uploads\/leo-ortiz-flamengo.webp","contentUrl":"https:\/\/www.gaveanews.com\/wp-content\/uploads\/leo-ortiz-flamengo.webp","width":900,"height":599,"caption":"L\u00e9o Ortiz em a\u00e7\u00e3o pelo Flamengo (Foto: Marcelo Cortes\/Flamengo)"},{"@type":"BreadcrumbList","@id":"https:\/\/www.gaveanews.com\/index.php\/2025\/10\/22\/flamengo-leo-ortiz-lidera-estatistica-importante-na-libertadores\/#breadcrumb","itemListElement":[{"@type":"ListItem","position":1,"name":"Home","item":"https:\/\/www.gaveanews.com\/"},{"@type":"ListItem","position":2,"name":"Flamengo: L\u00e9o Ortiz lidera estat\u00edstica importante na Libertadores"}]},{"@type":"WebSite","@id":"https:\/\/www.gaveanews.com\/#website","url":"https:\/\/www.gaveanews.com\/","name":"G\u00e1vea News","description":"Veja todas as not\u00edcias sobre o Flamengo: Contrata\u00e7\u00f5es, categorias de base, resultados das partidas, tabela de classifica\u00e7\u00e3o, pr\u00f3ximos jogos!","potentialAction":[{"@type":"SearchAction","target":{"@type":"EntryPoint","urlTemplate":"https:\/\/www.gaveanews.com\/?s={search_term_string}"},"query-input":{"@type":"PropertyValueSpecification","valueRequired":true,"valueName":"search_term_string"}}],"inLanguage":"pt-BR"},{"@type":"Person","@id":"https:\/\/www.gaveanews.com\/#\/schema\/person\/c88645e3d550d0b6574305e67dd5a716","name":"Reda\u00e7\u00e3o","image":{"@type":"ImageObject","inLanguage":"pt-BR","@id":"https:\/\/www.gaveanews.com\/#\/schema\/person\/image\/","url":"https:\/\/secure.gravatar.com\/avatar\/434098fd823f0dc1b062d14ca22bacaa6e38de28d8c816bbef6fc2f8c44d8ba3?s=96&d=mm&r=g","contentUrl":"https:\/\/secure.gravatar.com\/avatar\/434098fd823f0dc1b062d14ca22bacaa6e38de28d8c816bbef6fc2f8c44d8ba3?s=96&d=mm&r=g","caption":"Reda\u00e7\u00e3o"}}]}},"_links":{"self":[{"href":"https:\/\/www.gaveanews.com\/index.php\/wp-json\/wp\/v2\/posts\/279073","targetHints":{"allow":["GET"]}}],"collection":[{"href":"https:\/\/www.gaveanews.com\/index.php\/wp-json\/wp\/v2\/posts"}],"about":[{"href":"https:\/\/www.gaveanews.com\/index.php\/wp-json\/wp\/v2\/types\/post"}],"author":[{"embeddable":true,"href":"https:\/\/www.gaveanews.com\/index.php\/wp-json\/wp\/v2\/users\/39"}],"replies":[{"embeddable":true,"href":"https:\/\/www.gaveanews.com\/index.php\/wp-json\/wp\/v2\/comments?post=279073"}],"version-history":[{"count":1,"href":"https:\/\/www.gaveanews.com\/index.php\/wp-json\/wp\/v2\/posts\/279073\/revisions"}],"predecessor-version":[{"id":279084,"href":"https:\/\/www.gaveanews.com\/index.php\/wp-json\/wp\/v2\/posts\/279073\/revisions\/279084"}],"wp:featuredmedia":[{"embeddable":true,"href":"https:\/\/www.gaveanews.com\/index.php\/wp-json\/wp\/v2\/media\/145524"}],"wp:attachment":[{"href":"https:\/\/www.gaveanews.com\/index.php\/wp-json\/wp\/v2\/media?parent=279073"}],"wp:term":[{"taxonomy":"category","embeddable":true,"href":"https:\/\/www.gaveanews.com\/index.php\/wp-json\/wp\/v2\/categories?post=279073"},{"taxonomy":"post_tag","embeddable":true,"href":"https:\/\/www.gaveanews.com\/index.php\/wp-json\/wp\/v2\/tags?post=279073"}],"curies":[{"name":"wp","href":"https:\/\/api.w.org\/{rel}","templated":true}]}}