{"id":279074,"date":"2025-10-22T16:45:00","date_gmt":"2025-10-22T19:45:00","guid":{"rendered":"https:\/\/www.gaveanews.com\/?p=279074"},"modified":"2025-10-22T16:25:35","modified_gmt":"2025-10-22T19:25:35","slug":"torcedor-do-racing-vai-a-pe-da-argentina-ao-maracana-e-manda-recado-ao-flamengo","status":"publish","type":"post","link":"https:\/\/www.gaveanews.com\/index.php\/2025\/10\/22\/torcedor-do-racing-vai-a-pe-da-argentina-ao-maracana-e-manda-recado-ao-flamengo\/","title":{"rendered":"Torcedor do Racing vai a p\u00e9 da Argentina ao Maracan\u00e3 e manda recado ao Flamengo"},"content":{"rendered":"\n<p>O Maracan\u00e3 recebe <a href=\"https:\/\/www.gaveanews.com\/index.php\/category\/brasileirao\/flamengo\/\" target=\"_blank\" rel=\"noopener noreferrer\">Flamengo<\/a> x Racing nesta quarta-feira (22 de outubro), \u00e0s 21h30 (hor\u00e1rio de Bras\u00edlia), pela ida da semifinal da Libertadores. Entre os torcedores, um nome chama aten\u00e7\u00e3o: Alejo Ciganotto, argentino de 23 anos.<\/p>\n\n\n\n<p>Ele saiu de San Mart\u00edn em 4 de outubro e percorreu cerca de 2.650 quil\u00f4metros a p\u00e9 e de carona. Chegou ao Rio na sexta-feira (17 de outubro), ap\u00f3s 13 dias na estrada. Em outras viagens, somou 15.250 quil\u00f4metros, passando por Fortaleza, Col\u00f4mbia e Uruguai.<\/p>\n\n\n\n<p>Com pouco dinheiro, o torcedor se mobilizou com rifa e doa\u00e7\u00f5es para bancar a miss\u00e3o. Ele detalhou como reuniu os recursos e iniciou o trajeto.<\/p>\n\n\n\n<p>\u201cEu sa\u00ed da minha casa com aproximadamente US$ 50 (cerca de R$ 270) e uma rifa com 100 n\u00fameros para vender, que foram outros US$ 150 (R$ 800) que pude gerar com isso, al\u00e9m de algumas doa\u00e7\u00f5es que recebi durante o caminho de pessoas que me falaram que era para me ajudar a seguir com a miss\u00e3o\u201d.<\/p>\n\n\n\n<p>Depois, Alejo descreveu como transformou as caminhadas em um ritual ao longo das competi\u00e7\u00f5es recentes. O roteiro inclui Chile, Curitiba, S\u00e3o Paulo, Paraguai e outras paradas.<\/p>\n\n\n\n<p>\u201cEu j\u00e1 fui andando a nove jogos do Racing. O primeiro foi na Copa Sul-Americana no ano passado. Nas oitavas de final, no Chile. Nas quartas, contra o Athletico-PR e, quando passou, fui a p\u00e9 e pegando carona contra o Corinthians, na semi. Na final, fiz isso de novo para o Paraguai quando fomos campe\u00f5es\u201d.<\/p>\n\n\n\n<p>Ele tamb\u00e9m avaliou o desafio diante do Flamengo, cita nomes do elenco rubro-negro e arrisca o placar dos dois confrontos. O respeito ao advers\u00e1rio \u00e9 declarado.<\/p>\n\n\n\n<p>\u201cRespeito muito o Flamengo. Eles t\u00eam o maior or\u00e7amento e o melhor est\u00e1dio do Brasil. Depois do est\u00e1dio do Racing, \u00e9 o melhor da Am\u00e9rica do Sul. Vai ser muito dif\u00edcil (enfrent\u00e1-los). \u00c9 uma equipe que tem Jorginho, Sa\u00fal, Bruno Henrique, Rossi que \u00e9 um bom goleiro. Emerson Royal e Alex Sandro nas laterais. Sem falar do Samuel Lino, que estava no Atl\u00e9tico de Madrid. Meu palpite? Vai ser 1 a 1 no Maracan\u00e3 e 2 a 1 no est\u00e1dio do Racing\u201d.<\/p>\n\n\n\n<p>Al\u00e9m do esfor\u00e7o financeiro, Alejo relata apoio de torcedores de v\u00e1rios clubes e seguidores nas redes. Ele afirma que at\u00e9 rivais ajudam em sua jornada.<\/p>\n\n\n\n<p>\u201cRecebo ajuda de todos: torcedores e meus seguidores nas redes sociais. Mas tamb\u00e9m torcedores do Boca Juniors, River Plate e at\u00e9 do Independiente, rival do Racing, \u00e0s vezes me ajudam. \u00c9 muito louco isso\u201d.<\/p>\n","protected":false},"excerpt":{"rendered":"<p>O Maracan\u00e3 recebe Flamengo x Racing nesta quarta-feira (22 de outubro), \u00e0s 21h30 (hor\u00e1rio de Bras\u00edlia), pela ida da semifinal da Libertadores. Entre os torcedores, um nome chama aten\u00e7\u00e3o: Alejo Ciganotto, argentino de 23 anos. Ele saiu de San Mart\u00edn em 4 de outubro e percorreu cerca de 2.650 quil\u00f4metros a p\u00e9 e de carona. [&hellip;]<\/p>\n","protected":false},"author":39,"featured_media":277238,"comment_status":"open","ping_status":"closed","sticky":false,"template":"","format":"standard","meta":{"footnotes":""},"categories":[1],"tags":[],"class_list":["post-279074","post","type-post","status-publish","format-standard","has-post-thumbnail","hentry","category-flamengo"],"yoast_head":"<!-- This site is optimized with the Yoast SEO Premium plugin v24.2 (Yoast SEO v26.9) - https:\/\/yoast.com\/product\/yoast-seo-premium-wordpress\/ -->\n<title>Torcedor do Racing vai a p\u00e9 da Argentina ao Maracan\u00e3 e manda recado ao Flamengo<\/title>\n<meta name=\"robots\" content=\"index, follow, max-snippet:-1, max-image-preview:large, max-video-preview:-1\" \/>\n<link rel=\"canonical\" href=\"https:\/\/www.gaveanews.com\/index.php\/2025\/10\/22\/torcedor-do-racing-vai-a-pe-da-argentina-ao-maracana-e-manda-recado-ao-flamengo\/\" \/>\n<meta property=\"og:locale\" content=\"pt_BR\" \/>\n<meta property=\"og:type\" content=\"article\" \/>\n<meta property=\"og:title\" content=\"Torcedor do Racing vai a p\u00e9 da Argentina ao Maracan\u00e3 e manda recado ao Flamengo\" \/>\n<meta property=\"og:description\" content=\"O Maracan\u00e3 recebe Flamengo x Racing nesta quarta-feira (22 de outubro), \u00e0s 21h30 (hor\u00e1rio de Bras\u00edlia), pela ida da semifinal da Libertadores. Entre os torcedores, um nome chama aten\u00e7\u00e3o: Alejo Ciganotto, argentino de 23 anos. Ele saiu de San Mart\u00edn em 4 de outubro e percorreu cerca de 2.650 quil\u00f4metros a p\u00e9 e de carona. [&hellip;]\" \/>\n<meta property=\"og:url\" content=\"https:\/\/www.gaveanews.com\/index.php\/2025\/10\/22\/torcedor-do-racing-vai-a-pe-da-argentina-ao-maracana-e-manda-recado-ao-flamengo\/\" \/>\n<meta property=\"og:site_name\" content=\"G\u00e1vea News\" \/>\n<meta property=\"article:publisher\" content=\"https:\/\/facebook.com\/gaveaNews\/\" \/>\n<meta property=\"article:published_time\" content=\"2025-10-22T19:45:00+00:00\" \/>\n<meta property=\"og:image\" content=\"https:\/\/www.gaveanews.com\/wp-content\/uploads\/escudo-do-Racing.png\" \/>\n\t<meta property=\"og:image:width\" content=\"1200\" \/>\n\t<meta property=\"og:image:height\" content=\"900\" \/>\n\t<meta property=\"og:image:type\" content=\"image\/png\" \/>\n<meta name=\"author\" content=\"Reda\u00e7\u00e3o\" \/>\n<meta name=\"twitter:card\" content=\"summary_large_image\" \/>\n<meta name=\"twitter:label1\" content=\"Escrito por\" \/>\n\t<meta name=\"twitter:data1\" content=\"Reda\u00e7\u00e3o\" \/>\n\t<meta name=\"twitter:label2\" content=\"Est. tempo de leitura\" \/>\n\t<meta name=\"twitter:data2\" content=\"3 minutos\" \/>\n<script type=\"application\/ld+json\" class=\"yoast-schema-graph\">{\"@context\":\"https:\/\/schema.org\",\"@graph\":[{\"@type\":\"NewsArticle\",\"@id\":\"https:\/\/www.gaveanews.com\/index.php\/2025\/10\/22\/torcedor-do-racing-vai-a-pe-da-argentina-ao-maracana-e-manda-recado-ao-flamengo\/#article\",\"isPartOf\":{\"@id\":\"https:\/\/www.gaveanews.com\/index.php\/2025\/10\/22\/torcedor-do-racing-vai-a-pe-da-argentina-ao-maracana-e-manda-recado-ao-flamengo\/\"},\"author\":{\"name\":\"Reda\u00e7\u00e3o\",\"@id\":\"https:\/\/www.gaveanews.com\/#\/schema\/person\/c88645e3d550d0b6574305e67dd5a716\"},\"headline\":\"Torcedor do Racing vai a p\u00e9 da Argentina ao Maracan\u00e3 e manda recado ao Flamengo\",\"datePublished\":\"2025-10-22T19:45:00+00:00\",\"mainEntityOfPage\":{\"@id\":\"https:\/\/www.gaveanews.com\/index.php\/2025\/10\/22\/torcedor-do-racing-vai-a-pe-da-argentina-ao-maracana-e-manda-recado-ao-flamengo\/\"},\"wordCount\":437,\"commentCount\":0,\"image\":{\"@id\":\"https:\/\/www.gaveanews.com\/index.php\/2025\/10\/22\/torcedor-do-racing-vai-a-pe-da-argentina-ao-maracana-e-manda-recado-ao-flamengo\/#primaryimage\"},\"thumbnailUrl\":\"https:\/\/www.gaveanews.com\/wp-content\/uploads\/escudo-do-Racing.png\",\"articleSection\":[\"Flamengo\"],\"inLanguage\":\"pt-BR\",\"potentialAction\":[{\"@type\":\"CommentAction\",\"name\":\"Comment\",\"target\":[\"https:\/\/www.gaveanews.com\/index.php\/2025\/10\/22\/torcedor-do-racing-vai-a-pe-da-argentina-ao-maracana-e-manda-recado-ao-flamengo\/#respond\"]}],\"copyrightYear\":\"2025\",\"copyrightHolder\":{\"@id\":\"https:\/\/www.gaveanews.com\/#organization\"}},{\"@type\":\"WebPage\",\"@id\":\"https:\/\/www.gaveanews.com\/index.php\/2025\/10\/22\/torcedor-do-racing-vai-a-pe-da-argentina-ao-maracana-e-manda-recado-ao-flamengo\/\",\"url\":\"https:\/\/www.gaveanews.com\/index.php\/2025\/10\/22\/torcedor-do-racing-vai-a-pe-da-argentina-ao-maracana-e-manda-recado-ao-flamengo\/\",\"name\":\"Torcedor do Racing vai a p\u00e9 da Argentina ao Maracan\u00e3 e manda recado ao Flamengo\",\"isPartOf\":{\"@id\":\"https:\/\/www.gaveanews.com\/#website\"},\"primaryImageOfPage\":{\"@id\":\"https:\/\/www.gaveanews.com\/index.php\/2025\/10\/22\/torcedor-do-racing-vai-a-pe-da-argentina-ao-maracana-e-manda-recado-ao-flamengo\/#primaryimage\"},\"image\":{\"@id\":\"https:\/\/www.gaveanews.com\/index.php\/2025\/10\/22\/torcedor-do-racing-vai-a-pe-da-argentina-ao-maracana-e-manda-recado-ao-flamengo\/#primaryimage\"},\"thumbnailUrl\":\"https:\/\/www.gaveanews.com\/wp-content\/uploads\/escudo-do-Racing.png\",\"datePublished\":\"2025-10-22T19:45:00+00:00\",\"author\":{\"@id\":\"https:\/\/www.gaveanews.com\/#\/schema\/person\/c88645e3d550d0b6574305e67dd5a716\"},\"breadcrumb\":{\"@id\":\"https:\/\/www.gaveanews.com\/index.php\/2025\/10\/22\/torcedor-do-racing-vai-a-pe-da-argentina-ao-maracana-e-manda-recado-ao-flamengo\/#breadcrumb\"},\"inLanguage\":\"pt-BR\",\"potentialAction\":[{\"@type\":\"ReadAction\",\"target\":[\"https:\/\/www.gaveanews.com\/index.php\/2025\/10\/22\/torcedor-do-racing-vai-a-pe-da-argentina-ao-maracana-e-manda-recado-ao-flamengo\/\"]}]},{\"@type\":\"ImageObject\",\"inLanguage\":\"pt-BR\",\"@id\":\"https:\/\/www.gaveanews.com\/index.php\/2025\/10\/22\/torcedor-do-racing-vai-a-pe-da-argentina-ao-maracana-e-manda-recado-ao-flamengo\/#primaryimage\",\"url\":\"https:\/\/www.gaveanews.com\/wp-content\/uploads\/escudo-do-Racing.png\",\"contentUrl\":\"https:\/\/www.gaveanews.com\/wp-content\/uploads\/escudo-do-Racing.png\",\"width\":1200,\"height\":900,\"caption\":\"escudo do Racing (Foto: Reprodu\u00e7\u00e3o\/Instagram Racing)\"},{\"@type\":\"BreadcrumbList\",\"@id\":\"https:\/\/www.gaveanews.com\/index.php\/2025\/10\/22\/torcedor-do-racing-vai-a-pe-da-argentina-ao-maracana-e-manda-recado-ao-flamengo\/#breadcrumb\",\"itemListElement\":[{\"@type\":\"ListItem\",\"position\":1,\"name\":\"Home\",\"item\":\"https:\/\/www.gaveanews.com\/\"},{\"@type\":\"ListItem\",\"position\":2,\"name\":\"Torcedor do Racing vai a p\u00e9 da Argentina ao Maracan\u00e3 e manda recado ao Flamengo\"}]},{\"@type\":\"WebSite\",\"@id\":\"https:\/\/www.gaveanews.com\/#website\",\"url\":\"https:\/\/www.gaveanews.com\/\",\"name\":\"G\u00e1vea News\",\"description\":\"Veja todas as not\u00edcias sobre o Flamengo: Contrata\u00e7\u00f5es, categorias de base, resultados das partidas, tabela de classifica\u00e7\u00e3o, pr\u00f3ximos jogos!\",\"potentialAction\":[{\"@type\":\"SearchAction\",\"target\":{\"@type\":\"EntryPoint\",\"urlTemplate\":\"https:\/\/www.gaveanews.com\/?s={search_term_string}\"},\"query-input\":{\"@type\":\"PropertyValueSpecification\",\"valueRequired\":true,\"valueName\":\"search_term_string\"}}],\"inLanguage\":\"pt-BR\"},{\"@type\":\"Person\",\"@id\":\"https:\/\/www.gaveanews.com\/#\/schema\/person\/c88645e3d550d0b6574305e67dd5a716\",\"name\":\"Reda\u00e7\u00e3o\",\"image\":{\"@type\":\"ImageObject\",\"inLanguage\":\"pt-BR\",\"@id\":\"https:\/\/www.gaveanews.com\/#\/schema\/person\/image\/\",\"url\":\"https:\/\/secure.gravatar.com\/avatar\/434098fd823f0dc1b062d14ca22bacaa6e38de28d8c816bbef6fc2f8c44d8ba3?s=96&d=mm&r=g\",\"contentUrl\":\"https:\/\/secure.gravatar.com\/avatar\/434098fd823f0dc1b062d14ca22bacaa6e38de28d8c816bbef6fc2f8c44d8ba3?s=96&d=mm&r=g\",\"caption\":\"Reda\u00e7\u00e3o\"}}]}<\/script>\n<!-- \/ Yoast SEO Premium plugin. -->","yoast_head_json":{"title":"Torcedor do Racing vai a p\u00e9 da Argentina ao Maracan\u00e3 e manda recado ao Flamengo","robots":{"index":"index","follow":"follow","max-snippet":"max-snippet:-1","max-image-preview":"max-image-preview:large","max-video-preview":"max-video-preview:-1"},"canonical":"https:\/\/www.gaveanews.com\/index.php\/2025\/10\/22\/torcedor-do-racing-vai-a-pe-da-argentina-ao-maracana-e-manda-recado-ao-flamengo\/","og_locale":"pt_BR","og_type":"article","og_title":"Torcedor do Racing vai a p\u00e9 da Argentina ao Maracan\u00e3 e manda recado ao Flamengo","og_description":"O Maracan\u00e3 recebe Flamengo x Racing nesta quarta-feira (22 de outubro), \u00e0s 21h30 (hor\u00e1rio de Bras\u00edlia), pela ida da semifinal da Libertadores. Entre os torcedores, um nome chama aten\u00e7\u00e3o: Alejo Ciganotto, argentino de 23 anos. Ele saiu de San Mart\u00edn em 4 de outubro e percorreu cerca de 2.650 quil\u00f4metros a p\u00e9 e de carona. [&hellip;]","og_url":"https:\/\/www.gaveanews.com\/index.php\/2025\/10\/22\/torcedor-do-racing-vai-a-pe-da-argentina-ao-maracana-e-manda-recado-ao-flamengo\/","og_site_name":"G\u00e1vea News","article_publisher":"https:\/\/facebook.com\/gaveaNews\/","article_published_time":"2025-10-22T19:45:00+00:00","og_image":[{"width":1200,"height":900,"url":"https:\/\/www.gaveanews.com\/wp-content\/uploads\/escudo-do-Racing.png","type":"image\/png"}],"author":"Reda\u00e7\u00e3o","twitter_card":"summary_large_image","twitter_misc":{"Escrito por":"Reda\u00e7\u00e3o","Est. tempo de leitura":"3 minutos"},"schema":{"@context":"https:\/\/schema.org","@graph":[{"@type":"NewsArticle","@id":"https:\/\/www.gaveanews.com\/index.php\/2025\/10\/22\/torcedor-do-racing-vai-a-pe-da-argentina-ao-maracana-e-manda-recado-ao-flamengo\/#article","isPartOf":{"@id":"https:\/\/www.gaveanews.com\/index.php\/2025\/10\/22\/torcedor-do-racing-vai-a-pe-da-argentina-ao-maracana-e-manda-recado-ao-flamengo\/"},"author":{"name":"Reda\u00e7\u00e3o","@id":"https:\/\/www.gaveanews.com\/#\/schema\/person\/c88645e3d550d0b6574305e67dd5a716"},"headline":"Torcedor do Racing vai a p\u00e9 da Argentina ao Maracan\u00e3 e manda recado ao Flamengo","datePublished":"2025-10-22T19:45:00+00:00","mainEntityOfPage":{"@id":"https:\/\/www.gaveanews.com\/index.php\/2025\/10\/22\/torcedor-do-racing-vai-a-pe-da-argentina-ao-maracana-e-manda-recado-ao-flamengo\/"},"wordCount":437,"commentCount":0,"image":{"@id":"https:\/\/www.gaveanews.com\/index.php\/2025\/10\/22\/torcedor-do-racing-vai-a-pe-da-argentina-ao-maracana-e-manda-recado-ao-flamengo\/#primaryimage"},"thumbnailUrl":"https:\/\/www.gaveanews.com\/wp-content\/uploads\/escudo-do-Racing.png","articleSection":["Flamengo"],"inLanguage":"pt-BR","potentialAction":[{"@type":"CommentAction","name":"Comment","target":["https:\/\/www.gaveanews.com\/index.php\/2025\/10\/22\/torcedor-do-racing-vai-a-pe-da-argentina-ao-maracana-e-manda-recado-ao-flamengo\/#respond"]}],"copyrightYear":"2025","copyrightHolder":{"@id":"https:\/\/www.gaveanews.com\/#organization"}},{"@type":"WebPage","@id":"https:\/\/www.gaveanews.com\/index.php\/2025\/10\/22\/torcedor-do-racing-vai-a-pe-da-argentina-ao-maracana-e-manda-recado-ao-flamengo\/","url":"https:\/\/www.gaveanews.com\/index.php\/2025\/10\/22\/torcedor-do-racing-vai-a-pe-da-argentina-ao-maracana-e-manda-recado-ao-flamengo\/","name":"Torcedor do Racing vai a p\u00e9 da Argentina ao Maracan\u00e3 e manda recado ao Flamengo","isPartOf":{"@id":"https:\/\/www.gaveanews.com\/#website"},"primaryImageOfPage":{"@id":"https:\/\/www.gaveanews.com\/index.php\/2025\/10\/22\/torcedor-do-racing-vai-a-pe-da-argentina-ao-maracana-e-manda-recado-ao-flamengo\/#primaryimage"},"image":{"@id":"https:\/\/www.gaveanews.com\/index.php\/2025\/10\/22\/torcedor-do-racing-vai-a-pe-da-argentina-ao-maracana-e-manda-recado-ao-flamengo\/#primaryimage"},"thumbnailUrl":"https:\/\/www.gaveanews.com\/wp-content\/uploads\/escudo-do-Racing.png","datePublished":"2025-10-22T19:45:00+00:00","author":{"@id":"https:\/\/www.gaveanews.com\/#\/schema\/person\/c88645e3d550d0b6574305e67dd5a716"},"breadcrumb":{"@id":"https:\/\/www.gaveanews.com\/index.php\/2025\/10\/22\/torcedor-do-racing-vai-a-pe-da-argentina-ao-maracana-e-manda-recado-ao-flamengo\/#breadcrumb"},"inLanguage":"pt-BR","potentialAction":[{"@type":"ReadAction","target":["https:\/\/www.gaveanews.com\/index.php\/2025\/10\/22\/torcedor-do-racing-vai-a-pe-da-argentina-ao-maracana-e-manda-recado-ao-flamengo\/"]}]},{"@type":"ImageObject","inLanguage":"pt-BR","@id":"https:\/\/www.gaveanews.com\/index.php\/2025\/10\/22\/torcedor-do-racing-vai-a-pe-da-argentina-ao-maracana-e-manda-recado-ao-flamengo\/#primaryimage","url":"https:\/\/www.gaveanews.com\/wp-content\/uploads\/escudo-do-Racing.png","contentUrl":"https:\/\/www.gaveanews.com\/wp-content\/uploads\/escudo-do-Racing.png","width":1200,"height":900,"caption":"escudo do Racing (Foto: Reprodu\u00e7\u00e3o\/Instagram Racing)"},{"@type":"BreadcrumbList","@id":"https:\/\/www.gaveanews.com\/index.php\/2025\/10\/22\/torcedor-do-racing-vai-a-pe-da-argentina-ao-maracana-e-manda-recado-ao-flamengo\/#breadcrumb","itemListElement":[{"@type":"ListItem","position":1,"name":"Home","item":"https:\/\/www.gaveanews.com\/"},{"@type":"ListItem","position":2,"name":"Torcedor do Racing vai a p\u00e9 da Argentina ao Maracan\u00e3 e manda recado ao Flamengo"}]},{"@type":"WebSite","@id":"https:\/\/www.gaveanews.com\/#website","url":"https:\/\/www.gaveanews.com\/","name":"G\u00e1vea News","description":"Veja todas as not\u00edcias sobre o Flamengo: Contrata\u00e7\u00f5es, categorias de base, resultados das partidas, tabela de classifica\u00e7\u00e3o, pr\u00f3ximos jogos!","potentialAction":[{"@type":"SearchAction","target":{"@type":"EntryPoint","urlTemplate":"https:\/\/www.gaveanews.com\/?s={search_term_string}"},"query-input":{"@type":"PropertyValueSpecification","valueRequired":true,"valueName":"search_term_string"}}],"inLanguage":"pt-BR"},{"@type":"Person","@id":"https:\/\/www.gaveanews.com\/#\/schema\/person\/c88645e3d550d0b6574305e67dd5a716","name":"Reda\u00e7\u00e3o","image":{"@type":"ImageObject","inLanguage":"pt-BR","@id":"https:\/\/www.gaveanews.com\/#\/schema\/person\/image\/","url":"https:\/\/secure.gravatar.com\/avatar\/434098fd823f0dc1b062d14ca22bacaa6e38de28d8c816bbef6fc2f8c44d8ba3?s=96&d=mm&r=g","contentUrl":"https:\/\/secure.gravatar.com\/avatar\/434098fd823f0dc1b062d14ca22bacaa6e38de28d8c816bbef6fc2f8c44d8ba3?s=96&d=mm&r=g","caption":"Reda\u00e7\u00e3o"}}]}},"_links":{"self":[{"href":"https:\/\/www.gaveanews.com\/index.php\/wp-json\/wp\/v2\/posts\/279074","targetHints":{"allow":["GET"]}}],"collection":[{"href":"https:\/\/www.gaveanews.com\/index.php\/wp-json\/wp\/v2\/posts"}],"about":[{"href":"https:\/\/www.gaveanews.com\/index.php\/wp-json\/wp\/v2\/types\/post"}],"author":[{"embeddable":true,"href":"https:\/\/www.gaveanews.com\/index.php\/wp-json\/wp\/v2\/users\/39"}],"replies":[{"embeddable":true,"href":"https:\/\/www.gaveanews.com\/index.php\/wp-json\/wp\/v2\/comments?post=279074"}],"version-history":[{"count":1,"href":"https:\/\/www.gaveanews.com\/index.php\/wp-json\/wp\/v2\/posts\/279074\/revisions"}],"predecessor-version":[{"id":279082,"href":"https:\/\/www.gaveanews.com\/index.php\/wp-json\/wp\/v2\/posts\/279074\/revisions\/279082"}],"wp:featuredmedia":[{"embeddable":true,"href":"https:\/\/www.gaveanews.com\/index.php\/wp-json\/wp\/v2\/media\/277238"}],"wp:attachment":[{"href":"https:\/\/www.gaveanews.com\/index.php\/wp-json\/wp\/v2\/media?parent=279074"}],"wp:term":[{"taxonomy":"category","embeddable":true,"href":"https:\/\/www.gaveanews.com\/index.php\/wp-json\/wp\/v2\/categories?post=279074"},{"taxonomy":"post_tag","embeddable":true,"href":"https:\/\/www.gaveanews.com\/index.php\/wp-json\/wp\/v2\/tags?post=279074"}],"curies":[{"name":"wp","href":"https:\/\/api.w.org\/{rel}","templated":true}]}}