{"id":279098,"date":"2025-10-22T20:40:00","date_gmt":"2025-10-22T23:40:00","guid":{"rendered":"https:\/\/www.gaveanews.com\/?p=279098"},"modified":"2025-10-22T20:32:52","modified_gmt":"2025-10-22T23:32:52","slug":"crise-na-sede-da-final-da-libertadores-nota-oficial-da-torcida-e-recado-de-de-paul-as-ultimas-noticias-do-flamengo","status":"publish","type":"post","link":"https:\/\/www.gaveanews.com\/index.php\/2025\/10\/22\/crise-na-sede-da-final-da-libertadores-nota-oficial-da-torcida-e-recado-de-de-paul-as-ultimas-noticias-do-flamengo\/","title":{"rendered":"Crise na sede da final da Libertadores, nota oficial da torcida e recado de De Paul: as \u00faltimas not\u00edcias do Flamengo"},"content":{"rendered":"\n<p>Com a semifinal da Libertadores batendo \u00e0 porta, os holofotes se dividem entre o campo e o contexto fora dele: Lima decretou estado de emerg\u00eancia a menos de 40 dias da final continental, enquanto no Rio a mobiliza\u00e7\u00e3o da torcida promete um Maracan\u00e3 lotado para <a href=\"https:\/\/www.gaveanews.com\/index.php\/category\/brasileirao\/flamengo\/\" target=\"_blank\" rel=\"noopener noreferrer\">Flamengo<\/a> x Racing. No vesti\u00e1rio advers\u00e1rio, o Racing recebeu um incentivo de peso de Rodrigo De Paul, refor\u00e7ando o clima de decis\u00e3o que tamb\u00e9m envolve <a href=\"https:\/\/www.gaveanews.com\/index.php\/category\/brasileirao\/palmeiras\/\" target=\"_blank\" rel=\"noopener noreferrer\">Palmeiras<\/a> e LDU na outra semifinal.<\/p>\n\n\n\n<h2 class=\"wp-block-heading\" id=\"h-lima-em-estado-de-emergencia-as-vesperas-da-final-da-libertadores\">Lima em estado de emerg\u00eancia \u00e0s v\u00e9speras da final da Libertadores<\/h2>\n\n\n\n<p>A capital peruana entrou em estado de emerg\u00eancia por 30 dias a partir da meia-noite de ter\u00e7a-feira (21), decis\u00e3o que atravessa grande parte da reta final da Libertadores e vai at\u00e9 21 de novembro. O decreto, assinado pelo presidente Jos\u00e9 Jer\u00ed, acontece a menos de 40 dias da final marcada para 29 de novembro, em Lima, e tamb\u00e9m foi estendido a Callao.<\/p>\n\n\n\n<p>A medida vem na esteira de protestos violentos registrados na \u00faltima semana na Pra\u00e7a San Mart\u00edn, com cercas incendiadas e uso de coquet\u00e9is molotov e fogos de artif\u00edcio. A resposta policial incluiu g\u00e1s lacrimog\u00eaneo e balas de borracha, e o saldo informado pelo governo foi de 55 policiais e 20 civis feridos, al\u00e9m de 10 deten\u00e7\u00f5es e a morte do rapper Eduardo Ruiz Sanz, o Trvko. O novo governo, que assume ap\u00f3s o impeachment de Dina Boluarte, enfrenta sua primeira grande mobiliza\u00e7\u00e3o, com pautas que v\u00e3o do fechamento do Congresso \u00e0 convoca\u00e7\u00e3o de assembleia constituinte e combate \u00e0 criminalidade. <\/p>\n\n\n\n<p>A Conmebol, que se reuniu com os presidentes de Flamengo, Racing, LDU e Palmeiras, ainda n\u00e3o emitiu posicionamento oficial sobre impactos do decreto na final. Enquanto isso, a bola rola: Flamengo e Racing abrem a semifinal nesta quarta-feira (22), \u00e0s 21h30 (de Bras\u00edlia), no Maracan\u00e3; Palmeiras e LDU fazem o primeiro jogo na quinta (23), em Quito.<\/p>\n\n\n\n<h2 class=\"wp-block-heading\" id=\"h-de-paul-envia-apoio-ao-racing-antes-de-duelo-com-o-flamengo\">De Paul envia apoio ao Racing antes de duelo com o Flamengo<\/h2>\n\n\n\n<p>Com o Maracan\u00e3 esgotado para o primeiro encontro entre Flamengo e Racing, o clube argentino recebeu um recado de incentivo vindo dos Estados Unidos. Rodrigo De Paul, campe\u00e3o do mundo com a Argentina e atualmente no Inter Miami, manifestou apoio \u00e0 equipe que o revelou, adicionando um ingrediente an\u00edmico ao cl\u00e1ssico sul-americano.<\/p>\n\n\n\n<p>&#8220;Vou dar tudo de mim amanh\u00e3 contra o Flamengo. Os rapazes est\u00e3o acostumados a jogar esse tipo de partida. Eles saber\u00e3o como jogar, o importante \u00e9 que fa\u00e7am isso com o cora\u00e7\u00e3o&#8221;<\/p>\n\n\n\n<p>De Paul iniciou a carreira profissional no Racing em 2013, seguiu para o Valencia, consolidou-se na Europa e viveu protagonismo no Atl\u00e9tico de Madrid, al\u00e9m de ter papel decisivo na conquista da Copa do Mundo de 2022. O v\u00ednculo afetivo com a Academia permanece, e o gesto de apoio em um momento crucial refor\u00e7a a identidade do meia com o clube alviceleste.<\/p>\n\n\n\n<p>Em campo, o Flamengo aposta no fator casa nesta quarta (22), \u00e0s 21h30 (de Bras\u00edlia), pelo jogo de ida da semifinal. A volta ser\u00e1 na Argentina, tamb\u00e9m \u00e0s 21h30, na pr\u00f3xima semana. Quem avan\u00e7ar enfrenta o vencedor de Palmeiras x LDU na outra chave da edi\u00e7\u00e3o 2025 da Libertadores.<\/p>\n\n\n\n<h2 class=\"wp-block-heading\" id=\"h-torcida-do-flamengo-organiza-mosaico-e-diverge-sobre-recepcao-no-ninho-do-urubu\">Torcida do Flamengo organiza mosaico e diverge sobre recep\u00e7\u00e3o no Ninho do Urubu<\/h2>\n\n\n\n<p>A quarta-feira (22) promete mobiliza\u00e7\u00e3o rubro-negra dentro e fora do Maracan\u00e3. Torcedores planejam recep\u00e7\u00e3o \u00e0 delega\u00e7\u00e3o no Ninho do Urubu a partir das 18h (de Bras\u00edlia) e preparam um mosaico apontado como o \u201cmaior do novo Maracan\u00e3\u201d, a ser exibido na entrada das equipes em campo.<\/p>\n\n\n\n<p>Do lado das torcidas organizadas, por\u00e9m, houve uma manifesta\u00e7\u00e3o contr\u00e1ria \u00e0 ida ao centro de treinamento. Em nota conjunta assinada por Ra\u00e7a Rubro-Negra, Falange Rubro-Negra, FlaMangua\u00e7a, Urubuzada, Imp\u00e9rio Rubro-Negro, FlaRoots e Na\u00e7\u00e3o 12, o foco pedido \u00e9 a festa dentro do est\u00e1dio, com orienta\u00e7\u00e3o para que os torcedores cheguem cedo e sigam as instru\u00e7\u00f5es de manuten\u00e7\u00e3o e exibi\u00e7\u00e3o das placas do mosaico.<\/p>\n\n\n\n<p>&#8220;N\u00e3o compareceremos ao Ninho do Urubu, fato esse que pode atrapalhar a prepara\u00e7\u00e3o e log\u00edstica do Clube para o jogo&#8221;<\/p>\n\n\n\n<p>Mesmo com a posi\u00e7\u00e3o das organizadas, parte da torcida mant\u00e9m a ideia de apoiar a equipe na sa\u00edda do Ninho. No Maracan\u00e3, a expectativa \u00e9 de um empurr\u00e3o decisivo para que o Flamengo construa vantagem no jogo de ida, antes da volta marcada para quarta-feira (29 de outubro), \u00e0s 21h30 (de Bras\u00edlia), no Est\u00e1dio Presidente Per\u00f3n, na Argentina.<\/p>\n","protected":false},"excerpt":{"rendered":"<p>Com a semifinal da Libertadores batendo \u00e0 porta, os holofotes se dividem entre o campo e o contexto fora dele: Lima decretou estado de emerg\u00eancia a menos de 40 dias da final continental, enquanto no Rio a mobiliza\u00e7\u00e3o da torcida promete um Maracan\u00e3 lotado para Flamengo x Racing. No vesti\u00e1rio advers\u00e1rio, o Racing recebeu um [&hellip;]<\/p>\n","protected":false},"author":39,"featured_media":260116,"comment_status":"open","ping_status":"closed","sticky":false,"template":"","format":"standard","meta":{"footnotes":""},"categories":[1],"tags":[],"class_list":["post-279098","post","type-post","status-publish","format-standard","has-post-thumbnail","hentry","category-flamengo"],"yoast_head":"<!-- This site is optimized with the Yoast SEO Premium plugin v24.2 (Yoast SEO v26.9) - https:\/\/yoast.com\/product\/yoast-seo-premium-wordpress\/ -->\n<title>Crise na sede da final da Libertadores, nota oficial da torcida e recado de De Paul: as \u00faltimas not\u00edcias do Flamengo<\/title>\n<meta name=\"robots\" content=\"index, follow, max-snippet:-1, max-image-preview:large, max-video-preview:-1\" \/>\n<link rel=\"canonical\" href=\"https:\/\/www.gaveanews.com\/index.php\/2025\/10\/22\/crise-na-sede-da-final-da-libertadores-nota-oficial-da-torcida-e-recado-de-de-paul-as-ultimas-noticias-do-flamengo\/\" \/>\n<meta property=\"og:locale\" content=\"pt_BR\" \/>\n<meta property=\"og:type\" content=\"article\" \/>\n<meta property=\"og:title\" content=\"Crise na sede da final da Libertadores, nota oficial da torcida e recado de De Paul: as \u00faltimas not\u00edcias do Flamengo\" \/>\n<meta property=\"og:description\" content=\"Com a semifinal da Libertadores batendo \u00e0 porta, os holofotes se dividem entre o campo e o contexto fora dele: Lima decretou estado de emerg\u00eancia a menos de 40 dias da final continental, enquanto no Rio a mobiliza\u00e7\u00e3o da torcida promete um Maracan\u00e3 lotado para Flamengo x Racing. No vesti\u00e1rio advers\u00e1rio, o Racing recebeu um [&hellip;]\" \/>\n<meta property=\"og:url\" content=\"https:\/\/www.gaveanews.com\/index.php\/2025\/10\/22\/crise-na-sede-da-final-da-libertadores-nota-oficial-da-torcida-e-recado-de-de-paul-as-ultimas-noticias-do-flamengo\/\" \/>\n<meta property=\"og:site_name\" content=\"G\u00e1vea News\" \/>\n<meta property=\"article:publisher\" content=\"https:\/\/facebook.com\/gaveaNews\/\" \/>\n<meta property=\"article:published_time\" content=\"2025-10-22T23:40:00+00:00\" \/>\n<meta property=\"og:image\" content=\"https:\/\/www.gaveanews.com\/wp-content\/uploads\/Torcida-do-Flamengo-faz-a-festa-na-Arena-Castelao-em-Sao-Luis-no-Maranhao.webp\" \/>\n\t<meta property=\"og:image:width\" content=\"1200\" \/>\n\t<meta property=\"og:image:height\" content=\"900\" \/>\n\t<meta property=\"og:image:type\" content=\"image\/webp\" \/>\n<meta name=\"author\" content=\"Reda\u00e7\u00e3o\" \/>\n<meta name=\"twitter:card\" content=\"summary_large_image\" \/>\n<meta name=\"twitter:label1\" content=\"Escrito por\" \/>\n\t<meta name=\"twitter:data1\" content=\"Reda\u00e7\u00e3o\" \/>\n\t<meta name=\"twitter:label2\" content=\"Est. tempo de leitura\" \/>\n\t<meta name=\"twitter:data2\" content=\"5 minutos\" \/>\n<script type=\"application\/ld+json\" class=\"yoast-schema-graph\">{\"@context\":\"https:\/\/schema.org\",\"@graph\":[{\"@type\":\"NewsArticle\",\"@id\":\"https:\/\/www.gaveanews.com\/index.php\/2025\/10\/22\/crise-na-sede-da-final-da-libertadores-nota-oficial-da-torcida-e-recado-de-de-paul-as-ultimas-noticias-do-flamengo\/#article\",\"isPartOf\":{\"@id\":\"https:\/\/www.gaveanews.com\/index.php\/2025\/10\/22\/crise-na-sede-da-final-da-libertadores-nota-oficial-da-torcida-e-recado-de-de-paul-as-ultimas-noticias-do-flamengo\/\"},\"author\":{\"name\":\"Reda\u00e7\u00e3o\",\"@id\":\"https:\/\/www.gaveanews.com\/#\/schema\/person\/c88645e3d550d0b6574305e67dd5a716\"},\"headline\":\"Crise na sede da final da Libertadores, nota oficial da torcida e recado de De Paul: as \u00faltimas not\u00edcias do Flamengo\",\"datePublished\":\"2025-10-22T23:40:00+00:00\",\"mainEntityOfPage\":{\"@id\":\"https:\/\/www.gaveanews.com\/index.php\/2025\/10\/22\/crise-na-sede-da-final-da-libertadores-nota-oficial-da-torcida-e-recado-de-de-paul-as-ultimas-noticias-do-flamengo\/\"},\"wordCount\":776,\"commentCount\":0,\"image\":{\"@id\":\"https:\/\/www.gaveanews.com\/index.php\/2025\/10\/22\/crise-na-sede-da-final-da-libertadores-nota-oficial-da-torcida-e-recado-de-de-paul-as-ultimas-noticias-do-flamengo\/#primaryimage\"},\"thumbnailUrl\":\"https:\/\/www.gaveanews.com\/wp-content\/uploads\/Torcida-do-Flamengo-faz-a-festa-na-Arena-Castelao-em-Sao-Luis-no-Maranhao.webp\",\"articleSection\":[\"Flamengo\"],\"inLanguage\":\"pt-BR\",\"potentialAction\":[{\"@type\":\"CommentAction\",\"name\":\"Comment\",\"target\":[\"https:\/\/www.gaveanews.com\/index.php\/2025\/10\/22\/crise-na-sede-da-final-da-libertadores-nota-oficial-da-torcida-e-recado-de-de-paul-as-ultimas-noticias-do-flamengo\/#respond\"]}],\"copyrightYear\":\"2025\",\"copyrightHolder\":{\"@id\":\"https:\/\/www.gaveanews.com\/#organization\"}},{\"@type\":\"WebPage\",\"@id\":\"https:\/\/www.gaveanews.com\/index.php\/2025\/10\/22\/crise-na-sede-da-final-da-libertadores-nota-oficial-da-torcida-e-recado-de-de-paul-as-ultimas-noticias-do-flamengo\/\",\"url\":\"https:\/\/www.gaveanews.com\/index.php\/2025\/10\/22\/crise-na-sede-da-final-da-libertadores-nota-oficial-da-torcida-e-recado-de-de-paul-as-ultimas-noticias-do-flamengo\/\",\"name\":\"Crise na sede da final da Libertadores, nota oficial da torcida e recado de De Paul: as \u00faltimas not\u00edcias do Flamengo\",\"isPartOf\":{\"@id\":\"https:\/\/www.gaveanews.com\/#website\"},\"primaryImageOfPage\":{\"@id\":\"https:\/\/www.gaveanews.com\/index.php\/2025\/10\/22\/crise-na-sede-da-final-da-libertadores-nota-oficial-da-torcida-e-recado-de-de-paul-as-ultimas-noticias-do-flamengo\/#primaryimage\"},\"image\":{\"@id\":\"https:\/\/www.gaveanews.com\/index.php\/2025\/10\/22\/crise-na-sede-da-final-da-libertadores-nota-oficial-da-torcida-e-recado-de-de-paul-as-ultimas-noticias-do-flamengo\/#primaryimage\"},\"thumbnailUrl\":\"https:\/\/www.gaveanews.com\/wp-content\/uploads\/Torcida-do-Flamengo-faz-a-festa-na-Arena-Castelao-em-Sao-Luis-no-Maranhao.webp\",\"datePublished\":\"2025-10-22T23:40:00+00:00\",\"author\":{\"@id\":\"https:\/\/www.gaveanews.com\/#\/schema\/person\/c88645e3d550d0b6574305e67dd5a716\"},\"breadcrumb\":{\"@id\":\"https:\/\/www.gaveanews.com\/index.php\/2025\/10\/22\/crise-na-sede-da-final-da-libertadores-nota-oficial-da-torcida-e-recado-de-de-paul-as-ultimas-noticias-do-flamengo\/#breadcrumb\"},\"inLanguage\":\"pt-BR\",\"potentialAction\":[{\"@type\":\"ReadAction\",\"target\":[\"https:\/\/www.gaveanews.com\/index.php\/2025\/10\/22\/crise-na-sede-da-final-da-libertadores-nota-oficial-da-torcida-e-recado-de-de-paul-as-ultimas-noticias-do-flamengo\/\"]}]},{\"@type\":\"ImageObject\",\"inLanguage\":\"pt-BR\",\"@id\":\"https:\/\/www.gaveanews.com\/index.php\/2025\/10\/22\/crise-na-sede-da-final-da-libertadores-nota-oficial-da-torcida-e-recado-de-de-paul-as-ultimas-noticias-do-flamengo\/#primaryimage\",\"url\":\"https:\/\/www.gaveanews.com\/wp-content\/uploads\/Torcida-do-Flamengo-faz-a-festa-na-Arena-Castelao-em-Sao-Luis-no-Maranhao.webp\",\"contentUrl\":\"https:\/\/www.gaveanews.com\/wp-content\/uploads\/Torcida-do-Flamengo-faz-a-festa-na-Arena-Castelao-em-Sao-Luis-no-Maranhao.webp\",\"width\":1200,\"height\":900,\"caption\":\"Torcida do Flamengo faz a festa na Arena Castel\u00e3o, em S\u00e3o Lu\u00eds, no Maranh\u00e3o - Foto: Gilvan de Souza\/CRF\"},{\"@type\":\"BreadcrumbList\",\"@id\":\"https:\/\/www.gaveanews.com\/index.php\/2025\/10\/22\/crise-na-sede-da-final-da-libertadores-nota-oficial-da-torcida-e-recado-de-de-paul-as-ultimas-noticias-do-flamengo\/#breadcrumb\",\"itemListElement\":[{\"@type\":\"ListItem\",\"position\":1,\"name\":\"Home\",\"item\":\"https:\/\/www.gaveanews.com\/\"},{\"@type\":\"ListItem\",\"position\":2,\"name\":\"Crise na sede da final da Libertadores, nota oficial da torcida e recado de De Paul: as \u00faltimas not\u00edcias do Flamengo\"}]},{\"@type\":\"WebSite\",\"@id\":\"https:\/\/www.gaveanews.com\/#website\",\"url\":\"https:\/\/www.gaveanews.com\/\",\"name\":\"G\u00e1vea News\",\"description\":\"Veja todas as not\u00edcias sobre o Flamengo: Contrata\u00e7\u00f5es, categorias de base, resultados das partidas, tabela de classifica\u00e7\u00e3o, pr\u00f3ximos jogos!\",\"potentialAction\":[{\"@type\":\"SearchAction\",\"target\":{\"@type\":\"EntryPoint\",\"urlTemplate\":\"https:\/\/www.gaveanews.com\/?s={search_term_string}\"},\"query-input\":{\"@type\":\"PropertyValueSpecification\",\"valueRequired\":true,\"valueName\":\"search_term_string\"}}],\"inLanguage\":\"pt-BR\"},{\"@type\":\"Person\",\"@id\":\"https:\/\/www.gaveanews.com\/#\/schema\/person\/c88645e3d550d0b6574305e67dd5a716\",\"name\":\"Reda\u00e7\u00e3o\",\"image\":{\"@type\":\"ImageObject\",\"inLanguage\":\"pt-BR\",\"@id\":\"https:\/\/www.gaveanews.com\/#\/schema\/person\/image\/\",\"url\":\"https:\/\/secure.gravatar.com\/avatar\/434098fd823f0dc1b062d14ca22bacaa6e38de28d8c816bbef6fc2f8c44d8ba3?s=96&d=mm&r=g\",\"contentUrl\":\"https:\/\/secure.gravatar.com\/avatar\/434098fd823f0dc1b062d14ca22bacaa6e38de28d8c816bbef6fc2f8c44d8ba3?s=96&d=mm&r=g\",\"caption\":\"Reda\u00e7\u00e3o\"}}]}<\/script>\n<!-- \/ Yoast SEO Premium plugin. -->","yoast_head_json":{"title":"Crise na sede da final da Libertadores, nota oficial da torcida e recado de De Paul: as \u00faltimas not\u00edcias do Flamengo","robots":{"index":"index","follow":"follow","max-snippet":"max-snippet:-1","max-image-preview":"max-image-preview:large","max-video-preview":"max-video-preview:-1"},"canonical":"https:\/\/www.gaveanews.com\/index.php\/2025\/10\/22\/crise-na-sede-da-final-da-libertadores-nota-oficial-da-torcida-e-recado-de-de-paul-as-ultimas-noticias-do-flamengo\/","og_locale":"pt_BR","og_type":"article","og_title":"Crise na sede da final da Libertadores, nota oficial da torcida e recado de De Paul: as \u00faltimas not\u00edcias do Flamengo","og_description":"Com a semifinal da Libertadores batendo \u00e0 porta, os holofotes se dividem entre o campo e o contexto fora dele: Lima decretou estado de emerg\u00eancia a menos de 40 dias da final continental, enquanto no Rio a mobiliza\u00e7\u00e3o da torcida promete um Maracan\u00e3 lotado para Flamengo x Racing. No vesti\u00e1rio advers\u00e1rio, o Racing recebeu um [&hellip;]","og_url":"https:\/\/www.gaveanews.com\/index.php\/2025\/10\/22\/crise-na-sede-da-final-da-libertadores-nota-oficial-da-torcida-e-recado-de-de-paul-as-ultimas-noticias-do-flamengo\/","og_site_name":"G\u00e1vea News","article_publisher":"https:\/\/facebook.com\/gaveaNews\/","article_published_time":"2025-10-22T23:40:00+00:00","og_image":[{"width":1200,"height":900,"url":"https:\/\/www.gaveanews.com\/wp-content\/uploads\/Torcida-do-Flamengo-faz-a-festa-na-Arena-Castelao-em-Sao-Luis-no-Maranhao.webp","type":"image\/webp"}],"author":"Reda\u00e7\u00e3o","twitter_card":"summary_large_image","twitter_misc":{"Escrito por":"Reda\u00e7\u00e3o","Est. tempo de leitura":"5 minutos"},"schema":{"@context":"https:\/\/schema.org","@graph":[{"@type":"NewsArticle","@id":"https:\/\/www.gaveanews.com\/index.php\/2025\/10\/22\/crise-na-sede-da-final-da-libertadores-nota-oficial-da-torcida-e-recado-de-de-paul-as-ultimas-noticias-do-flamengo\/#article","isPartOf":{"@id":"https:\/\/www.gaveanews.com\/index.php\/2025\/10\/22\/crise-na-sede-da-final-da-libertadores-nota-oficial-da-torcida-e-recado-de-de-paul-as-ultimas-noticias-do-flamengo\/"},"author":{"name":"Reda\u00e7\u00e3o","@id":"https:\/\/www.gaveanews.com\/#\/schema\/person\/c88645e3d550d0b6574305e67dd5a716"},"headline":"Crise na sede da final da Libertadores, nota oficial da torcida e recado de De Paul: as \u00faltimas not\u00edcias do Flamengo","datePublished":"2025-10-22T23:40:00+00:00","mainEntityOfPage":{"@id":"https:\/\/www.gaveanews.com\/index.php\/2025\/10\/22\/crise-na-sede-da-final-da-libertadores-nota-oficial-da-torcida-e-recado-de-de-paul-as-ultimas-noticias-do-flamengo\/"},"wordCount":776,"commentCount":0,"image":{"@id":"https:\/\/www.gaveanews.com\/index.php\/2025\/10\/22\/crise-na-sede-da-final-da-libertadores-nota-oficial-da-torcida-e-recado-de-de-paul-as-ultimas-noticias-do-flamengo\/#primaryimage"},"thumbnailUrl":"https:\/\/www.gaveanews.com\/wp-content\/uploads\/Torcida-do-Flamengo-faz-a-festa-na-Arena-Castelao-em-Sao-Luis-no-Maranhao.webp","articleSection":["Flamengo"],"inLanguage":"pt-BR","potentialAction":[{"@type":"CommentAction","name":"Comment","target":["https:\/\/www.gaveanews.com\/index.php\/2025\/10\/22\/crise-na-sede-da-final-da-libertadores-nota-oficial-da-torcida-e-recado-de-de-paul-as-ultimas-noticias-do-flamengo\/#respond"]}],"copyrightYear":"2025","copyrightHolder":{"@id":"https:\/\/www.gaveanews.com\/#organization"}},{"@type":"WebPage","@id":"https:\/\/www.gaveanews.com\/index.php\/2025\/10\/22\/crise-na-sede-da-final-da-libertadores-nota-oficial-da-torcida-e-recado-de-de-paul-as-ultimas-noticias-do-flamengo\/","url":"https:\/\/www.gaveanews.com\/index.php\/2025\/10\/22\/crise-na-sede-da-final-da-libertadores-nota-oficial-da-torcida-e-recado-de-de-paul-as-ultimas-noticias-do-flamengo\/","name":"Crise na sede da final da Libertadores, nota oficial da torcida e recado de De Paul: as \u00faltimas not\u00edcias do Flamengo","isPartOf":{"@id":"https:\/\/www.gaveanews.com\/#website"},"primaryImageOfPage":{"@id":"https:\/\/www.gaveanews.com\/index.php\/2025\/10\/22\/crise-na-sede-da-final-da-libertadores-nota-oficial-da-torcida-e-recado-de-de-paul-as-ultimas-noticias-do-flamengo\/#primaryimage"},"image":{"@id":"https:\/\/www.gaveanews.com\/index.php\/2025\/10\/22\/crise-na-sede-da-final-da-libertadores-nota-oficial-da-torcida-e-recado-de-de-paul-as-ultimas-noticias-do-flamengo\/#primaryimage"},"thumbnailUrl":"https:\/\/www.gaveanews.com\/wp-content\/uploads\/Torcida-do-Flamengo-faz-a-festa-na-Arena-Castelao-em-Sao-Luis-no-Maranhao.webp","datePublished":"2025-10-22T23:40:00+00:00","author":{"@id":"https:\/\/www.gaveanews.com\/#\/schema\/person\/c88645e3d550d0b6574305e67dd5a716"},"breadcrumb":{"@id":"https:\/\/www.gaveanews.com\/index.php\/2025\/10\/22\/crise-na-sede-da-final-da-libertadores-nota-oficial-da-torcida-e-recado-de-de-paul-as-ultimas-noticias-do-flamengo\/#breadcrumb"},"inLanguage":"pt-BR","potentialAction":[{"@type":"ReadAction","target":["https:\/\/www.gaveanews.com\/index.php\/2025\/10\/22\/crise-na-sede-da-final-da-libertadores-nota-oficial-da-torcida-e-recado-de-de-paul-as-ultimas-noticias-do-flamengo\/"]}]},{"@type":"ImageObject","inLanguage":"pt-BR","@id":"https:\/\/www.gaveanews.com\/index.php\/2025\/10\/22\/crise-na-sede-da-final-da-libertadores-nota-oficial-da-torcida-e-recado-de-de-paul-as-ultimas-noticias-do-flamengo\/#primaryimage","url":"https:\/\/www.gaveanews.com\/wp-content\/uploads\/Torcida-do-Flamengo-faz-a-festa-na-Arena-Castelao-em-Sao-Luis-no-Maranhao.webp","contentUrl":"https:\/\/www.gaveanews.com\/wp-content\/uploads\/Torcida-do-Flamengo-faz-a-festa-na-Arena-Castelao-em-Sao-Luis-no-Maranhao.webp","width":1200,"height":900,"caption":"Torcida do Flamengo faz a festa na Arena Castel\u00e3o, em S\u00e3o Lu\u00eds, no Maranh\u00e3o - Foto: Gilvan de Souza\/CRF"},{"@type":"BreadcrumbList","@id":"https:\/\/www.gaveanews.com\/index.php\/2025\/10\/22\/crise-na-sede-da-final-da-libertadores-nota-oficial-da-torcida-e-recado-de-de-paul-as-ultimas-noticias-do-flamengo\/#breadcrumb","itemListElement":[{"@type":"ListItem","position":1,"name":"Home","item":"https:\/\/www.gaveanews.com\/"},{"@type":"ListItem","position":2,"name":"Crise na sede da final da Libertadores, nota oficial da torcida e recado de De Paul: as \u00faltimas not\u00edcias do Flamengo"}]},{"@type":"WebSite","@id":"https:\/\/www.gaveanews.com\/#website","url":"https:\/\/www.gaveanews.com\/","name":"G\u00e1vea News","description":"Veja todas as not\u00edcias sobre o Flamengo: Contrata\u00e7\u00f5es, categorias de base, resultados das partidas, tabela de classifica\u00e7\u00e3o, pr\u00f3ximos jogos!","potentialAction":[{"@type":"SearchAction","target":{"@type":"EntryPoint","urlTemplate":"https:\/\/www.gaveanews.com\/?s={search_term_string}"},"query-input":{"@type":"PropertyValueSpecification","valueRequired":true,"valueName":"search_term_string"}}],"inLanguage":"pt-BR"},{"@type":"Person","@id":"https:\/\/www.gaveanews.com\/#\/schema\/person\/c88645e3d550d0b6574305e67dd5a716","name":"Reda\u00e7\u00e3o","image":{"@type":"ImageObject","inLanguage":"pt-BR","@id":"https:\/\/www.gaveanews.com\/#\/schema\/person\/image\/","url":"https:\/\/secure.gravatar.com\/avatar\/434098fd823f0dc1b062d14ca22bacaa6e38de28d8c816bbef6fc2f8c44d8ba3?s=96&d=mm&r=g","contentUrl":"https:\/\/secure.gravatar.com\/avatar\/434098fd823f0dc1b062d14ca22bacaa6e38de28d8c816bbef6fc2f8c44d8ba3?s=96&d=mm&r=g","caption":"Reda\u00e7\u00e3o"}}]}},"_links":{"self":[{"href":"https:\/\/www.gaveanews.com\/index.php\/wp-json\/wp\/v2\/posts\/279098","targetHints":{"allow":["GET"]}}],"collection":[{"href":"https:\/\/www.gaveanews.com\/index.php\/wp-json\/wp\/v2\/posts"}],"about":[{"href":"https:\/\/www.gaveanews.com\/index.php\/wp-json\/wp\/v2\/types\/post"}],"author":[{"embeddable":true,"href":"https:\/\/www.gaveanews.com\/index.php\/wp-json\/wp\/v2\/users\/39"}],"replies":[{"embeddable":true,"href":"https:\/\/www.gaveanews.com\/index.php\/wp-json\/wp\/v2\/comments?post=279098"}],"version-history":[{"count":1,"href":"https:\/\/www.gaveanews.com\/index.php\/wp-json\/wp\/v2\/posts\/279098\/revisions"}],"predecessor-version":[{"id":279101,"href":"https:\/\/www.gaveanews.com\/index.php\/wp-json\/wp\/v2\/posts\/279098\/revisions\/279101"}],"wp:featuredmedia":[{"embeddable":true,"href":"https:\/\/www.gaveanews.com\/index.php\/wp-json\/wp\/v2\/media\/260116"}],"wp:attachment":[{"href":"https:\/\/www.gaveanews.com\/index.php\/wp-json\/wp\/v2\/media?parent=279098"}],"wp:term":[{"taxonomy":"category","embeddable":true,"href":"https:\/\/www.gaveanews.com\/index.php\/wp-json\/wp\/v2\/categories?post=279098"},{"taxonomy":"post_tag","embeddable":true,"href":"https:\/\/www.gaveanews.com\/index.php\/wp-json\/wp\/v2\/tags?post=279098"}],"curies":[{"name":"wp","href":"https:\/\/api.w.org\/{rel}","templated":true}]}}