{"id":279099,"date":"2025-10-23T11:10:00","date_gmt":"2025-10-23T14:10:00","guid":{"rendered":"https:\/\/www.gaveanews.com\/?p=279099"},"modified":"2025-10-23T11:05:15","modified_gmt":"2025-10-23T14:05:15","slug":"flamengo-e-punido-e-tera-que-pagar-indenizacao","status":"publish","type":"post","link":"https:\/\/www.gaveanews.com\/index.php\/2025\/10\/23\/flamengo-e-punido-e-tera-que-pagar-indenizacao\/","title":{"rendered":"Flamengo \u00e9 punido e ter\u00e1 que pagar indeniza\u00e7\u00e3o"},"content":{"rendered":"<p>O Tribunal de Justi\u00e7a do Rio de Janeiro condenou o <a href=\"https:\/\/www.gaveanews.com\/index.php\/category\/brasileirao\/flamengo\/\" target=\"_blank\" rel=\"noopener noreferrer\">Flamengo<\/a> a pagar R$ 6 mil em benef\u00edcio ao atleta de 14 anos espancado em um &#8220;batizado&#8221; no jud\u00f4 do clube, em 2022. A decis\u00e3o, da 18\u00aa C\u00e2mara de Direito Privado, foi un\u00e2nime e acompanhou o voto do relator Paulo Wunder.<\/p>\n<p>O Rubro-Negro ainda pode recorrer da decis\u00e3o que, segundo o tribunal, falhou ao garantir a seguran\u00e7a de seus atletas. O relator destacou a expectativa de prote\u00e7\u00e3o refor\u00e7ada, especialmente para menores.<\/p>\n<p>A seguir, ele resumiu o padr\u00e3o exigido: &#8220;Cuidado profissional e humano&#8221;.<\/p>\n<p>A 22\u00aa Delegacia da Penha registrou o caso no s\u00e1bado (19 de mar\u00e7o) e o encaminhou \u00e0 15\u00aa DP, na G\u00e1vea. O relato menciona enforcamento com quimono, tapas, chutes e nariz tampado nas depend\u00eancias do clube.<\/p>\n<p>\u201cUm outro atleta come\u00e7ou a fazer brincadeiras agressivas como tapas no rosto, apertando o nariz, enforcando, no dia 17.03.2022.\u201d<\/p>\n<p>O exame de corpo de delito apontou equimose arroxeada de 10 mm x 10 mm na ponta do nariz \u00e0 esquerda e escoria\u00e7\u00e3o de igual medida na regi\u00e3o temporal esquerda, com crosta hem\u00e1tica. Depois, o Hospital Get\u00falio Vargas atendeu a v\u00edtima. A tomografia computadorizada n\u00e3o mostrou altera\u00e7\u00e3o.<\/p>\n<p>O boletim narra que o jovem pratica jud\u00f4 desde os 3 anos e treina no Flamengo desde os 5, com gradua\u00e7\u00e3o de faixa roxa. Segundo o registro, ele costuma treinar com atletas mais velhos e graduados. Em nota, o Flamengo informou que acatar\u00e1 a decis\u00e3o e repudiou qualquer forma de viol\u00eancia.<\/p>\n<p>\u201cO Flamengo acata a decis\u00e3o e vai cumpri-la, repudiando todo e qualquer tipo de viol\u00eancia, sobretudo quando envolve menores de idade. Informa ainda que apurar\u00e1 responsabilidades e intensificar\u00e1 campanha educativa entre seus atletas e funcion\u00e1rios.\u201d<\/p>\n","protected":false},"excerpt":{"rendered":"<p>O Tribunal de Justi\u00e7a do Rio de Janeiro condenou o Flamengo a pagar R$ 6 mil em benef\u00edcio ao atleta de 14 anos espancado em um &#8220;batizado&#8221; no jud\u00f4 do clube, em 2022. A decis\u00e3o, da 18\u00aa C\u00e2mara de Direito Privado, foi un\u00e2nime e acompanhou o voto do relator Paulo Wunder. O Rubro-Negro ainda pode [&hellip;]<\/p>\n","protected":false},"author":39,"featured_media":279128,"comment_status":"open","ping_status":"closed","sticky":false,"template":"","format":"standard","meta":{"footnotes":""},"categories":[1],"tags":[],"class_list":["post-279099","post","type-post","status-publish","format-standard","has-post-thumbnail","hentry","category-flamengo"],"yoast_head":"<!-- This site is optimized with the Yoast SEO Premium plugin v24.2 (Yoast SEO v26.9) - https:\/\/yoast.com\/product\/yoast-seo-premium-wordpress\/ -->\n<title>Flamengo \u00e9 punido e ter\u00e1 que pagar indeniza\u00e7\u00e3o<\/title>\n<meta name=\"robots\" content=\"index, follow, max-snippet:-1, max-image-preview:large, max-video-preview:-1\" \/>\n<link rel=\"canonical\" href=\"https:\/\/www.gaveanews.com\/index.php\/2025\/10\/23\/flamengo-e-punido-e-tera-que-pagar-indenizacao\/\" \/>\n<meta property=\"og:locale\" content=\"pt_BR\" \/>\n<meta property=\"og:type\" content=\"article\" \/>\n<meta property=\"og:title\" content=\"Flamengo \u00e9 punido e ter\u00e1 que pagar indeniza\u00e7\u00e3o\" \/>\n<meta property=\"og:description\" content=\"O Tribunal de Justi\u00e7a do Rio de Janeiro condenou o Flamengo a pagar R$ 6 mil em benef\u00edcio ao atleta de 14 anos espancado em um &#8220;batizado&#8221; no jud\u00f4 do clube, em 2022. A decis\u00e3o, da 18\u00aa C\u00e2mara de Direito Privado, foi un\u00e2nime e acompanhou o voto do relator Paulo Wunder. O Rubro-Negro ainda pode [&hellip;]\" \/>\n<meta property=\"og:url\" content=\"https:\/\/www.gaveanews.com\/index.php\/2025\/10\/23\/flamengo-e-punido-e-tera-que-pagar-indenizacao\/\" \/>\n<meta property=\"og:site_name\" content=\"G\u00e1vea News\" \/>\n<meta property=\"article:publisher\" content=\"https:\/\/facebook.com\/gaveaNews\/\" \/>\n<meta property=\"article:published_time\" content=\"2025-10-23T14:10:00+00:00\" \/>\n<meta property=\"og:image\" content=\"https:\/\/www.gaveanews.com\/wp-content\/uploads\/Clube-de-Regatas-do-Flamengo.jpg\" \/>\n\t<meta property=\"og:image:width\" content=\"1280\" \/>\n\t<meta property=\"og:image:height\" content=\"960\" \/>\n\t<meta property=\"og:image:type\" content=\"image\/jpeg\" \/>\n<meta name=\"author\" content=\"Reda\u00e7\u00e3o\" \/>\n<meta name=\"twitter:card\" content=\"summary_large_image\" \/>\n<meta name=\"twitter:label1\" content=\"Escrito por\" \/>\n\t<meta name=\"twitter:data1\" content=\"Reda\u00e7\u00e3o\" \/>\n\t<meta name=\"twitter:label2\" content=\"Est. tempo de leitura\" \/>\n\t<meta name=\"twitter:data2\" content=\"2 minutos\" \/>\n<script type=\"application\/ld+json\" class=\"yoast-schema-graph\">{\"@context\":\"https:\/\/schema.org\",\"@graph\":[{\"@type\":\"NewsArticle\",\"@id\":\"https:\/\/www.gaveanews.com\/index.php\/2025\/10\/23\/flamengo-e-punido-e-tera-que-pagar-indenizacao\/#article\",\"isPartOf\":{\"@id\":\"https:\/\/www.gaveanews.com\/index.php\/2025\/10\/23\/flamengo-e-punido-e-tera-que-pagar-indenizacao\/\"},\"author\":{\"name\":\"Reda\u00e7\u00e3o\",\"@id\":\"https:\/\/www.gaveanews.com\/#\/schema\/person\/c88645e3d550d0b6574305e67dd5a716\"},\"headline\":\"Flamengo \u00e9 punido e ter\u00e1 que pagar indeniza\u00e7\u00e3o\",\"datePublished\":\"2025-10-23T14:10:00+00:00\",\"mainEntityOfPage\":{\"@id\":\"https:\/\/www.gaveanews.com\/index.php\/2025\/10\/23\/flamengo-e-punido-e-tera-que-pagar-indenizacao\/\"},\"wordCount\":302,\"commentCount\":0,\"image\":{\"@id\":\"https:\/\/www.gaveanews.com\/index.php\/2025\/10\/23\/flamengo-e-punido-e-tera-que-pagar-indenizacao\/#primaryimage\"},\"thumbnailUrl\":\"https:\/\/www.gaveanews.com\/wp-content\/uploads\/Clube-de-Regatas-do-Flamengo.jpg\",\"articleSection\":[\"Flamengo\"],\"inLanguage\":\"pt-BR\",\"potentialAction\":[{\"@type\":\"CommentAction\",\"name\":\"Comment\",\"target\":[\"https:\/\/www.gaveanews.com\/index.php\/2025\/10\/23\/flamengo-e-punido-e-tera-que-pagar-indenizacao\/#respond\"]}],\"copyrightYear\":\"2025\",\"copyrightHolder\":{\"@id\":\"https:\/\/www.gaveanews.com\/#organization\"}},{\"@type\":\"WebPage\",\"@id\":\"https:\/\/www.gaveanews.com\/index.php\/2025\/10\/23\/flamengo-e-punido-e-tera-que-pagar-indenizacao\/\",\"url\":\"https:\/\/www.gaveanews.com\/index.php\/2025\/10\/23\/flamengo-e-punido-e-tera-que-pagar-indenizacao\/\",\"name\":\"Flamengo \u00e9 punido e ter\u00e1 que pagar indeniza\u00e7\u00e3o\",\"isPartOf\":{\"@id\":\"https:\/\/www.gaveanews.com\/#website\"},\"primaryImageOfPage\":{\"@id\":\"https:\/\/www.gaveanews.com\/index.php\/2025\/10\/23\/flamengo-e-punido-e-tera-que-pagar-indenizacao\/#primaryimage\"},\"image\":{\"@id\":\"https:\/\/www.gaveanews.com\/index.php\/2025\/10\/23\/flamengo-e-punido-e-tera-que-pagar-indenizacao\/#primaryimage\"},\"thumbnailUrl\":\"https:\/\/www.gaveanews.com\/wp-content\/uploads\/Clube-de-Regatas-do-Flamengo.jpg\",\"datePublished\":\"2025-10-23T14:10:00+00:00\",\"author\":{\"@id\":\"https:\/\/www.gaveanews.com\/#\/schema\/person\/c88645e3d550d0b6574305e67dd5a716\"},\"breadcrumb\":{\"@id\":\"https:\/\/www.gaveanews.com\/index.php\/2025\/10\/23\/flamengo-e-punido-e-tera-que-pagar-indenizacao\/#breadcrumb\"},\"inLanguage\":\"pt-BR\",\"potentialAction\":[{\"@type\":\"ReadAction\",\"target\":[\"https:\/\/www.gaveanews.com\/index.php\/2025\/10\/23\/flamengo-e-punido-e-tera-que-pagar-indenizacao\/\"]}]},{\"@type\":\"ImageObject\",\"inLanguage\":\"pt-BR\",\"@id\":\"https:\/\/www.gaveanews.com\/index.php\/2025\/10\/23\/flamengo-e-punido-e-tera-que-pagar-indenizacao\/#primaryimage\",\"url\":\"https:\/\/www.gaveanews.com\/wp-content\/uploads\/Clube-de-Regatas-do-Flamengo.jpg\",\"contentUrl\":\"https:\/\/www.gaveanews.com\/wp-content\/uploads\/Clube-de-Regatas-do-Flamengo.jpg\",\"width\":1280,\"height\":960,\"caption\":\"Clube de Regatas do Flamengo (Foto: Adriano Fontes\/CRF)\"},{\"@type\":\"BreadcrumbList\",\"@id\":\"https:\/\/www.gaveanews.com\/index.php\/2025\/10\/23\/flamengo-e-punido-e-tera-que-pagar-indenizacao\/#breadcrumb\",\"itemListElement\":[{\"@type\":\"ListItem\",\"position\":1,\"name\":\"Home\",\"item\":\"https:\/\/www.gaveanews.com\/\"},{\"@type\":\"ListItem\",\"position\":2,\"name\":\"Flamengo \u00e9 punido e ter\u00e1 que pagar indeniza\u00e7\u00e3o\"}]},{\"@type\":\"WebSite\",\"@id\":\"https:\/\/www.gaveanews.com\/#website\",\"url\":\"https:\/\/www.gaveanews.com\/\",\"name\":\"G\u00e1vea News\",\"description\":\"Veja todas as not\u00edcias sobre o Flamengo: Contrata\u00e7\u00f5es, categorias de base, resultados das partidas, tabela de classifica\u00e7\u00e3o, pr\u00f3ximos jogos!\",\"potentialAction\":[{\"@type\":\"SearchAction\",\"target\":{\"@type\":\"EntryPoint\",\"urlTemplate\":\"https:\/\/www.gaveanews.com\/?s={search_term_string}\"},\"query-input\":{\"@type\":\"PropertyValueSpecification\",\"valueRequired\":true,\"valueName\":\"search_term_string\"}}],\"inLanguage\":\"pt-BR\"},{\"@type\":\"Person\",\"@id\":\"https:\/\/www.gaveanews.com\/#\/schema\/person\/c88645e3d550d0b6574305e67dd5a716\",\"name\":\"Reda\u00e7\u00e3o\",\"image\":{\"@type\":\"ImageObject\",\"inLanguage\":\"pt-BR\",\"@id\":\"https:\/\/www.gaveanews.com\/#\/schema\/person\/image\/\",\"url\":\"https:\/\/secure.gravatar.com\/avatar\/434098fd823f0dc1b062d14ca22bacaa6e38de28d8c816bbef6fc2f8c44d8ba3?s=96&d=mm&r=g\",\"contentUrl\":\"https:\/\/secure.gravatar.com\/avatar\/434098fd823f0dc1b062d14ca22bacaa6e38de28d8c816bbef6fc2f8c44d8ba3?s=96&d=mm&r=g\",\"caption\":\"Reda\u00e7\u00e3o\"}}]}<\/script>\n<!-- \/ Yoast SEO Premium plugin. -->","yoast_head_json":{"title":"Flamengo \u00e9 punido e ter\u00e1 que pagar indeniza\u00e7\u00e3o","robots":{"index":"index","follow":"follow","max-snippet":"max-snippet:-1","max-image-preview":"max-image-preview:large","max-video-preview":"max-video-preview:-1"},"canonical":"https:\/\/www.gaveanews.com\/index.php\/2025\/10\/23\/flamengo-e-punido-e-tera-que-pagar-indenizacao\/","og_locale":"pt_BR","og_type":"article","og_title":"Flamengo \u00e9 punido e ter\u00e1 que pagar indeniza\u00e7\u00e3o","og_description":"O Tribunal de Justi\u00e7a do Rio de Janeiro condenou o Flamengo a pagar R$ 6 mil em benef\u00edcio ao atleta de 14 anos espancado em um &#8220;batizado&#8221; no jud\u00f4 do clube, em 2022. A decis\u00e3o, da 18\u00aa C\u00e2mara de Direito Privado, foi un\u00e2nime e acompanhou o voto do relator Paulo Wunder. O Rubro-Negro ainda pode [&hellip;]","og_url":"https:\/\/www.gaveanews.com\/index.php\/2025\/10\/23\/flamengo-e-punido-e-tera-que-pagar-indenizacao\/","og_site_name":"G\u00e1vea News","article_publisher":"https:\/\/facebook.com\/gaveaNews\/","article_published_time":"2025-10-23T14:10:00+00:00","og_image":[{"width":1280,"height":960,"url":"https:\/\/www.gaveanews.com\/wp-content\/uploads\/Clube-de-Regatas-do-Flamengo.jpg","type":"image\/jpeg"}],"author":"Reda\u00e7\u00e3o","twitter_card":"summary_large_image","twitter_misc":{"Escrito por":"Reda\u00e7\u00e3o","Est. tempo de leitura":"2 minutos"},"schema":{"@context":"https:\/\/schema.org","@graph":[{"@type":"NewsArticle","@id":"https:\/\/www.gaveanews.com\/index.php\/2025\/10\/23\/flamengo-e-punido-e-tera-que-pagar-indenizacao\/#article","isPartOf":{"@id":"https:\/\/www.gaveanews.com\/index.php\/2025\/10\/23\/flamengo-e-punido-e-tera-que-pagar-indenizacao\/"},"author":{"name":"Reda\u00e7\u00e3o","@id":"https:\/\/www.gaveanews.com\/#\/schema\/person\/c88645e3d550d0b6574305e67dd5a716"},"headline":"Flamengo \u00e9 punido e ter\u00e1 que pagar indeniza\u00e7\u00e3o","datePublished":"2025-10-23T14:10:00+00:00","mainEntityOfPage":{"@id":"https:\/\/www.gaveanews.com\/index.php\/2025\/10\/23\/flamengo-e-punido-e-tera-que-pagar-indenizacao\/"},"wordCount":302,"commentCount":0,"image":{"@id":"https:\/\/www.gaveanews.com\/index.php\/2025\/10\/23\/flamengo-e-punido-e-tera-que-pagar-indenizacao\/#primaryimage"},"thumbnailUrl":"https:\/\/www.gaveanews.com\/wp-content\/uploads\/Clube-de-Regatas-do-Flamengo.jpg","articleSection":["Flamengo"],"inLanguage":"pt-BR","potentialAction":[{"@type":"CommentAction","name":"Comment","target":["https:\/\/www.gaveanews.com\/index.php\/2025\/10\/23\/flamengo-e-punido-e-tera-que-pagar-indenizacao\/#respond"]}],"copyrightYear":"2025","copyrightHolder":{"@id":"https:\/\/www.gaveanews.com\/#organization"}},{"@type":"WebPage","@id":"https:\/\/www.gaveanews.com\/index.php\/2025\/10\/23\/flamengo-e-punido-e-tera-que-pagar-indenizacao\/","url":"https:\/\/www.gaveanews.com\/index.php\/2025\/10\/23\/flamengo-e-punido-e-tera-que-pagar-indenizacao\/","name":"Flamengo \u00e9 punido e ter\u00e1 que pagar indeniza\u00e7\u00e3o","isPartOf":{"@id":"https:\/\/www.gaveanews.com\/#website"},"primaryImageOfPage":{"@id":"https:\/\/www.gaveanews.com\/index.php\/2025\/10\/23\/flamengo-e-punido-e-tera-que-pagar-indenizacao\/#primaryimage"},"image":{"@id":"https:\/\/www.gaveanews.com\/index.php\/2025\/10\/23\/flamengo-e-punido-e-tera-que-pagar-indenizacao\/#primaryimage"},"thumbnailUrl":"https:\/\/www.gaveanews.com\/wp-content\/uploads\/Clube-de-Regatas-do-Flamengo.jpg","datePublished":"2025-10-23T14:10:00+00:00","author":{"@id":"https:\/\/www.gaveanews.com\/#\/schema\/person\/c88645e3d550d0b6574305e67dd5a716"},"breadcrumb":{"@id":"https:\/\/www.gaveanews.com\/index.php\/2025\/10\/23\/flamengo-e-punido-e-tera-que-pagar-indenizacao\/#breadcrumb"},"inLanguage":"pt-BR","potentialAction":[{"@type":"ReadAction","target":["https:\/\/www.gaveanews.com\/index.php\/2025\/10\/23\/flamengo-e-punido-e-tera-que-pagar-indenizacao\/"]}]},{"@type":"ImageObject","inLanguage":"pt-BR","@id":"https:\/\/www.gaveanews.com\/index.php\/2025\/10\/23\/flamengo-e-punido-e-tera-que-pagar-indenizacao\/#primaryimage","url":"https:\/\/www.gaveanews.com\/wp-content\/uploads\/Clube-de-Regatas-do-Flamengo.jpg","contentUrl":"https:\/\/www.gaveanews.com\/wp-content\/uploads\/Clube-de-Regatas-do-Flamengo.jpg","width":1280,"height":960,"caption":"Clube de Regatas do Flamengo (Foto: Adriano Fontes\/CRF)"},{"@type":"BreadcrumbList","@id":"https:\/\/www.gaveanews.com\/index.php\/2025\/10\/23\/flamengo-e-punido-e-tera-que-pagar-indenizacao\/#breadcrumb","itemListElement":[{"@type":"ListItem","position":1,"name":"Home","item":"https:\/\/www.gaveanews.com\/"},{"@type":"ListItem","position":2,"name":"Flamengo \u00e9 punido e ter\u00e1 que pagar indeniza\u00e7\u00e3o"}]},{"@type":"WebSite","@id":"https:\/\/www.gaveanews.com\/#website","url":"https:\/\/www.gaveanews.com\/","name":"G\u00e1vea News","description":"Veja todas as not\u00edcias sobre o Flamengo: Contrata\u00e7\u00f5es, categorias de base, resultados das partidas, tabela de classifica\u00e7\u00e3o, pr\u00f3ximos jogos!","potentialAction":[{"@type":"SearchAction","target":{"@type":"EntryPoint","urlTemplate":"https:\/\/www.gaveanews.com\/?s={search_term_string}"},"query-input":{"@type":"PropertyValueSpecification","valueRequired":true,"valueName":"search_term_string"}}],"inLanguage":"pt-BR"},{"@type":"Person","@id":"https:\/\/www.gaveanews.com\/#\/schema\/person\/c88645e3d550d0b6574305e67dd5a716","name":"Reda\u00e7\u00e3o","image":{"@type":"ImageObject","inLanguage":"pt-BR","@id":"https:\/\/www.gaveanews.com\/#\/schema\/person\/image\/","url":"https:\/\/secure.gravatar.com\/avatar\/434098fd823f0dc1b062d14ca22bacaa6e38de28d8c816bbef6fc2f8c44d8ba3?s=96&d=mm&r=g","contentUrl":"https:\/\/secure.gravatar.com\/avatar\/434098fd823f0dc1b062d14ca22bacaa6e38de28d8c816bbef6fc2f8c44d8ba3?s=96&d=mm&r=g","caption":"Reda\u00e7\u00e3o"}}]}},"_links":{"self":[{"href":"https:\/\/www.gaveanews.com\/index.php\/wp-json\/wp\/v2\/posts\/279099","targetHints":{"allow":["GET"]}}],"collection":[{"href":"https:\/\/www.gaveanews.com\/index.php\/wp-json\/wp\/v2\/posts"}],"about":[{"href":"https:\/\/www.gaveanews.com\/index.php\/wp-json\/wp\/v2\/types\/post"}],"author":[{"embeddable":true,"href":"https:\/\/www.gaveanews.com\/index.php\/wp-json\/wp\/v2\/users\/39"}],"replies":[{"embeddable":true,"href":"https:\/\/www.gaveanews.com\/index.php\/wp-json\/wp\/v2\/comments?post=279099"}],"version-history":[{"count":2,"href":"https:\/\/www.gaveanews.com\/index.php\/wp-json\/wp\/v2\/posts\/279099\/revisions"}],"predecessor-version":[{"id":279129,"href":"https:\/\/www.gaveanews.com\/index.php\/wp-json\/wp\/v2\/posts\/279099\/revisions\/279129"}],"wp:featuredmedia":[{"embeddable":true,"href":"https:\/\/www.gaveanews.com\/index.php\/wp-json\/wp\/v2\/media\/279128"}],"wp:attachment":[{"href":"https:\/\/www.gaveanews.com\/index.php\/wp-json\/wp\/v2\/media?parent=279099"}],"wp:term":[{"taxonomy":"category","embeddable":true,"href":"https:\/\/www.gaveanews.com\/index.php\/wp-json\/wp\/v2\/categories?post=279099"},{"taxonomy":"post_tag","embeddable":true,"href":"https:\/\/www.gaveanews.com\/index.php\/wp-json\/wp\/v2\/tags?post=279099"}],"curies":[{"name":"wp","href":"https:\/\/api.w.org\/{rel}","templated":true}]}}