{"id":279103,"date":"2025-10-23T09:53:04","date_gmt":"2025-10-23T12:53:04","guid":{"rendered":"https:\/\/www.gaveanews.com\/?p=279103"},"modified":"2025-10-23T09:56:47","modified_gmt":"2025-10-23T12:56:47","slug":"a-declaracao-de-filipe-luis-apos-vitoria-do-flamengo-na-libertadores","status":"publish","type":"post","link":"https:\/\/www.gaveanews.com\/index.php\/2025\/10\/23\/a-declaracao-de-filipe-luis-apos-vitoria-do-flamengo-na-libertadores\/","title":{"rendered":"A declara\u00e7\u00e3o de Filipe Lu\u00eds ap\u00f3s vit\u00f3ria do Flamengo na Libertadores"},"content":{"rendered":"\n<p>O <a href=\"https:\/\/www.gaveanews.com\/index.php\/category\/brasileirao\/flamengo\/\" target=\"_blank\" rel=\"noopener noreferrer\">Flamengo<\/a> venceu o Racing por 1 a 0 no Maracan\u00e3. Foi o jogo de ida da semifinal da Libertadores 2025, na quarta-feira (22 de outubro). Ap\u00f3s a partida, o t\u00e9cnico Filipe Lu\u00eds concedeu entrevista coletiva.<\/p>\n\n\n\n<p>Al\u00e9m disso, ele valorizou o resultado e tratou a vantagem como curta. O treinador ressaltou a for\u00e7a das transi\u00e7\u00f5es do Racing, lembrando atua\u00e7\u00f5es contra Fortaleza e <a href=\"https:\/\/www.gaveanews.com\/index.php\/category\/brasileirao\/botafogo\/\" target=\"_blank\" rel=\"noopener noreferrer\">Botafogo<\/a>. Ele afirmou que o time seguir\u00e1 buscando a vit\u00f3ria na volta.<\/p>\n\n\n\n<p>&#8220;A vantagem \u00e9 simb\u00f3lica. Ela existe, claro, mas \u00e9 simb\u00f3lica. Eu n\u00e3o conto com ela. Vamos da mesma forma, tenta vencer. Assim como foi contra o Internacional, contra o Estudiantes e agora ser\u00e1 contra o Racing.&#8221;<\/p>\n\n\n\n<p>Depois, Filipe comentou pontos do plano de jogo e a constru\u00e7\u00e3o das chances no Maracan\u00e3. Ele citou a for\u00e7a dos contra-ataques rivais e a necessidade de paci\u00eancia.<\/p>\n\n\n\n<p>&#8220;Sabemos da for\u00e7a do Racing, principalmente nos contra-ataques. Transi\u00e7\u00f5es muito fortes. Vimos contra o Fortaleza, na fase de grupos, na Recopa contra o Botafogo. Importante construir essa vit\u00f3ria, criar chances, e assim fizemos.&#8221;<\/p>\n\n\n\n<p>J\u00e1 ao avaliar o desempenho, o t\u00e9cnico celebrou a maturidade da equipe e comentou o gol no fim. Ele indicou confian\u00e7a no trabalho e no equil\u00edbrio mostrado.<\/p>\n\n\n\n<p>&#8220;O gol veio no final, quer\u00edamos que viesse antes, mas foi um jogo completo em alguns aspectos da equipe. Uma equipe madura e com muita confian\u00e7a.&#8221;<\/p>\n\n\n\n<p>Por fim, o gol de Carrascal garante ao Flamengo a vantagem do empate no duelo de volta. O jogo ser\u00e1 na pr\u00f3xima quarta-feira (29 de outubro), \u00e0s 21h30 (hor\u00e1rio de Bras\u00edlia), no El Cilindro, em Avellaneda. Qualquer triunfo do Racing por um gol de diferen\u00e7a leva a decis\u00e3o para os p\u00eanaltis. Um saldo maior d\u00e1 a vaga aos argentinos.<\/p>\n","protected":false},"excerpt":{"rendered":"<p>O Flamengo venceu o Racing por 1 a 0 no Maracan\u00e3. Foi o jogo de ida da semifinal da Libertadores 2025, na quarta-feira (22 de outubro). Ap\u00f3s a partida, o t\u00e9cnico Filipe Lu\u00eds concedeu entrevista coletiva. Al\u00e9m disso, ele valorizou o resultado e tratou a vantagem como curta. O treinador ressaltou a for\u00e7a das transi\u00e7\u00f5es [&hellip;]<\/p>\n","protected":false},"author":39,"featured_media":274623,"comment_status":"open","ping_status":"closed","sticky":false,"template":"","format":"standard","meta":{"footnotes":""},"categories":[1],"tags":[],"class_list":["post-279103","post","type-post","status-publish","format-standard","has-post-thumbnail","hentry","category-flamengo"],"yoast_head":"<!-- This site is optimized with the Yoast SEO Premium plugin v24.2 (Yoast SEO v26.9) - https:\/\/yoast.com\/product\/yoast-seo-premium-wordpress\/ -->\n<title>A declara\u00e7\u00e3o de Filipe Lu\u00eds ap\u00f3s vit\u00f3ria do Flamengo na Libertadores<\/title>\n<meta name=\"robots\" content=\"index, follow, max-snippet:-1, max-image-preview:large, max-video-preview:-1\" \/>\n<link rel=\"canonical\" href=\"https:\/\/www.gaveanews.com\/index.php\/2025\/10\/23\/a-declaracao-de-filipe-luis-apos-vitoria-do-flamengo-na-libertadores\/\" \/>\n<meta property=\"og:locale\" content=\"pt_BR\" \/>\n<meta property=\"og:type\" content=\"article\" \/>\n<meta property=\"og:title\" content=\"A declara\u00e7\u00e3o de Filipe Lu\u00eds ap\u00f3s vit\u00f3ria do Flamengo na Libertadores\" \/>\n<meta property=\"og:description\" content=\"O Flamengo venceu o Racing por 1 a 0 no Maracan\u00e3. Foi o jogo de ida da semifinal da Libertadores 2025, na quarta-feira (22 de outubro). Ap\u00f3s a partida, o t\u00e9cnico Filipe Lu\u00eds concedeu entrevista coletiva. Al\u00e9m disso, ele valorizou o resultado e tratou a vantagem como curta. O treinador ressaltou a for\u00e7a das transi\u00e7\u00f5es [&hellip;]\" \/>\n<meta property=\"og:url\" content=\"https:\/\/www.gaveanews.com\/index.php\/2025\/10\/23\/a-declaracao-de-filipe-luis-apos-vitoria-do-flamengo-na-libertadores\/\" \/>\n<meta property=\"og:site_name\" content=\"G\u00e1vea News\" \/>\n<meta property=\"article:publisher\" content=\"https:\/\/facebook.com\/gaveaNews\/\" \/>\n<meta property=\"article:published_time\" content=\"2025-10-23T12:53:04+00:00\" \/>\n<meta property=\"article:modified_time\" content=\"2025-10-23T12:56:47+00:00\" \/>\n<meta property=\"og:image\" content=\"http:\/\/www.gaveanews.com\/wp-content\/uploads\/Filipe-Luis-Flamengo.png\" \/>\n\t<meta property=\"og:image:width\" content=\"1200\" \/>\n\t<meta property=\"og:image:height\" content=\"900\" \/>\n\t<meta property=\"og:image:type\" content=\"image\/png\" \/>\n<meta name=\"author\" content=\"Reda\u00e7\u00e3o\" \/>\n<meta name=\"twitter:card\" content=\"summary_large_image\" \/>\n<meta name=\"twitter:label1\" content=\"Escrito por\" \/>\n\t<meta name=\"twitter:data1\" content=\"Reda\u00e7\u00e3o\" \/>\n\t<meta name=\"twitter:label2\" content=\"Est. tempo de leitura\" \/>\n\t<meta name=\"twitter:data2\" content=\"2 minutos\" \/>\n<script type=\"application\/ld+json\" class=\"yoast-schema-graph\">{\"@context\":\"https:\/\/schema.org\",\"@graph\":[{\"@type\":\"NewsArticle\",\"@id\":\"https:\/\/www.gaveanews.com\/index.php\/2025\/10\/23\/a-declaracao-de-filipe-luis-apos-vitoria-do-flamengo-na-libertadores\/#article\",\"isPartOf\":{\"@id\":\"https:\/\/www.gaveanews.com\/index.php\/2025\/10\/23\/a-declaracao-de-filipe-luis-apos-vitoria-do-flamengo-na-libertadores\/\"},\"author\":{\"name\":\"Reda\u00e7\u00e3o\",\"@id\":\"https:\/\/www.gaveanews.com\/#\/schema\/person\/c88645e3d550d0b6574305e67dd5a716\"},\"headline\":\"A declara\u00e7\u00e3o de Filipe Lu\u00eds ap\u00f3s vit\u00f3ria do Flamengo na Libertadores\",\"datePublished\":\"2025-10-23T12:53:04+00:00\",\"dateModified\":\"2025-10-23T12:56:47+00:00\",\"mainEntityOfPage\":{\"@id\":\"https:\/\/www.gaveanews.com\/index.php\/2025\/10\/23\/a-declaracao-de-filipe-luis-apos-vitoria-do-flamengo-na-libertadores\/\"},\"wordCount\":318,\"commentCount\":0,\"image\":{\"@id\":\"https:\/\/www.gaveanews.com\/index.php\/2025\/10\/23\/a-declaracao-de-filipe-luis-apos-vitoria-do-flamengo-na-libertadores\/#primaryimage\"},\"thumbnailUrl\":\"https:\/\/www.gaveanews.com\/wp-content\/uploads\/Filipe-Luis-Flamengo.png\",\"articleSection\":[\"Flamengo\"],\"inLanguage\":\"pt-BR\",\"potentialAction\":[{\"@type\":\"CommentAction\",\"name\":\"Comment\",\"target\":[\"https:\/\/www.gaveanews.com\/index.php\/2025\/10\/23\/a-declaracao-de-filipe-luis-apos-vitoria-do-flamengo-na-libertadores\/#respond\"]}],\"copyrightYear\":\"2025\",\"copyrightHolder\":{\"@id\":\"https:\/\/www.gaveanews.com\/#organization\"}},{\"@type\":\"WebPage\",\"@id\":\"https:\/\/www.gaveanews.com\/index.php\/2025\/10\/23\/a-declaracao-de-filipe-luis-apos-vitoria-do-flamengo-na-libertadores\/\",\"url\":\"https:\/\/www.gaveanews.com\/index.php\/2025\/10\/23\/a-declaracao-de-filipe-luis-apos-vitoria-do-flamengo-na-libertadores\/\",\"name\":\"A declara\u00e7\u00e3o de Filipe Lu\u00eds ap\u00f3s vit\u00f3ria do Flamengo na Libertadores\",\"isPartOf\":{\"@id\":\"https:\/\/www.gaveanews.com\/#website\"},\"primaryImageOfPage\":{\"@id\":\"https:\/\/www.gaveanews.com\/index.php\/2025\/10\/23\/a-declaracao-de-filipe-luis-apos-vitoria-do-flamengo-na-libertadores\/#primaryimage\"},\"image\":{\"@id\":\"https:\/\/www.gaveanews.com\/index.php\/2025\/10\/23\/a-declaracao-de-filipe-luis-apos-vitoria-do-flamengo-na-libertadores\/#primaryimage\"},\"thumbnailUrl\":\"https:\/\/www.gaveanews.com\/wp-content\/uploads\/Filipe-Luis-Flamengo.png\",\"datePublished\":\"2025-10-23T12:53:04+00:00\",\"dateModified\":\"2025-10-23T12:56:47+00:00\",\"author\":{\"@id\":\"https:\/\/www.gaveanews.com\/#\/schema\/person\/c88645e3d550d0b6574305e67dd5a716\"},\"breadcrumb\":{\"@id\":\"https:\/\/www.gaveanews.com\/index.php\/2025\/10\/23\/a-declaracao-de-filipe-luis-apos-vitoria-do-flamengo-na-libertadores\/#breadcrumb\"},\"inLanguage\":\"pt-BR\",\"potentialAction\":[{\"@type\":\"ReadAction\",\"target\":[\"https:\/\/www.gaveanews.com\/index.php\/2025\/10\/23\/a-declaracao-de-filipe-luis-apos-vitoria-do-flamengo-na-libertadores\/\"]}]},{\"@type\":\"ImageObject\",\"inLanguage\":\"pt-BR\",\"@id\":\"https:\/\/www.gaveanews.com\/index.php\/2025\/10\/23\/a-declaracao-de-filipe-luis-apos-vitoria-do-flamengo-na-libertadores\/#primaryimage\",\"url\":\"https:\/\/www.gaveanews.com\/wp-content\/uploads\/Filipe-Luis-Flamengo.png\",\"contentUrl\":\"https:\/\/www.gaveanews.com\/wp-content\/uploads\/Filipe-Luis-Flamengo.png\",\"width\":1200,\"height\":900,\"caption\":\"Filipe Lu\u00eds - Flamengo (Foto: Adriano Fontes\/Flamengo)\"},{\"@type\":\"BreadcrumbList\",\"@id\":\"https:\/\/www.gaveanews.com\/index.php\/2025\/10\/23\/a-declaracao-de-filipe-luis-apos-vitoria-do-flamengo-na-libertadores\/#breadcrumb\",\"itemListElement\":[{\"@type\":\"ListItem\",\"position\":1,\"name\":\"Home\",\"item\":\"https:\/\/www.gaveanews.com\/\"},{\"@type\":\"ListItem\",\"position\":2,\"name\":\"A declara\u00e7\u00e3o de Filipe Lu\u00eds ap\u00f3s vit\u00f3ria do Flamengo na Libertadores\"}]},{\"@type\":\"WebSite\",\"@id\":\"https:\/\/www.gaveanews.com\/#website\",\"url\":\"https:\/\/www.gaveanews.com\/\",\"name\":\"G\u00e1vea News\",\"description\":\"Veja todas as not\u00edcias sobre o Flamengo: Contrata\u00e7\u00f5es, categorias de base, resultados das partidas, tabela de classifica\u00e7\u00e3o, pr\u00f3ximos jogos!\",\"potentialAction\":[{\"@type\":\"SearchAction\",\"target\":{\"@type\":\"EntryPoint\",\"urlTemplate\":\"https:\/\/www.gaveanews.com\/?s={search_term_string}\"},\"query-input\":{\"@type\":\"PropertyValueSpecification\",\"valueRequired\":true,\"valueName\":\"search_term_string\"}}],\"inLanguage\":\"pt-BR\"},{\"@type\":\"Person\",\"@id\":\"https:\/\/www.gaveanews.com\/#\/schema\/person\/c88645e3d550d0b6574305e67dd5a716\",\"name\":\"Reda\u00e7\u00e3o\",\"image\":{\"@type\":\"ImageObject\",\"inLanguage\":\"pt-BR\",\"@id\":\"https:\/\/www.gaveanews.com\/#\/schema\/person\/image\/\",\"url\":\"https:\/\/secure.gravatar.com\/avatar\/434098fd823f0dc1b062d14ca22bacaa6e38de28d8c816bbef6fc2f8c44d8ba3?s=96&d=mm&r=g\",\"contentUrl\":\"https:\/\/secure.gravatar.com\/avatar\/434098fd823f0dc1b062d14ca22bacaa6e38de28d8c816bbef6fc2f8c44d8ba3?s=96&d=mm&r=g\",\"caption\":\"Reda\u00e7\u00e3o\"}}]}<\/script>\n<!-- \/ Yoast SEO Premium plugin. -->","yoast_head_json":{"title":"A declara\u00e7\u00e3o de Filipe Lu\u00eds ap\u00f3s vit\u00f3ria do Flamengo na Libertadores","robots":{"index":"index","follow":"follow","max-snippet":"max-snippet:-1","max-image-preview":"max-image-preview:large","max-video-preview":"max-video-preview:-1"},"canonical":"https:\/\/www.gaveanews.com\/index.php\/2025\/10\/23\/a-declaracao-de-filipe-luis-apos-vitoria-do-flamengo-na-libertadores\/","og_locale":"pt_BR","og_type":"article","og_title":"A declara\u00e7\u00e3o de Filipe Lu\u00eds ap\u00f3s vit\u00f3ria do Flamengo na Libertadores","og_description":"O Flamengo venceu o Racing por 1 a 0 no Maracan\u00e3. Foi o jogo de ida da semifinal da Libertadores 2025, na quarta-feira (22 de outubro). Ap\u00f3s a partida, o t\u00e9cnico Filipe Lu\u00eds concedeu entrevista coletiva. Al\u00e9m disso, ele valorizou o resultado e tratou a vantagem como curta. O treinador ressaltou a for\u00e7a das transi\u00e7\u00f5es [&hellip;]","og_url":"https:\/\/www.gaveanews.com\/index.php\/2025\/10\/23\/a-declaracao-de-filipe-luis-apos-vitoria-do-flamengo-na-libertadores\/","og_site_name":"G\u00e1vea News","article_publisher":"https:\/\/facebook.com\/gaveaNews\/","article_published_time":"2025-10-23T12:53:04+00:00","article_modified_time":"2025-10-23T12:56:47+00:00","og_image":[{"width":1200,"height":900,"url":"http:\/\/www.gaveanews.com\/wp-content\/uploads\/Filipe-Luis-Flamengo.png","type":"image\/png"}],"author":"Reda\u00e7\u00e3o","twitter_card":"summary_large_image","twitter_misc":{"Escrito por":"Reda\u00e7\u00e3o","Est. tempo de leitura":"2 minutos"},"schema":{"@context":"https:\/\/schema.org","@graph":[{"@type":"NewsArticle","@id":"https:\/\/www.gaveanews.com\/index.php\/2025\/10\/23\/a-declaracao-de-filipe-luis-apos-vitoria-do-flamengo-na-libertadores\/#article","isPartOf":{"@id":"https:\/\/www.gaveanews.com\/index.php\/2025\/10\/23\/a-declaracao-de-filipe-luis-apos-vitoria-do-flamengo-na-libertadores\/"},"author":{"name":"Reda\u00e7\u00e3o","@id":"https:\/\/www.gaveanews.com\/#\/schema\/person\/c88645e3d550d0b6574305e67dd5a716"},"headline":"A declara\u00e7\u00e3o de Filipe Lu\u00eds ap\u00f3s vit\u00f3ria do Flamengo na Libertadores","datePublished":"2025-10-23T12:53:04+00:00","dateModified":"2025-10-23T12:56:47+00:00","mainEntityOfPage":{"@id":"https:\/\/www.gaveanews.com\/index.php\/2025\/10\/23\/a-declaracao-de-filipe-luis-apos-vitoria-do-flamengo-na-libertadores\/"},"wordCount":318,"commentCount":0,"image":{"@id":"https:\/\/www.gaveanews.com\/index.php\/2025\/10\/23\/a-declaracao-de-filipe-luis-apos-vitoria-do-flamengo-na-libertadores\/#primaryimage"},"thumbnailUrl":"https:\/\/www.gaveanews.com\/wp-content\/uploads\/Filipe-Luis-Flamengo.png","articleSection":["Flamengo"],"inLanguage":"pt-BR","potentialAction":[{"@type":"CommentAction","name":"Comment","target":["https:\/\/www.gaveanews.com\/index.php\/2025\/10\/23\/a-declaracao-de-filipe-luis-apos-vitoria-do-flamengo-na-libertadores\/#respond"]}],"copyrightYear":"2025","copyrightHolder":{"@id":"https:\/\/www.gaveanews.com\/#organization"}},{"@type":"WebPage","@id":"https:\/\/www.gaveanews.com\/index.php\/2025\/10\/23\/a-declaracao-de-filipe-luis-apos-vitoria-do-flamengo-na-libertadores\/","url":"https:\/\/www.gaveanews.com\/index.php\/2025\/10\/23\/a-declaracao-de-filipe-luis-apos-vitoria-do-flamengo-na-libertadores\/","name":"A declara\u00e7\u00e3o de Filipe Lu\u00eds ap\u00f3s vit\u00f3ria do Flamengo na Libertadores","isPartOf":{"@id":"https:\/\/www.gaveanews.com\/#website"},"primaryImageOfPage":{"@id":"https:\/\/www.gaveanews.com\/index.php\/2025\/10\/23\/a-declaracao-de-filipe-luis-apos-vitoria-do-flamengo-na-libertadores\/#primaryimage"},"image":{"@id":"https:\/\/www.gaveanews.com\/index.php\/2025\/10\/23\/a-declaracao-de-filipe-luis-apos-vitoria-do-flamengo-na-libertadores\/#primaryimage"},"thumbnailUrl":"https:\/\/www.gaveanews.com\/wp-content\/uploads\/Filipe-Luis-Flamengo.png","datePublished":"2025-10-23T12:53:04+00:00","dateModified":"2025-10-23T12:56:47+00:00","author":{"@id":"https:\/\/www.gaveanews.com\/#\/schema\/person\/c88645e3d550d0b6574305e67dd5a716"},"breadcrumb":{"@id":"https:\/\/www.gaveanews.com\/index.php\/2025\/10\/23\/a-declaracao-de-filipe-luis-apos-vitoria-do-flamengo-na-libertadores\/#breadcrumb"},"inLanguage":"pt-BR","potentialAction":[{"@type":"ReadAction","target":["https:\/\/www.gaveanews.com\/index.php\/2025\/10\/23\/a-declaracao-de-filipe-luis-apos-vitoria-do-flamengo-na-libertadores\/"]}]},{"@type":"ImageObject","inLanguage":"pt-BR","@id":"https:\/\/www.gaveanews.com\/index.php\/2025\/10\/23\/a-declaracao-de-filipe-luis-apos-vitoria-do-flamengo-na-libertadores\/#primaryimage","url":"https:\/\/www.gaveanews.com\/wp-content\/uploads\/Filipe-Luis-Flamengo.png","contentUrl":"https:\/\/www.gaveanews.com\/wp-content\/uploads\/Filipe-Luis-Flamengo.png","width":1200,"height":900,"caption":"Filipe Lu\u00eds - Flamengo (Foto: Adriano Fontes\/Flamengo)"},{"@type":"BreadcrumbList","@id":"https:\/\/www.gaveanews.com\/index.php\/2025\/10\/23\/a-declaracao-de-filipe-luis-apos-vitoria-do-flamengo-na-libertadores\/#breadcrumb","itemListElement":[{"@type":"ListItem","position":1,"name":"Home","item":"https:\/\/www.gaveanews.com\/"},{"@type":"ListItem","position":2,"name":"A declara\u00e7\u00e3o de Filipe Lu\u00eds ap\u00f3s vit\u00f3ria do Flamengo na Libertadores"}]},{"@type":"WebSite","@id":"https:\/\/www.gaveanews.com\/#website","url":"https:\/\/www.gaveanews.com\/","name":"G\u00e1vea News","description":"Veja todas as not\u00edcias sobre o Flamengo: Contrata\u00e7\u00f5es, categorias de base, resultados das partidas, tabela de classifica\u00e7\u00e3o, pr\u00f3ximos jogos!","potentialAction":[{"@type":"SearchAction","target":{"@type":"EntryPoint","urlTemplate":"https:\/\/www.gaveanews.com\/?s={search_term_string}"},"query-input":{"@type":"PropertyValueSpecification","valueRequired":true,"valueName":"search_term_string"}}],"inLanguage":"pt-BR"},{"@type":"Person","@id":"https:\/\/www.gaveanews.com\/#\/schema\/person\/c88645e3d550d0b6574305e67dd5a716","name":"Reda\u00e7\u00e3o","image":{"@type":"ImageObject","inLanguage":"pt-BR","@id":"https:\/\/www.gaveanews.com\/#\/schema\/person\/image\/","url":"https:\/\/secure.gravatar.com\/avatar\/434098fd823f0dc1b062d14ca22bacaa6e38de28d8c816bbef6fc2f8c44d8ba3?s=96&d=mm&r=g","contentUrl":"https:\/\/secure.gravatar.com\/avatar\/434098fd823f0dc1b062d14ca22bacaa6e38de28d8c816bbef6fc2f8c44d8ba3?s=96&d=mm&r=g","caption":"Reda\u00e7\u00e3o"}}]}},"_links":{"self":[{"href":"https:\/\/www.gaveanews.com\/index.php\/wp-json\/wp\/v2\/posts\/279103","targetHints":{"allow":["GET"]}}],"collection":[{"href":"https:\/\/www.gaveanews.com\/index.php\/wp-json\/wp\/v2\/posts"}],"about":[{"href":"https:\/\/www.gaveanews.com\/index.php\/wp-json\/wp\/v2\/types\/post"}],"author":[{"embeddable":true,"href":"https:\/\/www.gaveanews.com\/index.php\/wp-json\/wp\/v2\/users\/39"}],"replies":[{"embeddable":true,"href":"https:\/\/www.gaveanews.com\/index.php\/wp-json\/wp\/v2\/comments?post=279103"}],"version-history":[{"count":1,"href":"https:\/\/www.gaveanews.com\/index.php\/wp-json\/wp\/v2\/posts\/279103\/revisions"}],"predecessor-version":[{"id":279108,"href":"https:\/\/www.gaveanews.com\/index.php\/wp-json\/wp\/v2\/posts\/279103\/revisions\/279108"}],"wp:featuredmedia":[{"embeddable":true,"href":"https:\/\/www.gaveanews.com\/index.php\/wp-json\/wp\/v2\/media\/274623"}],"wp:attachment":[{"href":"https:\/\/www.gaveanews.com\/index.php\/wp-json\/wp\/v2\/media?parent=279103"}],"wp:term":[{"taxonomy":"category","embeddable":true,"href":"https:\/\/www.gaveanews.com\/index.php\/wp-json\/wp\/v2\/categories?post=279103"},{"taxonomy":"post_tag","embeddable":true,"href":"https:\/\/www.gaveanews.com\/index.php\/wp-json\/wp\/v2\/tags?post=279103"}],"curies":[{"name":"wp","href":"https:\/\/api.w.org\/{rel}","templated":true}]}}