{"id":279104,"date":"2025-10-23T10:50:00","date_gmt":"2025-10-23T13:50:00","guid":{"rendered":"https:\/\/www.gaveanews.com\/?p=279104"},"modified":"2025-10-23T10:45:33","modified_gmt":"2025-10-23T13:45:33","slug":"flamengo-acerta-contratacao-de-zagueiro-de-selecao","status":"publish","type":"post","link":"https:\/\/www.gaveanews.com\/index.php\/2025\/10\/23\/flamengo-acerta-contratacao-de-zagueiro-de-selecao\/","title":{"rendered":"Flamengo acerta contrata\u00e7\u00e3o de zagueiro de sele\u00e7\u00e3o"},"content":{"rendered":"\n<p>O <a href=\"https:\/\/www.gaveanews.com\/index.php\/category\/brasileirao\/flamengo\/\" target=\"_blank\" rel=\"noreferrer noopener\">Flamengo<\/a> est\u00e1 pr\u00f3ximo de oficializar a chegada do zagueiro Paulo C\u00e9sar, de 16 anos, um dos destaques das categorias de base do Am\u00e9rica-MG. A negocia\u00e7\u00e3o prev\u00ea o pagamento de R$ 2 milh\u00f5es por 70% dos direitos econ\u00f4micos do atleta. A informa\u00e7\u00e3o foi publicada inicialmente pela <em data-start=\"364\" data-end=\"380\">R\u00e1dio Itatiaia<\/em>.<\/p>\n\n\n\n<p>Paulo C\u00e9sar atuava no Sub-17 do clube mineiro e chamou a aten\u00e7\u00e3o por seu desempenho t\u00e9cnico e f\u00edsico. Com 1,89 metro de altura, o defensor tamb\u00e9m j\u00e1 vestiu a camisa da Sele\u00e7\u00e3o Brasileira Sub-15 e vinha sendo observado por outras equipes do futebol nacional e internacional. <\/p>\n\n\n\n<p>O jogador, inclusive, estava no Am\u00e9rica-MG desde a categoria sub-10, o que marca uma trajet\u00f3ria de forma\u00e7\u00e3o cont\u00ednua at\u00e9 o momento atual.<\/p>\n\n\n\n<h2 class=\"wp-block-heading\" id=\"h-concorrencia-pelo-jogador\">Concorr\u00eancia pelo jogador<\/h2>\n\n\n\n<p>Apesar da pouca idade, o zagueiro despertou interesse de diversas equipes brasileiras. Cruzeiro, Palmeiras, Red Bull Bragantino e Bahia foram alguns dos clubes que demonstraram vontade de contrat\u00e1-lo. <\/p>\n\n\n\n<figure class=\"wp-block-image size-large\"><img loading=\"lazy\" decoding=\"async\" width=\"1024\" height=\"768\" src=\"https:\/\/www.gaveanews.com\/wp-content\/uploads\/Zagueiro-Paulo-Cesar-de-16-anos-um-dos-destaques-das-categorias-de-base-do-America-MG-1024x768.png\" alt=\"\" class=\"wp-image-279119\" srcset=\"https:\/\/www.gaveanews.com\/wp-content\/uploads\/Zagueiro-Paulo-Cesar-de-16-anos-um-dos-destaques-das-categorias-de-base-do-America-MG-1024x768.png 1024w, https:\/\/www.gaveanews.com\/wp-content\/uploads\/Zagueiro-Paulo-Cesar-de-16-anos-um-dos-destaques-das-categorias-de-base-do-America-MG-300x225.png 300w, https:\/\/www.gaveanews.com\/wp-content\/uploads\/Zagueiro-Paulo-Cesar-de-16-anos-um-dos-destaques-das-categorias-de-base-do-America-MG-768x576.png 768w, https:\/\/www.gaveanews.com\/wp-content\/uploads\/Zagueiro-Paulo-Cesar-de-16-anos-um-dos-destaques-das-categorias-de-base-do-America-MG-560x420.png 560w, https:\/\/www.gaveanews.com\/wp-content\/uploads\/Zagueiro-Paulo-Cesar-de-16-anos-um-dos-destaques-das-categorias-de-base-do-America-MG-1120x840.png 1120w, https:\/\/www.gaveanews.com\/wp-content\/uploads\/Zagueiro-Paulo-Cesar-de-16-anos-um-dos-destaques-das-categorias-de-base-do-America-MG-80x60.png 80w, https:\/\/www.gaveanews.com\/wp-content\/uploads\/Zagueiro-Paulo-Cesar-de-16-anos-um-dos-destaques-das-categorias-de-base-do-America-MG-160x120.png 160w, https:\/\/www.gaveanews.com\/wp-content\/uploads\/Zagueiro-Paulo-Cesar-de-16-anos-um-dos-destaques-das-categorias-de-base-do-America-MG-100x75.png 100w, https:\/\/www.gaveanews.com\/wp-content\/uploads\/Zagueiro-Paulo-Cesar-de-16-anos-um-dos-destaques-das-categorias-de-base-do-America-MG-200x150.png 200w, https:\/\/www.gaveanews.com\/wp-content\/uploads\/Zagueiro-Paulo-Cesar-de-16-anos-um-dos-destaques-das-categorias-de-base-do-America-MG-180x135.png 180w, https:\/\/www.gaveanews.com\/wp-content\/uploads\/Zagueiro-Paulo-Cesar-de-16-anos-um-dos-destaques-das-categorias-de-base-do-America-MG-360x270.png 360w, https:\/\/www.gaveanews.com\/wp-content\/uploads\/Zagueiro-Paulo-Cesar-de-16-anos-um-dos-destaques-das-categorias-de-base-do-America-MG-238x178.png 238w, https:\/\/www.gaveanews.com\/wp-content\/uploads\/Zagueiro-Paulo-Cesar-de-16-anos-um-dos-destaques-das-categorias-de-base-do-America-MG-476x356.png 476w, https:\/\/www.gaveanews.com\/wp-content\/uploads\/Zagueiro-Paulo-Cesar-de-16-anos-um-dos-destaques-das-categorias-de-base-do-America-MG-640x480.png 640w, https:\/\/www.gaveanews.com\/wp-content\/uploads\/Zagueiro-Paulo-Cesar-de-16-anos-um-dos-destaques-das-categorias-de-base-do-America-MG-681x511.png 681w, https:\/\/www.gaveanews.com\/wp-content\/uploads\/Zagueiro-Paulo-Cesar-de-16-anos-um-dos-destaques-das-categorias-de-base-do-America-MG.png 1200w\" sizes=\"auto, (max-width: 1024px) 100vw, 1024px\" \/><figcaption class=\"wp-element-caption\">Zagueiro Paulo C\u00e9sar, de 16 anos, um dos destaques das categorias de base do Am\u00e9rica-MG (Foto: Divulga\u00e7\u00e3o\/Am\u00e9rica)<\/figcaption><\/figure>\n\n\n\n<p>Clubes de Portugal tamb\u00e9m acompanharam de perto a situa\u00e7\u00e3o do jogador. Mesmo assim, Paulo C\u00e9sar optou por seguir carreira no Flamengo.<\/p>\n\n\n\n<p>O acerto com o Rubro-Negro acontece em meio a uma reestrutura\u00e7\u00e3o do departamento de base da equipe carioca. Desde o in\u00edcio do ano, o clube tem priorizado atletas com perfil disciplinado e alinhado ao novo modelo de forma\u00e7\u00e3o. <\/p>\n\n\n\n<p>A contrata\u00e7\u00e3o do defensor est\u00e1 em conson\u00e2ncia com esse planejamento.<\/p>\n\n\n\n<h2 class=\"wp-block-heading\" id=\"h-integracao-a-base-rubro-negra\">Integra\u00e7\u00e3o \u00e0 base rubro-negra<\/h2>\n\n\n\n<p>Com a negocia\u00e7\u00e3o encaminhada, o jovem zagueiro refor\u00e7ar\u00e1 o setor defensivo das categorias inferiores do Flamengo a partir de 2025. Ainda sem previs\u00e3o de integra\u00e7\u00e3o ao time profissional, ele ser\u00e1 inicialmente inserido no elenco Sub-17, com possibilidade de transi\u00e7\u00e3o gradual conforme o desempenho.<\/p>\n\n\n\n<h2 class=\"wp-block-heading\" id=\"h-desempenho-do-profissional-na-libertadores\">Desempenho do profissional na Libertadores<\/h2>\n\n\n\n<p>Enquanto refor\u00e7a a base, o Flamengo tamb\u00e9m vive momento decisivo no time principal. Na quarta-feira (22), o time venceu por 1 a 0 a partida de ida da semifinal da Conmebol Libertadores, contra o Racing, no Maracan\u00e3. <\/p>\n\n\n\n<p>O gol foi marcado pelo meia colombiano Carrascal, que teve atua\u00e7\u00e3o destacada e foi eleito o melhor da partida.<\/p>\n\n\n\n<p>A decis\u00e3o da vaga acontecer\u00e1 na pr\u00f3xima quarta-feira (29), \u00e0s 21h30 (hor\u00e1rio de Bras\u00edlia), no Est\u00e1dio El Cilindro, em Avellaneda.<\/p>\n","protected":false},"excerpt":{"rendered":"<p>O Flamengo est\u00e1 pr\u00f3ximo de oficializar a chegada do zagueiro Paulo C\u00e9sar, de 16 anos, um dos destaques das categorias de base do Am\u00e9rica-MG. A negocia\u00e7\u00e3o prev\u00ea o pagamento de R$ 2 milh\u00f5es por 70% dos direitos econ\u00f4micos do atleta. A informa\u00e7\u00e3o foi publicada inicialmente pela R\u00e1dio Itatiaia. Paulo C\u00e9sar atuava no Sub-17 do clube [&hellip;]<\/p>\n","protected":false},"author":39,"featured_media":273310,"comment_status":"open","ping_status":"closed","sticky":false,"template":"","format":"standard","meta":{"footnotes":""},"categories":[1],"tags":[],"class_list":["post-279104","post","type-post","status-publish","format-standard","has-post-thumbnail","hentry","category-flamengo"],"yoast_head":"<!-- This site is optimized with the Yoast SEO Premium plugin v24.2 (Yoast SEO v26.9) - https:\/\/yoast.com\/product\/yoast-seo-premium-wordpress\/ -->\n<title>Flamengo acerta contrata\u00e7\u00e3o de zagueiro de sele\u00e7\u00e3o<\/title>\n<meta name=\"robots\" content=\"index, follow, max-snippet:-1, max-image-preview:large, max-video-preview:-1\" \/>\n<link rel=\"canonical\" href=\"https:\/\/www.gaveanews.com\/index.php\/2025\/10\/23\/flamengo-acerta-contratacao-de-zagueiro-de-selecao\/\" \/>\n<meta property=\"og:locale\" content=\"pt_BR\" \/>\n<meta property=\"og:type\" content=\"article\" \/>\n<meta property=\"og:title\" content=\"Flamengo acerta contrata\u00e7\u00e3o de zagueiro de sele\u00e7\u00e3o\" \/>\n<meta property=\"og:description\" content=\"O Flamengo est\u00e1 pr\u00f3ximo de oficializar a chegada do zagueiro Paulo C\u00e9sar, de 16 anos, um dos destaques das categorias de base do Am\u00e9rica-MG. A negocia\u00e7\u00e3o prev\u00ea o pagamento de R$ 2 milh\u00f5es por 70% dos direitos econ\u00f4micos do atleta. A informa\u00e7\u00e3o foi publicada inicialmente pela R\u00e1dio Itatiaia. Paulo C\u00e9sar atuava no Sub-17 do clube [&hellip;]\" \/>\n<meta property=\"og:url\" content=\"https:\/\/www.gaveanews.com\/index.php\/2025\/10\/23\/flamengo-acerta-contratacao-de-zagueiro-de-selecao\/\" \/>\n<meta property=\"og:site_name\" content=\"G\u00e1vea News\" \/>\n<meta property=\"article:publisher\" content=\"https:\/\/facebook.com\/gaveaNews\/\" \/>\n<meta property=\"article:published_time\" content=\"2025-10-23T13:50:00+00:00\" \/>\n<meta property=\"og:image\" content=\"https:\/\/www.gaveanews.com\/wp-content\/uploads\/Nova-camisa-do-Flamengo.jpg\" \/>\n\t<meta property=\"og:image:width\" content=\"1280\" \/>\n\t<meta property=\"og:image:height\" content=\"960\" \/>\n\t<meta property=\"og:image:type\" content=\"image\/jpeg\" \/>\n<meta name=\"author\" content=\"Reda\u00e7\u00e3o\" \/>\n<meta name=\"twitter:card\" content=\"summary_large_image\" \/>\n<meta name=\"twitter:label1\" content=\"Escrito por\" \/>\n\t<meta name=\"twitter:data1\" content=\"Reda\u00e7\u00e3o\" \/>\n\t<meta name=\"twitter:label2\" content=\"Est. tempo de leitura\" \/>\n\t<meta name=\"twitter:data2\" content=\"3 minutos\" \/>\n<script type=\"application\/ld+json\" class=\"yoast-schema-graph\">{\"@context\":\"https:\/\/schema.org\",\"@graph\":[{\"@type\":\"NewsArticle\",\"@id\":\"https:\/\/www.gaveanews.com\/index.php\/2025\/10\/23\/flamengo-acerta-contratacao-de-zagueiro-de-selecao\/#article\",\"isPartOf\":{\"@id\":\"https:\/\/www.gaveanews.com\/index.php\/2025\/10\/23\/flamengo-acerta-contratacao-de-zagueiro-de-selecao\/\"},\"author\":{\"name\":\"Reda\u00e7\u00e3o\",\"@id\":\"https:\/\/www.gaveanews.com\/#\/schema\/person\/c88645e3d550d0b6574305e67dd5a716\"},\"headline\":\"Flamengo acerta contrata\u00e7\u00e3o de zagueiro de sele\u00e7\u00e3o\",\"datePublished\":\"2025-10-23T13:50:00+00:00\",\"mainEntityOfPage\":{\"@id\":\"https:\/\/www.gaveanews.com\/index.php\/2025\/10\/23\/flamengo-acerta-contratacao-de-zagueiro-de-selecao\/\"},\"wordCount\":406,\"commentCount\":0,\"image\":{\"@id\":\"https:\/\/www.gaveanews.com\/index.php\/2025\/10\/23\/flamengo-acerta-contratacao-de-zagueiro-de-selecao\/#primaryimage\"},\"thumbnailUrl\":\"https:\/\/www.gaveanews.com\/wp-content\/uploads\/Nova-camisa-do-Flamengo.jpg\",\"articleSection\":[\"Flamengo\"],\"inLanguage\":\"pt-BR\",\"potentialAction\":[{\"@type\":\"CommentAction\",\"name\":\"Comment\",\"target\":[\"https:\/\/www.gaveanews.com\/index.php\/2025\/10\/23\/flamengo-acerta-contratacao-de-zagueiro-de-selecao\/#respond\"]}],\"copyrightYear\":\"2025\",\"copyrightHolder\":{\"@id\":\"https:\/\/www.gaveanews.com\/#organization\"}},{\"@type\":\"WebPage\",\"@id\":\"https:\/\/www.gaveanews.com\/index.php\/2025\/10\/23\/flamengo-acerta-contratacao-de-zagueiro-de-selecao\/\",\"url\":\"https:\/\/www.gaveanews.com\/index.php\/2025\/10\/23\/flamengo-acerta-contratacao-de-zagueiro-de-selecao\/\",\"name\":\"Flamengo acerta contrata\u00e7\u00e3o de zagueiro de sele\u00e7\u00e3o\",\"isPartOf\":{\"@id\":\"https:\/\/www.gaveanews.com\/#website\"},\"primaryImageOfPage\":{\"@id\":\"https:\/\/www.gaveanews.com\/index.php\/2025\/10\/23\/flamengo-acerta-contratacao-de-zagueiro-de-selecao\/#primaryimage\"},\"image\":{\"@id\":\"https:\/\/www.gaveanews.com\/index.php\/2025\/10\/23\/flamengo-acerta-contratacao-de-zagueiro-de-selecao\/#primaryimage\"},\"thumbnailUrl\":\"https:\/\/www.gaveanews.com\/wp-content\/uploads\/Nova-camisa-do-Flamengo.jpg\",\"datePublished\":\"2025-10-23T13:50:00+00:00\",\"author\":{\"@id\":\"https:\/\/www.gaveanews.com\/#\/schema\/person\/c88645e3d550d0b6574305e67dd5a716\"},\"breadcrumb\":{\"@id\":\"https:\/\/www.gaveanews.com\/index.php\/2025\/10\/23\/flamengo-acerta-contratacao-de-zagueiro-de-selecao\/#breadcrumb\"},\"inLanguage\":\"pt-BR\",\"potentialAction\":[{\"@type\":\"ReadAction\",\"target\":[\"https:\/\/www.gaveanews.com\/index.php\/2025\/10\/23\/flamengo-acerta-contratacao-de-zagueiro-de-selecao\/\"]}]},{\"@type\":\"ImageObject\",\"inLanguage\":\"pt-BR\",\"@id\":\"https:\/\/www.gaveanews.com\/index.php\/2025\/10\/23\/flamengo-acerta-contratacao-de-zagueiro-de-selecao\/#primaryimage\",\"url\":\"https:\/\/www.gaveanews.com\/wp-content\/uploads\/Nova-camisa-do-Flamengo.jpg\",\"contentUrl\":\"https:\/\/www.gaveanews.com\/wp-content\/uploads\/Nova-camisa-do-Flamengo.jpg\",\"width\":1280,\"height\":960,\"caption\":\"Nova camisa do Flamengo\"},{\"@type\":\"BreadcrumbList\",\"@id\":\"https:\/\/www.gaveanews.com\/index.php\/2025\/10\/23\/flamengo-acerta-contratacao-de-zagueiro-de-selecao\/#breadcrumb\",\"itemListElement\":[{\"@type\":\"ListItem\",\"position\":1,\"name\":\"Home\",\"item\":\"https:\/\/www.gaveanews.com\/\"},{\"@type\":\"ListItem\",\"position\":2,\"name\":\"Flamengo acerta contrata\u00e7\u00e3o de zagueiro de sele\u00e7\u00e3o\"}]},{\"@type\":\"WebSite\",\"@id\":\"https:\/\/www.gaveanews.com\/#website\",\"url\":\"https:\/\/www.gaveanews.com\/\",\"name\":\"G\u00e1vea News\",\"description\":\"Veja todas as not\u00edcias sobre o Flamengo: Contrata\u00e7\u00f5es, categorias de base, resultados das partidas, tabela de classifica\u00e7\u00e3o, pr\u00f3ximos jogos!\",\"potentialAction\":[{\"@type\":\"SearchAction\",\"target\":{\"@type\":\"EntryPoint\",\"urlTemplate\":\"https:\/\/www.gaveanews.com\/?s={search_term_string}\"},\"query-input\":{\"@type\":\"PropertyValueSpecification\",\"valueRequired\":true,\"valueName\":\"search_term_string\"}}],\"inLanguage\":\"pt-BR\"},{\"@type\":\"Person\",\"@id\":\"https:\/\/www.gaveanews.com\/#\/schema\/person\/c88645e3d550d0b6574305e67dd5a716\",\"name\":\"Reda\u00e7\u00e3o\",\"image\":{\"@type\":\"ImageObject\",\"inLanguage\":\"pt-BR\",\"@id\":\"https:\/\/www.gaveanews.com\/#\/schema\/person\/image\/\",\"url\":\"https:\/\/secure.gravatar.com\/avatar\/434098fd823f0dc1b062d14ca22bacaa6e38de28d8c816bbef6fc2f8c44d8ba3?s=96&d=mm&r=g\",\"contentUrl\":\"https:\/\/secure.gravatar.com\/avatar\/434098fd823f0dc1b062d14ca22bacaa6e38de28d8c816bbef6fc2f8c44d8ba3?s=96&d=mm&r=g\",\"caption\":\"Reda\u00e7\u00e3o\"}}]}<\/script>\n<!-- \/ Yoast SEO Premium plugin. -->","yoast_head_json":{"title":"Flamengo acerta contrata\u00e7\u00e3o de zagueiro de sele\u00e7\u00e3o","robots":{"index":"index","follow":"follow","max-snippet":"max-snippet:-1","max-image-preview":"max-image-preview:large","max-video-preview":"max-video-preview:-1"},"canonical":"https:\/\/www.gaveanews.com\/index.php\/2025\/10\/23\/flamengo-acerta-contratacao-de-zagueiro-de-selecao\/","og_locale":"pt_BR","og_type":"article","og_title":"Flamengo acerta contrata\u00e7\u00e3o de zagueiro de sele\u00e7\u00e3o","og_description":"O Flamengo est\u00e1 pr\u00f3ximo de oficializar a chegada do zagueiro Paulo C\u00e9sar, de 16 anos, um dos destaques das categorias de base do Am\u00e9rica-MG. A negocia\u00e7\u00e3o prev\u00ea o pagamento de R$ 2 milh\u00f5es por 70% dos direitos econ\u00f4micos do atleta. A informa\u00e7\u00e3o foi publicada inicialmente pela R\u00e1dio Itatiaia. Paulo C\u00e9sar atuava no Sub-17 do clube [&hellip;]","og_url":"https:\/\/www.gaveanews.com\/index.php\/2025\/10\/23\/flamengo-acerta-contratacao-de-zagueiro-de-selecao\/","og_site_name":"G\u00e1vea News","article_publisher":"https:\/\/facebook.com\/gaveaNews\/","article_published_time":"2025-10-23T13:50:00+00:00","og_image":[{"width":1280,"height":960,"url":"https:\/\/www.gaveanews.com\/wp-content\/uploads\/Nova-camisa-do-Flamengo.jpg","type":"image\/jpeg"}],"author":"Reda\u00e7\u00e3o","twitter_card":"summary_large_image","twitter_misc":{"Escrito por":"Reda\u00e7\u00e3o","Est. tempo de leitura":"3 minutos"},"schema":{"@context":"https:\/\/schema.org","@graph":[{"@type":"NewsArticle","@id":"https:\/\/www.gaveanews.com\/index.php\/2025\/10\/23\/flamengo-acerta-contratacao-de-zagueiro-de-selecao\/#article","isPartOf":{"@id":"https:\/\/www.gaveanews.com\/index.php\/2025\/10\/23\/flamengo-acerta-contratacao-de-zagueiro-de-selecao\/"},"author":{"name":"Reda\u00e7\u00e3o","@id":"https:\/\/www.gaveanews.com\/#\/schema\/person\/c88645e3d550d0b6574305e67dd5a716"},"headline":"Flamengo acerta contrata\u00e7\u00e3o de zagueiro de sele\u00e7\u00e3o","datePublished":"2025-10-23T13:50:00+00:00","mainEntityOfPage":{"@id":"https:\/\/www.gaveanews.com\/index.php\/2025\/10\/23\/flamengo-acerta-contratacao-de-zagueiro-de-selecao\/"},"wordCount":406,"commentCount":0,"image":{"@id":"https:\/\/www.gaveanews.com\/index.php\/2025\/10\/23\/flamengo-acerta-contratacao-de-zagueiro-de-selecao\/#primaryimage"},"thumbnailUrl":"https:\/\/www.gaveanews.com\/wp-content\/uploads\/Nova-camisa-do-Flamengo.jpg","articleSection":["Flamengo"],"inLanguage":"pt-BR","potentialAction":[{"@type":"CommentAction","name":"Comment","target":["https:\/\/www.gaveanews.com\/index.php\/2025\/10\/23\/flamengo-acerta-contratacao-de-zagueiro-de-selecao\/#respond"]}],"copyrightYear":"2025","copyrightHolder":{"@id":"https:\/\/www.gaveanews.com\/#organization"}},{"@type":"WebPage","@id":"https:\/\/www.gaveanews.com\/index.php\/2025\/10\/23\/flamengo-acerta-contratacao-de-zagueiro-de-selecao\/","url":"https:\/\/www.gaveanews.com\/index.php\/2025\/10\/23\/flamengo-acerta-contratacao-de-zagueiro-de-selecao\/","name":"Flamengo acerta contrata\u00e7\u00e3o de zagueiro de sele\u00e7\u00e3o","isPartOf":{"@id":"https:\/\/www.gaveanews.com\/#website"},"primaryImageOfPage":{"@id":"https:\/\/www.gaveanews.com\/index.php\/2025\/10\/23\/flamengo-acerta-contratacao-de-zagueiro-de-selecao\/#primaryimage"},"image":{"@id":"https:\/\/www.gaveanews.com\/index.php\/2025\/10\/23\/flamengo-acerta-contratacao-de-zagueiro-de-selecao\/#primaryimage"},"thumbnailUrl":"https:\/\/www.gaveanews.com\/wp-content\/uploads\/Nova-camisa-do-Flamengo.jpg","datePublished":"2025-10-23T13:50:00+00:00","author":{"@id":"https:\/\/www.gaveanews.com\/#\/schema\/person\/c88645e3d550d0b6574305e67dd5a716"},"breadcrumb":{"@id":"https:\/\/www.gaveanews.com\/index.php\/2025\/10\/23\/flamengo-acerta-contratacao-de-zagueiro-de-selecao\/#breadcrumb"},"inLanguage":"pt-BR","potentialAction":[{"@type":"ReadAction","target":["https:\/\/www.gaveanews.com\/index.php\/2025\/10\/23\/flamengo-acerta-contratacao-de-zagueiro-de-selecao\/"]}]},{"@type":"ImageObject","inLanguage":"pt-BR","@id":"https:\/\/www.gaveanews.com\/index.php\/2025\/10\/23\/flamengo-acerta-contratacao-de-zagueiro-de-selecao\/#primaryimage","url":"https:\/\/www.gaveanews.com\/wp-content\/uploads\/Nova-camisa-do-Flamengo.jpg","contentUrl":"https:\/\/www.gaveanews.com\/wp-content\/uploads\/Nova-camisa-do-Flamengo.jpg","width":1280,"height":960,"caption":"Nova camisa do Flamengo"},{"@type":"BreadcrumbList","@id":"https:\/\/www.gaveanews.com\/index.php\/2025\/10\/23\/flamengo-acerta-contratacao-de-zagueiro-de-selecao\/#breadcrumb","itemListElement":[{"@type":"ListItem","position":1,"name":"Home","item":"https:\/\/www.gaveanews.com\/"},{"@type":"ListItem","position":2,"name":"Flamengo acerta contrata\u00e7\u00e3o de zagueiro de sele\u00e7\u00e3o"}]},{"@type":"WebSite","@id":"https:\/\/www.gaveanews.com\/#website","url":"https:\/\/www.gaveanews.com\/","name":"G\u00e1vea News","description":"Veja todas as not\u00edcias sobre o Flamengo: Contrata\u00e7\u00f5es, categorias de base, resultados das partidas, tabela de classifica\u00e7\u00e3o, pr\u00f3ximos jogos!","potentialAction":[{"@type":"SearchAction","target":{"@type":"EntryPoint","urlTemplate":"https:\/\/www.gaveanews.com\/?s={search_term_string}"},"query-input":{"@type":"PropertyValueSpecification","valueRequired":true,"valueName":"search_term_string"}}],"inLanguage":"pt-BR"},{"@type":"Person","@id":"https:\/\/www.gaveanews.com\/#\/schema\/person\/c88645e3d550d0b6574305e67dd5a716","name":"Reda\u00e7\u00e3o","image":{"@type":"ImageObject","inLanguage":"pt-BR","@id":"https:\/\/www.gaveanews.com\/#\/schema\/person\/image\/","url":"https:\/\/secure.gravatar.com\/avatar\/434098fd823f0dc1b062d14ca22bacaa6e38de28d8c816bbef6fc2f8c44d8ba3?s=96&d=mm&r=g","contentUrl":"https:\/\/secure.gravatar.com\/avatar\/434098fd823f0dc1b062d14ca22bacaa6e38de28d8c816bbef6fc2f8c44d8ba3?s=96&d=mm&r=g","caption":"Reda\u00e7\u00e3o"}}]}},"_links":{"self":[{"href":"https:\/\/www.gaveanews.com\/index.php\/wp-json\/wp\/v2\/posts\/279104","targetHints":{"allow":["GET"]}}],"collection":[{"href":"https:\/\/www.gaveanews.com\/index.php\/wp-json\/wp\/v2\/posts"}],"about":[{"href":"https:\/\/www.gaveanews.com\/index.php\/wp-json\/wp\/v2\/types\/post"}],"author":[{"embeddable":true,"href":"https:\/\/www.gaveanews.com\/index.php\/wp-json\/wp\/v2\/users\/39"}],"replies":[{"embeddable":true,"href":"https:\/\/www.gaveanews.com\/index.php\/wp-json\/wp\/v2\/comments?post=279104"}],"version-history":[{"count":1,"href":"https:\/\/www.gaveanews.com\/index.php\/wp-json\/wp\/v2\/posts\/279104\/revisions"}],"predecessor-version":[{"id":279120,"href":"https:\/\/www.gaveanews.com\/index.php\/wp-json\/wp\/v2\/posts\/279104\/revisions\/279120"}],"wp:featuredmedia":[{"embeddable":true,"href":"https:\/\/www.gaveanews.com\/index.php\/wp-json\/wp\/v2\/media\/273310"}],"wp:attachment":[{"href":"https:\/\/www.gaveanews.com\/index.php\/wp-json\/wp\/v2\/media?parent=279104"}],"wp:term":[{"taxonomy":"category","embeddable":true,"href":"https:\/\/www.gaveanews.com\/index.php\/wp-json\/wp\/v2\/categories?post=279104"},{"taxonomy":"post_tag","embeddable":true,"href":"https:\/\/www.gaveanews.com\/index.php\/wp-json\/wp\/v2\/tags?post=279104"}],"curies":[{"name":"wp","href":"https:\/\/api.w.org\/{rel}","templated":true}]}}