{"id":279109,"date":"2025-10-23T11:20:00","date_gmt":"2025-10-23T14:20:00","guid":{"rendered":"https:\/\/www.gaveanews.com\/?p=279109"},"modified":"2025-10-23T11:10:39","modified_gmt":"2025-10-23T14:10:39","slug":"cria-do-flamengo-entra-na-mira-de-clube-da-premier-league","status":"publish","type":"post","link":"https:\/\/www.gaveanews.com\/index.php\/2025\/10\/23\/cria-do-flamengo-entra-na-mira-de-clube-da-premier-league\/","title":{"rendered":"Cria do Flamengo entra na mira de clube da Premier League"},"content":{"rendered":"\n<p>O atacante Andr\u00e9 Luiz, ex-<a href=\"https:\/\/www.gaveanews.com\/index.php\/category\/brasileirao\/flamengo\/\" target=\"_blank\" rel=\"noopener\">Flamengo<\/a>, vive bom momento no futebol europeu e j\u00e1 atrai olhares de clubes da Inglaterra. Segundo o jornalista Bruno Andrade, da ESPN, o Sunderland tem interesse na contrata\u00e7\u00e3o do jogador, atualmente no Rio Ave. <\/p>\n\n\n\n<p>A poss\u00edvel negocia\u00e7\u00e3o poder\u00e1 ocorrer na pr\u00f3xima janela de transfer\u00eancias, prevista para janeiro de 2026. Com apenas 21 anos, Andr\u00e9 Luiz soma quatro gols e tr\u00eas assist\u00eancias nos oito primeiros jogos da temporada portuguesa. <\/p>\n\n\n\n<p>Apesar de atuar por uma equipe que n\u00e3o briga nas primeiras posi\u00e7\u00f5es da tabela, o jogador tem se destacado pelo desempenho t\u00e9cnico e pelas participa\u00e7\u00f5es diretas em gols. <\/p>\n\n\n\n<p>Avaliado em 2,5 milh\u00f5es de euros (cerca de R$ 15,6 milh\u00f5es), ele \u00e9 apontado como uma das revela\u00e7\u00f5es do Campeonato Portugu\u00eas neste in\u00edcio de ciclo europeu.<\/p>\n\n\n\n<figure class=\"wp-block-image size-large\"><img loading=\"lazy\" decoding=\"async\" width=\"1024\" height=\"768\" src=\"http:\/\/www.gaveanews.com\/wp-content\/uploads\/Andre-Luiz-cria-do-Flamengo-pelo-Rio-Ave-1024x768.jpg\" alt=\"\" class=\"wp-image-279131\" srcset=\"https:\/\/www.gaveanews.com\/wp-content\/uploads\/Andre-Luiz-cria-do-Flamengo-pelo-Rio-Ave-1024x768.jpg 1024w, https:\/\/www.gaveanews.com\/wp-content\/uploads\/Andre-Luiz-cria-do-Flamengo-pelo-Rio-Ave-300x225.jpg 300w, https:\/\/www.gaveanews.com\/wp-content\/uploads\/Andre-Luiz-cria-do-Flamengo-pelo-Rio-Ave-768x576.jpg 768w, https:\/\/www.gaveanews.com\/wp-content\/uploads\/Andre-Luiz-cria-do-Flamengo-pelo-Rio-Ave-560x420.jpg 560w, https:\/\/www.gaveanews.com\/wp-content\/uploads\/Andre-Luiz-cria-do-Flamengo-pelo-Rio-Ave-1120x840.jpg 1120w, https:\/\/www.gaveanews.com\/wp-content\/uploads\/Andre-Luiz-cria-do-Flamengo-pelo-Rio-Ave-80x60.jpg 80w, https:\/\/www.gaveanews.com\/wp-content\/uploads\/Andre-Luiz-cria-do-Flamengo-pelo-Rio-Ave-160x120.jpg 160w, https:\/\/www.gaveanews.com\/wp-content\/uploads\/Andre-Luiz-cria-do-Flamengo-pelo-Rio-Ave-100x75.jpg 100w, https:\/\/www.gaveanews.com\/wp-content\/uploads\/Andre-Luiz-cria-do-Flamengo-pelo-Rio-Ave-200x150.jpg 200w, https:\/\/www.gaveanews.com\/wp-content\/uploads\/Andre-Luiz-cria-do-Flamengo-pelo-Rio-Ave-180x135.jpg 180w, https:\/\/www.gaveanews.com\/wp-content\/uploads\/Andre-Luiz-cria-do-Flamengo-pelo-Rio-Ave-360x270.jpg 360w, https:\/\/www.gaveanews.com\/wp-content\/uploads\/Andre-Luiz-cria-do-Flamengo-pelo-Rio-Ave-238x178.jpg 238w, https:\/\/www.gaveanews.com\/wp-content\/uploads\/Andre-Luiz-cria-do-Flamengo-pelo-Rio-Ave-476x356.jpg 476w, https:\/\/www.gaveanews.com\/wp-content\/uploads\/Andre-Luiz-cria-do-Flamengo-pelo-Rio-Ave-640x480.jpg 640w, https:\/\/www.gaveanews.com\/wp-content\/uploads\/Andre-Luiz-cria-do-Flamengo-pelo-Rio-Ave-681x511.jpg 681w, https:\/\/www.gaveanews.com\/wp-content\/uploads\/Andre-Luiz-cria-do-Flamengo-pelo-Rio-Ave.jpg 1280w\" sizes=\"auto, (max-width: 1024px) 100vw, 1024px\" \/><figcaption class=\"wp-element-caption\">Andr\u00e9 Luiz, cria do Flamengo, pelo Rio Ave (Foto: Divulga\u00e7\u00e3o\/Site Oficial\/Redes Sociais)<\/figcaption><\/figure>\n\n\n\n<h2 class=\"wp-block-heading\" id=\"h-inicio-promissor-e-interesse-ingles\">In\u00edcio promissor e interesse ingl\u00eas<\/h2>\n\n\n\n<p>O atacante despertou o interesse do Sunderland, que ocupa atualmente a 7\u00aa coloca\u00e7\u00e3o na Premier League. Ainda que a janela de transfer\u00eancias esteja fechada, o clube ingl\u00eas monitora o desempenho do brasileiro de olho em uma poss\u00edvel investida no in\u00edcio do pr\u00f3ximo ano. <\/p>\n\n\n\n<p>O jogador n\u00e3o tem mais v\u00ednculo com o Flamengo, que j\u00e1 se desfez totalmente de seus direitos econ\u00f4micos.<\/p>\n\n\n\n<h2 class=\"wp-block-heading\" id=\"h-passagem-pelo-flamengo\">Passagem pelo Flamengo<\/h2>\n\n\n\n<p>Revelado nas categorias de base do Am\u00e9rica-RJ, Andr\u00e9 Luiz chegou ao Flamengo em 2020. No ano seguinte, subiu para o elenco profissional e participou de oito partidas. Em 2022, marcou seu \u00fanico gol pelo clube, em jogo contra o Resende, v\u00e1lido pelo Campeonato Carioca.<\/p>\n\n\n\n<p>No in\u00edcio de 2023, o atacante foi negociado com o Estrela Amadora, de Portugal, em transa\u00e7\u00e3o de 600 mil euros por 70% dos direitos. Posteriormente, em janeiro de 2025, o Rio Ave adquiriu o atleta por 2,2 milh\u00f5es de euros (R$ 13,6 milh\u00f5es). <\/p>\n\n\n\n<p>Na ocasi\u00e3o, o Flamengo ainda detinha 30% do passe e recebeu R$ 4,4 milh\u00f5es pela negocia\u00e7\u00e3o.<\/p>\n\n\n\n<h2 class=\"wp-block-heading\" id=\"h-\"><\/h2>\n\n\n\n<p><\/p>\n","protected":false},"excerpt":{"rendered":"<p>O atacante Andr\u00e9 Luiz, ex-Flamengo, vive bom momento no futebol europeu e j\u00e1 atrai olhares de clubes da Inglaterra. Segundo o jornalista Bruno Andrade, da ESPN, o Sunderland tem interesse na contrata\u00e7\u00e3o do jogador, atualmente no Rio Ave. A poss\u00edvel negocia\u00e7\u00e3o poder\u00e1 ocorrer na pr\u00f3xima janela de transfer\u00eancias, prevista para janeiro de 2026. Com apenas [&hellip;]<\/p>\n","protected":false},"author":39,"featured_media":254809,"comment_status":"open","ping_status":"closed","sticky":false,"template":"","format":"standard","meta":{"footnotes":""},"categories":[1],"tags":[],"class_list":["post-279109","post","type-post","status-publish","format-standard","has-post-thumbnail","hentry","category-flamengo"],"yoast_head":"<!-- This site is optimized with the Yoast SEO Premium plugin v24.2 (Yoast SEO v26.9) - https:\/\/yoast.com\/product\/yoast-seo-premium-wordpress\/ -->\n<title>Cria do Flamengo entra na mira de clube da Premier League<\/title>\n<meta name=\"robots\" content=\"index, follow, max-snippet:-1, max-image-preview:large, max-video-preview:-1\" \/>\n<link rel=\"canonical\" href=\"https:\/\/www.gaveanews.com\/index.php\/2025\/10\/23\/cria-do-flamengo-entra-na-mira-de-clube-da-premier-league\/\" \/>\n<meta property=\"og:locale\" content=\"pt_BR\" \/>\n<meta property=\"og:type\" content=\"article\" \/>\n<meta property=\"og:title\" content=\"Cria do Flamengo entra na mira de clube da Premier League\" \/>\n<meta property=\"og:description\" content=\"O atacante Andr\u00e9 Luiz, ex-Flamengo, vive bom momento no futebol europeu e j\u00e1 atrai olhares de clubes da Inglaterra. Segundo o jornalista Bruno Andrade, da ESPN, o Sunderland tem interesse na contrata\u00e7\u00e3o do jogador, atualmente no Rio Ave. A poss\u00edvel negocia\u00e7\u00e3o poder\u00e1 ocorrer na pr\u00f3xima janela de transfer\u00eancias, prevista para janeiro de 2026. Com apenas [&hellip;]\" \/>\n<meta property=\"og:url\" content=\"https:\/\/www.gaveanews.com\/index.php\/2025\/10\/23\/cria-do-flamengo-entra-na-mira-de-clube-da-premier-league\/\" \/>\n<meta property=\"og:site_name\" content=\"G\u00e1vea News\" \/>\n<meta property=\"article:publisher\" content=\"https:\/\/facebook.com\/gaveaNews\/\" \/>\n<meta property=\"article:published_time\" content=\"2025-10-23T14:20:00+00:00\" \/>\n<meta property=\"og:image\" content=\"https:\/\/www.gaveanews.com\/wp-content\/uploads\/Uniforme-do-Flamengo.webp\" \/>\n\t<meta property=\"og:image:width\" content=\"1200\" \/>\n\t<meta property=\"og:image:height\" content=\"800\" \/>\n\t<meta property=\"og:image:type\" content=\"image\/png\" \/>\n<meta name=\"author\" content=\"Reda\u00e7\u00e3o\" \/>\n<meta name=\"twitter:card\" content=\"summary_large_image\" \/>\n<meta name=\"twitter:label1\" content=\"Escrito por\" \/>\n\t<meta name=\"twitter:data1\" content=\"Reda\u00e7\u00e3o\" \/>\n\t<meta name=\"twitter:label2\" content=\"Est. tempo de leitura\" \/>\n\t<meta name=\"twitter:data2\" content=\"3 minutos\" \/>\n<script type=\"application\/ld+json\" class=\"yoast-schema-graph\">{\"@context\":\"https:\/\/schema.org\",\"@graph\":[{\"@type\":\"NewsArticle\",\"@id\":\"https:\/\/www.gaveanews.com\/index.php\/2025\/10\/23\/cria-do-flamengo-entra-na-mira-de-clube-da-premier-league\/#article\",\"isPartOf\":{\"@id\":\"https:\/\/www.gaveanews.com\/index.php\/2025\/10\/23\/cria-do-flamengo-entra-na-mira-de-clube-da-premier-league\/\"},\"author\":{\"name\":\"Reda\u00e7\u00e3o\",\"@id\":\"https:\/\/www.gaveanews.com\/#\/schema\/person\/c88645e3d550d0b6574305e67dd5a716\"},\"headline\":\"Cria do Flamengo entra na mira de clube da Premier League\",\"datePublished\":\"2025-10-23T14:20:00+00:00\",\"mainEntityOfPage\":{\"@id\":\"https:\/\/www.gaveanews.com\/index.php\/2025\/10\/23\/cria-do-flamengo-entra-na-mira-de-clube-da-premier-league\/\"},\"wordCount\":344,\"commentCount\":0,\"image\":{\"@id\":\"https:\/\/www.gaveanews.com\/index.php\/2025\/10\/23\/cria-do-flamengo-entra-na-mira-de-clube-da-premier-league\/#primaryimage\"},\"thumbnailUrl\":\"https:\/\/www.gaveanews.com\/wp-content\/uploads\/Uniforme-do-Flamengo.webp\",\"articleSection\":[\"Flamengo\"],\"inLanguage\":\"pt-BR\",\"potentialAction\":[{\"@type\":\"CommentAction\",\"name\":\"Comment\",\"target\":[\"https:\/\/www.gaveanews.com\/index.php\/2025\/10\/23\/cria-do-flamengo-entra-na-mira-de-clube-da-premier-league\/#respond\"]}],\"copyrightYear\":\"2025\",\"copyrightHolder\":{\"@id\":\"https:\/\/www.gaveanews.com\/#organization\"}},{\"@type\":\"WebPage\",\"@id\":\"https:\/\/www.gaveanews.com\/index.php\/2025\/10\/23\/cria-do-flamengo-entra-na-mira-de-clube-da-premier-league\/\",\"url\":\"https:\/\/www.gaveanews.com\/index.php\/2025\/10\/23\/cria-do-flamengo-entra-na-mira-de-clube-da-premier-league\/\",\"name\":\"Cria do Flamengo entra na mira de clube da Premier League\",\"isPartOf\":{\"@id\":\"https:\/\/www.gaveanews.com\/#website\"},\"primaryImageOfPage\":{\"@id\":\"https:\/\/www.gaveanews.com\/index.php\/2025\/10\/23\/cria-do-flamengo-entra-na-mira-de-clube-da-premier-league\/#primaryimage\"},\"image\":{\"@id\":\"https:\/\/www.gaveanews.com\/index.php\/2025\/10\/23\/cria-do-flamengo-entra-na-mira-de-clube-da-premier-league\/#primaryimage\"},\"thumbnailUrl\":\"https:\/\/www.gaveanews.com\/wp-content\/uploads\/Uniforme-do-Flamengo.webp\",\"datePublished\":\"2025-10-23T14:20:00+00:00\",\"author\":{\"@id\":\"https:\/\/www.gaveanews.com\/#\/schema\/person\/c88645e3d550d0b6574305e67dd5a716\"},\"breadcrumb\":{\"@id\":\"https:\/\/www.gaveanews.com\/index.php\/2025\/10\/23\/cria-do-flamengo-entra-na-mira-de-clube-da-premier-league\/#breadcrumb\"},\"inLanguage\":\"pt-BR\",\"potentialAction\":[{\"@type\":\"ReadAction\",\"target\":[\"https:\/\/www.gaveanews.com\/index.php\/2025\/10\/23\/cria-do-flamengo-entra-na-mira-de-clube-da-premier-league\/\"]}]},{\"@type\":\"ImageObject\",\"inLanguage\":\"pt-BR\",\"@id\":\"https:\/\/www.gaveanews.com\/index.php\/2025\/10\/23\/cria-do-flamengo-entra-na-mira-de-clube-da-premier-league\/#primaryimage\",\"url\":\"https:\/\/www.gaveanews.com\/wp-content\/uploads\/Uniforme-do-Flamengo.webp\",\"contentUrl\":\"https:\/\/www.gaveanews.com\/wp-content\/uploads\/Uniforme-do-Flamengo.webp\",\"width\":1200,\"height\":800,\"caption\":\"Uniforme do Flamengo - Foto: Gilvan de Souza\/Flamengo\"},{\"@type\":\"BreadcrumbList\",\"@id\":\"https:\/\/www.gaveanews.com\/index.php\/2025\/10\/23\/cria-do-flamengo-entra-na-mira-de-clube-da-premier-league\/#breadcrumb\",\"itemListElement\":[{\"@type\":\"ListItem\",\"position\":1,\"name\":\"Home\",\"item\":\"https:\/\/www.gaveanews.com\/\"},{\"@type\":\"ListItem\",\"position\":2,\"name\":\"Cria do Flamengo entra na mira de clube da Premier League\"}]},{\"@type\":\"WebSite\",\"@id\":\"https:\/\/www.gaveanews.com\/#website\",\"url\":\"https:\/\/www.gaveanews.com\/\",\"name\":\"G\u00e1vea News\",\"description\":\"Veja todas as not\u00edcias sobre o Flamengo: Contrata\u00e7\u00f5es, categorias de base, resultados das partidas, tabela de classifica\u00e7\u00e3o, pr\u00f3ximos jogos!\",\"potentialAction\":[{\"@type\":\"SearchAction\",\"target\":{\"@type\":\"EntryPoint\",\"urlTemplate\":\"https:\/\/www.gaveanews.com\/?s={search_term_string}\"},\"query-input\":{\"@type\":\"PropertyValueSpecification\",\"valueRequired\":true,\"valueName\":\"search_term_string\"}}],\"inLanguage\":\"pt-BR\"},{\"@type\":\"Person\",\"@id\":\"https:\/\/www.gaveanews.com\/#\/schema\/person\/c88645e3d550d0b6574305e67dd5a716\",\"name\":\"Reda\u00e7\u00e3o\",\"image\":{\"@type\":\"ImageObject\",\"inLanguage\":\"pt-BR\",\"@id\":\"https:\/\/www.gaveanews.com\/#\/schema\/person\/image\/\",\"url\":\"https:\/\/secure.gravatar.com\/avatar\/434098fd823f0dc1b062d14ca22bacaa6e38de28d8c816bbef6fc2f8c44d8ba3?s=96&d=mm&r=g\",\"contentUrl\":\"https:\/\/secure.gravatar.com\/avatar\/434098fd823f0dc1b062d14ca22bacaa6e38de28d8c816bbef6fc2f8c44d8ba3?s=96&d=mm&r=g\",\"caption\":\"Reda\u00e7\u00e3o\"}}]}<\/script>\n<!-- \/ Yoast SEO Premium plugin. -->","yoast_head_json":{"title":"Cria do Flamengo entra na mira de clube da Premier League","robots":{"index":"index","follow":"follow","max-snippet":"max-snippet:-1","max-image-preview":"max-image-preview:large","max-video-preview":"max-video-preview:-1"},"canonical":"https:\/\/www.gaveanews.com\/index.php\/2025\/10\/23\/cria-do-flamengo-entra-na-mira-de-clube-da-premier-league\/","og_locale":"pt_BR","og_type":"article","og_title":"Cria do Flamengo entra na mira de clube da Premier League","og_description":"O atacante Andr\u00e9 Luiz, ex-Flamengo, vive bom momento no futebol europeu e j\u00e1 atrai olhares de clubes da Inglaterra. Segundo o jornalista Bruno Andrade, da ESPN, o Sunderland tem interesse na contrata\u00e7\u00e3o do jogador, atualmente no Rio Ave. A poss\u00edvel negocia\u00e7\u00e3o poder\u00e1 ocorrer na pr\u00f3xima janela de transfer\u00eancias, prevista para janeiro de 2026. Com apenas [&hellip;]","og_url":"https:\/\/www.gaveanews.com\/index.php\/2025\/10\/23\/cria-do-flamengo-entra-na-mira-de-clube-da-premier-league\/","og_site_name":"G\u00e1vea News","article_publisher":"https:\/\/facebook.com\/gaveaNews\/","article_published_time":"2025-10-23T14:20:00+00:00","og_image":[{"width":1200,"height":800,"url":"https:\/\/www.gaveanews.com\/wp-content\/uploads\/Uniforme-do-Flamengo.webp","type":"image\/png"}],"author":"Reda\u00e7\u00e3o","twitter_card":"summary_large_image","twitter_misc":{"Escrito por":"Reda\u00e7\u00e3o","Est. tempo de leitura":"3 minutos"},"schema":{"@context":"https:\/\/schema.org","@graph":[{"@type":"NewsArticle","@id":"https:\/\/www.gaveanews.com\/index.php\/2025\/10\/23\/cria-do-flamengo-entra-na-mira-de-clube-da-premier-league\/#article","isPartOf":{"@id":"https:\/\/www.gaveanews.com\/index.php\/2025\/10\/23\/cria-do-flamengo-entra-na-mira-de-clube-da-premier-league\/"},"author":{"name":"Reda\u00e7\u00e3o","@id":"https:\/\/www.gaveanews.com\/#\/schema\/person\/c88645e3d550d0b6574305e67dd5a716"},"headline":"Cria do Flamengo entra na mira de clube da Premier League","datePublished":"2025-10-23T14:20:00+00:00","mainEntityOfPage":{"@id":"https:\/\/www.gaveanews.com\/index.php\/2025\/10\/23\/cria-do-flamengo-entra-na-mira-de-clube-da-premier-league\/"},"wordCount":344,"commentCount":0,"image":{"@id":"https:\/\/www.gaveanews.com\/index.php\/2025\/10\/23\/cria-do-flamengo-entra-na-mira-de-clube-da-premier-league\/#primaryimage"},"thumbnailUrl":"https:\/\/www.gaveanews.com\/wp-content\/uploads\/Uniforme-do-Flamengo.webp","articleSection":["Flamengo"],"inLanguage":"pt-BR","potentialAction":[{"@type":"CommentAction","name":"Comment","target":["https:\/\/www.gaveanews.com\/index.php\/2025\/10\/23\/cria-do-flamengo-entra-na-mira-de-clube-da-premier-league\/#respond"]}],"copyrightYear":"2025","copyrightHolder":{"@id":"https:\/\/www.gaveanews.com\/#organization"}},{"@type":"WebPage","@id":"https:\/\/www.gaveanews.com\/index.php\/2025\/10\/23\/cria-do-flamengo-entra-na-mira-de-clube-da-premier-league\/","url":"https:\/\/www.gaveanews.com\/index.php\/2025\/10\/23\/cria-do-flamengo-entra-na-mira-de-clube-da-premier-league\/","name":"Cria do Flamengo entra na mira de clube da Premier League","isPartOf":{"@id":"https:\/\/www.gaveanews.com\/#website"},"primaryImageOfPage":{"@id":"https:\/\/www.gaveanews.com\/index.php\/2025\/10\/23\/cria-do-flamengo-entra-na-mira-de-clube-da-premier-league\/#primaryimage"},"image":{"@id":"https:\/\/www.gaveanews.com\/index.php\/2025\/10\/23\/cria-do-flamengo-entra-na-mira-de-clube-da-premier-league\/#primaryimage"},"thumbnailUrl":"https:\/\/www.gaveanews.com\/wp-content\/uploads\/Uniforme-do-Flamengo.webp","datePublished":"2025-10-23T14:20:00+00:00","author":{"@id":"https:\/\/www.gaveanews.com\/#\/schema\/person\/c88645e3d550d0b6574305e67dd5a716"},"breadcrumb":{"@id":"https:\/\/www.gaveanews.com\/index.php\/2025\/10\/23\/cria-do-flamengo-entra-na-mira-de-clube-da-premier-league\/#breadcrumb"},"inLanguage":"pt-BR","potentialAction":[{"@type":"ReadAction","target":["https:\/\/www.gaveanews.com\/index.php\/2025\/10\/23\/cria-do-flamengo-entra-na-mira-de-clube-da-premier-league\/"]}]},{"@type":"ImageObject","inLanguage":"pt-BR","@id":"https:\/\/www.gaveanews.com\/index.php\/2025\/10\/23\/cria-do-flamengo-entra-na-mira-de-clube-da-premier-league\/#primaryimage","url":"https:\/\/www.gaveanews.com\/wp-content\/uploads\/Uniforme-do-Flamengo.webp","contentUrl":"https:\/\/www.gaveanews.com\/wp-content\/uploads\/Uniforme-do-Flamengo.webp","width":1200,"height":800,"caption":"Uniforme do Flamengo - Foto: Gilvan de Souza\/Flamengo"},{"@type":"BreadcrumbList","@id":"https:\/\/www.gaveanews.com\/index.php\/2025\/10\/23\/cria-do-flamengo-entra-na-mira-de-clube-da-premier-league\/#breadcrumb","itemListElement":[{"@type":"ListItem","position":1,"name":"Home","item":"https:\/\/www.gaveanews.com\/"},{"@type":"ListItem","position":2,"name":"Cria do Flamengo entra na mira de clube da Premier League"}]},{"@type":"WebSite","@id":"https:\/\/www.gaveanews.com\/#website","url":"https:\/\/www.gaveanews.com\/","name":"G\u00e1vea News","description":"Veja todas as not\u00edcias sobre o Flamengo: Contrata\u00e7\u00f5es, categorias de base, resultados das partidas, tabela de classifica\u00e7\u00e3o, pr\u00f3ximos jogos!","potentialAction":[{"@type":"SearchAction","target":{"@type":"EntryPoint","urlTemplate":"https:\/\/www.gaveanews.com\/?s={search_term_string}"},"query-input":{"@type":"PropertyValueSpecification","valueRequired":true,"valueName":"search_term_string"}}],"inLanguage":"pt-BR"},{"@type":"Person","@id":"https:\/\/www.gaveanews.com\/#\/schema\/person\/c88645e3d550d0b6574305e67dd5a716","name":"Reda\u00e7\u00e3o","image":{"@type":"ImageObject","inLanguage":"pt-BR","@id":"https:\/\/www.gaveanews.com\/#\/schema\/person\/image\/","url":"https:\/\/secure.gravatar.com\/avatar\/434098fd823f0dc1b062d14ca22bacaa6e38de28d8c816bbef6fc2f8c44d8ba3?s=96&d=mm&r=g","contentUrl":"https:\/\/secure.gravatar.com\/avatar\/434098fd823f0dc1b062d14ca22bacaa6e38de28d8c816bbef6fc2f8c44d8ba3?s=96&d=mm&r=g","caption":"Reda\u00e7\u00e3o"}}]}},"_links":{"self":[{"href":"https:\/\/www.gaveanews.com\/index.php\/wp-json\/wp\/v2\/posts\/279109","targetHints":{"allow":["GET"]}}],"collection":[{"href":"https:\/\/www.gaveanews.com\/index.php\/wp-json\/wp\/v2\/posts"}],"about":[{"href":"https:\/\/www.gaveanews.com\/index.php\/wp-json\/wp\/v2\/types\/post"}],"author":[{"embeddable":true,"href":"https:\/\/www.gaveanews.com\/index.php\/wp-json\/wp\/v2\/users\/39"}],"replies":[{"embeddable":true,"href":"https:\/\/www.gaveanews.com\/index.php\/wp-json\/wp\/v2\/comments?post=279109"}],"version-history":[{"count":2,"href":"https:\/\/www.gaveanews.com\/index.php\/wp-json\/wp\/v2\/posts\/279109\/revisions"}],"predecessor-version":[{"id":279132,"href":"https:\/\/www.gaveanews.com\/index.php\/wp-json\/wp\/v2\/posts\/279109\/revisions\/279132"}],"wp:featuredmedia":[{"embeddable":true,"href":"https:\/\/www.gaveanews.com\/index.php\/wp-json\/wp\/v2\/media\/254809"}],"wp:attachment":[{"href":"https:\/\/www.gaveanews.com\/index.php\/wp-json\/wp\/v2\/media?parent=279109"}],"wp:term":[{"taxonomy":"category","embeddable":true,"href":"https:\/\/www.gaveanews.com\/index.php\/wp-json\/wp\/v2\/categories?post=279109"},{"taxonomy":"post_tag","embeddable":true,"href":"https:\/\/www.gaveanews.com\/index.php\/wp-json\/wp\/v2\/tags?post=279109"}],"curies":[{"name":"wp","href":"https:\/\/api.w.org\/{rel}","templated":true}]}}