{"id":279111,"date":"2025-10-23T11:30:00","date_gmt":"2025-10-23T14:30:00","guid":{"rendered":"https:\/\/www.gaveanews.com\/?p=279111"},"modified":"2025-10-23T11:22:40","modified_gmt":"2025-10-23T14:22:40","slug":"flamengo-x-racing-jogador-fica-com-o-rosto-desfigurado-apos-pancada-violenta","status":"publish","type":"post","link":"https:\/\/www.gaveanews.com\/index.php\/2025\/10\/23\/flamengo-x-racing-jogador-fica-com-o-rosto-desfigurado-apos-pancada-violenta\/","title":{"rendered":"Flamengo x Racing: jogador fica com o rosto desfigurado ap\u00f3s pancada violenta"},"content":{"rendered":"\n<p>O zagueiro Sosa, capit\u00e3o do Racing, terminou o rev\u00e9s para o <a href=\"https:\/\/www.gaveanews.com\/index.php\/category\/brasileirao\/flamengo\/\" target=\"_blank\" rel=\"noreferrer noopener\">Flamengo <\/a>com o rosto bastante machucado, ap\u00f3s um choque acidental nos minutos finais do confronto dessa quarta-feira (22), no Maracan\u00e3. Mesmo com o ferimento, o defensor permaneceu em campo at\u00e9 o fim do triunfo rubro-negro por 1 a 0, pela semifinal da Libertadores.\u00a0<\/p>\n\n\n\n<p>O lance aconteceu j\u00e1 nos acr\u00e9scimos do segundo tempo, quando Sosa foi atingido pelo cotovelo de um companheiro de equipe.<\/p>\n\n\n\n<p>O impacto causou um sangramento nasal e um incha\u00e7o evidente ao redor do olho esquerdo, que ficou praticamente fechado. O jogador recebeu atendimento m\u00e9dico ainda no gramado, passou por curativos e, ap\u00f3s avalia\u00e7\u00e3o r\u00e1pida, foi liberado para retornar.<\/p>\n\n\n\n<h2 class=\"wp-block-heading\" id=\"h-medico-alerta-sobre-sangramento\">M\u00e9dico alerta sobre sangramento<\/h2>\n\n\n\n<p>Segundo relatos da beira do campo, um dos m\u00e9dicos do Flamengo alertou o \u00e1rbitro Jes\u00fas Valenzuela sobre o sangramento persistente no rosto de Sosa.<\/p>\n\n\n\n<figure class=\"wp-block-image size-large\"><img loading=\"lazy\" decoding=\"async\" width=\"1024\" height=\"1024\" src=\"http:\/\/www.gaveanews.com\/wp-content\/uploads\/image-17-1024x1024.png\" alt=\"\" class=\"wp-image-279135\" srcset=\"https:\/\/www.gaveanews.com\/wp-content\/uploads\/image-17-1024x1024.png 1024w, https:\/\/www.gaveanews.com\/wp-content\/uploads\/image-17-300x300.png 300w, https:\/\/www.gaveanews.com\/wp-content\/uploads\/image-17-150x150.png 150w, https:\/\/www.gaveanews.com\/wp-content\/uploads\/image-17-768x768.png 768w, https:\/\/www.gaveanews.com\/wp-content\/uploads\/image-17-1536x1536.png 1536w, https:\/\/www.gaveanews.com\/wp-content\/uploads\/image-17-420x420.png 420w, https:\/\/www.gaveanews.com\/wp-content\/uploads\/image-17-840x840.png 840w, https:\/\/www.gaveanews.com\/wp-content\/uploads\/image-17-640x640.png 640w, https:\/\/www.gaveanews.com\/wp-content\/uploads\/image-17-1280x1280.png 1280w, https:\/\/www.gaveanews.com\/wp-content\/uploads\/image-17-681x681.png 681w, https:\/\/www.gaveanews.com\/wp-content\/uploads\/image-17-1362x1362.png 1362w, https:\/\/www.gaveanews.com\/wp-content\/uploads\/image-17-100x100.png 100w, https:\/\/www.gaveanews.com\/wp-content\/uploads\/image-17.png 2048w\" sizes=\"auto, (max-width: 1024px) 100vw, 1024px\" \/><figcaption class=\"wp-element-caption\">Zagueiro Sosa ao fim da partida no Maracan\u00e3 (Foto: Reprodu\u00e7\u00e3o\/GeTV)<\/figcaption><\/figure>\n\n\n\n<p>No entanto, o juiz venezuelano optou por manter o andamento da partida at\u00e9 o apito final. A cena circulou nas redes sociais e gerou questionamentos sobre os protocolos de atendimento e seguran\u00e7a dos atletas em campo.<\/p>\n\n\n\n<p>Apesar da les\u00e3o, o defensor foi um dos principais nomes do Racing durante a partida. Destacou-se nos duelos a\u00e9reos e intercepta\u00e7\u00f5es, dificultando as a\u00e7\u00f5es ofensivas do Flamengo at\u00e9 o gol de Carrascal, aos 42 minutos do primeiro tempo. <\/p>\n\n\n\n<h2 class=\"wp-block-heading\" id=\"h-flamengo-larga-na-frente\">Flamengo larga na frente<\/h2>\n\n\n\n<p>Com a vit\u00f3ria no Maracan\u00e3, o Flamengo abriu vantagem na semifinal da Conmebol Libertadores. A equipe comandada por Filipe Lu\u00eds poder\u00e1 jogar pelo empate na partida de volta para garantir a classifica\u00e7\u00e3o \u00e0 final. <\/p>\n\n\n\n<p>O confronto decisivo ser\u00e1 disputado na pr\u00f3xima quarta-feira (29), \u00e0s 21h30 (hor\u00e1rio de Bras\u00edlia), em Avellaneda, na Argentina.<\/p>\n","protected":false},"excerpt":{"rendered":"<p>O zagueiro Sosa, capit\u00e3o do Racing, terminou o rev\u00e9s para o Flamengo com o rosto bastante machucado, ap\u00f3s um choque acidental nos minutos finais do confronto dessa quarta-feira (22), no Maracan\u00e3. Mesmo com o ferimento, o defensor permaneceu em campo at\u00e9 o fim do triunfo rubro-negro por 1 a 0, pela semifinal da Libertadores.\u00a0 O [&hellip;]<\/p>\n","protected":false},"author":39,"featured_media":279136,"comment_status":"open","ping_status":"closed","sticky":false,"template":"","format":"standard","meta":{"footnotes":""},"categories":[1],"tags":[],"class_list":["post-279111","post","type-post","status-publish","format-standard","has-post-thumbnail","hentry","category-flamengo"],"yoast_head":"<!-- This site is optimized with the Yoast SEO Premium plugin v24.2 (Yoast SEO v26.9) - https:\/\/yoast.com\/product\/yoast-seo-premium-wordpress\/ -->\n<title>Flamengo x Racing: jogador fica com o rosto desfigurado ap\u00f3s pancada violenta<\/title>\n<meta name=\"robots\" content=\"index, follow, max-snippet:-1, max-image-preview:large, max-video-preview:-1\" \/>\n<link rel=\"canonical\" href=\"https:\/\/www.gaveanews.com\/index.php\/2025\/10\/23\/flamengo-x-racing-jogador-fica-com-o-rosto-desfigurado-apos-pancada-violenta\/\" \/>\n<meta property=\"og:locale\" content=\"pt_BR\" \/>\n<meta property=\"og:type\" content=\"article\" \/>\n<meta property=\"og:title\" content=\"Flamengo x Racing: jogador fica com o rosto desfigurado ap\u00f3s pancada violenta\" \/>\n<meta property=\"og:description\" content=\"O zagueiro Sosa, capit\u00e3o do Racing, terminou o rev\u00e9s para o Flamengo com o rosto bastante machucado, ap\u00f3s um choque acidental nos minutos finais do confronto dessa quarta-feira (22), no Maracan\u00e3. Mesmo com o ferimento, o defensor permaneceu em campo at\u00e9 o fim do triunfo rubro-negro por 1 a 0, pela semifinal da Libertadores.\u00a0 O [&hellip;]\" \/>\n<meta property=\"og:url\" content=\"https:\/\/www.gaveanews.com\/index.php\/2025\/10\/23\/flamengo-x-racing-jogador-fica-com-o-rosto-desfigurado-apos-pancada-violenta\/\" \/>\n<meta property=\"og:site_name\" content=\"G\u00e1vea News\" \/>\n<meta property=\"article:publisher\" content=\"https:\/\/facebook.com\/gaveaNews\/\" \/>\n<meta property=\"article:published_time\" content=\"2025-10-23T14:30:00+00:00\" \/>\n<meta property=\"og:image\" content=\"https:\/\/www.gaveanews.com\/wp-content\/uploads\/Choque-que-resultou-na-fratura-do-zagueiro-Sosa-no-Maracana.jpg\" \/>\n\t<meta property=\"og:image:width\" content=\"1280\" \/>\n\t<meta property=\"og:image:height\" content=\"960\" \/>\n\t<meta property=\"og:image:type\" content=\"image\/jpeg\" \/>\n<meta name=\"author\" content=\"Reda\u00e7\u00e3o\" \/>\n<meta name=\"twitter:card\" content=\"summary_large_image\" \/>\n<meta name=\"twitter:label1\" content=\"Escrito por\" \/>\n\t<meta name=\"twitter:data1\" content=\"Reda\u00e7\u00e3o\" \/>\n\t<meta name=\"twitter:label2\" content=\"Est. tempo de leitura\" \/>\n\t<meta name=\"twitter:data2\" content=\"2 minutos\" \/>\n<script type=\"application\/ld+json\" class=\"yoast-schema-graph\">{\"@context\":\"https:\/\/schema.org\",\"@graph\":[{\"@type\":\"NewsArticle\",\"@id\":\"https:\/\/www.gaveanews.com\/index.php\/2025\/10\/23\/flamengo-x-racing-jogador-fica-com-o-rosto-desfigurado-apos-pancada-violenta\/#article\",\"isPartOf\":{\"@id\":\"https:\/\/www.gaveanews.com\/index.php\/2025\/10\/23\/flamengo-x-racing-jogador-fica-com-o-rosto-desfigurado-apos-pancada-violenta\/\"},\"author\":{\"name\":\"Reda\u00e7\u00e3o\",\"@id\":\"https:\/\/www.gaveanews.com\/#\/schema\/person\/c88645e3d550d0b6574305e67dd5a716\"},\"headline\":\"Flamengo x Racing: jogador fica com o rosto desfigurado ap\u00f3s pancada violenta\",\"datePublished\":\"2025-10-23T14:30:00+00:00\",\"mainEntityOfPage\":{\"@id\":\"https:\/\/www.gaveanews.com\/index.php\/2025\/10\/23\/flamengo-x-racing-jogador-fica-com-o-rosto-desfigurado-apos-pancada-violenta\/\"},\"wordCount\":312,\"commentCount\":0,\"image\":{\"@id\":\"https:\/\/www.gaveanews.com\/index.php\/2025\/10\/23\/flamengo-x-racing-jogador-fica-com-o-rosto-desfigurado-apos-pancada-violenta\/#primaryimage\"},\"thumbnailUrl\":\"https:\/\/www.gaveanews.com\/wp-content\/uploads\/Choque-que-resultou-na-fratura-do-zagueiro-Sosa-no-Maracana.jpg\",\"articleSection\":[\"Flamengo\"],\"inLanguage\":\"pt-BR\",\"potentialAction\":[{\"@type\":\"CommentAction\",\"name\":\"Comment\",\"target\":[\"https:\/\/www.gaveanews.com\/index.php\/2025\/10\/23\/flamengo-x-racing-jogador-fica-com-o-rosto-desfigurado-apos-pancada-violenta\/#respond\"]}],\"copyrightYear\":\"2025\",\"copyrightHolder\":{\"@id\":\"https:\/\/www.gaveanews.com\/#organization\"}},{\"@type\":\"WebPage\",\"@id\":\"https:\/\/www.gaveanews.com\/index.php\/2025\/10\/23\/flamengo-x-racing-jogador-fica-com-o-rosto-desfigurado-apos-pancada-violenta\/\",\"url\":\"https:\/\/www.gaveanews.com\/index.php\/2025\/10\/23\/flamengo-x-racing-jogador-fica-com-o-rosto-desfigurado-apos-pancada-violenta\/\",\"name\":\"Flamengo x Racing: jogador fica com o rosto desfigurado ap\u00f3s pancada violenta\",\"isPartOf\":{\"@id\":\"https:\/\/www.gaveanews.com\/#website\"},\"primaryImageOfPage\":{\"@id\":\"https:\/\/www.gaveanews.com\/index.php\/2025\/10\/23\/flamengo-x-racing-jogador-fica-com-o-rosto-desfigurado-apos-pancada-violenta\/#primaryimage\"},\"image\":{\"@id\":\"https:\/\/www.gaveanews.com\/index.php\/2025\/10\/23\/flamengo-x-racing-jogador-fica-com-o-rosto-desfigurado-apos-pancada-violenta\/#primaryimage\"},\"thumbnailUrl\":\"https:\/\/www.gaveanews.com\/wp-content\/uploads\/Choque-que-resultou-na-fratura-do-zagueiro-Sosa-no-Maracana.jpg\",\"datePublished\":\"2025-10-23T14:30:00+00:00\",\"author\":{\"@id\":\"https:\/\/www.gaveanews.com\/#\/schema\/person\/c88645e3d550d0b6574305e67dd5a716\"},\"breadcrumb\":{\"@id\":\"https:\/\/www.gaveanews.com\/index.php\/2025\/10\/23\/flamengo-x-racing-jogador-fica-com-o-rosto-desfigurado-apos-pancada-violenta\/#breadcrumb\"},\"inLanguage\":\"pt-BR\",\"potentialAction\":[{\"@type\":\"ReadAction\",\"target\":[\"https:\/\/www.gaveanews.com\/index.php\/2025\/10\/23\/flamengo-x-racing-jogador-fica-com-o-rosto-desfigurado-apos-pancada-violenta\/\"]}]},{\"@type\":\"ImageObject\",\"inLanguage\":\"pt-BR\",\"@id\":\"https:\/\/www.gaveanews.com\/index.php\/2025\/10\/23\/flamengo-x-racing-jogador-fica-com-o-rosto-desfigurado-apos-pancada-violenta\/#primaryimage\",\"url\":\"https:\/\/www.gaveanews.com\/wp-content\/uploads\/Choque-que-resultou-na-fratura-do-zagueiro-Sosa-no-Maracana.jpg\",\"contentUrl\":\"https:\/\/www.gaveanews.com\/wp-content\/uploads\/Choque-que-resultou-na-fratura-do-zagueiro-Sosa-no-Maracana.jpg\",\"width\":1280,\"height\":960,\"caption\":\"Choque que resultou na fratura do zagueiro Sosa, no Maracan\u00e3 (Foto: Reprodu\u00e7\u00e3o)\"},{\"@type\":\"BreadcrumbList\",\"@id\":\"https:\/\/www.gaveanews.com\/index.php\/2025\/10\/23\/flamengo-x-racing-jogador-fica-com-o-rosto-desfigurado-apos-pancada-violenta\/#breadcrumb\",\"itemListElement\":[{\"@type\":\"ListItem\",\"position\":1,\"name\":\"Home\",\"item\":\"https:\/\/www.gaveanews.com\/\"},{\"@type\":\"ListItem\",\"position\":2,\"name\":\"Flamengo x Racing: jogador fica com o rosto desfigurado ap\u00f3s pancada violenta\"}]},{\"@type\":\"WebSite\",\"@id\":\"https:\/\/www.gaveanews.com\/#website\",\"url\":\"https:\/\/www.gaveanews.com\/\",\"name\":\"G\u00e1vea News\",\"description\":\"Veja todas as not\u00edcias sobre o Flamengo: Contrata\u00e7\u00f5es, categorias de base, resultados das partidas, tabela de classifica\u00e7\u00e3o, pr\u00f3ximos jogos!\",\"potentialAction\":[{\"@type\":\"SearchAction\",\"target\":{\"@type\":\"EntryPoint\",\"urlTemplate\":\"https:\/\/www.gaveanews.com\/?s={search_term_string}\"},\"query-input\":{\"@type\":\"PropertyValueSpecification\",\"valueRequired\":true,\"valueName\":\"search_term_string\"}}],\"inLanguage\":\"pt-BR\"},{\"@type\":\"Person\",\"@id\":\"https:\/\/www.gaveanews.com\/#\/schema\/person\/c88645e3d550d0b6574305e67dd5a716\",\"name\":\"Reda\u00e7\u00e3o\",\"image\":{\"@type\":\"ImageObject\",\"inLanguage\":\"pt-BR\",\"@id\":\"https:\/\/www.gaveanews.com\/#\/schema\/person\/image\/\",\"url\":\"https:\/\/secure.gravatar.com\/avatar\/434098fd823f0dc1b062d14ca22bacaa6e38de28d8c816bbef6fc2f8c44d8ba3?s=96&d=mm&r=g\",\"contentUrl\":\"https:\/\/secure.gravatar.com\/avatar\/434098fd823f0dc1b062d14ca22bacaa6e38de28d8c816bbef6fc2f8c44d8ba3?s=96&d=mm&r=g\",\"caption\":\"Reda\u00e7\u00e3o\"}}]}<\/script>\n<!-- \/ Yoast SEO Premium plugin. -->","yoast_head_json":{"title":"Flamengo x Racing: jogador fica com o rosto desfigurado ap\u00f3s pancada violenta","robots":{"index":"index","follow":"follow","max-snippet":"max-snippet:-1","max-image-preview":"max-image-preview:large","max-video-preview":"max-video-preview:-1"},"canonical":"https:\/\/www.gaveanews.com\/index.php\/2025\/10\/23\/flamengo-x-racing-jogador-fica-com-o-rosto-desfigurado-apos-pancada-violenta\/","og_locale":"pt_BR","og_type":"article","og_title":"Flamengo x Racing: jogador fica com o rosto desfigurado ap\u00f3s pancada violenta","og_description":"O zagueiro Sosa, capit\u00e3o do Racing, terminou o rev\u00e9s para o Flamengo com o rosto bastante machucado, ap\u00f3s um choque acidental nos minutos finais do confronto dessa quarta-feira (22), no Maracan\u00e3. Mesmo com o ferimento, o defensor permaneceu em campo at\u00e9 o fim do triunfo rubro-negro por 1 a 0, pela semifinal da Libertadores.\u00a0 O [&hellip;]","og_url":"https:\/\/www.gaveanews.com\/index.php\/2025\/10\/23\/flamengo-x-racing-jogador-fica-com-o-rosto-desfigurado-apos-pancada-violenta\/","og_site_name":"G\u00e1vea News","article_publisher":"https:\/\/facebook.com\/gaveaNews\/","article_published_time":"2025-10-23T14:30:00+00:00","og_image":[{"width":1280,"height":960,"url":"https:\/\/www.gaveanews.com\/wp-content\/uploads\/Choque-que-resultou-na-fratura-do-zagueiro-Sosa-no-Maracana.jpg","type":"image\/jpeg"}],"author":"Reda\u00e7\u00e3o","twitter_card":"summary_large_image","twitter_misc":{"Escrito por":"Reda\u00e7\u00e3o","Est. tempo de leitura":"2 minutos"},"schema":{"@context":"https:\/\/schema.org","@graph":[{"@type":"NewsArticle","@id":"https:\/\/www.gaveanews.com\/index.php\/2025\/10\/23\/flamengo-x-racing-jogador-fica-com-o-rosto-desfigurado-apos-pancada-violenta\/#article","isPartOf":{"@id":"https:\/\/www.gaveanews.com\/index.php\/2025\/10\/23\/flamengo-x-racing-jogador-fica-com-o-rosto-desfigurado-apos-pancada-violenta\/"},"author":{"name":"Reda\u00e7\u00e3o","@id":"https:\/\/www.gaveanews.com\/#\/schema\/person\/c88645e3d550d0b6574305e67dd5a716"},"headline":"Flamengo x Racing: jogador fica com o rosto desfigurado ap\u00f3s pancada violenta","datePublished":"2025-10-23T14:30:00+00:00","mainEntityOfPage":{"@id":"https:\/\/www.gaveanews.com\/index.php\/2025\/10\/23\/flamengo-x-racing-jogador-fica-com-o-rosto-desfigurado-apos-pancada-violenta\/"},"wordCount":312,"commentCount":0,"image":{"@id":"https:\/\/www.gaveanews.com\/index.php\/2025\/10\/23\/flamengo-x-racing-jogador-fica-com-o-rosto-desfigurado-apos-pancada-violenta\/#primaryimage"},"thumbnailUrl":"https:\/\/www.gaveanews.com\/wp-content\/uploads\/Choque-que-resultou-na-fratura-do-zagueiro-Sosa-no-Maracana.jpg","articleSection":["Flamengo"],"inLanguage":"pt-BR","potentialAction":[{"@type":"CommentAction","name":"Comment","target":["https:\/\/www.gaveanews.com\/index.php\/2025\/10\/23\/flamengo-x-racing-jogador-fica-com-o-rosto-desfigurado-apos-pancada-violenta\/#respond"]}],"copyrightYear":"2025","copyrightHolder":{"@id":"https:\/\/www.gaveanews.com\/#organization"}},{"@type":"WebPage","@id":"https:\/\/www.gaveanews.com\/index.php\/2025\/10\/23\/flamengo-x-racing-jogador-fica-com-o-rosto-desfigurado-apos-pancada-violenta\/","url":"https:\/\/www.gaveanews.com\/index.php\/2025\/10\/23\/flamengo-x-racing-jogador-fica-com-o-rosto-desfigurado-apos-pancada-violenta\/","name":"Flamengo x Racing: jogador fica com o rosto desfigurado ap\u00f3s pancada violenta","isPartOf":{"@id":"https:\/\/www.gaveanews.com\/#website"},"primaryImageOfPage":{"@id":"https:\/\/www.gaveanews.com\/index.php\/2025\/10\/23\/flamengo-x-racing-jogador-fica-com-o-rosto-desfigurado-apos-pancada-violenta\/#primaryimage"},"image":{"@id":"https:\/\/www.gaveanews.com\/index.php\/2025\/10\/23\/flamengo-x-racing-jogador-fica-com-o-rosto-desfigurado-apos-pancada-violenta\/#primaryimage"},"thumbnailUrl":"https:\/\/www.gaveanews.com\/wp-content\/uploads\/Choque-que-resultou-na-fratura-do-zagueiro-Sosa-no-Maracana.jpg","datePublished":"2025-10-23T14:30:00+00:00","author":{"@id":"https:\/\/www.gaveanews.com\/#\/schema\/person\/c88645e3d550d0b6574305e67dd5a716"},"breadcrumb":{"@id":"https:\/\/www.gaveanews.com\/index.php\/2025\/10\/23\/flamengo-x-racing-jogador-fica-com-o-rosto-desfigurado-apos-pancada-violenta\/#breadcrumb"},"inLanguage":"pt-BR","potentialAction":[{"@type":"ReadAction","target":["https:\/\/www.gaveanews.com\/index.php\/2025\/10\/23\/flamengo-x-racing-jogador-fica-com-o-rosto-desfigurado-apos-pancada-violenta\/"]}]},{"@type":"ImageObject","inLanguage":"pt-BR","@id":"https:\/\/www.gaveanews.com\/index.php\/2025\/10\/23\/flamengo-x-racing-jogador-fica-com-o-rosto-desfigurado-apos-pancada-violenta\/#primaryimage","url":"https:\/\/www.gaveanews.com\/wp-content\/uploads\/Choque-que-resultou-na-fratura-do-zagueiro-Sosa-no-Maracana.jpg","contentUrl":"https:\/\/www.gaveanews.com\/wp-content\/uploads\/Choque-que-resultou-na-fratura-do-zagueiro-Sosa-no-Maracana.jpg","width":1280,"height":960,"caption":"Choque que resultou na fratura do zagueiro Sosa, no Maracan\u00e3 (Foto: Reprodu\u00e7\u00e3o)"},{"@type":"BreadcrumbList","@id":"https:\/\/www.gaveanews.com\/index.php\/2025\/10\/23\/flamengo-x-racing-jogador-fica-com-o-rosto-desfigurado-apos-pancada-violenta\/#breadcrumb","itemListElement":[{"@type":"ListItem","position":1,"name":"Home","item":"https:\/\/www.gaveanews.com\/"},{"@type":"ListItem","position":2,"name":"Flamengo x Racing: jogador fica com o rosto desfigurado ap\u00f3s pancada violenta"}]},{"@type":"WebSite","@id":"https:\/\/www.gaveanews.com\/#website","url":"https:\/\/www.gaveanews.com\/","name":"G\u00e1vea News","description":"Veja todas as not\u00edcias sobre o Flamengo: Contrata\u00e7\u00f5es, categorias de base, resultados das partidas, tabela de classifica\u00e7\u00e3o, pr\u00f3ximos jogos!","potentialAction":[{"@type":"SearchAction","target":{"@type":"EntryPoint","urlTemplate":"https:\/\/www.gaveanews.com\/?s={search_term_string}"},"query-input":{"@type":"PropertyValueSpecification","valueRequired":true,"valueName":"search_term_string"}}],"inLanguage":"pt-BR"},{"@type":"Person","@id":"https:\/\/www.gaveanews.com\/#\/schema\/person\/c88645e3d550d0b6574305e67dd5a716","name":"Reda\u00e7\u00e3o","image":{"@type":"ImageObject","inLanguage":"pt-BR","@id":"https:\/\/www.gaveanews.com\/#\/schema\/person\/image\/","url":"https:\/\/secure.gravatar.com\/avatar\/434098fd823f0dc1b062d14ca22bacaa6e38de28d8c816bbef6fc2f8c44d8ba3?s=96&d=mm&r=g","contentUrl":"https:\/\/secure.gravatar.com\/avatar\/434098fd823f0dc1b062d14ca22bacaa6e38de28d8c816bbef6fc2f8c44d8ba3?s=96&d=mm&r=g","caption":"Reda\u00e7\u00e3o"}}]}},"_links":{"self":[{"href":"https:\/\/www.gaveanews.com\/index.php\/wp-json\/wp\/v2\/posts\/279111","targetHints":{"allow":["GET"]}}],"collection":[{"href":"https:\/\/www.gaveanews.com\/index.php\/wp-json\/wp\/v2\/posts"}],"about":[{"href":"https:\/\/www.gaveanews.com\/index.php\/wp-json\/wp\/v2\/types\/post"}],"author":[{"embeddable":true,"href":"https:\/\/www.gaveanews.com\/index.php\/wp-json\/wp\/v2\/users\/39"}],"replies":[{"embeddable":true,"href":"https:\/\/www.gaveanews.com\/index.php\/wp-json\/wp\/v2\/comments?post=279111"}],"version-history":[{"count":2,"href":"https:\/\/www.gaveanews.com\/index.php\/wp-json\/wp\/v2\/posts\/279111\/revisions"}],"predecessor-version":[{"id":279138,"href":"https:\/\/www.gaveanews.com\/index.php\/wp-json\/wp\/v2\/posts\/279111\/revisions\/279138"}],"wp:featuredmedia":[{"embeddable":true,"href":"https:\/\/www.gaveanews.com\/index.php\/wp-json\/wp\/v2\/media\/279136"}],"wp:attachment":[{"href":"https:\/\/www.gaveanews.com\/index.php\/wp-json\/wp\/v2\/media?parent=279111"}],"wp:term":[{"taxonomy":"category","embeddable":true,"href":"https:\/\/www.gaveanews.com\/index.php\/wp-json\/wp\/v2\/categories?post=279111"},{"taxonomy":"post_tag","embeddable":true,"href":"https:\/\/www.gaveanews.com\/index.php\/wp-json\/wp\/v2\/tags?post=279111"}],"curies":[{"name":"wp","href":"https:\/\/api.w.org\/{rel}","templated":true}]}}