{"id":279116,"date":"2025-10-23T11:50:00","date_gmt":"2025-10-23T14:50:00","guid":{"rendered":"https:\/\/www.gaveanews.com\/?p=279116"},"modified":"2025-10-23T11:44:12","modified_gmt":"2025-10-23T14:44:12","slug":"a-reacao-dos-torcedores-do-flamengo-ao-mosaico-no-maracana","status":"publish","type":"post","link":"https:\/\/www.gaveanews.com\/index.php\/2025\/10\/23\/a-reacao-dos-torcedores-do-flamengo-ao-mosaico-no-maracana\/","title":{"rendered":"A rea\u00e7\u00e3o dos torcedores do Flamengo ao mosaico no Maracan\u00e3"},"content":{"rendered":"\n<p>A torcida do Flamengo protagonizou mais um momento marcante no Maracan\u00e3, na quarta-feira (22), ao exibir um mosaico nas arquibancadas antes da partida contra o Racing, pela semifinal da Libertadores. Desta vez, distinto ao que habitualmente ocorre, a arte ocupou todos os setores do est\u00e1dio.<\/p>\n\n\n\n<p>No setor Leste, frontal \u00e0 imprensa, a frase &#8220;F\u00e9 no Mengo&#8221; ganhava destaque ao fundo rubro-negro. J\u00e1 na Norte, tradicional das organizadas, os tr\u00eas escudos do clube. A Sul, bem como Oeste, tamb\u00e9m se mantinha na base vermelha e preta. Fogos de artif\u00edcios davam o tom final da recep\u00e7\u00e3o. <\/p>\n\n\n\n<p>A mobiliza\u00e7\u00e3o foi amplamente comentada nas plataformas digitais. Nas horas seguintes ao jogo, diversas publica\u00e7\u00f5es elogiaram a festa no est\u00e1dio, destacando a est\u00e9tica do mosaico, a magn\u00e9tica e especialmente a presen\u00e7a de mais de 71 mil torcedores. <\/p>\n\n\n\n<blockquote class=\"twitter-tweet\"><p lang=\"pt\" dir=\"ltr\">\u201cTorcida de teatro\u201d eles disseram\u2026<br><br>Ent\u00e3o pega esse show da torcida do Flamengo com 4 mosaicos na semi da Libertadores.\ud83d\udd34\u26ab\ufe0f\ud83d\udd25 <a href=\"https:\/\/t.co\/wiS2DxOjp3\">pic.twitter.com\/wiS2DxOjp3<\/a><\/p>&mdash; PES MIL GRAU (@Pesgrau) <a href=\"https:\/\/twitter.com\/Pesgrau\/status\/1981155828016304511?ref_src=twsrc%5Etfw\">October 23, 2025<\/a><\/blockquote> <script async src=\"https:\/\/platform.twitter.com\/widgets.js\" charset=\"utf-8\"><\/script>\n\n\n\n<h2 class=\"wp-block-heading\" id=\"h-vitoria-e-vantagem-para-o-jogo-de-volta\">Vit\u00f3ria e vantagem para o jogo de volta<\/h2>\n\n\n\n<p>Dentro de campo, o Flamengo venceu o Racing por 1 a 0, com gol de Carrascal, garantindo vantagem no duelo de ida da semifinal. O colombiano balan\u00e7ou as redes aos 42 minutos do segundo tempo, ap\u00f3s aproveitar rebote de finaliza\u00e7\u00e3o de Bruno Henrique. <\/p>\n\n\n\n<p>A vit\u00f3ria concedeu \u00e0 equipe comandada por Filipe Lu\u00eds a vantagem de empatar no jogo em Avellaneda, na Argentina, para carimbar sua vaga na grand\u00edssima final da Libertadores 2025. <\/p>\n\n\n\n<blockquote class=\"twitter-tweet\"><p lang=\"pt\" dir=\"ltr\">que espet\u00e1culo o maior time da historia desse planeta <a href=\"https:\/\/t.co\/6sdsK7kqsr\">https:\/\/t.co\/6sdsK7kqsr<\/a><\/p>&mdash; samuraizim (@GuLecchi) <a href=\"https:\/\/twitter.com\/GuLecchi\/status\/1981155689528775160?ref_src=twsrc%5Etfw\">October 23, 2025<\/a><\/blockquote> <script async src=\"https:\/\/platform.twitter.com\/widgets.js\" charset=\"utf-8\"><\/script>\n\n\n\n<h2 class=\"wp-block-heading\" id=\"h-proximos-compromissos\">Pr\u00f3ximos compromissos<\/h2>\n\n\n\n<p>A partida decisiva ocorrer\u00e1 na pr\u00f3xima quarta-feira (29), \u00e0s 21h30 (hor\u00e1rio de Bras\u00edlia), no Est\u00e1dio El Cilindro, em Avellaneda. <\/p>\n\n\n\n<p>Antes disso, o Flamengo encara o Fortaleza pelo Campeonato Brasileiro no s\u00e1bado (25), \u00e0s 19h30 (hor\u00e1rio de Bras\u00edlia), fora de casa, pela 30\u00aa rodada da competi\u00e7\u00e3o nacional.<\/p>\n\n\n\n<figure class=\"wp-block-embed is-type-rich is-provider-twitter wp-block-embed-twitter\"><div class=\"wp-block-embed__wrapper\">\n<blockquote class=\"twitter-tweet\" data-width=\"550\" data-dnt=\"true\"><p lang=\"pt\" dir=\"ltr\">Noite de libertadores \u00e9 diferenciada DEMAIS, t\u00f4 toda arrepiada com o Maracan\u00e3 inteiro com mosaico <br><br>F\u00c9 NO MENGO! VAMOS FLAMENGO, PELA GL\u00d3RIA ETERNA! <a href=\"https:\/\/twitter.com\/hashtag\/FLAXRAC?src=hash&amp;ref_src=twsrc%5Etfw\">#FLAXRAC<\/a> <a href=\"https:\/\/t.co\/lTfPjik4Pl\">pic.twitter.com\/lTfPjik4Pl<\/a><\/p>&mdash; Emi \u1d9c\u02b3\u1da0 (@crfcomments) <a href=\"https:\/\/twitter.com\/crfcomments\/status\/1981155703810379931?ref_src=twsrc%5Etfw\">October 23, 2025<\/a><\/blockquote><script async src=\"https:\/\/platform.twitter.com\/widgets.js\" charset=\"utf-8\"><\/script>\n<\/div><\/figure>\n","protected":false},"excerpt":{"rendered":"<p>A torcida do Flamengo protagonizou mais um momento marcante no Maracan\u00e3, na quarta-feira (22), ao exibir um mosaico nas arquibancadas antes da partida contra o Racing, pela semifinal da Libertadores. Desta vez, distinto ao que habitualmente ocorre, a arte ocupou todos os setores do est\u00e1dio. No setor Leste, frontal \u00e0 imprensa, a frase &#8220;F\u00e9 no [&hellip;]<\/p>\n","protected":false},"author":39,"featured_media":279146,"comment_status":"open","ping_status":"closed","sticky":false,"template":"","format":"standard","meta":{"footnotes":""},"categories":[1],"tags":[],"class_list":["post-279116","post","type-post","status-publish","format-standard","has-post-thumbnail","hentry","category-flamengo"],"yoast_head":"<!-- This site is optimized with the Yoast SEO Premium plugin v24.2 (Yoast SEO v26.9) - https:\/\/yoast.com\/product\/yoast-seo-premium-wordpress\/ -->\n<title>A rea\u00e7\u00e3o dos torcedores do Flamengo ao mosaico no Maracan\u00e3<\/title>\n<meta name=\"robots\" content=\"index, follow, max-snippet:-1, max-image-preview:large, max-video-preview:-1\" \/>\n<link rel=\"canonical\" href=\"https:\/\/www.gaveanews.com\/index.php\/2025\/10\/23\/a-reacao-dos-torcedores-do-flamengo-ao-mosaico-no-maracana\/\" \/>\n<meta property=\"og:locale\" content=\"pt_BR\" \/>\n<meta property=\"og:type\" content=\"article\" \/>\n<meta property=\"og:title\" content=\"A rea\u00e7\u00e3o dos torcedores do Flamengo ao mosaico no Maracan\u00e3\" \/>\n<meta property=\"og:description\" content=\"A torcida do Flamengo protagonizou mais um momento marcante no Maracan\u00e3, na quarta-feira (22), ao exibir um mosaico nas arquibancadas antes da partida contra o Racing, pela semifinal da Libertadores. Desta vez, distinto ao que habitualmente ocorre, a arte ocupou todos os setores do est\u00e1dio. No setor Leste, frontal \u00e0 imprensa, a frase &#8220;F\u00e9 no [&hellip;]\" \/>\n<meta property=\"og:url\" content=\"https:\/\/www.gaveanews.com\/index.php\/2025\/10\/23\/a-reacao-dos-torcedores-do-flamengo-ao-mosaico-no-maracana\/\" \/>\n<meta property=\"og:site_name\" content=\"G\u00e1vea News\" \/>\n<meta property=\"article:publisher\" content=\"https:\/\/facebook.com\/gaveaNews\/\" \/>\n<meta property=\"article:published_time\" content=\"2025-10-23T14:50:00+00:00\" \/>\n<meta property=\"og:image\" content=\"https:\/\/www.gaveanews.com\/wp-content\/uploads\/Moisaco-da-torcida-do-Flamengo-no-Maracana.jpg\" \/>\n\t<meta property=\"og:image:width\" content=\"1280\" \/>\n\t<meta property=\"og:image:height\" content=\"960\" \/>\n\t<meta property=\"og:image:type\" content=\"image\/jpeg\" \/>\n<meta name=\"author\" content=\"Reda\u00e7\u00e3o\" \/>\n<meta name=\"twitter:card\" content=\"summary_large_image\" \/>\n<meta name=\"twitter:label1\" content=\"Escrito por\" \/>\n\t<meta name=\"twitter:data1\" content=\"Reda\u00e7\u00e3o\" \/>\n\t<meta name=\"twitter:label2\" content=\"Est. tempo de leitura\" \/>\n\t<meta name=\"twitter:data2\" content=\"2 minutos\" \/>\n<script type=\"application\/ld+json\" class=\"yoast-schema-graph\">{\"@context\":\"https:\/\/schema.org\",\"@graph\":[{\"@type\":\"NewsArticle\",\"@id\":\"https:\/\/www.gaveanews.com\/index.php\/2025\/10\/23\/a-reacao-dos-torcedores-do-flamengo-ao-mosaico-no-maracana\/#article\",\"isPartOf\":{\"@id\":\"https:\/\/www.gaveanews.com\/index.php\/2025\/10\/23\/a-reacao-dos-torcedores-do-flamengo-ao-mosaico-no-maracana\/\"},\"author\":{\"name\":\"Reda\u00e7\u00e3o\",\"@id\":\"https:\/\/www.gaveanews.com\/#\/schema\/person\/c88645e3d550d0b6574305e67dd5a716\"},\"headline\":\"A rea\u00e7\u00e3o dos torcedores do Flamengo ao mosaico no Maracan\u00e3\",\"datePublished\":\"2025-10-23T14:50:00+00:00\",\"mainEntityOfPage\":{\"@id\":\"https:\/\/www.gaveanews.com\/index.php\/2025\/10\/23\/a-reacao-dos-torcedores-do-flamengo-ao-mosaico-no-maracana\/\"},\"wordCount\":341,\"commentCount\":0,\"image\":{\"@id\":\"https:\/\/www.gaveanews.com\/index.php\/2025\/10\/23\/a-reacao-dos-torcedores-do-flamengo-ao-mosaico-no-maracana\/#primaryimage\"},\"thumbnailUrl\":\"https:\/\/www.gaveanews.com\/wp-content\/uploads\/Moisaco-da-torcida-do-Flamengo-no-Maracana.jpg\",\"articleSection\":[\"Flamengo\"],\"inLanguage\":\"pt-BR\",\"potentialAction\":[{\"@type\":\"CommentAction\",\"name\":\"Comment\",\"target\":[\"https:\/\/www.gaveanews.com\/index.php\/2025\/10\/23\/a-reacao-dos-torcedores-do-flamengo-ao-mosaico-no-maracana\/#respond\"]}],\"copyrightYear\":\"2025\",\"copyrightHolder\":{\"@id\":\"https:\/\/www.gaveanews.com\/#organization\"}},{\"@type\":\"WebPage\",\"@id\":\"https:\/\/www.gaveanews.com\/index.php\/2025\/10\/23\/a-reacao-dos-torcedores-do-flamengo-ao-mosaico-no-maracana\/\",\"url\":\"https:\/\/www.gaveanews.com\/index.php\/2025\/10\/23\/a-reacao-dos-torcedores-do-flamengo-ao-mosaico-no-maracana\/\",\"name\":\"A rea\u00e7\u00e3o dos torcedores do Flamengo ao mosaico no Maracan\u00e3\",\"isPartOf\":{\"@id\":\"https:\/\/www.gaveanews.com\/#website\"},\"primaryImageOfPage\":{\"@id\":\"https:\/\/www.gaveanews.com\/index.php\/2025\/10\/23\/a-reacao-dos-torcedores-do-flamengo-ao-mosaico-no-maracana\/#primaryimage\"},\"image\":{\"@id\":\"https:\/\/www.gaveanews.com\/index.php\/2025\/10\/23\/a-reacao-dos-torcedores-do-flamengo-ao-mosaico-no-maracana\/#primaryimage\"},\"thumbnailUrl\":\"https:\/\/www.gaveanews.com\/wp-content\/uploads\/Moisaco-da-torcida-do-Flamengo-no-Maracana.jpg\",\"datePublished\":\"2025-10-23T14:50:00+00:00\",\"author\":{\"@id\":\"https:\/\/www.gaveanews.com\/#\/schema\/person\/c88645e3d550d0b6574305e67dd5a716\"},\"breadcrumb\":{\"@id\":\"https:\/\/www.gaveanews.com\/index.php\/2025\/10\/23\/a-reacao-dos-torcedores-do-flamengo-ao-mosaico-no-maracana\/#breadcrumb\"},\"inLanguage\":\"pt-BR\",\"potentialAction\":[{\"@type\":\"ReadAction\",\"target\":[\"https:\/\/www.gaveanews.com\/index.php\/2025\/10\/23\/a-reacao-dos-torcedores-do-flamengo-ao-mosaico-no-maracana\/\"]}]},{\"@type\":\"ImageObject\",\"inLanguage\":\"pt-BR\",\"@id\":\"https:\/\/www.gaveanews.com\/index.php\/2025\/10\/23\/a-reacao-dos-torcedores-do-flamengo-ao-mosaico-no-maracana\/#primaryimage\",\"url\":\"https:\/\/www.gaveanews.com\/wp-content\/uploads\/Moisaco-da-torcida-do-Flamengo-no-Maracana.jpg\",\"contentUrl\":\"https:\/\/www.gaveanews.com\/wp-content\/uploads\/Moisaco-da-torcida-do-Flamengo-no-Maracana.jpg\",\"width\":1280,\"height\":960,\"caption\":\"Moisaco da torcida do Flamengo no Maracan\u00e3 (Foto: Adriano Fontes\/CRF)\"},{\"@type\":\"BreadcrumbList\",\"@id\":\"https:\/\/www.gaveanews.com\/index.php\/2025\/10\/23\/a-reacao-dos-torcedores-do-flamengo-ao-mosaico-no-maracana\/#breadcrumb\",\"itemListElement\":[{\"@type\":\"ListItem\",\"position\":1,\"name\":\"Home\",\"item\":\"https:\/\/www.gaveanews.com\/\"},{\"@type\":\"ListItem\",\"position\":2,\"name\":\"A rea\u00e7\u00e3o dos torcedores do Flamengo ao mosaico no Maracan\u00e3\"}]},{\"@type\":\"WebSite\",\"@id\":\"https:\/\/www.gaveanews.com\/#website\",\"url\":\"https:\/\/www.gaveanews.com\/\",\"name\":\"G\u00e1vea News\",\"description\":\"Veja todas as not\u00edcias sobre o Flamengo: Contrata\u00e7\u00f5es, categorias de base, resultados das partidas, tabela de classifica\u00e7\u00e3o, pr\u00f3ximos jogos!\",\"potentialAction\":[{\"@type\":\"SearchAction\",\"target\":{\"@type\":\"EntryPoint\",\"urlTemplate\":\"https:\/\/www.gaveanews.com\/?s={search_term_string}\"},\"query-input\":{\"@type\":\"PropertyValueSpecification\",\"valueRequired\":true,\"valueName\":\"search_term_string\"}}],\"inLanguage\":\"pt-BR\"},{\"@type\":\"Person\",\"@id\":\"https:\/\/www.gaveanews.com\/#\/schema\/person\/c88645e3d550d0b6574305e67dd5a716\",\"name\":\"Reda\u00e7\u00e3o\",\"image\":{\"@type\":\"ImageObject\",\"inLanguage\":\"pt-BR\",\"@id\":\"https:\/\/www.gaveanews.com\/#\/schema\/person\/image\/\",\"url\":\"https:\/\/secure.gravatar.com\/avatar\/434098fd823f0dc1b062d14ca22bacaa6e38de28d8c816bbef6fc2f8c44d8ba3?s=96&d=mm&r=g\",\"contentUrl\":\"https:\/\/secure.gravatar.com\/avatar\/434098fd823f0dc1b062d14ca22bacaa6e38de28d8c816bbef6fc2f8c44d8ba3?s=96&d=mm&r=g\",\"caption\":\"Reda\u00e7\u00e3o\"}}]}<\/script>\n<!-- \/ Yoast SEO Premium plugin. -->","yoast_head_json":{"title":"A rea\u00e7\u00e3o dos torcedores do Flamengo ao mosaico no Maracan\u00e3","robots":{"index":"index","follow":"follow","max-snippet":"max-snippet:-1","max-image-preview":"max-image-preview:large","max-video-preview":"max-video-preview:-1"},"canonical":"https:\/\/www.gaveanews.com\/index.php\/2025\/10\/23\/a-reacao-dos-torcedores-do-flamengo-ao-mosaico-no-maracana\/","og_locale":"pt_BR","og_type":"article","og_title":"A rea\u00e7\u00e3o dos torcedores do Flamengo ao mosaico no Maracan\u00e3","og_description":"A torcida do Flamengo protagonizou mais um momento marcante no Maracan\u00e3, na quarta-feira (22), ao exibir um mosaico nas arquibancadas antes da partida contra o Racing, pela semifinal da Libertadores. Desta vez, distinto ao que habitualmente ocorre, a arte ocupou todos os setores do est\u00e1dio. No setor Leste, frontal \u00e0 imprensa, a frase &#8220;F\u00e9 no [&hellip;]","og_url":"https:\/\/www.gaveanews.com\/index.php\/2025\/10\/23\/a-reacao-dos-torcedores-do-flamengo-ao-mosaico-no-maracana\/","og_site_name":"G\u00e1vea News","article_publisher":"https:\/\/facebook.com\/gaveaNews\/","article_published_time":"2025-10-23T14:50:00+00:00","og_image":[{"width":1280,"height":960,"url":"https:\/\/www.gaveanews.com\/wp-content\/uploads\/Moisaco-da-torcida-do-Flamengo-no-Maracana.jpg","type":"image\/jpeg"}],"author":"Reda\u00e7\u00e3o","twitter_card":"summary_large_image","twitter_misc":{"Escrito por":"Reda\u00e7\u00e3o","Est. tempo de leitura":"2 minutos"},"schema":{"@context":"https:\/\/schema.org","@graph":[{"@type":"NewsArticle","@id":"https:\/\/www.gaveanews.com\/index.php\/2025\/10\/23\/a-reacao-dos-torcedores-do-flamengo-ao-mosaico-no-maracana\/#article","isPartOf":{"@id":"https:\/\/www.gaveanews.com\/index.php\/2025\/10\/23\/a-reacao-dos-torcedores-do-flamengo-ao-mosaico-no-maracana\/"},"author":{"name":"Reda\u00e7\u00e3o","@id":"https:\/\/www.gaveanews.com\/#\/schema\/person\/c88645e3d550d0b6574305e67dd5a716"},"headline":"A rea\u00e7\u00e3o dos torcedores do Flamengo ao mosaico no Maracan\u00e3","datePublished":"2025-10-23T14:50:00+00:00","mainEntityOfPage":{"@id":"https:\/\/www.gaveanews.com\/index.php\/2025\/10\/23\/a-reacao-dos-torcedores-do-flamengo-ao-mosaico-no-maracana\/"},"wordCount":341,"commentCount":0,"image":{"@id":"https:\/\/www.gaveanews.com\/index.php\/2025\/10\/23\/a-reacao-dos-torcedores-do-flamengo-ao-mosaico-no-maracana\/#primaryimage"},"thumbnailUrl":"https:\/\/www.gaveanews.com\/wp-content\/uploads\/Moisaco-da-torcida-do-Flamengo-no-Maracana.jpg","articleSection":["Flamengo"],"inLanguage":"pt-BR","potentialAction":[{"@type":"CommentAction","name":"Comment","target":["https:\/\/www.gaveanews.com\/index.php\/2025\/10\/23\/a-reacao-dos-torcedores-do-flamengo-ao-mosaico-no-maracana\/#respond"]}],"copyrightYear":"2025","copyrightHolder":{"@id":"https:\/\/www.gaveanews.com\/#organization"}},{"@type":"WebPage","@id":"https:\/\/www.gaveanews.com\/index.php\/2025\/10\/23\/a-reacao-dos-torcedores-do-flamengo-ao-mosaico-no-maracana\/","url":"https:\/\/www.gaveanews.com\/index.php\/2025\/10\/23\/a-reacao-dos-torcedores-do-flamengo-ao-mosaico-no-maracana\/","name":"A rea\u00e7\u00e3o dos torcedores do Flamengo ao mosaico no Maracan\u00e3","isPartOf":{"@id":"https:\/\/www.gaveanews.com\/#website"},"primaryImageOfPage":{"@id":"https:\/\/www.gaveanews.com\/index.php\/2025\/10\/23\/a-reacao-dos-torcedores-do-flamengo-ao-mosaico-no-maracana\/#primaryimage"},"image":{"@id":"https:\/\/www.gaveanews.com\/index.php\/2025\/10\/23\/a-reacao-dos-torcedores-do-flamengo-ao-mosaico-no-maracana\/#primaryimage"},"thumbnailUrl":"https:\/\/www.gaveanews.com\/wp-content\/uploads\/Moisaco-da-torcida-do-Flamengo-no-Maracana.jpg","datePublished":"2025-10-23T14:50:00+00:00","author":{"@id":"https:\/\/www.gaveanews.com\/#\/schema\/person\/c88645e3d550d0b6574305e67dd5a716"},"breadcrumb":{"@id":"https:\/\/www.gaveanews.com\/index.php\/2025\/10\/23\/a-reacao-dos-torcedores-do-flamengo-ao-mosaico-no-maracana\/#breadcrumb"},"inLanguage":"pt-BR","potentialAction":[{"@type":"ReadAction","target":["https:\/\/www.gaveanews.com\/index.php\/2025\/10\/23\/a-reacao-dos-torcedores-do-flamengo-ao-mosaico-no-maracana\/"]}]},{"@type":"ImageObject","inLanguage":"pt-BR","@id":"https:\/\/www.gaveanews.com\/index.php\/2025\/10\/23\/a-reacao-dos-torcedores-do-flamengo-ao-mosaico-no-maracana\/#primaryimage","url":"https:\/\/www.gaveanews.com\/wp-content\/uploads\/Moisaco-da-torcida-do-Flamengo-no-Maracana.jpg","contentUrl":"https:\/\/www.gaveanews.com\/wp-content\/uploads\/Moisaco-da-torcida-do-Flamengo-no-Maracana.jpg","width":1280,"height":960,"caption":"Moisaco da torcida do Flamengo no Maracan\u00e3 (Foto: Adriano Fontes\/CRF)"},{"@type":"BreadcrumbList","@id":"https:\/\/www.gaveanews.com\/index.php\/2025\/10\/23\/a-reacao-dos-torcedores-do-flamengo-ao-mosaico-no-maracana\/#breadcrumb","itemListElement":[{"@type":"ListItem","position":1,"name":"Home","item":"https:\/\/www.gaveanews.com\/"},{"@type":"ListItem","position":2,"name":"A rea\u00e7\u00e3o dos torcedores do Flamengo ao mosaico no Maracan\u00e3"}]},{"@type":"WebSite","@id":"https:\/\/www.gaveanews.com\/#website","url":"https:\/\/www.gaveanews.com\/","name":"G\u00e1vea News","description":"Veja todas as not\u00edcias sobre o Flamengo: Contrata\u00e7\u00f5es, categorias de base, resultados das partidas, tabela de classifica\u00e7\u00e3o, pr\u00f3ximos jogos!","potentialAction":[{"@type":"SearchAction","target":{"@type":"EntryPoint","urlTemplate":"https:\/\/www.gaveanews.com\/?s={search_term_string}"},"query-input":{"@type":"PropertyValueSpecification","valueRequired":true,"valueName":"search_term_string"}}],"inLanguage":"pt-BR"},{"@type":"Person","@id":"https:\/\/www.gaveanews.com\/#\/schema\/person\/c88645e3d550d0b6574305e67dd5a716","name":"Reda\u00e7\u00e3o","image":{"@type":"ImageObject","inLanguage":"pt-BR","@id":"https:\/\/www.gaveanews.com\/#\/schema\/person\/image\/","url":"https:\/\/secure.gravatar.com\/avatar\/434098fd823f0dc1b062d14ca22bacaa6e38de28d8c816bbef6fc2f8c44d8ba3?s=96&d=mm&r=g","contentUrl":"https:\/\/secure.gravatar.com\/avatar\/434098fd823f0dc1b062d14ca22bacaa6e38de28d8c816bbef6fc2f8c44d8ba3?s=96&d=mm&r=g","caption":"Reda\u00e7\u00e3o"}}]}},"_links":{"self":[{"href":"https:\/\/www.gaveanews.com\/index.php\/wp-json\/wp\/v2\/posts\/279116","targetHints":{"allow":["GET"]}}],"collection":[{"href":"https:\/\/www.gaveanews.com\/index.php\/wp-json\/wp\/v2\/posts"}],"about":[{"href":"https:\/\/www.gaveanews.com\/index.php\/wp-json\/wp\/v2\/types\/post"}],"author":[{"embeddable":true,"href":"https:\/\/www.gaveanews.com\/index.php\/wp-json\/wp\/v2\/users\/39"}],"replies":[{"embeddable":true,"href":"https:\/\/www.gaveanews.com\/index.php\/wp-json\/wp\/v2\/comments?post=279116"}],"version-history":[{"count":1,"href":"https:\/\/www.gaveanews.com\/index.php\/wp-json\/wp\/v2\/posts\/279116\/revisions"}],"predecessor-version":[{"id":279147,"href":"https:\/\/www.gaveanews.com\/index.php\/wp-json\/wp\/v2\/posts\/279116\/revisions\/279147"}],"wp:featuredmedia":[{"embeddable":true,"href":"https:\/\/www.gaveanews.com\/index.php\/wp-json\/wp\/v2\/media\/279146"}],"wp:attachment":[{"href":"https:\/\/www.gaveanews.com\/index.php\/wp-json\/wp\/v2\/media?parent=279116"}],"wp:term":[{"taxonomy":"category","embeddable":true,"href":"https:\/\/www.gaveanews.com\/index.php\/wp-json\/wp\/v2\/categories?post=279116"},{"taxonomy":"post_tag","embeddable":true,"href":"https:\/\/www.gaveanews.com\/index.php\/wp-json\/wp\/v2\/tags?post=279116"}],"curies":[{"name":"wp","href":"https:\/\/api.w.org\/{rel}","templated":true}]}}