{"id":279124,"date":"2025-10-23T17:15:00","date_gmt":"2025-10-23T20:15:00","guid":{"rendered":"https:\/\/www.gaveanews.com\/?p=279124"},"modified":"2025-10-23T16:41:35","modified_gmt":"2025-10-23T19:41:35","slug":"e-o-flamengo-tecnico-do-racing-afirma-que-time-vai-se-classificar-para-a-final-da-libertadores","status":"publish","type":"post","link":"https:\/\/www.gaveanews.com\/index.php\/2025\/10\/23\/e-o-flamengo-tecnico-do-racing-afirma-que-time-vai-se-classificar-para-a-final-da-libertadores\/","title":{"rendered":"E o Flamengo? T\u00e9cnico do Racing afirma que time vai se classificar para a final da Libertadores"},"content":{"rendered":"\n<p>O <a href=\"https:\/\/www.gaveanews.com\/index.php\/category\/brasileirao\/flamengo\/\" target=\"_blank\" rel=\"noopener noreferrer\">Flamengo<\/a> venceu o Racing por 1 a 0, no Maracan\u00e3, no jogo de ida da semifinal da Libertadores. Mesmo com o rev\u00e9s, o t\u00e9cnico Gustavo Costas manteve confian\u00e7a na classifica\u00e7\u00e3o, principalmente por disputar a vaga em casa.<\/p>\n\n\n\n<p>A partida de volta ser\u00e1 em Avellaneda, na quarta-feira (29 de outubro), \u00e0s 21h30 (hor\u00e1rio de Bras\u00edlia), no Est\u00e1dio Presidente Per\u00f3n. O Racing precisa vencer por dois gols; por um, leva aos p\u00eanaltis. Um empate classifica o Flamengo.<\/p>\n\n\n\n<p>Na entrevista coletiva, Costas disse que o confronto segue aberto e agradeceu aos torcedores que foram ao Maracan\u00e3.<\/p>\n\n\n\n<p>\u201c(A vaga na final) Est\u00e1 aberta. Agradecer \u00e0 torcida por todo o apoio que deu a este plantel, por ter vindo (ao Maracan\u00e3), por ter enchido sua parte. E que temos que estar mais juntos do que nunca, porque estamos mais vivos do que nunca. Sabemos que em casa vamos jogar o sonho de poder ir a Lima. Poder n\u00e3o, n\u00f3s vamos para Lima\u201d.<\/p>\n\n\n\n<p>O treinador afirmou orgulho pelo desempenho da equipe, que, segundo ele, competiu em igualdade apesar das dificuldades f\u00edsicas.<\/p>\n\n\n\n<p>\u201cEstou orgulhoso do nosso elenco. Viemos com muitos problemas, com les\u00e3o, jogadores que n\u00e3o estavam 100%, que sabiam que iam jogar s\u00f3 60 minutos. Estou orgulhoso porque jogamos de igual para igual. Eles t\u00eam mais poder, muitas coisas a mais que n\u00f3s. Temos que agradecer a todos pelo apoio, precisamos estar mais juntos que nunca. Em casa vamos jogar em busca do sonho\u201d.<\/p>\n\n\n\n<p>Costas tamb\u00e9m exaltou a for\u00e7a do Flamengo e a atmosfera do Maracan\u00e3, mas disse que o Racing seguir\u00e1 competitivo em Avellaneda.<\/p>\n\n\n\n<p>\u201c\u00c9 uma sele\u00e7\u00e3o. \u00c9 como se estiv\u00e9ssemos jogando contra uma equipe europeia. Sabemos que eles s\u00e3o mais fortes, estavam com 75 mil pessoas (nas arquibancadas). O pr\u00f3ximo jogo \u00e9 na nossa casa, com nossa gente. Foi uma partida dif\u00edcil, com jogadores de muita classe, um grande t\u00e9cnico. Mas temos que buscar. Nossos jogadores sabem que ainda faltam 90, 95 minutos. Vamos competir com isso\u201d.<\/p>\n\n\n\n<p>O \u00fanico gol do jogo foi marcado por Carrascal, aos 43 minutos do segundo tempo. O Racing chegou a balan\u00e7ar as redes, com Sosa, mas o tento foi anulado por falta &#8211; cotovelada em Carrascal. As equipes voltam a se enfrentar no dia 29 de outubro, e o vencedor vai enfrentar o ganhador do duelo entre Palmeiras e LDU.<\/p>\n","protected":false},"excerpt":{"rendered":"<p>O Flamengo venceu o Racing por 1 a 0, no Maracan\u00e3, no jogo de ida da semifinal da Libertadores. Mesmo com o rev\u00e9s, o t\u00e9cnico Gustavo Costas manteve confian\u00e7a na classifica\u00e7\u00e3o, principalmente por disputar a vaga em casa. A partida de volta ser\u00e1 em Avellaneda, na quarta-feira (29 de outubro), \u00e0s 21h30 (hor\u00e1rio de Bras\u00edlia), [&hellip;]<\/p>\n","protected":false},"author":39,"featured_media":278783,"comment_status":"open","ping_status":"closed","sticky":false,"template":"","format":"standard","meta":{"footnotes":""},"categories":[1],"tags":[],"class_list":["post-279124","post","type-post","status-publish","format-standard","has-post-thumbnail","hentry","category-flamengo"],"yoast_head":"<!-- This site is optimized with the Yoast SEO Premium plugin v24.2 (Yoast SEO v26.9) - https:\/\/yoast.com\/product\/yoast-seo-premium-wordpress\/ -->\n<title>E o Flamengo? T\u00e9cnico do Racing afirma que time vai se classificar para a final da Libertadores<\/title>\n<meta name=\"robots\" content=\"index, follow, max-snippet:-1, max-image-preview:large, max-video-preview:-1\" \/>\n<link rel=\"canonical\" href=\"https:\/\/www.gaveanews.com\/index.php\/2025\/10\/23\/e-o-flamengo-tecnico-do-racing-afirma-que-time-vai-se-classificar-para-a-final-da-libertadores\/\" \/>\n<meta property=\"og:locale\" content=\"pt_BR\" \/>\n<meta property=\"og:type\" content=\"article\" \/>\n<meta property=\"og:title\" content=\"E o Flamengo? T\u00e9cnico do Racing afirma que time vai se classificar para a final da Libertadores\" \/>\n<meta property=\"og:description\" content=\"O Flamengo venceu o Racing por 1 a 0, no Maracan\u00e3, no jogo de ida da semifinal da Libertadores. Mesmo com o rev\u00e9s, o t\u00e9cnico Gustavo Costas manteve confian\u00e7a na classifica\u00e7\u00e3o, principalmente por disputar a vaga em casa. A partida de volta ser\u00e1 em Avellaneda, na quarta-feira (29 de outubro), \u00e0s 21h30 (hor\u00e1rio de Bras\u00edlia), [&hellip;]\" \/>\n<meta property=\"og:url\" content=\"https:\/\/www.gaveanews.com\/index.php\/2025\/10\/23\/e-o-flamengo-tecnico-do-racing-afirma-que-time-vai-se-classificar-para-a-final-da-libertadores\/\" \/>\n<meta property=\"og:site_name\" content=\"G\u00e1vea News\" \/>\n<meta property=\"article:publisher\" content=\"https:\/\/facebook.com\/gaveaNews\/\" \/>\n<meta property=\"article:published_time\" content=\"2025-10-23T20:15:00+00:00\" \/>\n<meta property=\"og:image\" content=\"https:\/\/www.gaveanews.com\/wp-content\/uploads\/Gustavo-Costas-tecnico-do-Racing.png\" \/>\n\t<meta property=\"og:image:width\" content=\"1200\" \/>\n\t<meta property=\"og:image:height\" content=\"900\" \/>\n\t<meta property=\"og:image:type\" content=\"image\/png\" \/>\n<meta name=\"author\" content=\"Reda\u00e7\u00e3o\" \/>\n<meta name=\"twitter:card\" content=\"summary_large_image\" \/>\n<meta name=\"twitter:label1\" content=\"Escrito por\" \/>\n\t<meta name=\"twitter:data1\" content=\"Reda\u00e7\u00e3o\" \/>\n\t<meta name=\"twitter:label2\" content=\"Est. tempo de leitura\" \/>\n\t<meta name=\"twitter:data2\" content=\"3 minutos\" \/>\n<script type=\"application\/ld+json\" class=\"yoast-schema-graph\">{\"@context\":\"https:\/\/schema.org\",\"@graph\":[{\"@type\":\"NewsArticle\",\"@id\":\"https:\/\/www.gaveanews.com\/index.php\/2025\/10\/23\/e-o-flamengo-tecnico-do-racing-afirma-que-time-vai-se-classificar-para-a-final-da-libertadores\/#article\",\"isPartOf\":{\"@id\":\"https:\/\/www.gaveanews.com\/index.php\/2025\/10\/23\/e-o-flamengo-tecnico-do-racing-afirma-que-time-vai-se-classificar-para-a-final-da-libertadores\/\"},\"author\":{\"name\":\"Reda\u00e7\u00e3o\",\"@id\":\"https:\/\/www.gaveanews.com\/#\/schema\/person\/c88645e3d550d0b6574305e67dd5a716\"},\"headline\":\"E o Flamengo? T\u00e9cnico do Racing afirma que time vai se classificar para a final da Libertadores\",\"datePublished\":\"2025-10-23T20:15:00+00:00\",\"mainEntityOfPage\":{\"@id\":\"https:\/\/www.gaveanews.com\/index.php\/2025\/10\/23\/e-o-flamengo-tecnico-do-racing-afirma-que-time-vai-se-classificar-para-a-final-da-libertadores\/\"},\"wordCount\":412,\"commentCount\":0,\"image\":{\"@id\":\"https:\/\/www.gaveanews.com\/index.php\/2025\/10\/23\/e-o-flamengo-tecnico-do-racing-afirma-que-time-vai-se-classificar-para-a-final-da-libertadores\/#primaryimage\"},\"thumbnailUrl\":\"https:\/\/www.gaveanews.com\/wp-content\/uploads\/Gustavo-Costas-tecnico-do-Racing.png\",\"articleSection\":[\"Flamengo\"],\"inLanguage\":\"pt-BR\",\"potentialAction\":[{\"@type\":\"CommentAction\",\"name\":\"Comment\",\"target\":[\"https:\/\/www.gaveanews.com\/index.php\/2025\/10\/23\/e-o-flamengo-tecnico-do-racing-afirma-que-time-vai-se-classificar-para-a-final-da-libertadores\/#respond\"]}],\"copyrightYear\":\"2025\",\"copyrightHolder\":{\"@id\":\"https:\/\/www.gaveanews.com\/#organization\"}},{\"@type\":\"WebPage\",\"@id\":\"https:\/\/www.gaveanews.com\/index.php\/2025\/10\/23\/e-o-flamengo-tecnico-do-racing-afirma-que-time-vai-se-classificar-para-a-final-da-libertadores\/\",\"url\":\"https:\/\/www.gaveanews.com\/index.php\/2025\/10\/23\/e-o-flamengo-tecnico-do-racing-afirma-que-time-vai-se-classificar-para-a-final-da-libertadores\/\",\"name\":\"E o Flamengo? T\u00e9cnico do Racing afirma que time vai se classificar para a final da Libertadores\",\"isPartOf\":{\"@id\":\"https:\/\/www.gaveanews.com\/#website\"},\"primaryImageOfPage\":{\"@id\":\"https:\/\/www.gaveanews.com\/index.php\/2025\/10\/23\/e-o-flamengo-tecnico-do-racing-afirma-que-time-vai-se-classificar-para-a-final-da-libertadores\/#primaryimage\"},\"image\":{\"@id\":\"https:\/\/www.gaveanews.com\/index.php\/2025\/10\/23\/e-o-flamengo-tecnico-do-racing-afirma-que-time-vai-se-classificar-para-a-final-da-libertadores\/#primaryimage\"},\"thumbnailUrl\":\"https:\/\/www.gaveanews.com\/wp-content\/uploads\/Gustavo-Costas-tecnico-do-Racing.png\",\"datePublished\":\"2025-10-23T20:15:00+00:00\",\"author\":{\"@id\":\"https:\/\/www.gaveanews.com\/#\/schema\/person\/c88645e3d550d0b6574305e67dd5a716\"},\"breadcrumb\":{\"@id\":\"https:\/\/www.gaveanews.com\/index.php\/2025\/10\/23\/e-o-flamengo-tecnico-do-racing-afirma-que-time-vai-se-classificar-para-a-final-da-libertadores\/#breadcrumb\"},\"inLanguage\":\"pt-BR\",\"potentialAction\":[{\"@type\":\"ReadAction\",\"target\":[\"https:\/\/www.gaveanews.com\/index.php\/2025\/10\/23\/e-o-flamengo-tecnico-do-racing-afirma-que-time-vai-se-classificar-para-a-final-da-libertadores\/\"]}]},{\"@type\":\"ImageObject\",\"inLanguage\":\"pt-BR\",\"@id\":\"https:\/\/www.gaveanews.com\/index.php\/2025\/10\/23\/e-o-flamengo-tecnico-do-racing-afirma-que-time-vai-se-classificar-para-a-final-da-libertadores\/#primaryimage\",\"url\":\"https:\/\/www.gaveanews.com\/wp-content\/uploads\/Gustavo-Costas-tecnico-do-Racing.png\",\"contentUrl\":\"https:\/\/www.gaveanews.com\/wp-content\/uploads\/Gustavo-Costas-tecnico-do-Racing.png\",\"width\":1200,\"height\":900,\"caption\":\"Gustavo Costas, t\u00e9cnico do Racing (Foto: Reprodu\u00e7\u00e3o\/Instagram Racing)\"},{\"@type\":\"BreadcrumbList\",\"@id\":\"https:\/\/www.gaveanews.com\/index.php\/2025\/10\/23\/e-o-flamengo-tecnico-do-racing-afirma-que-time-vai-se-classificar-para-a-final-da-libertadores\/#breadcrumb\",\"itemListElement\":[{\"@type\":\"ListItem\",\"position\":1,\"name\":\"Home\",\"item\":\"https:\/\/www.gaveanews.com\/\"},{\"@type\":\"ListItem\",\"position\":2,\"name\":\"E o Flamengo? T\u00e9cnico do Racing afirma que time vai se classificar para a final da Libertadores\"}]},{\"@type\":\"WebSite\",\"@id\":\"https:\/\/www.gaveanews.com\/#website\",\"url\":\"https:\/\/www.gaveanews.com\/\",\"name\":\"G\u00e1vea News\",\"description\":\"Veja todas as not\u00edcias sobre o Flamengo: Contrata\u00e7\u00f5es, categorias de base, resultados das partidas, tabela de classifica\u00e7\u00e3o, pr\u00f3ximos jogos!\",\"potentialAction\":[{\"@type\":\"SearchAction\",\"target\":{\"@type\":\"EntryPoint\",\"urlTemplate\":\"https:\/\/www.gaveanews.com\/?s={search_term_string}\"},\"query-input\":{\"@type\":\"PropertyValueSpecification\",\"valueRequired\":true,\"valueName\":\"search_term_string\"}}],\"inLanguage\":\"pt-BR\"},{\"@type\":\"Person\",\"@id\":\"https:\/\/www.gaveanews.com\/#\/schema\/person\/c88645e3d550d0b6574305e67dd5a716\",\"name\":\"Reda\u00e7\u00e3o\",\"image\":{\"@type\":\"ImageObject\",\"inLanguage\":\"pt-BR\",\"@id\":\"https:\/\/www.gaveanews.com\/#\/schema\/person\/image\/\",\"url\":\"https:\/\/secure.gravatar.com\/avatar\/434098fd823f0dc1b062d14ca22bacaa6e38de28d8c816bbef6fc2f8c44d8ba3?s=96&d=mm&r=g\",\"contentUrl\":\"https:\/\/secure.gravatar.com\/avatar\/434098fd823f0dc1b062d14ca22bacaa6e38de28d8c816bbef6fc2f8c44d8ba3?s=96&d=mm&r=g\",\"caption\":\"Reda\u00e7\u00e3o\"}}]}<\/script>\n<!-- \/ Yoast SEO Premium plugin. -->","yoast_head_json":{"title":"E o Flamengo? T\u00e9cnico do Racing afirma que time vai se classificar para a final da Libertadores","robots":{"index":"index","follow":"follow","max-snippet":"max-snippet:-1","max-image-preview":"max-image-preview:large","max-video-preview":"max-video-preview:-1"},"canonical":"https:\/\/www.gaveanews.com\/index.php\/2025\/10\/23\/e-o-flamengo-tecnico-do-racing-afirma-que-time-vai-se-classificar-para-a-final-da-libertadores\/","og_locale":"pt_BR","og_type":"article","og_title":"E o Flamengo? T\u00e9cnico do Racing afirma que time vai se classificar para a final da Libertadores","og_description":"O Flamengo venceu o Racing por 1 a 0, no Maracan\u00e3, no jogo de ida da semifinal da Libertadores. Mesmo com o rev\u00e9s, o t\u00e9cnico Gustavo Costas manteve confian\u00e7a na classifica\u00e7\u00e3o, principalmente por disputar a vaga em casa. A partida de volta ser\u00e1 em Avellaneda, na quarta-feira (29 de outubro), \u00e0s 21h30 (hor\u00e1rio de Bras\u00edlia), [&hellip;]","og_url":"https:\/\/www.gaveanews.com\/index.php\/2025\/10\/23\/e-o-flamengo-tecnico-do-racing-afirma-que-time-vai-se-classificar-para-a-final-da-libertadores\/","og_site_name":"G\u00e1vea News","article_publisher":"https:\/\/facebook.com\/gaveaNews\/","article_published_time":"2025-10-23T20:15:00+00:00","og_image":[{"width":1200,"height":900,"url":"https:\/\/www.gaveanews.com\/wp-content\/uploads\/Gustavo-Costas-tecnico-do-Racing.png","type":"image\/png"}],"author":"Reda\u00e7\u00e3o","twitter_card":"summary_large_image","twitter_misc":{"Escrito por":"Reda\u00e7\u00e3o","Est. tempo de leitura":"3 minutos"},"schema":{"@context":"https:\/\/schema.org","@graph":[{"@type":"NewsArticle","@id":"https:\/\/www.gaveanews.com\/index.php\/2025\/10\/23\/e-o-flamengo-tecnico-do-racing-afirma-que-time-vai-se-classificar-para-a-final-da-libertadores\/#article","isPartOf":{"@id":"https:\/\/www.gaveanews.com\/index.php\/2025\/10\/23\/e-o-flamengo-tecnico-do-racing-afirma-que-time-vai-se-classificar-para-a-final-da-libertadores\/"},"author":{"name":"Reda\u00e7\u00e3o","@id":"https:\/\/www.gaveanews.com\/#\/schema\/person\/c88645e3d550d0b6574305e67dd5a716"},"headline":"E o Flamengo? T\u00e9cnico do Racing afirma que time vai se classificar para a final da Libertadores","datePublished":"2025-10-23T20:15:00+00:00","mainEntityOfPage":{"@id":"https:\/\/www.gaveanews.com\/index.php\/2025\/10\/23\/e-o-flamengo-tecnico-do-racing-afirma-que-time-vai-se-classificar-para-a-final-da-libertadores\/"},"wordCount":412,"commentCount":0,"image":{"@id":"https:\/\/www.gaveanews.com\/index.php\/2025\/10\/23\/e-o-flamengo-tecnico-do-racing-afirma-que-time-vai-se-classificar-para-a-final-da-libertadores\/#primaryimage"},"thumbnailUrl":"https:\/\/www.gaveanews.com\/wp-content\/uploads\/Gustavo-Costas-tecnico-do-Racing.png","articleSection":["Flamengo"],"inLanguage":"pt-BR","potentialAction":[{"@type":"CommentAction","name":"Comment","target":["https:\/\/www.gaveanews.com\/index.php\/2025\/10\/23\/e-o-flamengo-tecnico-do-racing-afirma-que-time-vai-se-classificar-para-a-final-da-libertadores\/#respond"]}],"copyrightYear":"2025","copyrightHolder":{"@id":"https:\/\/www.gaveanews.com\/#organization"}},{"@type":"WebPage","@id":"https:\/\/www.gaveanews.com\/index.php\/2025\/10\/23\/e-o-flamengo-tecnico-do-racing-afirma-que-time-vai-se-classificar-para-a-final-da-libertadores\/","url":"https:\/\/www.gaveanews.com\/index.php\/2025\/10\/23\/e-o-flamengo-tecnico-do-racing-afirma-que-time-vai-se-classificar-para-a-final-da-libertadores\/","name":"E o Flamengo? T\u00e9cnico do Racing afirma que time vai se classificar para a final da Libertadores","isPartOf":{"@id":"https:\/\/www.gaveanews.com\/#website"},"primaryImageOfPage":{"@id":"https:\/\/www.gaveanews.com\/index.php\/2025\/10\/23\/e-o-flamengo-tecnico-do-racing-afirma-que-time-vai-se-classificar-para-a-final-da-libertadores\/#primaryimage"},"image":{"@id":"https:\/\/www.gaveanews.com\/index.php\/2025\/10\/23\/e-o-flamengo-tecnico-do-racing-afirma-que-time-vai-se-classificar-para-a-final-da-libertadores\/#primaryimage"},"thumbnailUrl":"https:\/\/www.gaveanews.com\/wp-content\/uploads\/Gustavo-Costas-tecnico-do-Racing.png","datePublished":"2025-10-23T20:15:00+00:00","author":{"@id":"https:\/\/www.gaveanews.com\/#\/schema\/person\/c88645e3d550d0b6574305e67dd5a716"},"breadcrumb":{"@id":"https:\/\/www.gaveanews.com\/index.php\/2025\/10\/23\/e-o-flamengo-tecnico-do-racing-afirma-que-time-vai-se-classificar-para-a-final-da-libertadores\/#breadcrumb"},"inLanguage":"pt-BR","potentialAction":[{"@type":"ReadAction","target":["https:\/\/www.gaveanews.com\/index.php\/2025\/10\/23\/e-o-flamengo-tecnico-do-racing-afirma-que-time-vai-se-classificar-para-a-final-da-libertadores\/"]}]},{"@type":"ImageObject","inLanguage":"pt-BR","@id":"https:\/\/www.gaveanews.com\/index.php\/2025\/10\/23\/e-o-flamengo-tecnico-do-racing-afirma-que-time-vai-se-classificar-para-a-final-da-libertadores\/#primaryimage","url":"https:\/\/www.gaveanews.com\/wp-content\/uploads\/Gustavo-Costas-tecnico-do-Racing.png","contentUrl":"https:\/\/www.gaveanews.com\/wp-content\/uploads\/Gustavo-Costas-tecnico-do-Racing.png","width":1200,"height":900,"caption":"Gustavo Costas, t\u00e9cnico do Racing (Foto: Reprodu\u00e7\u00e3o\/Instagram Racing)"},{"@type":"BreadcrumbList","@id":"https:\/\/www.gaveanews.com\/index.php\/2025\/10\/23\/e-o-flamengo-tecnico-do-racing-afirma-que-time-vai-se-classificar-para-a-final-da-libertadores\/#breadcrumb","itemListElement":[{"@type":"ListItem","position":1,"name":"Home","item":"https:\/\/www.gaveanews.com\/"},{"@type":"ListItem","position":2,"name":"E o Flamengo? T\u00e9cnico do Racing afirma que time vai se classificar para a final da Libertadores"}]},{"@type":"WebSite","@id":"https:\/\/www.gaveanews.com\/#website","url":"https:\/\/www.gaveanews.com\/","name":"G\u00e1vea News","description":"Veja todas as not\u00edcias sobre o Flamengo: Contrata\u00e7\u00f5es, categorias de base, resultados das partidas, tabela de classifica\u00e7\u00e3o, pr\u00f3ximos jogos!","potentialAction":[{"@type":"SearchAction","target":{"@type":"EntryPoint","urlTemplate":"https:\/\/www.gaveanews.com\/?s={search_term_string}"},"query-input":{"@type":"PropertyValueSpecification","valueRequired":true,"valueName":"search_term_string"}}],"inLanguage":"pt-BR"},{"@type":"Person","@id":"https:\/\/www.gaveanews.com\/#\/schema\/person\/c88645e3d550d0b6574305e67dd5a716","name":"Reda\u00e7\u00e3o","image":{"@type":"ImageObject","inLanguage":"pt-BR","@id":"https:\/\/www.gaveanews.com\/#\/schema\/person\/image\/","url":"https:\/\/secure.gravatar.com\/avatar\/434098fd823f0dc1b062d14ca22bacaa6e38de28d8c816bbef6fc2f8c44d8ba3?s=96&d=mm&r=g","contentUrl":"https:\/\/secure.gravatar.com\/avatar\/434098fd823f0dc1b062d14ca22bacaa6e38de28d8c816bbef6fc2f8c44d8ba3?s=96&d=mm&r=g","caption":"Reda\u00e7\u00e3o"}}]}},"_links":{"self":[{"href":"https:\/\/www.gaveanews.com\/index.php\/wp-json\/wp\/v2\/posts\/279124","targetHints":{"allow":["GET"]}}],"collection":[{"href":"https:\/\/www.gaveanews.com\/index.php\/wp-json\/wp\/v2\/posts"}],"about":[{"href":"https:\/\/www.gaveanews.com\/index.php\/wp-json\/wp\/v2\/types\/post"}],"author":[{"embeddable":true,"href":"https:\/\/www.gaveanews.com\/index.php\/wp-json\/wp\/v2\/users\/39"}],"replies":[{"embeddable":true,"href":"https:\/\/www.gaveanews.com\/index.php\/wp-json\/wp\/v2\/comments?post=279124"}],"version-history":[{"count":1,"href":"https:\/\/www.gaveanews.com\/index.php\/wp-json\/wp\/v2\/posts\/279124\/revisions"}],"predecessor-version":[{"id":279184,"href":"https:\/\/www.gaveanews.com\/index.php\/wp-json\/wp\/v2\/posts\/279124\/revisions\/279184"}],"wp:featuredmedia":[{"embeddable":true,"href":"https:\/\/www.gaveanews.com\/index.php\/wp-json\/wp\/v2\/media\/278783"}],"wp:attachment":[{"href":"https:\/\/www.gaveanews.com\/index.php\/wp-json\/wp\/v2\/media?parent=279124"}],"wp:term":[{"taxonomy":"category","embeddable":true,"href":"https:\/\/www.gaveanews.com\/index.php\/wp-json\/wp\/v2\/categories?post=279124"},{"taxonomy":"post_tag","embeddable":true,"href":"https:\/\/www.gaveanews.com\/index.php\/wp-json\/wp\/v2\/tags?post=279124"}],"curies":[{"name":"wp","href":"https:\/\/api.w.org\/{rel}","templated":true}]}}