{"id":279130,"date":"2025-10-23T16:00:00","date_gmt":"2025-10-23T19:00:00","guid":{"rendered":"https:\/\/www.gaveanews.com\/?p=279130"},"modified":"2025-10-23T15:44:27","modified_gmt":"2025-10-23T18:44:27","slug":"maracana-pode-ser-leiloado-entenda-o-motivo","status":"publish","type":"post","link":"https:\/\/www.gaveanews.com\/index.php\/2025\/10\/23\/maracana-pode-ser-leiloado-entenda-o-motivo\/","title":{"rendered":"Maracan\u00e3 pode ser leiloado; entenda o motivo"},"content":{"rendered":"\n<p>A Comiss\u00e3o de Constitui\u00e7\u00e3o e Justi\u00e7a (CCJ) da Alerj incluiu o Complexo do Maracan\u00e3 na lista de bens que podem ser alienados para reduzir a d\u00edvida estadual. A comiss\u00e3o aprovou o parecer na quarta-feira (22 de outubro). O texto revisa o Projeto de Lei Complementar 40 de 2025 e ainda precisa ser votado em plen\u00e1rio.<\/p>\n\n\n\n<p>Com as mudan\u00e7as, a rela\u00e7\u00e3o passou de 48 para 62 im\u00f3veis. A CCJ retirou 16 endere\u00e7os e incluiu 30, como o 6\u00b0 BPM da Tijuca, a Aldeia Maracan\u00e3 e 28 im\u00f3veis da Uerj. Sa\u00edram o Complexo Esportivo Caio Martins, o Batalh\u00e3o da PM do Leblon e a Escola de M\u00fasica Villa-Lobos.<\/p>\n\n\n\n<p>O governo estadual pretende arrecadar cerca de R$ 1,5 bilh\u00e3o com as vendas, para reduzir um d\u00e9ficit pr\u00f3ximo de R$ 19 bilh\u00f5es em 2026. A proposta tamb\u00e9m est\u00e1 vinculada ao Propag, que permite usar ativos p\u00fablicos para abater d\u00e9bitos com a Uni\u00e3o. Segundo a proposta or\u00e7ament\u00e1ria de 2026, o Rio deve pagar R$ 12,3 bilh\u00f5es em servi\u00e7o da d\u00edvida.<\/p>\n\n\n\n<p>O presidente da CCJ, deputado Rodrigo Amorim (Uni\u00e3o), defendeu as inclus\u00f5es ao citar custos do est\u00e1dio e a situa\u00e7\u00e3o do entorno.<\/p>\n\n\n\n<p>&#8220;O governo paga fortunas de manuten\u00e7\u00e3o do Complexo do Maracan\u00e3, em torno de R$ 1 milh\u00e3o por partida. J\u00e1 a Aldeia Maracan\u00e3, de 14 mil metros quadrados, est\u00e1 em situa\u00e7\u00e3o prec\u00e1ria e sem uso social definido\u201d.<\/p>\n\n\n\n<p>O relator, deputado Alexandre Knoploch (PL), afirmou que a revis\u00e3o ocorreu ap\u00f3s vistorias e resultou na exclus\u00e3o de im\u00f3veis com destina\u00e7\u00e3o p\u00fablica confirmada.<\/p>\n\n\n\n<p>&#8220;Tiramos 12 im\u00f3veis com destina\u00e7\u00e3o p\u00fablica confirmada e outros quatro a pedido dos deputados, ap\u00f3s as inspe\u00e7\u00f5es\u201d.<\/p>\n\n\n\n<p>Apesar do debate sobre aliena\u00e7\u00e3o, o Maracan\u00e3 permanece sob concess\u00e3o de 20 anos ao cons\u00f3rcio de <a href=\"https:\/\/www.gaveanews.com\/index.php\/category\/brasileirao\/flamengo\/\" target=\"_blank\" rel=\"noopener noreferrer\">Flamengo<\/a> (65%) e <a href=\"https:\/\/www.gaveanews.com\/index.php\/category\/brasileirao\/fluminense\/\" target=\"_blank\" rel=\"noopener noreferrer\">Fluminense<\/a> (35%), firmada em setembro de 2024. O contrato prev\u00ea pagamento anual de R$ 20 milh\u00f5es e investimentos de R$ 186 milh\u00f5es. Em outubro de 2025, a Casa Civil iniciou an\u00e1lise t\u00e9cnica sobre a comercializa\u00e7\u00e3o dos naming rights, proposta pelos clubes.<\/p>\n","protected":false},"excerpt":{"rendered":"<p>A Comiss\u00e3o de Constitui\u00e7\u00e3o e Justi\u00e7a (CCJ) da Alerj incluiu o Complexo do Maracan\u00e3 na lista de bens que podem ser alienados para reduzir a d\u00edvida estadual. A comiss\u00e3o aprovou o parecer na quarta-feira (22 de outubro). O texto revisa o Projeto de Lei Complementar 40 de 2025 e ainda precisa ser votado em plen\u00e1rio. [&hellip;]<\/p>\n","protected":false},"author":39,"featured_media":279168,"comment_status":"open","ping_status":"closed","sticky":false,"template":"","format":"standard","meta":{"footnotes":""},"categories":[1],"tags":[],"class_list":["post-279130","post","type-post","status-publish","format-standard","has-post-thumbnail","hentry","category-flamengo"],"yoast_head":"<!-- This site is optimized with the Yoast SEO Premium plugin v24.2 (Yoast SEO v26.9) - https:\/\/yoast.com\/product\/yoast-seo-premium-wordpress\/ -->\n<title>Maracan\u00e3 pode ser leiloado; entenda o motivo<\/title>\n<meta name=\"robots\" content=\"index, follow, max-snippet:-1, max-image-preview:large, max-video-preview:-1\" \/>\n<link rel=\"canonical\" href=\"https:\/\/www.gaveanews.com\/index.php\/2025\/10\/23\/maracana-pode-ser-leiloado-entenda-o-motivo\/\" \/>\n<meta property=\"og:locale\" content=\"pt_BR\" \/>\n<meta property=\"og:type\" content=\"article\" \/>\n<meta property=\"og:title\" content=\"Maracan\u00e3 pode ser leiloado; entenda o motivo\" \/>\n<meta property=\"og:description\" content=\"A Comiss\u00e3o de Constitui\u00e7\u00e3o e Justi\u00e7a (CCJ) da Alerj incluiu o Complexo do Maracan\u00e3 na lista de bens que podem ser alienados para reduzir a d\u00edvida estadual. A comiss\u00e3o aprovou o parecer na quarta-feira (22 de outubro). O texto revisa o Projeto de Lei Complementar 40 de 2025 e ainda precisa ser votado em plen\u00e1rio. [&hellip;]\" \/>\n<meta property=\"og:url\" content=\"https:\/\/www.gaveanews.com\/index.php\/2025\/10\/23\/maracana-pode-ser-leiloado-entenda-o-motivo\/\" \/>\n<meta property=\"og:site_name\" content=\"G\u00e1vea News\" \/>\n<meta property=\"article:publisher\" content=\"https:\/\/facebook.com\/gaveaNews\/\" \/>\n<meta property=\"article:published_time\" content=\"2025-10-23T19:00:00+00:00\" \/>\n<meta property=\"og:image\" content=\"https:\/\/www.gaveanews.com\/wp-content\/uploads\/Maracana.png\" \/>\n\t<meta property=\"og:image:width\" content=\"1200\" \/>\n\t<meta property=\"og:image:height\" content=\"900\" \/>\n\t<meta property=\"og:image:type\" content=\"image\/png\" \/>\n<meta name=\"author\" content=\"Reda\u00e7\u00e3o\" \/>\n<meta name=\"twitter:card\" content=\"summary_large_image\" \/>\n<meta name=\"twitter:label1\" content=\"Escrito por\" \/>\n\t<meta name=\"twitter:data1\" content=\"Reda\u00e7\u00e3o\" \/>\n\t<meta name=\"twitter:label2\" content=\"Est. tempo de leitura\" \/>\n\t<meta name=\"twitter:data2\" content=\"2 minutos\" \/>\n<script type=\"application\/ld+json\" class=\"yoast-schema-graph\">{\"@context\":\"https:\/\/schema.org\",\"@graph\":[{\"@type\":\"NewsArticle\",\"@id\":\"https:\/\/www.gaveanews.com\/index.php\/2025\/10\/23\/maracana-pode-ser-leiloado-entenda-o-motivo\/#article\",\"isPartOf\":{\"@id\":\"https:\/\/www.gaveanews.com\/index.php\/2025\/10\/23\/maracana-pode-ser-leiloado-entenda-o-motivo\/\"},\"author\":{\"name\":\"Reda\u00e7\u00e3o\",\"@id\":\"https:\/\/www.gaveanews.com\/#\/schema\/person\/c88645e3d550d0b6574305e67dd5a716\"},\"headline\":\"Maracan\u00e3 pode ser leiloado; entenda o motivo\",\"datePublished\":\"2025-10-23T19:00:00+00:00\",\"mainEntityOfPage\":{\"@id\":\"https:\/\/www.gaveanews.com\/index.php\/2025\/10\/23\/maracana-pode-ser-leiloado-entenda-o-motivo\/\"},\"wordCount\":359,\"commentCount\":0,\"image\":{\"@id\":\"https:\/\/www.gaveanews.com\/index.php\/2025\/10\/23\/maracana-pode-ser-leiloado-entenda-o-motivo\/#primaryimage\"},\"thumbnailUrl\":\"https:\/\/www.gaveanews.com\/wp-content\/uploads\/Maracana.png\",\"articleSection\":[\"Flamengo\"],\"inLanguage\":\"pt-BR\",\"potentialAction\":[{\"@type\":\"CommentAction\",\"name\":\"Comment\",\"target\":[\"https:\/\/www.gaveanews.com\/index.php\/2025\/10\/23\/maracana-pode-ser-leiloado-entenda-o-motivo\/#respond\"]}],\"copyrightYear\":\"2025\",\"copyrightHolder\":{\"@id\":\"https:\/\/www.gaveanews.com\/#organization\"}},{\"@type\":\"WebPage\",\"@id\":\"https:\/\/www.gaveanews.com\/index.php\/2025\/10\/23\/maracana-pode-ser-leiloado-entenda-o-motivo\/\",\"url\":\"https:\/\/www.gaveanews.com\/index.php\/2025\/10\/23\/maracana-pode-ser-leiloado-entenda-o-motivo\/\",\"name\":\"Maracan\u00e3 pode ser leiloado; entenda o motivo\",\"isPartOf\":{\"@id\":\"https:\/\/www.gaveanews.com\/#website\"},\"primaryImageOfPage\":{\"@id\":\"https:\/\/www.gaveanews.com\/index.php\/2025\/10\/23\/maracana-pode-ser-leiloado-entenda-o-motivo\/#primaryimage\"},\"image\":{\"@id\":\"https:\/\/www.gaveanews.com\/index.php\/2025\/10\/23\/maracana-pode-ser-leiloado-entenda-o-motivo\/#primaryimage\"},\"thumbnailUrl\":\"https:\/\/www.gaveanews.com\/wp-content\/uploads\/Maracana.png\",\"datePublished\":\"2025-10-23T19:00:00+00:00\",\"author\":{\"@id\":\"https:\/\/www.gaveanews.com\/#\/schema\/person\/c88645e3d550d0b6574305e67dd5a716\"},\"breadcrumb\":{\"@id\":\"https:\/\/www.gaveanews.com\/index.php\/2025\/10\/23\/maracana-pode-ser-leiloado-entenda-o-motivo\/#breadcrumb\"},\"inLanguage\":\"pt-BR\",\"potentialAction\":[{\"@type\":\"ReadAction\",\"target\":[\"https:\/\/www.gaveanews.com\/index.php\/2025\/10\/23\/maracana-pode-ser-leiloado-entenda-o-motivo\/\"]}]},{\"@type\":\"ImageObject\",\"inLanguage\":\"pt-BR\",\"@id\":\"https:\/\/www.gaveanews.com\/index.php\/2025\/10\/23\/maracana-pode-ser-leiloado-entenda-o-motivo\/#primaryimage\",\"url\":\"https:\/\/www.gaveanews.com\/wp-content\/uploads\/Maracana.png\",\"contentUrl\":\"https:\/\/www.gaveanews.com\/wp-content\/uploads\/Maracana.png\",\"width\":1200,\"height\":900,\"caption\":\"Maracan\u00e3 (Foto: Divulga\u00e7\u00e3o\/Maracan\u00e3)\"},{\"@type\":\"BreadcrumbList\",\"@id\":\"https:\/\/www.gaveanews.com\/index.php\/2025\/10\/23\/maracana-pode-ser-leiloado-entenda-o-motivo\/#breadcrumb\",\"itemListElement\":[{\"@type\":\"ListItem\",\"position\":1,\"name\":\"Home\",\"item\":\"https:\/\/www.gaveanews.com\/\"},{\"@type\":\"ListItem\",\"position\":2,\"name\":\"Maracan\u00e3 pode ser leiloado; entenda o motivo\"}]},{\"@type\":\"WebSite\",\"@id\":\"https:\/\/www.gaveanews.com\/#website\",\"url\":\"https:\/\/www.gaveanews.com\/\",\"name\":\"G\u00e1vea News\",\"description\":\"Veja todas as not\u00edcias sobre o Flamengo: Contrata\u00e7\u00f5es, categorias de base, resultados das partidas, tabela de classifica\u00e7\u00e3o, pr\u00f3ximos jogos!\",\"potentialAction\":[{\"@type\":\"SearchAction\",\"target\":{\"@type\":\"EntryPoint\",\"urlTemplate\":\"https:\/\/www.gaveanews.com\/?s={search_term_string}\"},\"query-input\":{\"@type\":\"PropertyValueSpecification\",\"valueRequired\":true,\"valueName\":\"search_term_string\"}}],\"inLanguage\":\"pt-BR\"},{\"@type\":\"Person\",\"@id\":\"https:\/\/www.gaveanews.com\/#\/schema\/person\/c88645e3d550d0b6574305e67dd5a716\",\"name\":\"Reda\u00e7\u00e3o\",\"image\":{\"@type\":\"ImageObject\",\"inLanguage\":\"pt-BR\",\"@id\":\"https:\/\/www.gaveanews.com\/#\/schema\/person\/image\/\",\"url\":\"https:\/\/secure.gravatar.com\/avatar\/434098fd823f0dc1b062d14ca22bacaa6e38de28d8c816bbef6fc2f8c44d8ba3?s=96&d=mm&r=g\",\"contentUrl\":\"https:\/\/secure.gravatar.com\/avatar\/434098fd823f0dc1b062d14ca22bacaa6e38de28d8c816bbef6fc2f8c44d8ba3?s=96&d=mm&r=g\",\"caption\":\"Reda\u00e7\u00e3o\"}}]}<\/script>\n<!-- \/ Yoast SEO Premium plugin. -->","yoast_head_json":{"title":"Maracan\u00e3 pode ser leiloado; entenda o motivo","robots":{"index":"index","follow":"follow","max-snippet":"max-snippet:-1","max-image-preview":"max-image-preview:large","max-video-preview":"max-video-preview:-1"},"canonical":"https:\/\/www.gaveanews.com\/index.php\/2025\/10\/23\/maracana-pode-ser-leiloado-entenda-o-motivo\/","og_locale":"pt_BR","og_type":"article","og_title":"Maracan\u00e3 pode ser leiloado; entenda o motivo","og_description":"A Comiss\u00e3o de Constitui\u00e7\u00e3o e Justi\u00e7a (CCJ) da Alerj incluiu o Complexo do Maracan\u00e3 na lista de bens que podem ser alienados para reduzir a d\u00edvida estadual. A comiss\u00e3o aprovou o parecer na quarta-feira (22 de outubro). O texto revisa o Projeto de Lei Complementar 40 de 2025 e ainda precisa ser votado em plen\u00e1rio. [&hellip;]","og_url":"https:\/\/www.gaveanews.com\/index.php\/2025\/10\/23\/maracana-pode-ser-leiloado-entenda-o-motivo\/","og_site_name":"G\u00e1vea News","article_publisher":"https:\/\/facebook.com\/gaveaNews\/","article_published_time":"2025-10-23T19:00:00+00:00","og_image":[{"width":1200,"height":900,"url":"https:\/\/www.gaveanews.com\/wp-content\/uploads\/Maracana.png","type":"image\/png"}],"author":"Reda\u00e7\u00e3o","twitter_card":"summary_large_image","twitter_misc":{"Escrito por":"Reda\u00e7\u00e3o","Est. tempo de leitura":"2 minutos"},"schema":{"@context":"https:\/\/schema.org","@graph":[{"@type":"NewsArticle","@id":"https:\/\/www.gaveanews.com\/index.php\/2025\/10\/23\/maracana-pode-ser-leiloado-entenda-o-motivo\/#article","isPartOf":{"@id":"https:\/\/www.gaveanews.com\/index.php\/2025\/10\/23\/maracana-pode-ser-leiloado-entenda-o-motivo\/"},"author":{"name":"Reda\u00e7\u00e3o","@id":"https:\/\/www.gaveanews.com\/#\/schema\/person\/c88645e3d550d0b6574305e67dd5a716"},"headline":"Maracan\u00e3 pode ser leiloado; entenda o motivo","datePublished":"2025-10-23T19:00:00+00:00","mainEntityOfPage":{"@id":"https:\/\/www.gaveanews.com\/index.php\/2025\/10\/23\/maracana-pode-ser-leiloado-entenda-o-motivo\/"},"wordCount":359,"commentCount":0,"image":{"@id":"https:\/\/www.gaveanews.com\/index.php\/2025\/10\/23\/maracana-pode-ser-leiloado-entenda-o-motivo\/#primaryimage"},"thumbnailUrl":"https:\/\/www.gaveanews.com\/wp-content\/uploads\/Maracana.png","articleSection":["Flamengo"],"inLanguage":"pt-BR","potentialAction":[{"@type":"CommentAction","name":"Comment","target":["https:\/\/www.gaveanews.com\/index.php\/2025\/10\/23\/maracana-pode-ser-leiloado-entenda-o-motivo\/#respond"]}],"copyrightYear":"2025","copyrightHolder":{"@id":"https:\/\/www.gaveanews.com\/#organization"}},{"@type":"WebPage","@id":"https:\/\/www.gaveanews.com\/index.php\/2025\/10\/23\/maracana-pode-ser-leiloado-entenda-o-motivo\/","url":"https:\/\/www.gaveanews.com\/index.php\/2025\/10\/23\/maracana-pode-ser-leiloado-entenda-o-motivo\/","name":"Maracan\u00e3 pode ser leiloado; entenda o motivo","isPartOf":{"@id":"https:\/\/www.gaveanews.com\/#website"},"primaryImageOfPage":{"@id":"https:\/\/www.gaveanews.com\/index.php\/2025\/10\/23\/maracana-pode-ser-leiloado-entenda-o-motivo\/#primaryimage"},"image":{"@id":"https:\/\/www.gaveanews.com\/index.php\/2025\/10\/23\/maracana-pode-ser-leiloado-entenda-o-motivo\/#primaryimage"},"thumbnailUrl":"https:\/\/www.gaveanews.com\/wp-content\/uploads\/Maracana.png","datePublished":"2025-10-23T19:00:00+00:00","author":{"@id":"https:\/\/www.gaveanews.com\/#\/schema\/person\/c88645e3d550d0b6574305e67dd5a716"},"breadcrumb":{"@id":"https:\/\/www.gaveanews.com\/index.php\/2025\/10\/23\/maracana-pode-ser-leiloado-entenda-o-motivo\/#breadcrumb"},"inLanguage":"pt-BR","potentialAction":[{"@type":"ReadAction","target":["https:\/\/www.gaveanews.com\/index.php\/2025\/10\/23\/maracana-pode-ser-leiloado-entenda-o-motivo\/"]}]},{"@type":"ImageObject","inLanguage":"pt-BR","@id":"https:\/\/www.gaveanews.com\/index.php\/2025\/10\/23\/maracana-pode-ser-leiloado-entenda-o-motivo\/#primaryimage","url":"https:\/\/www.gaveanews.com\/wp-content\/uploads\/Maracana.png","contentUrl":"https:\/\/www.gaveanews.com\/wp-content\/uploads\/Maracana.png","width":1200,"height":900,"caption":"Maracan\u00e3 (Foto: Divulga\u00e7\u00e3o\/Maracan\u00e3)"},{"@type":"BreadcrumbList","@id":"https:\/\/www.gaveanews.com\/index.php\/2025\/10\/23\/maracana-pode-ser-leiloado-entenda-o-motivo\/#breadcrumb","itemListElement":[{"@type":"ListItem","position":1,"name":"Home","item":"https:\/\/www.gaveanews.com\/"},{"@type":"ListItem","position":2,"name":"Maracan\u00e3 pode ser leiloado; entenda o motivo"}]},{"@type":"WebSite","@id":"https:\/\/www.gaveanews.com\/#website","url":"https:\/\/www.gaveanews.com\/","name":"G\u00e1vea News","description":"Veja todas as not\u00edcias sobre o Flamengo: Contrata\u00e7\u00f5es, categorias de base, resultados das partidas, tabela de classifica\u00e7\u00e3o, pr\u00f3ximos jogos!","potentialAction":[{"@type":"SearchAction","target":{"@type":"EntryPoint","urlTemplate":"https:\/\/www.gaveanews.com\/?s={search_term_string}"},"query-input":{"@type":"PropertyValueSpecification","valueRequired":true,"valueName":"search_term_string"}}],"inLanguage":"pt-BR"},{"@type":"Person","@id":"https:\/\/www.gaveanews.com\/#\/schema\/person\/c88645e3d550d0b6574305e67dd5a716","name":"Reda\u00e7\u00e3o","image":{"@type":"ImageObject","inLanguage":"pt-BR","@id":"https:\/\/www.gaveanews.com\/#\/schema\/person\/image\/","url":"https:\/\/secure.gravatar.com\/avatar\/434098fd823f0dc1b062d14ca22bacaa6e38de28d8c816bbef6fc2f8c44d8ba3?s=96&d=mm&r=g","contentUrl":"https:\/\/secure.gravatar.com\/avatar\/434098fd823f0dc1b062d14ca22bacaa6e38de28d8c816bbef6fc2f8c44d8ba3?s=96&d=mm&r=g","caption":"Reda\u00e7\u00e3o"}}]}},"_links":{"self":[{"href":"https:\/\/www.gaveanews.com\/index.php\/wp-json\/wp\/v2\/posts\/279130","targetHints":{"allow":["GET"]}}],"collection":[{"href":"https:\/\/www.gaveanews.com\/index.php\/wp-json\/wp\/v2\/posts"}],"about":[{"href":"https:\/\/www.gaveanews.com\/index.php\/wp-json\/wp\/v2\/types\/post"}],"author":[{"embeddable":true,"href":"https:\/\/www.gaveanews.com\/index.php\/wp-json\/wp\/v2\/users\/39"}],"replies":[{"embeddable":true,"href":"https:\/\/www.gaveanews.com\/index.php\/wp-json\/wp\/v2\/comments?post=279130"}],"version-history":[{"count":1,"href":"https:\/\/www.gaveanews.com\/index.php\/wp-json\/wp\/v2\/posts\/279130\/revisions"}],"predecessor-version":[{"id":279169,"href":"https:\/\/www.gaveanews.com\/index.php\/wp-json\/wp\/v2\/posts\/279130\/revisions\/279169"}],"wp:featuredmedia":[{"embeddable":true,"href":"https:\/\/www.gaveanews.com\/index.php\/wp-json\/wp\/v2\/media\/279168"}],"wp:attachment":[{"href":"https:\/\/www.gaveanews.com\/index.php\/wp-json\/wp\/v2\/media?parent=279130"}],"wp:term":[{"taxonomy":"category","embeddable":true,"href":"https:\/\/www.gaveanews.com\/index.php\/wp-json\/wp\/v2\/categories?post=279130"},{"taxonomy":"post_tag","embeddable":true,"href":"https:\/\/www.gaveanews.com\/index.php\/wp-json\/wp\/v2\/tags?post=279130"}],"curies":[{"name":"wp","href":"https:\/\/api.w.org\/{rel}","templated":true}]}}