{"id":279150,"date":"2025-10-23T18:00:00","date_gmt":"2025-10-23T21:00:00","guid":{"rendered":"https:\/\/www.gaveanews.com\/?p=279150"},"modified":"2025-10-23T17:12:33","modified_gmt":"2025-10-23T20:12:33","slug":"a-declaracao-de-luiz-araujo-apos-a-vitoria-do-flamengo-na-libertadores-2","status":"publish","type":"post","link":"https:\/\/www.gaveanews.com\/index.php\/2025\/10\/23\/a-declaracao-de-luiz-araujo-apos-a-vitoria-do-flamengo-na-libertadores-2\/","title":{"rendered":"A declara\u00e7\u00e3o de Luiz Ara\u00fajo ap\u00f3s a vit\u00f3ria do Flamengo na Libertadores"},"content":{"rendered":"\n<p>O Flamengo deu um passo importante rumo \u00e0 final da Libertadores ao vencer o Racing por 1 a 0 na noite de quarta-feira (22), no Maracan\u00e3. O gol saiu nos minutos finais, ap\u00f3s insist\u00eancia ofensiva, e garantiu vantagem para o jogo de volta, marcado para a pr\u00f3xima quarta-feira (29), \u00e0s 21h30 (hor\u00e1rio de Bras\u00edlia), no El Cilindro, na Argentina.<\/p>\n\n\n\n<p>A partida foi marcada por forte resist\u00eancia do time argentino, que adotou postura defensiva desde os primeiros minutos. Segundo Luiz Ara\u00fajo, o comportamento do advers\u00e1rio j\u00e1 era esperado, o que exigiu paci\u00eancia e movimenta\u00e7\u00e3o constante do setor ofensivo rubro-negro.<\/p>\n\n\n\n<p>\u201cTemos que comemorar assim essa vit\u00f3ria, semifinal de Libertadores. Sab\u00edamos que n\u00e3o ia ser um jogo f\u00e1cil, sab\u00edamos da forma que o Racing ia vir jogar, que ia vir todo mundo atr\u00e1s, tentando uma bola, para sair daqui com um empate. Fico muito feliz da gente ter achado esse gol no final, isso d\u00e1 mais confian\u00e7a para chegar na Argentina e fazer um grande resultado\u201d.<\/p>\n\n\n\n<p>Al\u00e9m da an\u00e1lise sobre o desempenho do time, Luiz Ara\u00fajo ressaltou a import\u00e2ncia da movimenta\u00e7\u00e3o ofensiva, um aspecto frequentemente cobrado por Filipe Lu\u00eds nos treinamentos.<\/p>\n\n\n\n<p>\u201cAli na frente temos muita qualidade. Ele sempre pede para a gente estar sempre pr\u00f3ximo um do outro para a gente fazer essas jogadas, essa tabela, pode encontrar um o outro. Muito feliz que hoje deu certo e sa\u00edmos vitoriosos\u201d.<\/p>\n\n\n\n<p>O t\u00e9cnico Filipe Lu\u00eds tamb\u00e9m destacou o esfor\u00e7o coletivo da equipe para construir o resultado, enfatizando que a vantagem obtida no Rio de Janeiro \u00e9 simb\u00f3lica e n\u00e3o deve mudar o comportamento do time no jogo decisivo.<\/p>\n\n\n\n<p>\u201cA vantagem \u00e9 simb\u00f3lica. Ela existe, mas para n\u00f3s, n\u00e3o contamos com ela. Vamos tentar vencer da mesma forma, como foi com o Inter e o Estudiantes. Sab\u00edamos da for\u00e7a do Racing, nos contra-ataques. Todos vimos a Recopa contra o Botafogo. Criamos, o gol veio no fim, quer\u00edamos antes. Foi um jogo completo de uma equipe madura\u201d.<\/p>\n\n\n\n<p>Apesar do placar apertado, o Flamengo conseguiu finalizar jogadas e impor dom\u00ednio territorial durante a maior parte do jogo. O gol anulado de Samuel Lino por impedimento e a defesa de Rossi em uma rara chegada do Racing refor\u00e7am o equil\u00edbrio da partida.<\/p>\n\n\n\n<p>O pr\u00f3ximo compromisso do Flamengo ser\u00e1 pelo Campeonato Brasileiro, neste s\u00e1bado (25), \u00e0s 19h30 (hor\u00e1rio de Bras\u00edlia), contra o Fortaleza, no Castel\u00e3o. Posteriormente, a equipe volta as aten\u00e7\u00f5es para a semifinal continental.<\/p>\n","protected":false},"excerpt":{"rendered":"<p>O Flamengo deu um passo importante rumo \u00e0 final da Libertadores ao vencer o Racing por 1 a 0 na noite de quarta-feira (22), no Maracan\u00e3. O gol saiu nos minutos finais, ap\u00f3s insist\u00eancia ofensiva, e garantiu vantagem para o jogo de volta, marcado para a pr\u00f3xima quarta-feira (29), \u00e0s 21h30 (hor\u00e1rio de Bras\u00edlia), no [&hellip;]<\/p>\n","protected":false},"author":39,"featured_media":268634,"comment_status":"open","ping_status":"closed","sticky":false,"template":"","format":"standard","meta":{"footnotes":""},"categories":[1],"tags":[],"class_list":["post-279150","post","type-post","status-publish","format-standard","has-post-thumbnail","hentry","category-flamengo"],"yoast_head":"<!-- This site is optimized with the Yoast SEO Premium plugin v24.2 (Yoast SEO v26.9) - https:\/\/yoast.com\/product\/yoast-seo-premium-wordpress\/ -->\n<title>A declara\u00e7\u00e3o de Luiz Ara\u00fajo ap\u00f3s a vit\u00f3ria do Flamengo na Libertadores<\/title>\n<meta name=\"robots\" content=\"index, follow, max-snippet:-1, max-image-preview:large, max-video-preview:-1\" \/>\n<link rel=\"canonical\" href=\"https:\/\/www.gaveanews.com\/index.php\/2025\/10\/23\/a-declaracao-de-luiz-araujo-apos-a-vitoria-do-flamengo-na-libertadores-2\/\" \/>\n<meta property=\"og:locale\" content=\"pt_BR\" \/>\n<meta property=\"og:type\" content=\"article\" \/>\n<meta property=\"og:title\" content=\"A declara\u00e7\u00e3o de Luiz Ara\u00fajo ap\u00f3s a vit\u00f3ria do Flamengo na Libertadores\" \/>\n<meta property=\"og:description\" content=\"O Flamengo deu um passo importante rumo \u00e0 final da Libertadores ao vencer o Racing por 1 a 0 na noite de quarta-feira (22), no Maracan\u00e3. O gol saiu nos minutos finais, ap\u00f3s insist\u00eancia ofensiva, e garantiu vantagem para o jogo de volta, marcado para a pr\u00f3xima quarta-feira (29), \u00e0s 21h30 (hor\u00e1rio de Bras\u00edlia), no [&hellip;]\" \/>\n<meta property=\"og:url\" content=\"https:\/\/www.gaveanews.com\/index.php\/2025\/10\/23\/a-declaracao-de-luiz-araujo-apos-a-vitoria-do-flamengo-na-libertadores-2\/\" \/>\n<meta property=\"og:site_name\" content=\"G\u00e1vea News\" \/>\n<meta property=\"article:publisher\" content=\"https:\/\/facebook.com\/gaveaNews\/\" \/>\n<meta property=\"article:published_time\" content=\"2025-10-23T21:00:00+00:00\" \/>\n<meta property=\"og:image\" content=\"https:\/\/www.gaveanews.com\/wp-content\/uploads\/Luiz-Araujo-pelo-Flamengo.webp\" \/>\n\t<meta property=\"og:image:width\" content=\"1200\" \/>\n\t<meta property=\"og:image:height\" content=\"900\" \/>\n\t<meta property=\"og:image:type\" content=\"image\/webp\" \/>\n<meta name=\"author\" content=\"Reda\u00e7\u00e3o\" \/>\n<meta name=\"twitter:card\" content=\"summary_large_image\" \/>\n<meta name=\"twitter:label1\" content=\"Escrito por\" \/>\n\t<meta name=\"twitter:data1\" content=\"Reda\u00e7\u00e3o\" \/>\n\t<meta name=\"twitter:label2\" content=\"Est. tempo de leitura\" \/>\n\t<meta name=\"twitter:data2\" content=\"3 minutos\" \/>\n<script type=\"application\/ld+json\" class=\"yoast-schema-graph\">{\"@context\":\"https:\/\/schema.org\",\"@graph\":[{\"@type\":\"NewsArticle\",\"@id\":\"https:\/\/www.gaveanews.com\/index.php\/2025\/10\/23\/a-declaracao-de-luiz-araujo-apos-a-vitoria-do-flamengo-na-libertadores-2\/#article\",\"isPartOf\":{\"@id\":\"https:\/\/www.gaveanews.com\/index.php\/2025\/10\/23\/a-declaracao-de-luiz-araujo-apos-a-vitoria-do-flamengo-na-libertadores-2\/\"},\"author\":{\"name\":\"Reda\u00e7\u00e3o\",\"@id\":\"https:\/\/www.gaveanews.com\/#\/schema\/person\/c88645e3d550d0b6574305e67dd5a716\"},\"headline\":\"A declara\u00e7\u00e3o de Luiz Ara\u00fajo ap\u00f3s a vit\u00f3ria do Flamengo na Libertadores\",\"datePublished\":\"2025-10-23T21:00:00+00:00\",\"mainEntityOfPage\":{\"@id\":\"https:\/\/www.gaveanews.com\/index.php\/2025\/10\/23\/a-declaracao-de-luiz-araujo-apos-a-vitoria-do-flamengo-na-libertadores-2\/\"},\"wordCount\":451,\"commentCount\":0,\"image\":{\"@id\":\"https:\/\/www.gaveanews.com\/index.php\/2025\/10\/23\/a-declaracao-de-luiz-araujo-apos-a-vitoria-do-flamengo-na-libertadores-2\/#primaryimage\"},\"thumbnailUrl\":\"https:\/\/www.gaveanews.com\/wp-content\/uploads\/Luiz-Araujo-pelo-Flamengo.webp\",\"articleSection\":[\"Flamengo\"],\"inLanguage\":\"pt-BR\",\"potentialAction\":[{\"@type\":\"CommentAction\",\"name\":\"Comment\",\"target\":[\"https:\/\/www.gaveanews.com\/index.php\/2025\/10\/23\/a-declaracao-de-luiz-araujo-apos-a-vitoria-do-flamengo-na-libertadores-2\/#respond\"]}],\"copyrightYear\":\"2025\",\"copyrightHolder\":{\"@id\":\"https:\/\/www.gaveanews.com\/#organization\"}},{\"@type\":\"WebPage\",\"@id\":\"https:\/\/www.gaveanews.com\/index.php\/2025\/10\/23\/a-declaracao-de-luiz-araujo-apos-a-vitoria-do-flamengo-na-libertadores-2\/\",\"url\":\"https:\/\/www.gaveanews.com\/index.php\/2025\/10\/23\/a-declaracao-de-luiz-araujo-apos-a-vitoria-do-flamengo-na-libertadores-2\/\",\"name\":\"A declara\u00e7\u00e3o de Luiz Ara\u00fajo ap\u00f3s a vit\u00f3ria do Flamengo na Libertadores\",\"isPartOf\":{\"@id\":\"https:\/\/www.gaveanews.com\/#website\"},\"primaryImageOfPage\":{\"@id\":\"https:\/\/www.gaveanews.com\/index.php\/2025\/10\/23\/a-declaracao-de-luiz-araujo-apos-a-vitoria-do-flamengo-na-libertadores-2\/#primaryimage\"},\"image\":{\"@id\":\"https:\/\/www.gaveanews.com\/index.php\/2025\/10\/23\/a-declaracao-de-luiz-araujo-apos-a-vitoria-do-flamengo-na-libertadores-2\/#primaryimage\"},\"thumbnailUrl\":\"https:\/\/www.gaveanews.com\/wp-content\/uploads\/Luiz-Araujo-pelo-Flamengo.webp\",\"datePublished\":\"2025-10-23T21:00:00+00:00\",\"author\":{\"@id\":\"https:\/\/www.gaveanews.com\/#\/schema\/person\/c88645e3d550d0b6574305e67dd5a716\"},\"breadcrumb\":{\"@id\":\"https:\/\/www.gaveanews.com\/index.php\/2025\/10\/23\/a-declaracao-de-luiz-araujo-apos-a-vitoria-do-flamengo-na-libertadores-2\/#breadcrumb\"},\"inLanguage\":\"pt-BR\",\"potentialAction\":[{\"@type\":\"ReadAction\",\"target\":[\"https:\/\/www.gaveanews.com\/index.php\/2025\/10\/23\/a-declaracao-de-luiz-araujo-apos-a-vitoria-do-flamengo-na-libertadores-2\/\"]}]},{\"@type\":\"ImageObject\",\"inLanguage\":\"pt-BR\",\"@id\":\"https:\/\/www.gaveanews.com\/index.php\/2025\/10\/23\/a-declaracao-de-luiz-araujo-apos-a-vitoria-do-flamengo-na-libertadores-2\/#primaryimage\",\"url\":\"https:\/\/www.gaveanews.com\/wp-content\/uploads\/Luiz-Araujo-pelo-Flamengo.webp\",\"contentUrl\":\"https:\/\/www.gaveanews.com\/wp-content\/uploads\/Luiz-Araujo-pelo-Flamengo.webp\",\"width\":1200,\"height\":900,\"caption\":\"Luiz Ara\u00fajo pelo Flamengo (Foto: Marcelo Cortes\/Flamengo)\"},{\"@type\":\"BreadcrumbList\",\"@id\":\"https:\/\/www.gaveanews.com\/index.php\/2025\/10\/23\/a-declaracao-de-luiz-araujo-apos-a-vitoria-do-flamengo-na-libertadores-2\/#breadcrumb\",\"itemListElement\":[{\"@type\":\"ListItem\",\"position\":1,\"name\":\"Home\",\"item\":\"https:\/\/www.gaveanews.com\/\"},{\"@type\":\"ListItem\",\"position\":2,\"name\":\"A declara\u00e7\u00e3o de Luiz Ara\u00fajo ap\u00f3s a vit\u00f3ria do Flamengo na Libertadores\"}]},{\"@type\":\"WebSite\",\"@id\":\"https:\/\/www.gaveanews.com\/#website\",\"url\":\"https:\/\/www.gaveanews.com\/\",\"name\":\"G\u00e1vea News\",\"description\":\"Veja todas as not\u00edcias sobre o Flamengo: Contrata\u00e7\u00f5es, categorias de base, resultados das partidas, tabela de classifica\u00e7\u00e3o, pr\u00f3ximos jogos!\",\"potentialAction\":[{\"@type\":\"SearchAction\",\"target\":{\"@type\":\"EntryPoint\",\"urlTemplate\":\"https:\/\/www.gaveanews.com\/?s={search_term_string}\"},\"query-input\":{\"@type\":\"PropertyValueSpecification\",\"valueRequired\":true,\"valueName\":\"search_term_string\"}}],\"inLanguage\":\"pt-BR\"},{\"@type\":\"Person\",\"@id\":\"https:\/\/www.gaveanews.com\/#\/schema\/person\/c88645e3d550d0b6574305e67dd5a716\",\"name\":\"Reda\u00e7\u00e3o\",\"image\":{\"@type\":\"ImageObject\",\"inLanguage\":\"pt-BR\",\"@id\":\"https:\/\/www.gaveanews.com\/#\/schema\/person\/image\/\",\"url\":\"https:\/\/secure.gravatar.com\/avatar\/434098fd823f0dc1b062d14ca22bacaa6e38de28d8c816bbef6fc2f8c44d8ba3?s=96&d=mm&r=g\",\"contentUrl\":\"https:\/\/secure.gravatar.com\/avatar\/434098fd823f0dc1b062d14ca22bacaa6e38de28d8c816bbef6fc2f8c44d8ba3?s=96&d=mm&r=g\",\"caption\":\"Reda\u00e7\u00e3o\"}}]}<\/script>\n<!-- \/ Yoast SEO Premium plugin. -->","yoast_head_json":{"title":"A declara\u00e7\u00e3o de Luiz Ara\u00fajo ap\u00f3s a vit\u00f3ria do Flamengo na Libertadores","robots":{"index":"index","follow":"follow","max-snippet":"max-snippet:-1","max-image-preview":"max-image-preview:large","max-video-preview":"max-video-preview:-1"},"canonical":"https:\/\/www.gaveanews.com\/index.php\/2025\/10\/23\/a-declaracao-de-luiz-araujo-apos-a-vitoria-do-flamengo-na-libertadores-2\/","og_locale":"pt_BR","og_type":"article","og_title":"A declara\u00e7\u00e3o de Luiz Ara\u00fajo ap\u00f3s a vit\u00f3ria do Flamengo na Libertadores","og_description":"O Flamengo deu um passo importante rumo \u00e0 final da Libertadores ao vencer o Racing por 1 a 0 na noite de quarta-feira (22), no Maracan\u00e3. O gol saiu nos minutos finais, ap\u00f3s insist\u00eancia ofensiva, e garantiu vantagem para o jogo de volta, marcado para a pr\u00f3xima quarta-feira (29), \u00e0s 21h30 (hor\u00e1rio de Bras\u00edlia), no [&hellip;]","og_url":"https:\/\/www.gaveanews.com\/index.php\/2025\/10\/23\/a-declaracao-de-luiz-araujo-apos-a-vitoria-do-flamengo-na-libertadores-2\/","og_site_name":"G\u00e1vea News","article_publisher":"https:\/\/facebook.com\/gaveaNews\/","article_published_time":"2025-10-23T21:00:00+00:00","og_image":[{"width":1200,"height":900,"url":"https:\/\/www.gaveanews.com\/wp-content\/uploads\/Luiz-Araujo-pelo-Flamengo.webp","type":"image\/webp"}],"author":"Reda\u00e7\u00e3o","twitter_card":"summary_large_image","twitter_misc":{"Escrito por":"Reda\u00e7\u00e3o","Est. tempo de leitura":"3 minutos"},"schema":{"@context":"https:\/\/schema.org","@graph":[{"@type":"NewsArticle","@id":"https:\/\/www.gaveanews.com\/index.php\/2025\/10\/23\/a-declaracao-de-luiz-araujo-apos-a-vitoria-do-flamengo-na-libertadores-2\/#article","isPartOf":{"@id":"https:\/\/www.gaveanews.com\/index.php\/2025\/10\/23\/a-declaracao-de-luiz-araujo-apos-a-vitoria-do-flamengo-na-libertadores-2\/"},"author":{"name":"Reda\u00e7\u00e3o","@id":"https:\/\/www.gaveanews.com\/#\/schema\/person\/c88645e3d550d0b6574305e67dd5a716"},"headline":"A declara\u00e7\u00e3o de Luiz Ara\u00fajo ap\u00f3s a vit\u00f3ria do Flamengo na Libertadores","datePublished":"2025-10-23T21:00:00+00:00","mainEntityOfPage":{"@id":"https:\/\/www.gaveanews.com\/index.php\/2025\/10\/23\/a-declaracao-de-luiz-araujo-apos-a-vitoria-do-flamengo-na-libertadores-2\/"},"wordCount":451,"commentCount":0,"image":{"@id":"https:\/\/www.gaveanews.com\/index.php\/2025\/10\/23\/a-declaracao-de-luiz-araujo-apos-a-vitoria-do-flamengo-na-libertadores-2\/#primaryimage"},"thumbnailUrl":"https:\/\/www.gaveanews.com\/wp-content\/uploads\/Luiz-Araujo-pelo-Flamengo.webp","articleSection":["Flamengo"],"inLanguage":"pt-BR","potentialAction":[{"@type":"CommentAction","name":"Comment","target":["https:\/\/www.gaveanews.com\/index.php\/2025\/10\/23\/a-declaracao-de-luiz-araujo-apos-a-vitoria-do-flamengo-na-libertadores-2\/#respond"]}],"copyrightYear":"2025","copyrightHolder":{"@id":"https:\/\/www.gaveanews.com\/#organization"}},{"@type":"WebPage","@id":"https:\/\/www.gaveanews.com\/index.php\/2025\/10\/23\/a-declaracao-de-luiz-araujo-apos-a-vitoria-do-flamengo-na-libertadores-2\/","url":"https:\/\/www.gaveanews.com\/index.php\/2025\/10\/23\/a-declaracao-de-luiz-araujo-apos-a-vitoria-do-flamengo-na-libertadores-2\/","name":"A declara\u00e7\u00e3o de Luiz Ara\u00fajo ap\u00f3s a vit\u00f3ria do Flamengo na Libertadores","isPartOf":{"@id":"https:\/\/www.gaveanews.com\/#website"},"primaryImageOfPage":{"@id":"https:\/\/www.gaveanews.com\/index.php\/2025\/10\/23\/a-declaracao-de-luiz-araujo-apos-a-vitoria-do-flamengo-na-libertadores-2\/#primaryimage"},"image":{"@id":"https:\/\/www.gaveanews.com\/index.php\/2025\/10\/23\/a-declaracao-de-luiz-araujo-apos-a-vitoria-do-flamengo-na-libertadores-2\/#primaryimage"},"thumbnailUrl":"https:\/\/www.gaveanews.com\/wp-content\/uploads\/Luiz-Araujo-pelo-Flamengo.webp","datePublished":"2025-10-23T21:00:00+00:00","author":{"@id":"https:\/\/www.gaveanews.com\/#\/schema\/person\/c88645e3d550d0b6574305e67dd5a716"},"breadcrumb":{"@id":"https:\/\/www.gaveanews.com\/index.php\/2025\/10\/23\/a-declaracao-de-luiz-araujo-apos-a-vitoria-do-flamengo-na-libertadores-2\/#breadcrumb"},"inLanguage":"pt-BR","potentialAction":[{"@type":"ReadAction","target":["https:\/\/www.gaveanews.com\/index.php\/2025\/10\/23\/a-declaracao-de-luiz-araujo-apos-a-vitoria-do-flamengo-na-libertadores-2\/"]}]},{"@type":"ImageObject","inLanguage":"pt-BR","@id":"https:\/\/www.gaveanews.com\/index.php\/2025\/10\/23\/a-declaracao-de-luiz-araujo-apos-a-vitoria-do-flamengo-na-libertadores-2\/#primaryimage","url":"https:\/\/www.gaveanews.com\/wp-content\/uploads\/Luiz-Araujo-pelo-Flamengo.webp","contentUrl":"https:\/\/www.gaveanews.com\/wp-content\/uploads\/Luiz-Araujo-pelo-Flamengo.webp","width":1200,"height":900,"caption":"Luiz Ara\u00fajo pelo Flamengo (Foto: Marcelo Cortes\/Flamengo)"},{"@type":"BreadcrumbList","@id":"https:\/\/www.gaveanews.com\/index.php\/2025\/10\/23\/a-declaracao-de-luiz-araujo-apos-a-vitoria-do-flamengo-na-libertadores-2\/#breadcrumb","itemListElement":[{"@type":"ListItem","position":1,"name":"Home","item":"https:\/\/www.gaveanews.com\/"},{"@type":"ListItem","position":2,"name":"A declara\u00e7\u00e3o de Luiz Ara\u00fajo ap\u00f3s a vit\u00f3ria do Flamengo na Libertadores"}]},{"@type":"WebSite","@id":"https:\/\/www.gaveanews.com\/#website","url":"https:\/\/www.gaveanews.com\/","name":"G\u00e1vea News","description":"Veja todas as not\u00edcias sobre o Flamengo: Contrata\u00e7\u00f5es, categorias de base, resultados das partidas, tabela de classifica\u00e7\u00e3o, pr\u00f3ximos jogos!","potentialAction":[{"@type":"SearchAction","target":{"@type":"EntryPoint","urlTemplate":"https:\/\/www.gaveanews.com\/?s={search_term_string}"},"query-input":{"@type":"PropertyValueSpecification","valueRequired":true,"valueName":"search_term_string"}}],"inLanguage":"pt-BR"},{"@type":"Person","@id":"https:\/\/www.gaveanews.com\/#\/schema\/person\/c88645e3d550d0b6574305e67dd5a716","name":"Reda\u00e7\u00e3o","image":{"@type":"ImageObject","inLanguage":"pt-BR","@id":"https:\/\/www.gaveanews.com\/#\/schema\/person\/image\/","url":"https:\/\/secure.gravatar.com\/avatar\/434098fd823f0dc1b062d14ca22bacaa6e38de28d8c816bbef6fc2f8c44d8ba3?s=96&d=mm&r=g","contentUrl":"https:\/\/secure.gravatar.com\/avatar\/434098fd823f0dc1b062d14ca22bacaa6e38de28d8c816bbef6fc2f8c44d8ba3?s=96&d=mm&r=g","caption":"Reda\u00e7\u00e3o"}}]}},"_links":{"self":[{"href":"https:\/\/www.gaveanews.com\/index.php\/wp-json\/wp\/v2\/posts\/279150","targetHints":{"allow":["GET"]}}],"collection":[{"href":"https:\/\/www.gaveanews.com\/index.php\/wp-json\/wp\/v2\/posts"}],"about":[{"href":"https:\/\/www.gaveanews.com\/index.php\/wp-json\/wp\/v2\/types\/post"}],"author":[{"embeddable":true,"href":"https:\/\/www.gaveanews.com\/index.php\/wp-json\/wp\/v2\/users\/39"}],"replies":[{"embeddable":true,"href":"https:\/\/www.gaveanews.com\/index.php\/wp-json\/wp\/v2\/comments?post=279150"}],"version-history":[{"count":1,"href":"https:\/\/www.gaveanews.com\/index.php\/wp-json\/wp\/v2\/posts\/279150\/revisions"}],"predecessor-version":[{"id":279192,"href":"https:\/\/www.gaveanews.com\/index.php\/wp-json\/wp\/v2\/posts\/279150\/revisions\/279192"}],"wp:featuredmedia":[{"embeddable":true,"href":"https:\/\/www.gaveanews.com\/index.php\/wp-json\/wp\/v2\/media\/268634"}],"wp:attachment":[{"href":"https:\/\/www.gaveanews.com\/index.php\/wp-json\/wp\/v2\/media?parent=279150"}],"wp:term":[{"taxonomy":"category","embeddable":true,"href":"https:\/\/www.gaveanews.com\/index.php\/wp-json\/wp\/v2\/categories?post=279150"},{"taxonomy":"post_tag","embeddable":true,"href":"https:\/\/www.gaveanews.com\/index.php\/wp-json\/wp\/v2\/tags?post=279150"}],"curies":[{"name":"wp","href":"https:\/\/api.w.org\/{rel}","templated":true}]}}