{"id":279163,"date":"2025-10-23T15:45:00","date_gmt":"2025-10-23T18:45:00","guid":{"rendered":"https:\/\/www.gaveanews.com\/?p=279163"},"modified":"2025-10-23T15:34:44","modified_gmt":"2025-10-23T18:34:44","slug":"filipe-luis-revela-preocupacao-excessiva-com-leo-ortiz-do-flamengo","status":"publish","type":"post","link":"https:\/\/www.gaveanews.com\/index.php\/2025\/10\/23\/filipe-luis-revela-preocupacao-excessiva-com-leo-ortiz-do-flamengo\/","title":{"rendered":"Filipe Lu\u00eds revela preocupa\u00e7\u00e3o excessiva com L\u00e9o Ortiz, do Flamengo"},"content":{"rendered":"\n<p>O <a href=\"https:\/\/www.gaveanews.com\/index.php\/category\/brasileirao\/flamengo\/\" target=\"_blank\" rel=\"noopener noreferrer\">Flamengo<\/a> abriu vantagem na semifinal da Libertadores ao vencer o Racing por 1 a 0 no Maracan\u00e3, na quinta-feira (22 de outubro). Em coletiva, o t\u00e9cnico Filipe Lu\u00eds tratou da atua\u00e7\u00e3o e das condi\u00e7\u00f5es f\u00edsicas do elenco, principalmente de olho no duelo de volta, que ser\u00e1 na quarta-feira (29 de outubro), \u00e0s 21h30 (hor\u00e1rio de Bras\u00edlia), em Avellaneda.<\/p>\n\n\n\n<p>O treinador voltou ao epis\u00f3dio de L\u00e9o Ortiz, que saiu com dores no domingo (19 de outubro), contra o <a href=\"https:\/\/www.gaveanews.com\/index.php\/category\/brasileirao\/palmeiras\/\" target=\"_blank\" rel=\"noopener noreferrer\">Palmeiras<\/a>, pelo Brasileir\u00e3o. O zagueiro preocupou torcedores e comiss\u00e3o, mas ficou no banco diante do Racing.<\/p>\n\n\n\n<p>\u201cSinceramente, quando eu vi o L\u00e9o Ortiz sair do gramado (contra o Palmeiras) eu fui pessimista, pensei que ele n\u00e3o jogaria mais a temporada. Ter o L\u00e9o recuperado, com dor, mas no banco, \u00e9 o maior presente que a gente podia ter tido pra essa reta final de temporada. Um jogador muito especial\u201d, disse o treinador.<\/p>\n\n\n\n<p>Filipe tamb\u00e9m atualizou a situa\u00e7\u00e3o de Pedro, substitu\u00eddo com inc\u00f4modo no bra\u00e7o durante a partida no Maracan\u00e3. Segundo o t\u00e9cnico, o atacante fez exames para avaliar a gravidade do problema.<\/p>\n\n\n\n<p>\u201cO Pedro sofreu um chute no bra\u00e7o e agora foi fazer um exame no hospital pra ver o alcance dessa les\u00e3o, sendo um jogador que usa muito o bra\u00e7o para se proteger. Ele estava muito incomodado com isso\u201d.<\/p>\n\n\n\n<p>Ortiz foi relacionado, por\u00e9m n\u00e3o entrou em campo no Maracan\u00e3. J\u00e1 os exames de Pedro apontaram fratura sem desvio na ulna, ou seja, sendo est\u00e1veis, com grau menor de restri\u00e7\u00e3o. O clube ainda vai reavaliar o atleta.<\/p>\n\n\n\n<p>O comandante destacou ainda a participa\u00e7\u00e3o de Samuel Lino, que entrou no segundo tempo e teve gol anulado. Ele valorizou a resposta do atacante e o papel do grupo.<\/p>\n\n\n\n<p>\u201cA entrada do Lino foi muito importante, porque pegou um jogo mais aberto, onde o lateral n\u00e3o tinha ajuda. Para o jogador pode ser inc\u00f4modo ir para o banco, mas eu n\u00e3o vejo dessa forma. Vejo que todos s\u00e3o importantes, todos jogam, em momentos diferentes da temporada vamos precisar de uns ou de outros. Importante que o Lino voltou a se sentir bem, teve um gol anulado, mas ganhou confian\u00e7a. N\u00f3s precisamos muito dele, \u00e9 um jogador muito importante pra mim.\u201d.<\/p>\n\n\n\n<p>Antes da volta, o Flamengo visita o Fortaleza no s\u00e1bado (25 de outubro), \u00e0s 19h30 (hor\u00e1rio de Bras\u00edlia), na Arena Castel\u00e3o. O jogo em Avellaneda ocorre na quarta-feira (29 de outubro), \u00e0s 21h30 (hor\u00e1rio de Bras\u00edlia), com o Rubro-Negro jogando pela vantagem do empate.<\/p>\n","protected":false},"excerpt":{"rendered":"<p>O Flamengo abriu vantagem na semifinal da Libertadores ao vencer o Racing por 1 a 0 no Maracan\u00e3, na quinta-feira (22 de outubro). Em coletiva, o t\u00e9cnico Filipe Lu\u00eds tratou da atua\u00e7\u00e3o e das condi\u00e7\u00f5es f\u00edsicas do elenco, principalmente de olho no duelo de volta, que ser\u00e1 na quarta-feira (29 de outubro), \u00e0s 21h30 (hor\u00e1rio [&hellip;]<\/p>\n","protected":false},"author":39,"featured_media":145524,"comment_status":"open","ping_status":"closed","sticky":false,"template":"","format":"standard","meta":{"footnotes":""},"categories":[1],"tags":[],"class_list":["post-279163","post","type-post","status-publish","format-standard","has-post-thumbnail","hentry","category-flamengo"],"yoast_head":"<!-- This site is optimized with the Yoast SEO Premium plugin v24.2 (Yoast SEO v26.9) - https:\/\/yoast.com\/product\/yoast-seo-premium-wordpress\/ -->\n<title>Filipe Lu\u00eds revela preocupa\u00e7\u00e3o excessiva com L\u00e9o Ortiz, do Flamengo<\/title>\n<meta name=\"robots\" content=\"index, follow, max-snippet:-1, max-image-preview:large, max-video-preview:-1\" \/>\n<link rel=\"canonical\" href=\"https:\/\/www.gaveanews.com\/index.php\/2025\/10\/23\/filipe-luis-revela-preocupacao-excessiva-com-leo-ortiz-do-flamengo\/\" \/>\n<meta property=\"og:locale\" content=\"pt_BR\" \/>\n<meta property=\"og:type\" content=\"article\" \/>\n<meta property=\"og:title\" content=\"Filipe Lu\u00eds revela preocupa\u00e7\u00e3o excessiva com L\u00e9o Ortiz, do Flamengo\" \/>\n<meta property=\"og:description\" content=\"O Flamengo abriu vantagem na semifinal da Libertadores ao vencer o Racing por 1 a 0 no Maracan\u00e3, na quinta-feira (22 de outubro). Em coletiva, o t\u00e9cnico Filipe Lu\u00eds tratou da atua\u00e7\u00e3o e das condi\u00e7\u00f5es f\u00edsicas do elenco, principalmente de olho no duelo de volta, que ser\u00e1 na quarta-feira (29 de outubro), \u00e0s 21h30 (hor\u00e1rio [&hellip;]\" \/>\n<meta property=\"og:url\" content=\"https:\/\/www.gaveanews.com\/index.php\/2025\/10\/23\/filipe-luis-revela-preocupacao-excessiva-com-leo-ortiz-do-flamengo\/\" \/>\n<meta property=\"og:site_name\" content=\"G\u00e1vea News\" \/>\n<meta property=\"article:publisher\" content=\"https:\/\/facebook.com\/gaveaNews\/\" \/>\n<meta property=\"article:published_time\" content=\"2025-10-23T18:45:00+00:00\" \/>\n<meta property=\"og:image\" content=\"https:\/\/www.gaveanews.com\/wp-content\/uploads\/leo-ortiz-flamengo.webp\" \/>\n\t<meta property=\"og:image:width\" content=\"900\" \/>\n\t<meta property=\"og:image:height\" content=\"599\" \/>\n\t<meta property=\"og:image:type\" content=\"image\/jpeg\" \/>\n<meta name=\"author\" content=\"Reda\u00e7\u00e3o\" \/>\n<meta name=\"twitter:card\" content=\"summary_large_image\" \/>\n<meta name=\"twitter:label1\" content=\"Escrito por\" \/>\n\t<meta name=\"twitter:data1\" content=\"Reda\u00e7\u00e3o\" \/>\n\t<meta name=\"twitter:label2\" content=\"Est. tempo de leitura\" \/>\n\t<meta name=\"twitter:data2\" content=\"3 minutos\" \/>\n<script type=\"application\/ld+json\" class=\"yoast-schema-graph\">{\"@context\":\"https:\/\/schema.org\",\"@graph\":[{\"@type\":\"NewsArticle\",\"@id\":\"https:\/\/www.gaveanews.com\/index.php\/2025\/10\/23\/filipe-luis-revela-preocupacao-excessiva-com-leo-ortiz-do-flamengo\/#article\",\"isPartOf\":{\"@id\":\"https:\/\/www.gaveanews.com\/index.php\/2025\/10\/23\/filipe-luis-revela-preocupacao-excessiva-com-leo-ortiz-do-flamengo\/\"},\"author\":{\"name\":\"Reda\u00e7\u00e3o\",\"@id\":\"https:\/\/www.gaveanews.com\/#\/schema\/person\/c88645e3d550d0b6574305e67dd5a716\"},\"headline\":\"Filipe Lu\u00eds revela preocupa\u00e7\u00e3o excessiva com L\u00e9o Ortiz, do Flamengo\",\"datePublished\":\"2025-10-23T18:45:00+00:00\",\"mainEntityOfPage\":{\"@id\":\"https:\/\/www.gaveanews.com\/index.php\/2025\/10\/23\/filipe-luis-revela-preocupacao-excessiva-com-leo-ortiz-do-flamengo\/\"},\"wordCount\":453,\"commentCount\":0,\"image\":{\"@id\":\"https:\/\/www.gaveanews.com\/index.php\/2025\/10\/23\/filipe-luis-revela-preocupacao-excessiva-com-leo-ortiz-do-flamengo\/#primaryimage\"},\"thumbnailUrl\":\"https:\/\/www.gaveanews.com\/wp-content\/uploads\/leo-ortiz-flamengo.webp\",\"articleSection\":[\"Flamengo\"],\"inLanguage\":\"pt-BR\",\"potentialAction\":[{\"@type\":\"CommentAction\",\"name\":\"Comment\",\"target\":[\"https:\/\/www.gaveanews.com\/index.php\/2025\/10\/23\/filipe-luis-revela-preocupacao-excessiva-com-leo-ortiz-do-flamengo\/#respond\"]}],\"copyrightYear\":\"2025\",\"copyrightHolder\":{\"@id\":\"https:\/\/www.gaveanews.com\/#organization\"}},{\"@type\":\"WebPage\",\"@id\":\"https:\/\/www.gaveanews.com\/index.php\/2025\/10\/23\/filipe-luis-revela-preocupacao-excessiva-com-leo-ortiz-do-flamengo\/\",\"url\":\"https:\/\/www.gaveanews.com\/index.php\/2025\/10\/23\/filipe-luis-revela-preocupacao-excessiva-com-leo-ortiz-do-flamengo\/\",\"name\":\"Filipe Lu\u00eds revela preocupa\u00e7\u00e3o excessiva com L\u00e9o Ortiz, do Flamengo\",\"isPartOf\":{\"@id\":\"https:\/\/www.gaveanews.com\/#website\"},\"primaryImageOfPage\":{\"@id\":\"https:\/\/www.gaveanews.com\/index.php\/2025\/10\/23\/filipe-luis-revela-preocupacao-excessiva-com-leo-ortiz-do-flamengo\/#primaryimage\"},\"image\":{\"@id\":\"https:\/\/www.gaveanews.com\/index.php\/2025\/10\/23\/filipe-luis-revela-preocupacao-excessiva-com-leo-ortiz-do-flamengo\/#primaryimage\"},\"thumbnailUrl\":\"https:\/\/www.gaveanews.com\/wp-content\/uploads\/leo-ortiz-flamengo.webp\",\"datePublished\":\"2025-10-23T18:45:00+00:00\",\"author\":{\"@id\":\"https:\/\/www.gaveanews.com\/#\/schema\/person\/c88645e3d550d0b6574305e67dd5a716\"},\"breadcrumb\":{\"@id\":\"https:\/\/www.gaveanews.com\/index.php\/2025\/10\/23\/filipe-luis-revela-preocupacao-excessiva-com-leo-ortiz-do-flamengo\/#breadcrumb\"},\"inLanguage\":\"pt-BR\",\"potentialAction\":[{\"@type\":\"ReadAction\",\"target\":[\"https:\/\/www.gaveanews.com\/index.php\/2025\/10\/23\/filipe-luis-revela-preocupacao-excessiva-com-leo-ortiz-do-flamengo\/\"]}]},{\"@type\":\"ImageObject\",\"inLanguage\":\"pt-BR\",\"@id\":\"https:\/\/www.gaveanews.com\/index.php\/2025\/10\/23\/filipe-luis-revela-preocupacao-excessiva-com-leo-ortiz-do-flamengo\/#primaryimage\",\"url\":\"https:\/\/www.gaveanews.com\/wp-content\/uploads\/leo-ortiz-flamengo.webp\",\"contentUrl\":\"https:\/\/www.gaveanews.com\/wp-content\/uploads\/leo-ortiz-flamengo.webp\",\"width\":900,\"height\":599,\"caption\":\"L\u00e9o Ortiz em a\u00e7\u00e3o pelo Flamengo (Foto: Marcelo Cortes\/Flamengo)\"},{\"@type\":\"BreadcrumbList\",\"@id\":\"https:\/\/www.gaveanews.com\/index.php\/2025\/10\/23\/filipe-luis-revela-preocupacao-excessiva-com-leo-ortiz-do-flamengo\/#breadcrumb\",\"itemListElement\":[{\"@type\":\"ListItem\",\"position\":1,\"name\":\"Home\",\"item\":\"https:\/\/www.gaveanews.com\/\"},{\"@type\":\"ListItem\",\"position\":2,\"name\":\"Filipe Lu\u00eds revela preocupa\u00e7\u00e3o excessiva com L\u00e9o Ortiz, do Flamengo\"}]},{\"@type\":\"WebSite\",\"@id\":\"https:\/\/www.gaveanews.com\/#website\",\"url\":\"https:\/\/www.gaveanews.com\/\",\"name\":\"G\u00e1vea News\",\"description\":\"Veja todas as not\u00edcias sobre o Flamengo: Contrata\u00e7\u00f5es, categorias de base, resultados das partidas, tabela de classifica\u00e7\u00e3o, pr\u00f3ximos jogos!\",\"potentialAction\":[{\"@type\":\"SearchAction\",\"target\":{\"@type\":\"EntryPoint\",\"urlTemplate\":\"https:\/\/www.gaveanews.com\/?s={search_term_string}\"},\"query-input\":{\"@type\":\"PropertyValueSpecification\",\"valueRequired\":true,\"valueName\":\"search_term_string\"}}],\"inLanguage\":\"pt-BR\"},{\"@type\":\"Person\",\"@id\":\"https:\/\/www.gaveanews.com\/#\/schema\/person\/c88645e3d550d0b6574305e67dd5a716\",\"name\":\"Reda\u00e7\u00e3o\",\"image\":{\"@type\":\"ImageObject\",\"inLanguage\":\"pt-BR\",\"@id\":\"https:\/\/www.gaveanews.com\/#\/schema\/person\/image\/\",\"url\":\"https:\/\/secure.gravatar.com\/avatar\/434098fd823f0dc1b062d14ca22bacaa6e38de28d8c816bbef6fc2f8c44d8ba3?s=96&d=mm&r=g\",\"contentUrl\":\"https:\/\/secure.gravatar.com\/avatar\/434098fd823f0dc1b062d14ca22bacaa6e38de28d8c816bbef6fc2f8c44d8ba3?s=96&d=mm&r=g\",\"caption\":\"Reda\u00e7\u00e3o\"}}]}<\/script>\n<!-- \/ Yoast SEO Premium plugin. -->","yoast_head_json":{"title":"Filipe Lu\u00eds revela preocupa\u00e7\u00e3o excessiva com L\u00e9o Ortiz, do Flamengo","robots":{"index":"index","follow":"follow","max-snippet":"max-snippet:-1","max-image-preview":"max-image-preview:large","max-video-preview":"max-video-preview:-1"},"canonical":"https:\/\/www.gaveanews.com\/index.php\/2025\/10\/23\/filipe-luis-revela-preocupacao-excessiva-com-leo-ortiz-do-flamengo\/","og_locale":"pt_BR","og_type":"article","og_title":"Filipe Lu\u00eds revela preocupa\u00e7\u00e3o excessiva com L\u00e9o Ortiz, do Flamengo","og_description":"O Flamengo abriu vantagem na semifinal da Libertadores ao vencer o Racing por 1 a 0 no Maracan\u00e3, na quinta-feira (22 de outubro). Em coletiva, o t\u00e9cnico Filipe Lu\u00eds tratou da atua\u00e7\u00e3o e das condi\u00e7\u00f5es f\u00edsicas do elenco, principalmente de olho no duelo de volta, que ser\u00e1 na quarta-feira (29 de outubro), \u00e0s 21h30 (hor\u00e1rio [&hellip;]","og_url":"https:\/\/www.gaveanews.com\/index.php\/2025\/10\/23\/filipe-luis-revela-preocupacao-excessiva-com-leo-ortiz-do-flamengo\/","og_site_name":"G\u00e1vea News","article_publisher":"https:\/\/facebook.com\/gaveaNews\/","article_published_time":"2025-10-23T18:45:00+00:00","og_image":[{"width":900,"height":599,"url":"https:\/\/www.gaveanews.com\/wp-content\/uploads\/leo-ortiz-flamengo.webp","type":"image\/jpeg"}],"author":"Reda\u00e7\u00e3o","twitter_card":"summary_large_image","twitter_misc":{"Escrito por":"Reda\u00e7\u00e3o","Est. tempo de leitura":"3 minutos"},"schema":{"@context":"https:\/\/schema.org","@graph":[{"@type":"NewsArticle","@id":"https:\/\/www.gaveanews.com\/index.php\/2025\/10\/23\/filipe-luis-revela-preocupacao-excessiva-com-leo-ortiz-do-flamengo\/#article","isPartOf":{"@id":"https:\/\/www.gaveanews.com\/index.php\/2025\/10\/23\/filipe-luis-revela-preocupacao-excessiva-com-leo-ortiz-do-flamengo\/"},"author":{"name":"Reda\u00e7\u00e3o","@id":"https:\/\/www.gaveanews.com\/#\/schema\/person\/c88645e3d550d0b6574305e67dd5a716"},"headline":"Filipe Lu\u00eds revela preocupa\u00e7\u00e3o excessiva com L\u00e9o Ortiz, do Flamengo","datePublished":"2025-10-23T18:45:00+00:00","mainEntityOfPage":{"@id":"https:\/\/www.gaveanews.com\/index.php\/2025\/10\/23\/filipe-luis-revela-preocupacao-excessiva-com-leo-ortiz-do-flamengo\/"},"wordCount":453,"commentCount":0,"image":{"@id":"https:\/\/www.gaveanews.com\/index.php\/2025\/10\/23\/filipe-luis-revela-preocupacao-excessiva-com-leo-ortiz-do-flamengo\/#primaryimage"},"thumbnailUrl":"https:\/\/www.gaveanews.com\/wp-content\/uploads\/leo-ortiz-flamengo.webp","articleSection":["Flamengo"],"inLanguage":"pt-BR","potentialAction":[{"@type":"CommentAction","name":"Comment","target":["https:\/\/www.gaveanews.com\/index.php\/2025\/10\/23\/filipe-luis-revela-preocupacao-excessiva-com-leo-ortiz-do-flamengo\/#respond"]}],"copyrightYear":"2025","copyrightHolder":{"@id":"https:\/\/www.gaveanews.com\/#organization"}},{"@type":"WebPage","@id":"https:\/\/www.gaveanews.com\/index.php\/2025\/10\/23\/filipe-luis-revela-preocupacao-excessiva-com-leo-ortiz-do-flamengo\/","url":"https:\/\/www.gaveanews.com\/index.php\/2025\/10\/23\/filipe-luis-revela-preocupacao-excessiva-com-leo-ortiz-do-flamengo\/","name":"Filipe Lu\u00eds revela preocupa\u00e7\u00e3o excessiva com L\u00e9o Ortiz, do Flamengo","isPartOf":{"@id":"https:\/\/www.gaveanews.com\/#website"},"primaryImageOfPage":{"@id":"https:\/\/www.gaveanews.com\/index.php\/2025\/10\/23\/filipe-luis-revela-preocupacao-excessiva-com-leo-ortiz-do-flamengo\/#primaryimage"},"image":{"@id":"https:\/\/www.gaveanews.com\/index.php\/2025\/10\/23\/filipe-luis-revela-preocupacao-excessiva-com-leo-ortiz-do-flamengo\/#primaryimage"},"thumbnailUrl":"https:\/\/www.gaveanews.com\/wp-content\/uploads\/leo-ortiz-flamengo.webp","datePublished":"2025-10-23T18:45:00+00:00","author":{"@id":"https:\/\/www.gaveanews.com\/#\/schema\/person\/c88645e3d550d0b6574305e67dd5a716"},"breadcrumb":{"@id":"https:\/\/www.gaveanews.com\/index.php\/2025\/10\/23\/filipe-luis-revela-preocupacao-excessiva-com-leo-ortiz-do-flamengo\/#breadcrumb"},"inLanguage":"pt-BR","potentialAction":[{"@type":"ReadAction","target":["https:\/\/www.gaveanews.com\/index.php\/2025\/10\/23\/filipe-luis-revela-preocupacao-excessiva-com-leo-ortiz-do-flamengo\/"]}]},{"@type":"ImageObject","inLanguage":"pt-BR","@id":"https:\/\/www.gaveanews.com\/index.php\/2025\/10\/23\/filipe-luis-revela-preocupacao-excessiva-com-leo-ortiz-do-flamengo\/#primaryimage","url":"https:\/\/www.gaveanews.com\/wp-content\/uploads\/leo-ortiz-flamengo.webp","contentUrl":"https:\/\/www.gaveanews.com\/wp-content\/uploads\/leo-ortiz-flamengo.webp","width":900,"height":599,"caption":"L\u00e9o Ortiz em a\u00e7\u00e3o pelo Flamengo (Foto: Marcelo Cortes\/Flamengo)"},{"@type":"BreadcrumbList","@id":"https:\/\/www.gaveanews.com\/index.php\/2025\/10\/23\/filipe-luis-revela-preocupacao-excessiva-com-leo-ortiz-do-flamengo\/#breadcrumb","itemListElement":[{"@type":"ListItem","position":1,"name":"Home","item":"https:\/\/www.gaveanews.com\/"},{"@type":"ListItem","position":2,"name":"Filipe Lu\u00eds revela preocupa\u00e7\u00e3o excessiva com L\u00e9o Ortiz, do Flamengo"}]},{"@type":"WebSite","@id":"https:\/\/www.gaveanews.com\/#website","url":"https:\/\/www.gaveanews.com\/","name":"G\u00e1vea News","description":"Veja todas as not\u00edcias sobre o Flamengo: Contrata\u00e7\u00f5es, categorias de base, resultados das partidas, tabela de classifica\u00e7\u00e3o, pr\u00f3ximos jogos!","potentialAction":[{"@type":"SearchAction","target":{"@type":"EntryPoint","urlTemplate":"https:\/\/www.gaveanews.com\/?s={search_term_string}"},"query-input":{"@type":"PropertyValueSpecification","valueRequired":true,"valueName":"search_term_string"}}],"inLanguage":"pt-BR"},{"@type":"Person","@id":"https:\/\/www.gaveanews.com\/#\/schema\/person\/c88645e3d550d0b6574305e67dd5a716","name":"Reda\u00e7\u00e3o","image":{"@type":"ImageObject","inLanguage":"pt-BR","@id":"https:\/\/www.gaveanews.com\/#\/schema\/person\/image\/","url":"https:\/\/secure.gravatar.com\/avatar\/434098fd823f0dc1b062d14ca22bacaa6e38de28d8c816bbef6fc2f8c44d8ba3?s=96&d=mm&r=g","contentUrl":"https:\/\/secure.gravatar.com\/avatar\/434098fd823f0dc1b062d14ca22bacaa6e38de28d8c816bbef6fc2f8c44d8ba3?s=96&d=mm&r=g","caption":"Reda\u00e7\u00e3o"}}]}},"_links":{"self":[{"href":"https:\/\/www.gaveanews.com\/index.php\/wp-json\/wp\/v2\/posts\/279163","targetHints":{"allow":["GET"]}}],"collection":[{"href":"https:\/\/www.gaveanews.com\/index.php\/wp-json\/wp\/v2\/posts"}],"about":[{"href":"https:\/\/www.gaveanews.com\/index.php\/wp-json\/wp\/v2\/types\/post"}],"author":[{"embeddable":true,"href":"https:\/\/www.gaveanews.com\/index.php\/wp-json\/wp\/v2\/users\/39"}],"replies":[{"embeddable":true,"href":"https:\/\/www.gaveanews.com\/index.php\/wp-json\/wp\/v2\/comments?post=279163"}],"version-history":[{"count":1,"href":"https:\/\/www.gaveanews.com\/index.php\/wp-json\/wp\/v2\/posts\/279163\/revisions"}],"predecessor-version":[{"id":279166,"href":"https:\/\/www.gaveanews.com\/index.php\/wp-json\/wp\/v2\/posts\/279163\/revisions\/279166"}],"wp:featuredmedia":[{"embeddable":true,"href":"https:\/\/www.gaveanews.com\/index.php\/wp-json\/wp\/v2\/media\/145524"}],"wp:attachment":[{"href":"https:\/\/www.gaveanews.com\/index.php\/wp-json\/wp\/v2\/media?parent=279163"}],"wp:term":[{"taxonomy":"category","embeddable":true,"href":"https:\/\/www.gaveanews.com\/index.php\/wp-json\/wp\/v2\/categories?post=279163"},{"taxonomy":"post_tag","embeddable":true,"href":"https:\/\/www.gaveanews.com\/index.php\/wp-json\/wp\/v2\/tags?post=279163"}],"curies":[{"name":"wp","href":"https:\/\/api.w.org\/{rel}","templated":true}]}}