{"id":279176,"date":"2025-10-23T17:00:00","date_gmt":"2025-10-23T20:00:00","guid":{"rendered":"https:\/\/www.gaveanews.com\/?p=279176"},"modified":"2025-10-23T16:30:16","modified_gmt":"2025-10-23T19:30:16","slug":"arrascaeta-da-forte-declaracao-sobre-a-partida-de-volta-entre-flamengo-e-racing","status":"publish","type":"post","link":"https:\/\/www.gaveanews.com\/index.php\/2025\/10\/23\/arrascaeta-da-forte-declaracao-sobre-a-partida-de-volta-entre-flamengo-e-racing\/","title":{"rendered":"Arrascaeta d\u00e1 forte declara\u00e7\u00e3o sobre a partida de volta entre Flamengo e Racing"},"content":{"rendered":"\n<p>O <a href=\"https:\/\/www.gaveanews.com\/index.php\/category\/brasileirao\/flamengo\/\" target=\"_blank\" rel=\"noopener noreferrer\">Flamengo<\/a> venceu o Racing por 1 a 0 no Maracan\u00e3, na quarta-feira (22 de outubro), e saiu em vantagem nas semifinais da Libertadores. O gol foi marcado por Jorge Carrascal, em noite de reclama\u00e7\u00f5es de parte dos torcedores pelo placar curto.<\/p>\n\n\n\n<p>Ap\u00f3s o jogo, Arrascaeta rebateu as compara\u00e7\u00f5es com o estadual e valorizou o resultado no Maracan\u00e3. \u201c\u00c9 semifinal de Libertadores, n\u00e3o \u00e9 jogo do Carioca. Temos que estar preparados para qualquer situa\u00e7\u00e3o l\u00e1. Grande time que tem conquistado coisas importantes, vai ser t\u00e3o duro como foi hoje\u201d.<\/p>\n\n\n\n<p>O meia tamb\u00e9m destacou o car\u00e1ter f\u00edsico do duelo e a import\u00e2ncia da vantagem m\u00ednima para encarar a volta na Argentina.<\/p>\n\n\n\n<p>\u201cFoi um jogo muito f\u00edsico porque o time deles disputa todas as bolas, se defende muito bem, mas conseguimos uma vantagem que vai ser muito importante para o jogo da volta, que com certeza vai ser como hoje ou ainda mais dif\u00edcil\u201d.<\/p>\n\n\n\n<p>Arrascaeta tamb\u00e9m pediu foco imediato no Brasileir\u00e3o. O Flamengo enfrenta o Fortaleza no s\u00e1bado (25 de outubro), \u00e0s 19h30 (hor\u00e1rio de Bras\u00edlia), no Castel\u00e3o, pela 30\u00aa rodada da competi\u00e7\u00e3o.<\/p>\n\n\n\n<p>\u201cSab\u00edamos que ia ser muito dif\u00edcil, importante a vit\u00f3ria em casa. Mas agora \u00e9 pensar no Fortaleza e depois no jogo da volta. Final de temporada \u00e9 loucura, cada jogo a equipe tem que se comportar como final. O mais importante \u00e9 todo mundo estar 100% para fazer um grande jogo, que vamos enfrentar um time que necessita de pontos. Se (Filipe) me colocar, vou jogar.\u201d<\/p>\n\n\n\n<p>A partida de volta est\u00e1 marcada para a quarta-feira (29 de outubro), \u00e0s 21h30 (hor\u00e1rio de Bras\u00edlia), no Est\u00e1dio El Cilindro, em Avellaneda. O Rubro-Negro joga por um empate para avan\u00e7ar. Os argentinos precisam de vit\u00f3ria por dois gols. Se vencerem por um gol, a decis\u00e3o vai para os p\u00eanaltis.<\/p>\n","protected":false},"excerpt":{"rendered":"<p>O Flamengo venceu o Racing por 1 a 0 no Maracan\u00e3, na quarta-feira (22 de outubro), e saiu em vantagem nas semifinais da Libertadores. O gol foi marcado por Jorge Carrascal, em noite de reclama\u00e7\u00f5es de parte dos torcedores pelo placar curto. Ap\u00f3s o jogo, Arrascaeta rebateu as compara\u00e7\u00f5es com o estadual e valorizou o [&hellip;]<\/p>\n","protected":false},"author":39,"featured_media":218093,"comment_status":"open","ping_status":"closed","sticky":false,"template":"","format":"standard","meta":{"footnotes":""},"categories":[1],"tags":[],"class_list":["post-279176","post","type-post","status-publish","format-standard","has-post-thumbnail","hentry","category-flamengo"],"yoast_head":"<!-- This site is optimized with the Yoast SEO Premium plugin v24.2 (Yoast SEO v26.9) - https:\/\/yoast.com\/product\/yoast-seo-premium-wordpress\/ -->\n<title>Arrascaeta d\u00e1 forte declara\u00e7\u00e3o sobre a partida de volta entre Flamengo e Racing<\/title>\n<meta name=\"robots\" content=\"index, follow, max-snippet:-1, max-image-preview:large, max-video-preview:-1\" \/>\n<link rel=\"canonical\" href=\"https:\/\/www.gaveanews.com\/index.php\/2025\/10\/23\/arrascaeta-da-forte-declaracao-sobre-a-partida-de-volta-entre-flamengo-e-racing\/\" \/>\n<meta property=\"og:locale\" content=\"pt_BR\" \/>\n<meta property=\"og:type\" content=\"article\" \/>\n<meta property=\"og:title\" content=\"Arrascaeta d\u00e1 forte declara\u00e7\u00e3o sobre a partida de volta entre Flamengo e Racing\" \/>\n<meta property=\"og:description\" content=\"O Flamengo venceu o Racing por 1 a 0 no Maracan\u00e3, na quarta-feira (22 de outubro), e saiu em vantagem nas semifinais da Libertadores. O gol foi marcado por Jorge Carrascal, em noite de reclama\u00e7\u00f5es de parte dos torcedores pelo placar curto. Ap\u00f3s o jogo, Arrascaeta rebateu as compara\u00e7\u00f5es com o estadual e valorizou o [&hellip;]\" \/>\n<meta property=\"og:url\" content=\"https:\/\/www.gaveanews.com\/index.php\/2025\/10\/23\/arrascaeta-da-forte-declaracao-sobre-a-partida-de-volta-entre-flamengo-e-racing\/\" \/>\n<meta property=\"og:site_name\" content=\"G\u00e1vea News\" \/>\n<meta property=\"article:publisher\" content=\"https:\/\/facebook.com\/gaveaNews\/\" \/>\n<meta property=\"article:published_time\" content=\"2025-10-23T20:00:00+00:00\" \/>\n<meta property=\"og:image\" content=\"https:\/\/www.gaveanews.com\/wp-content\/uploads\/Arrascaeta-estreia-camisa-10-do-Flamengo.webp\" \/>\n\t<meta property=\"og:image:width\" content=\"489\" \/>\n\t<meta property=\"og:image:height\" content=\"581\" \/>\n\t<meta property=\"og:image:type\" content=\"image\/jpeg\" \/>\n<meta name=\"author\" content=\"Reda\u00e7\u00e3o\" \/>\n<meta name=\"twitter:card\" content=\"summary_large_image\" \/>\n<meta name=\"twitter:label1\" content=\"Escrito por\" \/>\n\t<meta name=\"twitter:data1\" content=\"Reda\u00e7\u00e3o\" \/>\n\t<meta name=\"twitter:label2\" content=\"Est. tempo de leitura\" \/>\n\t<meta name=\"twitter:data2\" content=\"2 minutos\" \/>\n<script type=\"application\/ld+json\" class=\"yoast-schema-graph\">{\"@context\":\"https:\/\/schema.org\",\"@graph\":[{\"@type\":\"NewsArticle\",\"@id\":\"https:\/\/www.gaveanews.com\/index.php\/2025\/10\/23\/arrascaeta-da-forte-declaracao-sobre-a-partida-de-volta-entre-flamengo-e-racing\/#article\",\"isPartOf\":{\"@id\":\"https:\/\/www.gaveanews.com\/index.php\/2025\/10\/23\/arrascaeta-da-forte-declaracao-sobre-a-partida-de-volta-entre-flamengo-e-racing\/\"},\"author\":{\"name\":\"Reda\u00e7\u00e3o\",\"@id\":\"https:\/\/www.gaveanews.com\/#\/schema\/person\/c88645e3d550d0b6574305e67dd5a716\"},\"headline\":\"Arrascaeta d\u00e1 forte declara\u00e7\u00e3o sobre a partida de volta entre Flamengo e Racing\",\"datePublished\":\"2025-10-23T20:00:00+00:00\",\"mainEntityOfPage\":{\"@id\":\"https:\/\/www.gaveanews.com\/index.php\/2025\/10\/23\/arrascaeta-da-forte-declaracao-sobre-a-partida-de-volta-entre-flamengo-e-racing\/\"},\"wordCount\":329,\"commentCount\":0,\"image\":{\"@id\":\"https:\/\/www.gaveanews.com\/index.php\/2025\/10\/23\/arrascaeta-da-forte-declaracao-sobre-a-partida-de-volta-entre-flamengo-e-racing\/#primaryimage\"},\"thumbnailUrl\":\"https:\/\/www.gaveanews.com\/wp-content\/uploads\/Arrascaeta-estreia-camisa-10-do-Flamengo.webp\",\"articleSection\":[\"Flamengo\"],\"inLanguage\":\"pt-BR\",\"potentialAction\":[{\"@type\":\"CommentAction\",\"name\":\"Comment\",\"target\":[\"https:\/\/www.gaveanews.com\/index.php\/2025\/10\/23\/arrascaeta-da-forte-declaracao-sobre-a-partida-de-volta-entre-flamengo-e-racing\/#respond\"]}],\"copyrightYear\":\"2025\",\"copyrightHolder\":{\"@id\":\"https:\/\/www.gaveanews.com\/#organization\"}},{\"@type\":\"WebPage\",\"@id\":\"https:\/\/www.gaveanews.com\/index.php\/2025\/10\/23\/arrascaeta-da-forte-declaracao-sobre-a-partida-de-volta-entre-flamengo-e-racing\/\",\"url\":\"https:\/\/www.gaveanews.com\/index.php\/2025\/10\/23\/arrascaeta-da-forte-declaracao-sobre-a-partida-de-volta-entre-flamengo-e-racing\/\",\"name\":\"Arrascaeta d\u00e1 forte declara\u00e7\u00e3o sobre a partida de volta entre Flamengo e Racing\",\"isPartOf\":{\"@id\":\"https:\/\/www.gaveanews.com\/#website\"},\"primaryImageOfPage\":{\"@id\":\"https:\/\/www.gaveanews.com\/index.php\/2025\/10\/23\/arrascaeta-da-forte-declaracao-sobre-a-partida-de-volta-entre-flamengo-e-racing\/#primaryimage\"},\"image\":{\"@id\":\"https:\/\/www.gaveanews.com\/index.php\/2025\/10\/23\/arrascaeta-da-forte-declaracao-sobre-a-partida-de-volta-entre-flamengo-e-racing\/#primaryimage\"},\"thumbnailUrl\":\"https:\/\/www.gaveanews.com\/wp-content\/uploads\/Arrascaeta-estreia-camisa-10-do-Flamengo.webp\",\"datePublished\":\"2025-10-23T20:00:00+00:00\",\"author\":{\"@id\":\"https:\/\/www.gaveanews.com\/#\/schema\/person\/c88645e3d550d0b6574305e67dd5a716\"},\"breadcrumb\":{\"@id\":\"https:\/\/www.gaveanews.com\/index.php\/2025\/10\/23\/arrascaeta-da-forte-declaracao-sobre-a-partida-de-volta-entre-flamengo-e-racing\/#breadcrumb\"},\"inLanguage\":\"pt-BR\",\"potentialAction\":[{\"@type\":\"ReadAction\",\"target\":[\"https:\/\/www.gaveanews.com\/index.php\/2025\/10\/23\/arrascaeta-da-forte-declaracao-sobre-a-partida-de-volta-entre-flamengo-e-racing\/\"]}]},{\"@type\":\"ImageObject\",\"inLanguage\":\"pt-BR\",\"@id\":\"https:\/\/www.gaveanews.com\/index.php\/2025\/10\/23\/arrascaeta-da-forte-declaracao-sobre-a-partida-de-volta-entre-flamengo-e-racing\/#primaryimage\",\"url\":\"https:\/\/www.gaveanews.com\/wp-content\/uploads\/Arrascaeta-estreia-camisa-10-do-Flamengo.webp\",\"contentUrl\":\"https:\/\/www.gaveanews.com\/wp-content\/uploads\/Arrascaeta-estreia-camisa-10-do-Flamengo.webp\",\"width\":489,\"height\":581,\"caption\":\"Arrascaeta estreia camisa 10 do Flamengo (Foto: Gilvan de Souza\/Flamengo)\"},{\"@type\":\"BreadcrumbList\",\"@id\":\"https:\/\/www.gaveanews.com\/index.php\/2025\/10\/23\/arrascaeta-da-forte-declaracao-sobre-a-partida-de-volta-entre-flamengo-e-racing\/#breadcrumb\",\"itemListElement\":[{\"@type\":\"ListItem\",\"position\":1,\"name\":\"Home\",\"item\":\"https:\/\/www.gaveanews.com\/\"},{\"@type\":\"ListItem\",\"position\":2,\"name\":\"Arrascaeta d\u00e1 forte declara\u00e7\u00e3o sobre a partida de volta entre Flamengo e Racing\"}]},{\"@type\":\"WebSite\",\"@id\":\"https:\/\/www.gaveanews.com\/#website\",\"url\":\"https:\/\/www.gaveanews.com\/\",\"name\":\"G\u00e1vea News\",\"description\":\"Veja todas as not\u00edcias sobre o Flamengo: Contrata\u00e7\u00f5es, categorias de base, resultados das partidas, tabela de classifica\u00e7\u00e3o, pr\u00f3ximos jogos!\",\"potentialAction\":[{\"@type\":\"SearchAction\",\"target\":{\"@type\":\"EntryPoint\",\"urlTemplate\":\"https:\/\/www.gaveanews.com\/?s={search_term_string}\"},\"query-input\":{\"@type\":\"PropertyValueSpecification\",\"valueRequired\":true,\"valueName\":\"search_term_string\"}}],\"inLanguage\":\"pt-BR\"},{\"@type\":\"Person\",\"@id\":\"https:\/\/www.gaveanews.com\/#\/schema\/person\/c88645e3d550d0b6574305e67dd5a716\",\"name\":\"Reda\u00e7\u00e3o\",\"image\":{\"@type\":\"ImageObject\",\"inLanguage\":\"pt-BR\",\"@id\":\"https:\/\/www.gaveanews.com\/#\/schema\/person\/image\/\",\"url\":\"https:\/\/secure.gravatar.com\/avatar\/434098fd823f0dc1b062d14ca22bacaa6e38de28d8c816bbef6fc2f8c44d8ba3?s=96&d=mm&r=g\",\"contentUrl\":\"https:\/\/secure.gravatar.com\/avatar\/434098fd823f0dc1b062d14ca22bacaa6e38de28d8c816bbef6fc2f8c44d8ba3?s=96&d=mm&r=g\",\"caption\":\"Reda\u00e7\u00e3o\"}}]}<\/script>\n<!-- \/ Yoast SEO Premium plugin. -->","yoast_head_json":{"title":"Arrascaeta d\u00e1 forte declara\u00e7\u00e3o sobre a partida de volta entre Flamengo e Racing","robots":{"index":"index","follow":"follow","max-snippet":"max-snippet:-1","max-image-preview":"max-image-preview:large","max-video-preview":"max-video-preview:-1"},"canonical":"https:\/\/www.gaveanews.com\/index.php\/2025\/10\/23\/arrascaeta-da-forte-declaracao-sobre-a-partida-de-volta-entre-flamengo-e-racing\/","og_locale":"pt_BR","og_type":"article","og_title":"Arrascaeta d\u00e1 forte declara\u00e7\u00e3o sobre a partida de volta entre Flamengo e Racing","og_description":"O Flamengo venceu o Racing por 1 a 0 no Maracan\u00e3, na quarta-feira (22 de outubro), e saiu em vantagem nas semifinais da Libertadores. O gol foi marcado por Jorge Carrascal, em noite de reclama\u00e7\u00f5es de parte dos torcedores pelo placar curto. Ap\u00f3s o jogo, Arrascaeta rebateu as compara\u00e7\u00f5es com o estadual e valorizou o [&hellip;]","og_url":"https:\/\/www.gaveanews.com\/index.php\/2025\/10\/23\/arrascaeta-da-forte-declaracao-sobre-a-partida-de-volta-entre-flamengo-e-racing\/","og_site_name":"G\u00e1vea News","article_publisher":"https:\/\/facebook.com\/gaveaNews\/","article_published_time":"2025-10-23T20:00:00+00:00","og_image":[{"width":489,"height":581,"url":"https:\/\/www.gaveanews.com\/wp-content\/uploads\/Arrascaeta-estreia-camisa-10-do-Flamengo.webp","type":"image\/jpeg"}],"author":"Reda\u00e7\u00e3o","twitter_card":"summary_large_image","twitter_misc":{"Escrito por":"Reda\u00e7\u00e3o","Est. tempo de leitura":"2 minutos"},"schema":{"@context":"https:\/\/schema.org","@graph":[{"@type":"NewsArticle","@id":"https:\/\/www.gaveanews.com\/index.php\/2025\/10\/23\/arrascaeta-da-forte-declaracao-sobre-a-partida-de-volta-entre-flamengo-e-racing\/#article","isPartOf":{"@id":"https:\/\/www.gaveanews.com\/index.php\/2025\/10\/23\/arrascaeta-da-forte-declaracao-sobre-a-partida-de-volta-entre-flamengo-e-racing\/"},"author":{"name":"Reda\u00e7\u00e3o","@id":"https:\/\/www.gaveanews.com\/#\/schema\/person\/c88645e3d550d0b6574305e67dd5a716"},"headline":"Arrascaeta d\u00e1 forte declara\u00e7\u00e3o sobre a partida de volta entre Flamengo e Racing","datePublished":"2025-10-23T20:00:00+00:00","mainEntityOfPage":{"@id":"https:\/\/www.gaveanews.com\/index.php\/2025\/10\/23\/arrascaeta-da-forte-declaracao-sobre-a-partida-de-volta-entre-flamengo-e-racing\/"},"wordCount":329,"commentCount":0,"image":{"@id":"https:\/\/www.gaveanews.com\/index.php\/2025\/10\/23\/arrascaeta-da-forte-declaracao-sobre-a-partida-de-volta-entre-flamengo-e-racing\/#primaryimage"},"thumbnailUrl":"https:\/\/www.gaveanews.com\/wp-content\/uploads\/Arrascaeta-estreia-camisa-10-do-Flamengo.webp","articleSection":["Flamengo"],"inLanguage":"pt-BR","potentialAction":[{"@type":"CommentAction","name":"Comment","target":["https:\/\/www.gaveanews.com\/index.php\/2025\/10\/23\/arrascaeta-da-forte-declaracao-sobre-a-partida-de-volta-entre-flamengo-e-racing\/#respond"]}],"copyrightYear":"2025","copyrightHolder":{"@id":"https:\/\/www.gaveanews.com\/#organization"}},{"@type":"WebPage","@id":"https:\/\/www.gaveanews.com\/index.php\/2025\/10\/23\/arrascaeta-da-forte-declaracao-sobre-a-partida-de-volta-entre-flamengo-e-racing\/","url":"https:\/\/www.gaveanews.com\/index.php\/2025\/10\/23\/arrascaeta-da-forte-declaracao-sobre-a-partida-de-volta-entre-flamengo-e-racing\/","name":"Arrascaeta d\u00e1 forte declara\u00e7\u00e3o sobre a partida de volta entre Flamengo e Racing","isPartOf":{"@id":"https:\/\/www.gaveanews.com\/#website"},"primaryImageOfPage":{"@id":"https:\/\/www.gaveanews.com\/index.php\/2025\/10\/23\/arrascaeta-da-forte-declaracao-sobre-a-partida-de-volta-entre-flamengo-e-racing\/#primaryimage"},"image":{"@id":"https:\/\/www.gaveanews.com\/index.php\/2025\/10\/23\/arrascaeta-da-forte-declaracao-sobre-a-partida-de-volta-entre-flamengo-e-racing\/#primaryimage"},"thumbnailUrl":"https:\/\/www.gaveanews.com\/wp-content\/uploads\/Arrascaeta-estreia-camisa-10-do-Flamengo.webp","datePublished":"2025-10-23T20:00:00+00:00","author":{"@id":"https:\/\/www.gaveanews.com\/#\/schema\/person\/c88645e3d550d0b6574305e67dd5a716"},"breadcrumb":{"@id":"https:\/\/www.gaveanews.com\/index.php\/2025\/10\/23\/arrascaeta-da-forte-declaracao-sobre-a-partida-de-volta-entre-flamengo-e-racing\/#breadcrumb"},"inLanguage":"pt-BR","potentialAction":[{"@type":"ReadAction","target":["https:\/\/www.gaveanews.com\/index.php\/2025\/10\/23\/arrascaeta-da-forte-declaracao-sobre-a-partida-de-volta-entre-flamengo-e-racing\/"]}]},{"@type":"ImageObject","inLanguage":"pt-BR","@id":"https:\/\/www.gaveanews.com\/index.php\/2025\/10\/23\/arrascaeta-da-forte-declaracao-sobre-a-partida-de-volta-entre-flamengo-e-racing\/#primaryimage","url":"https:\/\/www.gaveanews.com\/wp-content\/uploads\/Arrascaeta-estreia-camisa-10-do-Flamengo.webp","contentUrl":"https:\/\/www.gaveanews.com\/wp-content\/uploads\/Arrascaeta-estreia-camisa-10-do-Flamengo.webp","width":489,"height":581,"caption":"Arrascaeta estreia camisa 10 do Flamengo (Foto: Gilvan de Souza\/Flamengo)"},{"@type":"BreadcrumbList","@id":"https:\/\/www.gaveanews.com\/index.php\/2025\/10\/23\/arrascaeta-da-forte-declaracao-sobre-a-partida-de-volta-entre-flamengo-e-racing\/#breadcrumb","itemListElement":[{"@type":"ListItem","position":1,"name":"Home","item":"https:\/\/www.gaveanews.com\/"},{"@type":"ListItem","position":2,"name":"Arrascaeta d\u00e1 forte declara\u00e7\u00e3o sobre a partida de volta entre Flamengo e Racing"}]},{"@type":"WebSite","@id":"https:\/\/www.gaveanews.com\/#website","url":"https:\/\/www.gaveanews.com\/","name":"G\u00e1vea News","description":"Veja todas as not\u00edcias sobre o Flamengo: Contrata\u00e7\u00f5es, categorias de base, resultados das partidas, tabela de classifica\u00e7\u00e3o, pr\u00f3ximos jogos!","potentialAction":[{"@type":"SearchAction","target":{"@type":"EntryPoint","urlTemplate":"https:\/\/www.gaveanews.com\/?s={search_term_string}"},"query-input":{"@type":"PropertyValueSpecification","valueRequired":true,"valueName":"search_term_string"}}],"inLanguage":"pt-BR"},{"@type":"Person","@id":"https:\/\/www.gaveanews.com\/#\/schema\/person\/c88645e3d550d0b6574305e67dd5a716","name":"Reda\u00e7\u00e3o","image":{"@type":"ImageObject","inLanguage":"pt-BR","@id":"https:\/\/www.gaveanews.com\/#\/schema\/person\/image\/","url":"https:\/\/secure.gravatar.com\/avatar\/434098fd823f0dc1b062d14ca22bacaa6e38de28d8c816bbef6fc2f8c44d8ba3?s=96&d=mm&r=g","contentUrl":"https:\/\/secure.gravatar.com\/avatar\/434098fd823f0dc1b062d14ca22bacaa6e38de28d8c816bbef6fc2f8c44d8ba3?s=96&d=mm&r=g","caption":"Reda\u00e7\u00e3o"}}]}},"_links":{"self":[{"href":"https:\/\/www.gaveanews.com\/index.php\/wp-json\/wp\/v2\/posts\/279176","targetHints":{"allow":["GET"]}}],"collection":[{"href":"https:\/\/www.gaveanews.com\/index.php\/wp-json\/wp\/v2\/posts"}],"about":[{"href":"https:\/\/www.gaveanews.com\/index.php\/wp-json\/wp\/v2\/types\/post"}],"author":[{"embeddable":true,"href":"https:\/\/www.gaveanews.com\/index.php\/wp-json\/wp\/v2\/users\/39"}],"replies":[{"embeddable":true,"href":"https:\/\/www.gaveanews.com\/index.php\/wp-json\/wp\/v2\/comments?post=279176"}],"version-history":[{"count":1,"href":"https:\/\/www.gaveanews.com\/index.php\/wp-json\/wp\/v2\/posts\/279176\/revisions"}],"predecessor-version":[{"id":279180,"href":"https:\/\/www.gaveanews.com\/index.php\/wp-json\/wp\/v2\/posts\/279176\/revisions\/279180"}],"wp:featuredmedia":[{"embeddable":true,"href":"https:\/\/www.gaveanews.com\/index.php\/wp-json\/wp\/v2\/media\/218093"}],"wp:attachment":[{"href":"https:\/\/www.gaveanews.com\/index.php\/wp-json\/wp\/v2\/media?parent=279176"}],"wp:term":[{"taxonomy":"category","embeddable":true,"href":"https:\/\/www.gaveanews.com\/index.php\/wp-json\/wp\/v2\/categories?post=279176"},{"taxonomy":"post_tag","embeddable":true,"href":"https:\/\/www.gaveanews.com\/index.php\/wp-json\/wp\/v2\/tags?post=279176"}],"curies":[{"name":"wp","href":"https:\/\/api.w.org\/{rel}","templated":true}]}}