{"id":279179,"date":"2025-10-23T19:00:00","date_gmt":"2025-10-23T22:00:00","guid":{"rendered":"https:\/\/www.gaveanews.com\/?p=279179"},"modified":"2025-10-23T17:42:06","modified_gmt":"2025-10-23T20:42:06","slug":"lesao-de-pedro-pedido-importante-de-bruno-henrique-e-leilao-do-maracana-as-ultimas-noticias-do-flamengo","status":"publish","type":"post","link":"https:\/\/www.gaveanews.com\/index.php\/2025\/10\/23\/lesao-de-pedro-pedido-importante-de-bruno-henrique-e-leilao-do-maracana-as-ultimas-noticias-do-flamengo\/","title":{"rendered":"Les\u00e3o de Pedro, pedido importante de Bruno Henrique e leil\u00e3o do Maracan\u00e3: as \u00faltimas not\u00edcias do Flamengo"},"content":{"rendered":"\n<p>No giro de hoje: o <a href=\"https:\/\/www.gaveanews.com\/index.php\/category\/brasileirao\/flamengo\/\" target=\"_blank\" rel=\"noopener noreferrer\">Flamengo<\/a> lida com a fratura no antebra\u00e7o direito de Pedro ap\u00f3s a vit\u00f3ria por 1 a 0 sobre o Racing na semifinal da Libertadores; Bruno Henrique saiu do banco, participou diretamente do lance do gol de Carrascal e abriu o jogo sobre sua fun\u00e7\u00e3o no elenco; e, na Alerj, a CCJ incluiu o Complexo do Maracan\u00e3 na lista de bens pass\u00edveis de aliena\u00e7\u00e3o para ajudar a reduzir a d\u00edvida do Estado do Rio. Abaixo, os destaques que ajudam a entender os pr\u00f3ximos passos dentro e fora de campo.<\/p>\n\n\n\n<h2 class=\"wp-block-heading\" id=\"h-lesao-de-pedro-e-proximos-passos-no-flamengo\">Les\u00e3o de Pedro e pr\u00f3ximos passos no Flamengo<\/h2>\n\n\n\n<p>O atacante Pedro deixou o gramado imobilizado ap\u00f3s choque com o goleiro Sosa, aos 3 minutos do segundo tempo, na vit\u00f3ria do Flamengo por 1 a 0 sobre o Racing, pela semifinal da Libertadores. Ap\u00f3s exames feitos na madrugada desta quinta-feira (23 de outubro), ficou confirmada fratura no antebra\u00e7o direito. O jogador ainda permaneceu alguns minutos em campo antes de ser substitu\u00eddo por Bruno Henrique, em um lance que gerou preocupa\u00e7\u00e3o imediata no banco rubro\u2011negro.<\/p>\n\n\n\n<p>\u201cSubstitu\u00eddo com dores no bra\u00e7o direito no segundo tempo de Flamengo 1 x 0 Racing, em jogo v\u00e1lido pela CONMEBOL Libertadores, o atacante Pedro passou por exames de imagem ainda na madrugada desta quinta-feira (23). O laudo apontou fratura sem desvio na ulna. O jogador ser\u00e1 reavaliado hoje pelo Departamento M\u00e9dico do clube para estabelecer o planejamento de recupera\u00e7\u00e3o.\u201d<\/p>\n\n\n\n<p>O diagn\u00f3stico de fratura sem desvio na ulna indica aus\u00eancia de desalinhamento \u00f3sseo, o que torna a recupera\u00e7\u00e3o menos complexa e dispensa cirurgia. O protocolo inicial definido pelo departamento m\u00e9dico prev\u00ea imobiliza\u00e7\u00e3o, controle de dor e acompanhamento di\u00e1rio da consolida\u00e7\u00e3o \u00f3ssea, com nova avalia\u00e7\u00e3o ainda no mesmo dia para guiar a evolu\u00e7\u00e3o do tratamento.<\/p>\n\n\n\n<p>A comiss\u00e3o t\u00e9cnica e o departamento m\u00e9dico analisam se Pedro poder\u00e1 seguir atuando durante a recupera\u00e7\u00e3o. Por ora, n\u00e3o h\u00e1 defini\u00e7\u00e3o sobre sua presen\u00e7a nos pr\u00f3ximos compromissos do Brasileir\u00e3o e no duelo de volta da semifinal da Libertadores, marcado para quarta-feira (29 de outubro), na Argentina. A libera\u00e7\u00e3o depender\u00e1 da resposta cl\u00ednica e da seguran\u00e7a para retorno gradual aos treinos.<\/p>\n\n\n\n<h2 class=\"wp-block-heading\" id=\"h-bruno-henrique-sai-do-banco-participa-do-gol-e-projeta-decisao\">Bruno Henrique sai do banco, participa do gol e projeta decis\u00e3o<\/h2>\n\n\n\n<p>Bruno Henrique entrou aos 26 minutos do segundo tempo e participou diretamente da jogada que culminou no gol de Carrascal, garantindo a vit\u00f3ria por 1 a 0 no Maracan\u00e3. Em poucos minutos, o camisa 27 foi decisivo na constru\u00e7\u00e3o do resultado que d\u00e1 ao Flamengo a vantagem para a partida de volta contra o Racing.<\/p>\n\n\n\n<p>\u201cQuando o Filipe (Lu\u00eds) conversou comigo, deixei bem claro para ele que estou para ajudar, independente se jogar ou n\u00e3o. Ele entendeu super bem isso. O Pedro vive um grande momento, tem que jogar mesmo, \u00e9 um centroavante de Sele\u00e7\u00e3o Brasileira.\u201d<\/p>\n\n\n\n<p>\u201cEstava jogando fora de posi\u00e7\u00e3o, n\u00e3o gosto muito de jogar de 9. Conversei com o Filipe, ele entendeu. \u00c9 saber lidar com a situa\u00e7\u00e3o. Ficar no banco \u00e9 ruim, mas entendo o que o treinador pede para todos. Todo mundo est\u00e1 no dia a dia para trabalhar e jogar. Tem que jogar os melhores mesmo.\u201d<\/p>\n\n\n\n<p>O resultado em casa foi valorizado diante das dificuldades impostas por um rival organizado. Na volta, em Avellaneda, na quarta-feira (29), \u00e0s 21h30 (de Bras\u00edlia), o Flamengo joga pelo empate para avan\u00e7ar. O Racing precisa vencer por dois gols de diferen\u00e7a no tempo regulamentar; se ganhar por um gol, a decis\u00e3o ir\u00e1 para os p\u00eanaltis.<\/p>\n\n\n\n<h2 class=\"wp-block-heading\" id=\"h-ccj-da-alerj-inclui-maracana-em-lista-de-alienacao\">CCJ da Alerj inclui Maracan\u00e3 em lista de aliena\u00e7\u00e3o<\/h2>\n\n\n\n<p>A Comiss\u00e3o de Constitui\u00e7\u00e3o e Justi\u00e7a da Alerj aprovou parecer que inclui o Complexo do Maracan\u00e3 entre os bens que podem ser alienados para reduzir a d\u00edvida estadual, no \u00e2mbito da revis\u00e3o do Projeto de Lei Complementar 40\/2025. A rela\u00e7\u00e3o de im\u00f3veis passou de 48 para 62: foram retirados 16 e inclu\u00eddos 30, entre eles o 6\u00b0 BPM da Tijuca, a Aldeia Maracan\u00e3 e 28 im\u00f3veis da Uerj; sa\u00edram o Complexo Esportivo Caio Martins, o Batalh\u00e3o da PM do Leblon e a Escola de M\u00fasica Villa\u2011Lobos. O texto ainda precisa ser votado em plen\u00e1rio.<\/p>\n\n\n\n<p>\u201cO governo paga fortunas de manuten\u00e7\u00e3o do Complexo do Maracan\u00e3, em torno de R$ 1 milh\u00e3o por partida. J\u00e1 a Aldeia Maracan\u00e3, de 14 mil metros quadrados, est\u00e1 em situa\u00e7\u00e3o prec\u00e1ria e sem uso social definido\u201d.<\/p>\n\n\n\n<p>\u201cTiramos 12 im\u00f3veis com destina\u00e7\u00e3o p\u00fablica confirmada e outros quatro a pedido dos deputados, ap\u00f3s as inspe\u00e7\u00f5es\u201d.<\/p>\n\n\n\n<p>O governo estadual estima arrecadar cerca de R$ 1,5 bilh\u00e3o com as vendas para ajudar a fechar um d\u00e9ficit pr\u00f3ximo de R$ 19 bilh\u00f5es em 2026. A proposta se vincula ao Propag, que permite usar ativos p\u00fablicos para abater d\u00e9bitos com a Uni\u00e3o; segundo a pe\u00e7a or\u00e7ament\u00e1ria, o Rio projeta R$ 12,3 bilh\u00f5es em servi\u00e7o da d\u00edvida no pr\u00f3ximo ano. Apesar do debate sobre aliena\u00e7\u00e3o, o Maracan\u00e3 segue sob concess\u00e3o de 20 anos ao cons\u00f3rcio Flamengo (65%) e <a href=\"https:\/\/www.gaveanews.com\/index.php\/category\/brasileirao\/fluminense\/\" target=\"_blank\" rel=\"noopener noreferrer\">Fluminense<\/a> (35%), firmado em setembro de 2024, com pagamento anual de R$ 20 milh\u00f5es e R$ 186 milh\u00f5es em investimentos. Em outubro de 2025, a Casa Civil iniciou an\u00e1lise t\u00e9cnica da proposta de comercializa\u00e7\u00e3o dos naming rights apresentada pelos clubes.<\/p>\n","protected":false},"excerpt":{"rendered":"<p>No giro de hoje: o Flamengo lida com a fratura no antebra\u00e7o direito de Pedro ap\u00f3s a vit\u00f3ria por 1 a 0 sobre o Racing na semifinal da Libertadores; Bruno Henrique saiu do banco, participou diretamente do lance do gol de Carrascal e abriu o jogo sobre sua fun\u00e7\u00e3o no elenco; e, na Alerj, a [&hellip;]<\/p>\n","protected":false},"author":39,"featured_media":254998,"comment_status":"open","ping_status":"closed","sticky":false,"template":"","format":"standard","meta":{"footnotes":""},"categories":[1],"tags":[],"class_list":["post-279179","post","type-post","status-publish","format-standard","has-post-thumbnail","hentry","category-flamengo"],"yoast_head":"<!-- This site is optimized with the Yoast SEO Premium plugin v24.2 (Yoast SEO v26.9) - https:\/\/yoast.com\/product\/yoast-seo-premium-wordpress\/ -->\n<title>Les\u00e3o de Pedro, pedido importante de Bruno Henrique e leil\u00e3o do Maracan\u00e3: as \u00faltimas not\u00edcias do Flamengo<\/title>\n<meta name=\"robots\" content=\"index, follow, max-snippet:-1, max-image-preview:large, max-video-preview:-1\" \/>\n<link rel=\"canonical\" href=\"https:\/\/www.gaveanews.com\/index.php\/2025\/10\/23\/lesao-de-pedro-pedido-importante-de-bruno-henrique-e-leilao-do-maracana-as-ultimas-noticias-do-flamengo\/\" \/>\n<meta property=\"og:locale\" content=\"pt_BR\" \/>\n<meta property=\"og:type\" content=\"article\" \/>\n<meta property=\"og:title\" content=\"Les\u00e3o de Pedro, pedido importante de Bruno Henrique e leil\u00e3o do Maracan\u00e3: as \u00faltimas not\u00edcias do Flamengo\" \/>\n<meta property=\"og:description\" content=\"No giro de hoje: o Flamengo lida com a fratura no antebra\u00e7o direito de Pedro ap\u00f3s a vit\u00f3ria por 1 a 0 sobre o Racing na semifinal da Libertadores; Bruno Henrique saiu do banco, participou diretamente do lance do gol de Carrascal e abriu o jogo sobre sua fun\u00e7\u00e3o no elenco; e, na Alerj, a [&hellip;]\" \/>\n<meta property=\"og:url\" content=\"https:\/\/www.gaveanews.com\/index.php\/2025\/10\/23\/lesao-de-pedro-pedido-importante-de-bruno-henrique-e-leilao-do-maracana-as-ultimas-noticias-do-flamengo\/\" \/>\n<meta property=\"og:site_name\" content=\"G\u00e1vea News\" \/>\n<meta property=\"article:publisher\" content=\"https:\/\/facebook.com\/gaveaNews\/\" \/>\n<meta property=\"article:published_time\" content=\"2025-10-23T22:00:00+00:00\" \/>\n<meta property=\"og:image\" content=\"https:\/\/www.gaveanews.com\/wp-content\/uploads\/Pedro-volta-aos-campos-em-dia-de-goleada-do-Flamengo-no-Maracana.webp\" \/>\n\t<meta property=\"og:image:width\" content=\"1200\" \/>\n\t<meta property=\"og:image:height\" content=\"800\" \/>\n\t<meta property=\"og:image:type\" content=\"image\/png\" \/>\n<meta name=\"author\" content=\"Reda\u00e7\u00e3o\" \/>\n<meta name=\"twitter:card\" content=\"summary_large_image\" \/>\n<meta name=\"twitter:label1\" content=\"Escrito por\" \/>\n\t<meta name=\"twitter:data1\" content=\"Reda\u00e7\u00e3o\" \/>\n\t<meta name=\"twitter:label2\" content=\"Est. tempo de leitura\" \/>\n\t<meta name=\"twitter:data2\" content=\"5 minutos\" \/>\n<script type=\"application\/ld+json\" class=\"yoast-schema-graph\">{\"@context\":\"https:\/\/schema.org\",\"@graph\":[{\"@type\":\"NewsArticle\",\"@id\":\"https:\/\/www.gaveanews.com\/index.php\/2025\/10\/23\/lesao-de-pedro-pedido-importante-de-bruno-henrique-e-leilao-do-maracana-as-ultimas-noticias-do-flamengo\/#article\",\"isPartOf\":{\"@id\":\"https:\/\/www.gaveanews.com\/index.php\/2025\/10\/23\/lesao-de-pedro-pedido-importante-de-bruno-henrique-e-leilao-do-maracana-as-ultimas-noticias-do-flamengo\/\"},\"author\":{\"name\":\"Reda\u00e7\u00e3o\",\"@id\":\"https:\/\/www.gaveanews.com\/#\/schema\/person\/c88645e3d550d0b6574305e67dd5a716\"},\"headline\":\"Les\u00e3o de Pedro, pedido importante de Bruno Henrique e leil\u00e3o do Maracan\u00e3: as \u00faltimas not\u00edcias do Flamengo\",\"datePublished\":\"2025-10-23T22:00:00+00:00\",\"mainEntityOfPage\":{\"@id\":\"https:\/\/www.gaveanews.com\/index.php\/2025\/10\/23\/lesao-de-pedro-pedido-importante-de-bruno-henrique-e-leilao-do-maracana-as-ultimas-noticias-do-flamengo\/\"},\"wordCount\":923,\"commentCount\":0,\"image\":{\"@id\":\"https:\/\/www.gaveanews.com\/index.php\/2025\/10\/23\/lesao-de-pedro-pedido-importante-de-bruno-henrique-e-leilao-do-maracana-as-ultimas-noticias-do-flamengo\/#primaryimage\"},\"thumbnailUrl\":\"https:\/\/www.gaveanews.com\/wp-content\/uploads\/Pedro-volta-aos-campos-em-dia-de-goleada-do-Flamengo-no-Maracana.webp\",\"articleSection\":[\"Flamengo\"],\"inLanguage\":\"pt-BR\",\"potentialAction\":[{\"@type\":\"CommentAction\",\"name\":\"Comment\",\"target\":[\"https:\/\/www.gaveanews.com\/index.php\/2025\/10\/23\/lesao-de-pedro-pedido-importante-de-bruno-henrique-e-leilao-do-maracana-as-ultimas-noticias-do-flamengo\/#respond\"]}],\"copyrightYear\":\"2025\",\"copyrightHolder\":{\"@id\":\"https:\/\/www.gaveanews.com\/#organization\"}},{\"@type\":\"WebPage\",\"@id\":\"https:\/\/www.gaveanews.com\/index.php\/2025\/10\/23\/lesao-de-pedro-pedido-importante-de-bruno-henrique-e-leilao-do-maracana-as-ultimas-noticias-do-flamengo\/\",\"url\":\"https:\/\/www.gaveanews.com\/index.php\/2025\/10\/23\/lesao-de-pedro-pedido-importante-de-bruno-henrique-e-leilao-do-maracana-as-ultimas-noticias-do-flamengo\/\",\"name\":\"Les\u00e3o de Pedro, pedido importante de Bruno Henrique e leil\u00e3o do Maracan\u00e3: as \u00faltimas not\u00edcias do Flamengo\",\"isPartOf\":{\"@id\":\"https:\/\/www.gaveanews.com\/#website\"},\"primaryImageOfPage\":{\"@id\":\"https:\/\/www.gaveanews.com\/index.php\/2025\/10\/23\/lesao-de-pedro-pedido-importante-de-bruno-henrique-e-leilao-do-maracana-as-ultimas-noticias-do-flamengo\/#primaryimage\"},\"image\":{\"@id\":\"https:\/\/www.gaveanews.com\/index.php\/2025\/10\/23\/lesao-de-pedro-pedido-importante-de-bruno-henrique-e-leilao-do-maracana-as-ultimas-noticias-do-flamengo\/#primaryimage\"},\"thumbnailUrl\":\"https:\/\/www.gaveanews.com\/wp-content\/uploads\/Pedro-volta-aos-campos-em-dia-de-goleada-do-Flamengo-no-Maracana.webp\",\"datePublished\":\"2025-10-23T22:00:00+00:00\",\"author\":{\"@id\":\"https:\/\/www.gaveanews.com\/#\/schema\/person\/c88645e3d550d0b6574305e67dd5a716\"},\"breadcrumb\":{\"@id\":\"https:\/\/www.gaveanews.com\/index.php\/2025\/10\/23\/lesao-de-pedro-pedido-importante-de-bruno-henrique-e-leilao-do-maracana-as-ultimas-noticias-do-flamengo\/#breadcrumb\"},\"inLanguage\":\"pt-BR\",\"potentialAction\":[{\"@type\":\"ReadAction\",\"target\":[\"https:\/\/www.gaveanews.com\/index.php\/2025\/10\/23\/lesao-de-pedro-pedido-importante-de-bruno-henrique-e-leilao-do-maracana-as-ultimas-noticias-do-flamengo\/\"]}]},{\"@type\":\"ImageObject\",\"inLanguage\":\"pt-BR\",\"@id\":\"https:\/\/www.gaveanews.com\/index.php\/2025\/10\/23\/lesao-de-pedro-pedido-importante-de-bruno-henrique-e-leilao-do-maracana-as-ultimas-noticias-do-flamengo\/#primaryimage\",\"url\":\"https:\/\/www.gaveanews.com\/wp-content\/uploads\/Pedro-volta-aos-campos-em-dia-de-goleada-do-Flamengo-no-Maracana.webp\",\"contentUrl\":\"https:\/\/www.gaveanews.com\/wp-content\/uploads\/Pedro-volta-aos-campos-em-dia-de-goleada-do-Flamengo-no-Maracana.webp\",\"width\":1200,\"height\":800,\"caption\":\"Pedro volta aos campos em dia de goleada do Flamengo no Maracan\u00e3 - Foto: Gilvan de Souza\/Flamengo\"},{\"@type\":\"BreadcrumbList\",\"@id\":\"https:\/\/www.gaveanews.com\/index.php\/2025\/10\/23\/lesao-de-pedro-pedido-importante-de-bruno-henrique-e-leilao-do-maracana-as-ultimas-noticias-do-flamengo\/#breadcrumb\",\"itemListElement\":[{\"@type\":\"ListItem\",\"position\":1,\"name\":\"Home\",\"item\":\"https:\/\/www.gaveanews.com\/\"},{\"@type\":\"ListItem\",\"position\":2,\"name\":\"Les\u00e3o de Pedro, pedido importante de Bruno Henrique e leil\u00e3o do Maracan\u00e3: as \u00faltimas not\u00edcias do Flamengo\"}]},{\"@type\":\"WebSite\",\"@id\":\"https:\/\/www.gaveanews.com\/#website\",\"url\":\"https:\/\/www.gaveanews.com\/\",\"name\":\"G\u00e1vea News\",\"description\":\"Veja todas as not\u00edcias sobre o Flamengo: Contrata\u00e7\u00f5es, categorias de base, resultados das partidas, tabela de classifica\u00e7\u00e3o, pr\u00f3ximos jogos!\",\"potentialAction\":[{\"@type\":\"SearchAction\",\"target\":{\"@type\":\"EntryPoint\",\"urlTemplate\":\"https:\/\/www.gaveanews.com\/?s={search_term_string}\"},\"query-input\":{\"@type\":\"PropertyValueSpecification\",\"valueRequired\":true,\"valueName\":\"search_term_string\"}}],\"inLanguage\":\"pt-BR\"},{\"@type\":\"Person\",\"@id\":\"https:\/\/www.gaveanews.com\/#\/schema\/person\/c88645e3d550d0b6574305e67dd5a716\",\"name\":\"Reda\u00e7\u00e3o\",\"image\":{\"@type\":\"ImageObject\",\"inLanguage\":\"pt-BR\",\"@id\":\"https:\/\/www.gaveanews.com\/#\/schema\/person\/image\/\",\"url\":\"https:\/\/secure.gravatar.com\/avatar\/434098fd823f0dc1b062d14ca22bacaa6e38de28d8c816bbef6fc2f8c44d8ba3?s=96&d=mm&r=g\",\"contentUrl\":\"https:\/\/secure.gravatar.com\/avatar\/434098fd823f0dc1b062d14ca22bacaa6e38de28d8c816bbef6fc2f8c44d8ba3?s=96&d=mm&r=g\",\"caption\":\"Reda\u00e7\u00e3o\"}}]}<\/script>\n<!-- \/ Yoast SEO Premium plugin. -->","yoast_head_json":{"title":"Les\u00e3o de Pedro, pedido importante de Bruno Henrique e leil\u00e3o do Maracan\u00e3: as \u00faltimas not\u00edcias do Flamengo","robots":{"index":"index","follow":"follow","max-snippet":"max-snippet:-1","max-image-preview":"max-image-preview:large","max-video-preview":"max-video-preview:-1"},"canonical":"https:\/\/www.gaveanews.com\/index.php\/2025\/10\/23\/lesao-de-pedro-pedido-importante-de-bruno-henrique-e-leilao-do-maracana-as-ultimas-noticias-do-flamengo\/","og_locale":"pt_BR","og_type":"article","og_title":"Les\u00e3o de Pedro, pedido importante de Bruno Henrique e leil\u00e3o do Maracan\u00e3: as \u00faltimas not\u00edcias do Flamengo","og_description":"No giro de hoje: o Flamengo lida com a fratura no antebra\u00e7o direito de Pedro ap\u00f3s a vit\u00f3ria por 1 a 0 sobre o Racing na semifinal da Libertadores; Bruno Henrique saiu do banco, participou diretamente do lance do gol de Carrascal e abriu o jogo sobre sua fun\u00e7\u00e3o no elenco; e, na Alerj, a [&hellip;]","og_url":"https:\/\/www.gaveanews.com\/index.php\/2025\/10\/23\/lesao-de-pedro-pedido-importante-de-bruno-henrique-e-leilao-do-maracana-as-ultimas-noticias-do-flamengo\/","og_site_name":"G\u00e1vea News","article_publisher":"https:\/\/facebook.com\/gaveaNews\/","article_published_time":"2025-10-23T22:00:00+00:00","og_image":[{"width":1200,"height":800,"url":"https:\/\/www.gaveanews.com\/wp-content\/uploads\/Pedro-volta-aos-campos-em-dia-de-goleada-do-Flamengo-no-Maracana.webp","type":"image\/png"}],"author":"Reda\u00e7\u00e3o","twitter_card":"summary_large_image","twitter_misc":{"Escrito por":"Reda\u00e7\u00e3o","Est. tempo de leitura":"5 minutos"},"schema":{"@context":"https:\/\/schema.org","@graph":[{"@type":"NewsArticle","@id":"https:\/\/www.gaveanews.com\/index.php\/2025\/10\/23\/lesao-de-pedro-pedido-importante-de-bruno-henrique-e-leilao-do-maracana-as-ultimas-noticias-do-flamengo\/#article","isPartOf":{"@id":"https:\/\/www.gaveanews.com\/index.php\/2025\/10\/23\/lesao-de-pedro-pedido-importante-de-bruno-henrique-e-leilao-do-maracana-as-ultimas-noticias-do-flamengo\/"},"author":{"name":"Reda\u00e7\u00e3o","@id":"https:\/\/www.gaveanews.com\/#\/schema\/person\/c88645e3d550d0b6574305e67dd5a716"},"headline":"Les\u00e3o de Pedro, pedido importante de Bruno Henrique e leil\u00e3o do Maracan\u00e3: as \u00faltimas not\u00edcias do Flamengo","datePublished":"2025-10-23T22:00:00+00:00","mainEntityOfPage":{"@id":"https:\/\/www.gaveanews.com\/index.php\/2025\/10\/23\/lesao-de-pedro-pedido-importante-de-bruno-henrique-e-leilao-do-maracana-as-ultimas-noticias-do-flamengo\/"},"wordCount":923,"commentCount":0,"image":{"@id":"https:\/\/www.gaveanews.com\/index.php\/2025\/10\/23\/lesao-de-pedro-pedido-importante-de-bruno-henrique-e-leilao-do-maracana-as-ultimas-noticias-do-flamengo\/#primaryimage"},"thumbnailUrl":"https:\/\/www.gaveanews.com\/wp-content\/uploads\/Pedro-volta-aos-campos-em-dia-de-goleada-do-Flamengo-no-Maracana.webp","articleSection":["Flamengo"],"inLanguage":"pt-BR","potentialAction":[{"@type":"CommentAction","name":"Comment","target":["https:\/\/www.gaveanews.com\/index.php\/2025\/10\/23\/lesao-de-pedro-pedido-importante-de-bruno-henrique-e-leilao-do-maracana-as-ultimas-noticias-do-flamengo\/#respond"]}],"copyrightYear":"2025","copyrightHolder":{"@id":"https:\/\/www.gaveanews.com\/#organization"}},{"@type":"WebPage","@id":"https:\/\/www.gaveanews.com\/index.php\/2025\/10\/23\/lesao-de-pedro-pedido-importante-de-bruno-henrique-e-leilao-do-maracana-as-ultimas-noticias-do-flamengo\/","url":"https:\/\/www.gaveanews.com\/index.php\/2025\/10\/23\/lesao-de-pedro-pedido-importante-de-bruno-henrique-e-leilao-do-maracana-as-ultimas-noticias-do-flamengo\/","name":"Les\u00e3o de Pedro, pedido importante de Bruno Henrique e leil\u00e3o do Maracan\u00e3: as \u00faltimas not\u00edcias do Flamengo","isPartOf":{"@id":"https:\/\/www.gaveanews.com\/#website"},"primaryImageOfPage":{"@id":"https:\/\/www.gaveanews.com\/index.php\/2025\/10\/23\/lesao-de-pedro-pedido-importante-de-bruno-henrique-e-leilao-do-maracana-as-ultimas-noticias-do-flamengo\/#primaryimage"},"image":{"@id":"https:\/\/www.gaveanews.com\/index.php\/2025\/10\/23\/lesao-de-pedro-pedido-importante-de-bruno-henrique-e-leilao-do-maracana-as-ultimas-noticias-do-flamengo\/#primaryimage"},"thumbnailUrl":"https:\/\/www.gaveanews.com\/wp-content\/uploads\/Pedro-volta-aos-campos-em-dia-de-goleada-do-Flamengo-no-Maracana.webp","datePublished":"2025-10-23T22:00:00+00:00","author":{"@id":"https:\/\/www.gaveanews.com\/#\/schema\/person\/c88645e3d550d0b6574305e67dd5a716"},"breadcrumb":{"@id":"https:\/\/www.gaveanews.com\/index.php\/2025\/10\/23\/lesao-de-pedro-pedido-importante-de-bruno-henrique-e-leilao-do-maracana-as-ultimas-noticias-do-flamengo\/#breadcrumb"},"inLanguage":"pt-BR","potentialAction":[{"@type":"ReadAction","target":["https:\/\/www.gaveanews.com\/index.php\/2025\/10\/23\/lesao-de-pedro-pedido-importante-de-bruno-henrique-e-leilao-do-maracana-as-ultimas-noticias-do-flamengo\/"]}]},{"@type":"ImageObject","inLanguage":"pt-BR","@id":"https:\/\/www.gaveanews.com\/index.php\/2025\/10\/23\/lesao-de-pedro-pedido-importante-de-bruno-henrique-e-leilao-do-maracana-as-ultimas-noticias-do-flamengo\/#primaryimage","url":"https:\/\/www.gaveanews.com\/wp-content\/uploads\/Pedro-volta-aos-campos-em-dia-de-goleada-do-Flamengo-no-Maracana.webp","contentUrl":"https:\/\/www.gaveanews.com\/wp-content\/uploads\/Pedro-volta-aos-campos-em-dia-de-goleada-do-Flamengo-no-Maracana.webp","width":1200,"height":800,"caption":"Pedro volta aos campos em dia de goleada do Flamengo no Maracan\u00e3 - Foto: Gilvan de Souza\/Flamengo"},{"@type":"BreadcrumbList","@id":"https:\/\/www.gaveanews.com\/index.php\/2025\/10\/23\/lesao-de-pedro-pedido-importante-de-bruno-henrique-e-leilao-do-maracana-as-ultimas-noticias-do-flamengo\/#breadcrumb","itemListElement":[{"@type":"ListItem","position":1,"name":"Home","item":"https:\/\/www.gaveanews.com\/"},{"@type":"ListItem","position":2,"name":"Les\u00e3o de Pedro, pedido importante de Bruno Henrique e leil\u00e3o do Maracan\u00e3: as \u00faltimas not\u00edcias do Flamengo"}]},{"@type":"WebSite","@id":"https:\/\/www.gaveanews.com\/#website","url":"https:\/\/www.gaveanews.com\/","name":"G\u00e1vea News","description":"Veja todas as not\u00edcias sobre o Flamengo: Contrata\u00e7\u00f5es, categorias de base, resultados das partidas, tabela de classifica\u00e7\u00e3o, pr\u00f3ximos jogos!","potentialAction":[{"@type":"SearchAction","target":{"@type":"EntryPoint","urlTemplate":"https:\/\/www.gaveanews.com\/?s={search_term_string}"},"query-input":{"@type":"PropertyValueSpecification","valueRequired":true,"valueName":"search_term_string"}}],"inLanguage":"pt-BR"},{"@type":"Person","@id":"https:\/\/www.gaveanews.com\/#\/schema\/person\/c88645e3d550d0b6574305e67dd5a716","name":"Reda\u00e7\u00e3o","image":{"@type":"ImageObject","inLanguage":"pt-BR","@id":"https:\/\/www.gaveanews.com\/#\/schema\/person\/image\/","url":"https:\/\/secure.gravatar.com\/avatar\/434098fd823f0dc1b062d14ca22bacaa6e38de28d8c816bbef6fc2f8c44d8ba3?s=96&d=mm&r=g","contentUrl":"https:\/\/secure.gravatar.com\/avatar\/434098fd823f0dc1b062d14ca22bacaa6e38de28d8c816bbef6fc2f8c44d8ba3?s=96&d=mm&r=g","caption":"Reda\u00e7\u00e3o"}}]}},"_links":{"self":[{"href":"https:\/\/www.gaveanews.com\/index.php\/wp-json\/wp\/v2\/posts\/279179","targetHints":{"allow":["GET"]}}],"collection":[{"href":"https:\/\/www.gaveanews.com\/index.php\/wp-json\/wp\/v2\/posts"}],"about":[{"href":"https:\/\/www.gaveanews.com\/index.php\/wp-json\/wp\/v2\/types\/post"}],"author":[{"embeddable":true,"href":"https:\/\/www.gaveanews.com\/index.php\/wp-json\/wp\/v2\/users\/39"}],"replies":[{"embeddable":true,"href":"https:\/\/www.gaveanews.com\/index.php\/wp-json\/wp\/v2\/comments?post=279179"}],"version-history":[{"count":1,"href":"https:\/\/www.gaveanews.com\/index.php\/wp-json\/wp\/v2\/posts\/279179\/revisions"}],"predecessor-version":[{"id":279200,"href":"https:\/\/www.gaveanews.com\/index.php\/wp-json\/wp\/v2\/posts\/279179\/revisions\/279200"}],"wp:featuredmedia":[{"embeddable":true,"href":"https:\/\/www.gaveanews.com\/index.php\/wp-json\/wp\/v2\/media\/254998"}],"wp:attachment":[{"href":"https:\/\/www.gaveanews.com\/index.php\/wp-json\/wp\/v2\/media?parent=279179"}],"wp:term":[{"taxonomy":"category","embeddable":true,"href":"https:\/\/www.gaveanews.com\/index.php\/wp-json\/wp\/v2\/categories?post=279179"},{"taxonomy":"post_tag","embeddable":true,"href":"https:\/\/www.gaveanews.com\/index.php\/wp-json\/wp\/v2\/tags?post=279179"}],"curies":[{"name":"wp","href":"https:\/\/api.w.org\/{rel}","templated":true}]}}