{"id":279182,"date":"2025-10-23T18:15:00","date_gmt":"2025-10-23T21:15:00","guid":{"rendered":"https:\/\/www.gaveanews.com\/?p=279182"},"modified":"2025-10-23T17:21:29","modified_gmt":"2025-10-23T20:21:29","slug":"a-declaracao-de-aguero-direcionada-a-pedro-do-flamengo","status":"publish","type":"post","link":"https:\/\/www.gaveanews.com\/index.php\/2025\/10\/23\/a-declaracao-de-aguero-direcionada-a-pedro-do-flamengo\/","title":{"rendered":"A declara\u00e7\u00e3o de Ag\u00fcero direcionada a Pedro, do Flamengo"},"content":{"rendered":"\n<p>Aposentado desde 2021 por problemas card\u00edacos, Sergio Ag\u00fcero tem ampliado sua atua\u00e7\u00e3o como comentarista e criador de conte\u00fado digital. Atualmente, participa de transmiss\u00f5es ao vivo e firmou parceria com a Conmebol para exibir partidas da Libertadores em seu canal \u2018Slakun TV\u2019. Assim, o ex-atacante argentino esteve ao vivo durante o confronto entre Flamengo e Racing, realizado na quarta-feira (22 de outubro), no Maracan\u00e3.<\/p>\n\n\n\n<p>Durante a semifinal continental, Ag\u00fcero se destacou nas redes sociais ao reagir \u00e0 anula\u00e7\u00e3o do gol do Racing, que gerou grande pol\u00eamica. O ex-jogador questionou a decis\u00e3o em um primeiro momento, mas reconheceu a corre\u00e7\u00e3o da marca\u00e7\u00e3o ap\u00f3s rever o lance. A jogada em quest\u00e3o envolveu falta de Sosa sobre Carrascal no in\u00edcio da jogada, o que invalidou o gol argentino e impediu interven\u00e7\u00e3o do VAR, conforme explicou posteriormente o ex-\u00e1rbitro Manoel Serapi\u00e3o.<\/p>\n\n\n\n<p>Al\u00e9m da rea\u00e7\u00e3o viral \u00e0 arbitragem, Ag\u00fcero tamb\u00e9m fez elogios ao centroavante Pedro, do Flamengo. O argentino destacou caracter\u00edsticas do camisa 9 rubro-negro e comparou seu estilo de jogo ao de atacantes com maior mobilidade. Em seguida, tra\u00e7ou um paralelo direto com a fun\u00e7\u00e3o que ele mesmo exercia no Manchester City.<\/p>\n\n\n\n<p><strong>\u201cPedro faz a mesma fun\u00e7\u00e3o que eu fazia no City do Guardiola. Um centroavante que tamb\u00e9m \u00e9 segundo atacante, com mais conex\u00f5es com o jogo\u201d<\/strong>, afirmou o ex-jogador.<\/p>\n\n\n\n<p>Em outra parte da transmiss\u00e3o, ele refor\u00e7ou: <strong>\u201cEle tem mais jogo. \u00c9 um atacante que se movimenta mais, sai da \u00e1rea, participa das trocas. Por isso, lembra o que eu fazia\u201d.<\/strong><\/p>\n\n\n\n<p>Enquanto Ag\u00fcero construiu uma carreira vitoriosa no futebol europeu, com passagens por Atl\u00e9tico de Madrid e Manchester City, Pedro alcan\u00e7ou seu auge no futebol sul-americano. Revelado pelo Fluminense e com r\u00e1pida passagem pela Fiorentina, o atacante consolidou sua trajet\u00f3ria no Flamengo, onde conquistou t\u00edtulos como Libertadores, Brasileir\u00e3o, Copa do Brasil, Recopa, Supercopa e o Campeonato Carioca.<\/p>\n\n\n\n<p>No entanto, o momento do camisa 9 \u00e9 de incerteza. Ele sofreu uma fratura no bra\u00e7o e ainda \u00e9 d\u00favida para a partida de volta contra o Racing, marcada para a pr\u00f3xima quarta-feira (29 de outubro), \u00e0s 21h30 (hor\u00e1rio de Bras\u00edlia), no Est\u00e1dio El Cilindro, em Avellaneda. Em 2025, Pedro j\u00e1 soma 15 gols, mesmo tendo retornado aos gramados apenas em abril, ap\u00f3s se recuperar de uma grave les\u00e3o no joelho sofrida no ano anterior.<\/p>\n\n\n\n<p>Ali\u00e1s, a atua\u00e7\u00e3o de Carrascal foi outro ponto de destaque no jogo de ida. O colombiano marcou o \u00fanico gol da partida aos 43 minutos do segundo tempo, garantindo vantagem m\u00ednima ao Flamengo para o duelo decisivo.<\/p>\n","protected":false},"excerpt":{"rendered":"<p>Aposentado desde 2021 por problemas card\u00edacos, Sergio Ag\u00fcero tem ampliado sua atua\u00e7\u00e3o como comentarista e criador de conte\u00fado digital. Atualmente, participa de transmiss\u00f5es ao vivo e firmou parceria com a Conmebol para exibir partidas da Libertadores em seu canal \u2018Slakun TV\u2019. Assim, o ex-atacante argentino esteve ao vivo durante o confronto entre Flamengo e Racing, [&hellip;]<\/p>\n","protected":false},"author":39,"featured_media":254990,"comment_status":"open","ping_status":"closed","sticky":false,"template":"","format":"standard","meta":{"footnotes":""},"categories":[1],"tags":[],"class_list":["post-279182","post","type-post","status-publish","format-standard","has-post-thumbnail","hentry","category-flamengo"],"yoast_head":"<!-- This site is optimized with the Yoast SEO Premium plugin v24.2 (Yoast SEO v26.9) - https:\/\/yoast.com\/product\/yoast-seo-premium-wordpress\/ -->\n<title>A declara\u00e7\u00e3o de Ag\u00fcero direcionada a Pedro, do Flamengo<\/title>\n<meta name=\"robots\" content=\"index, follow, max-snippet:-1, max-image-preview:large, max-video-preview:-1\" \/>\n<link rel=\"canonical\" href=\"https:\/\/www.gaveanews.com\/index.php\/2025\/10\/23\/a-declaracao-de-aguero-direcionada-a-pedro-do-flamengo\/\" \/>\n<meta property=\"og:locale\" content=\"pt_BR\" \/>\n<meta property=\"og:type\" content=\"article\" \/>\n<meta property=\"og:title\" content=\"A declara\u00e7\u00e3o de Ag\u00fcero direcionada a Pedro, do Flamengo\" \/>\n<meta property=\"og:description\" content=\"Aposentado desde 2021 por problemas card\u00edacos, Sergio Ag\u00fcero tem ampliado sua atua\u00e7\u00e3o como comentarista e criador de conte\u00fado digital. Atualmente, participa de transmiss\u00f5es ao vivo e firmou parceria com a Conmebol para exibir partidas da Libertadores em seu canal \u2018Slakun TV\u2019. Assim, o ex-atacante argentino esteve ao vivo durante o confronto entre Flamengo e Racing, [&hellip;]\" \/>\n<meta property=\"og:url\" content=\"https:\/\/www.gaveanews.com\/index.php\/2025\/10\/23\/a-declaracao-de-aguero-direcionada-a-pedro-do-flamengo\/\" \/>\n<meta property=\"og:site_name\" content=\"G\u00e1vea News\" \/>\n<meta property=\"article:publisher\" content=\"https:\/\/facebook.com\/gaveaNews\/\" \/>\n<meta property=\"article:published_time\" content=\"2025-10-23T21:15:00+00:00\" \/>\n<meta property=\"og:image\" content=\"https:\/\/www.gaveanews.com\/wp-content\/uploads\/Pedro-marca-e-amplia-vantagem-do-Flamengo-no-Maracana.webp\" \/>\n\t<meta property=\"og:image:width\" content=\"1200\" \/>\n\t<meta property=\"og:image:height\" content=\"800\" \/>\n\t<meta property=\"og:image:type\" content=\"image\/png\" \/>\n<meta name=\"author\" content=\"Reda\u00e7\u00e3o\" \/>\n<meta name=\"twitter:card\" content=\"summary_large_image\" \/>\n<meta name=\"twitter:label1\" content=\"Escrito por\" \/>\n\t<meta name=\"twitter:data1\" content=\"Reda\u00e7\u00e3o\" \/>\n\t<meta name=\"twitter:label2\" content=\"Est. tempo de leitura\" \/>\n\t<meta name=\"twitter:data2\" content=\"3 minutos\" \/>\n<script type=\"application\/ld+json\" class=\"yoast-schema-graph\">{\"@context\":\"https:\/\/schema.org\",\"@graph\":[{\"@type\":\"NewsArticle\",\"@id\":\"https:\/\/www.gaveanews.com\/index.php\/2025\/10\/23\/a-declaracao-de-aguero-direcionada-a-pedro-do-flamengo\/#article\",\"isPartOf\":{\"@id\":\"https:\/\/www.gaveanews.com\/index.php\/2025\/10\/23\/a-declaracao-de-aguero-direcionada-a-pedro-do-flamengo\/\"},\"author\":{\"name\":\"Reda\u00e7\u00e3o\",\"@id\":\"https:\/\/www.gaveanews.com\/#\/schema\/person\/c88645e3d550d0b6574305e67dd5a716\"},\"headline\":\"A declara\u00e7\u00e3o de Ag\u00fcero direcionada a Pedro, do Flamengo\",\"datePublished\":\"2025-10-23T21:15:00+00:00\",\"mainEntityOfPage\":{\"@id\":\"https:\/\/www.gaveanews.com\/index.php\/2025\/10\/23\/a-declaracao-de-aguero-direcionada-a-pedro-do-flamengo\/\"},\"wordCount\":458,\"commentCount\":0,\"image\":{\"@id\":\"https:\/\/www.gaveanews.com\/index.php\/2025\/10\/23\/a-declaracao-de-aguero-direcionada-a-pedro-do-flamengo\/#primaryimage\"},\"thumbnailUrl\":\"https:\/\/www.gaveanews.com\/wp-content\/uploads\/Pedro-marca-e-amplia-vantagem-do-Flamengo-no-Maracana.webp\",\"articleSection\":[\"Flamengo\"],\"inLanguage\":\"pt-BR\",\"potentialAction\":[{\"@type\":\"CommentAction\",\"name\":\"Comment\",\"target\":[\"https:\/\/www.gaveanews.com\/index.php\/2025\/10\/23\/a-declaracao-de-aguero-direcionada-a-pedro-do-flamengo\/#respond\"]}],\"copyrightYear\":\"2025\",\"copyrightHolder\":{\"@id\":\"https:\/\/www.gaveanews.com\/#organization\"}},{\"@type\":\"WebPage\",\"@id\":\"https:\/\/www.gaveanews.com\/index.php\/2025\/10\/23\/a-declaracao-de-aguero-direcionada-a-pedro-do-flamengo\/\",\"url\":\"https:\/\/www.gaveanews.com\/index.php\/2025\/10\/23\/a-declaracao-de-aguero-direcionada-a-pedro-do-flamengo\/\",\"name\":\"A declara\u00e7\u00e3o de Ag\u00fcero direcionada a Pedro, do Flamengo\",\"isPartOf\":{\"@id\":\"https:\/\/www.gaveanews.com\/#website\"},\"primaryImageOfPage\":{\"@id\":\"https:\/\/www.gaveanews.com\/index.php\/2025\/10\/23\/a-declaracao-de-aguero-direcionada-a-pedro-do-flamengo\/#primaryimage\"},\"image\":{\"@id\":\"https:\/\/www.gaveanews.com\/index.php\/2025\/10\/23\/a-declaracao-de-aguero-direcionada-a-pedro-do-flamengo\/#primaryimage\"},\"thumbnailUrl\":\"https:\/\/www.gaveanews.com\/wp-content\/uploads\/Pedro-marca-e-amplia-vantagem-do-Flamengo-no-Maracana.webp\",\"datePublished\":\"2025-10-23T21:15:00+00:00\",\"author\":{\"@id\":\"https:\/\/www.gaveanews.com\/#\/schema\/person\/c88645e3d550d0b6574305e67dd5a716\"},\"breadcrumb\":{\"@id\":\"https:\/\/www.gaveanews.com\/index.php\/2025\/10\/23\/a-declaracao-de-aguero-direcionada-a-pedro-do-flamengo\/#breadcrumb\"},\"inLanguage\":\"pt-BR\",\"potentialAction\":[{\"@type\":\"ReadAction\",\"target\":[\"https:\/\/www.gaveanews.com\/index.php\/2025\/10\/23\/a-declaracao-de-aguero-direcionada-a-pedro-do-flamengo\/\"]}]},{\"@type\":\"ImageObject\",\"inLanguage\":\"pt-BR\",\"@id\":\"https:\/\/www.gaveanews.com\/index.php\/2025\/10\/23\/a-declaracao-de-aguero-direcionada-a-pedro-do-flamengo\/#primaryimage\",\"url\":\"https:\/\/www.gaveanews.com\/wp-content\/uploads\/Pedro-marca-e-amplia-vantagem-do-Flamengo-no-Maracana.webp\",\"contentUrl\":\"https:\/\/www.gaveanews.com\/wp-content\/uploads\/Pedro-marca-e-amplia-vantagem-do-Flamengo-no-Maracana.webp\",\"width\":1200,\"height\":800,\"caption\":\"Pedro marca e amplia vantagem do Flamengo no Maracan\u00e3 - Foto: Gilvan de Souza\/Flamengo\"},{\"@type\":\"BreadcrumbList\",\"@id\":\"https:\/\/www.gaveanews.com\/index.php\/2025\/10\/23\/a-declaracao-de-aguero-direcionada-a-pedro-do-flamengo\/#breadcrumb\",\"itemListElement\":[{\"@type\":\"ListItem\",\"position\":1,\"name\":\"Home\",\"item\":\"https:\/\/www.gaveanews.com\/\"},{\"@type\":\"ListItem\",\"position\":2,\"name\":\"A declara\u00e7\u00e3o de Ag\u00fcero direcionada a Pedro, do Flamengo\"}]},{\"@type\":\"WebSite\",\"@id\":\"https:\/\/www.gaveanews.com\/#website\",\"url\":\"https:\/\/www.gaveanews.com\/\",\"name\":\"G\u00e1vea News\",\"description\":\"Veja todas as not\u00edcias sobre o Flamengo: Contrata\u00e7\u00f5es, categorias de base, resultados das partidas, tabela de classifica\u00e7\u00e3o, pr\u00f3ximos jogos!\",\"potentialAction\":[{\"@type\":\"SearchAction\",\"target\":{\"@type\":\"EntryPoint\",\"urlTemplate\":\"https:\/\/www.gaveanews.com\/?s={search_term_string}\"},\"query-input\":{\"@type\":\"PropertyValueSpecification\",\"valueRequired\":true,\"valueName\":\"search_term_string\"}}],\"inLanguage\":\"pt-BR\"},{\"@type\":\"Person\",\"@id\":\"https:\/\/www.gaveanews.com\/#\/schema\/person\/c88645e3d550d0b6574305e67dd5a716\",\"name\":\"Reda\u00e7\u00e3o\",\"image\":{\"@type\":\"ImageObject\",\"inLanguage\":\"pt-BR\",\"@id\":\"https:\/\/www.gaveanews.com\/#\/schema\/person\/image\/\",\"url\":\"https:\/\/secure.gravatar.com\/avatar\/434098fd823f0dc1b062d14ca22bacaa6e38de28d8c816bbef6fc2f8c44d8ba3?s=96&d=mm&r=g\",\"contentUrl\":\"https:\/\/secure.gravatar.com\/avatar\/434098fd823f0dc1b062d14ca22bacaa6e38de28d8c816bbef6fc2f8c44d8ba3?s=96&d=mm&r=g\",\"caption\":\"Reda\u00e7\u00e3o\"}}]}<\/script>\n<!-- \/ Yoast SEO Premium plugin. -->","yoast_head_json":{"title":"A declara\u00e7\u00e3o de Ag\u00fcero direcionada a Pedro, do Flamengo","robots":{"index":"index","follow":"follow","max-snippet":"max-snippet:-1","max-image-preview":"max-image-preview:large","max-video-preview":"max-video-preview:-1"},"canonical":"https:\/\/www.gaveanews.com\/index.php\/2025\/10\/23\/a-declaracao-de-aguero-direcionada-a-pedro-do-flamengo\/","og_locale":"pt_BR","og_type":"article","og_title":"A declara\u00e7\u00e3o de Ag\u00fcero direcionada a Pedro, do Flamengo","og_description":"Aposentado desde 2021 por problemas card\u00edacos, Sergio Ag\u00fcero tem ampliado sua atua\u00e7\u00e3o como comentarista e criador de conte\u00fado digital. Atualmente, participa de transmiss\u00f5es ao vivo e firmou parceria com a Conmebol para exibir partidas da Libertadores em seu canal \u2018Slakun TV\u2019. Assim, o ex-atacante argentino esteve ao vivo durante o confronto entre Flamengo e Racing, [&hellip;]","og_url":"https:\/\/www.gaveanews.com\/index.php\/2025\/10\/23\/a-declaracao-de-aguero-direcionada-a-pedro-do-flamengo\/","og_site_name":"G\u00e1vea News","article_publisher":"https:\/\/facebook.com\/gaveaNews\/","article_published_time":"2025-10-23T21:15:00+00:00","og_image":[{"width":1200,"height":800,"url":"https:\/\/www.gaveanews.com\/wp-content\/uploads\/Pedro-marca-e-amplia-vantagem-do-Flamengo-no-Maracana.webp","type":"image\/png"}],"author":"Reda\u00e7\u00e3o","twitter_card":"summary_large_image","twitter_misc":{"Escrito por":"Reda\u00e7\u00e3o","Est. tempo de leitura":"3 minutos"},"schema":{"@context":"https:\/\/schema.org","@graph":[{"@type":"NewsArticle","@id":"https:\/\/www.gaveanews.com\/index.php\/2025\/10\/23\/a-declaracao-de-aguero-direcionada-a-pedro-do-flamengo\/#article","isPartOf":{"@id":"https:\/\/www.gaveanews.com\/index.php\/2025\/10\/23\/a-declaracao-de-aguero-direcionada-a-pedro-do-flamengo\/"},"author":{"name":"Reda\u00e7\u00e3o","@id":"https:\/\/www.gaveanews.com\/#\/schema\/person\/c88645e3d550d0b6574305e67dd5a716"},"headline":"A declara\u00e7\u00e3o de Ag\u00fcero direcionada a Pedro, do Flamengo","datePublished":"2025-10-23T21:15:00+00:00","mainEntityOfPage":{"@id":"https:\/\/www.gaveanews.com\/index.php\/2025\/10\/23\/a-declaracao-de-aguero-direcionada-a-pedro-do-flamengo\/"},"wordCount":458,"commentCount":0,"image":{"@id":"https:\/\/www.gaveanews.com\/index.php\/2025\/10\/23\/a-declaracao-de-aguero-direcionada-a-pedro-do-flamengo\/#primaryimage"},"thumbnailUrl":"https:\/\/www.gaveanews.com\/wp-content\/uploads\/Pedro-marca-e-amplia-vantagem-do-Flamengo-no-Maracana.webp","articleSection":["Flamengo"],"inLanguage":"pt-BR","potentialAction":[{"@type":"CommentAction","name":"Comment","target":["https:\/\/www.gaveanews.com\/index.php\/2025\/10\/23\/a-declaracao-de-aguero-direcionada-a-pedro-do-flamengo\/#respond"]}],"copyrightYear":"2025","copyrightHolder":{"@id":"https:\/\/www.gaveanews.com\/#organization"}},{"@type":"WebPage","@id":"https:\/\/www.gaveanews.com\/index.php\/2025\/10\/23\/a-declaracao-de-aguero-direcionada-a-pedro-do-flamengo\/","url":"https:\/\/www.gaveanews.com\/index.php\/2025\/10\/23\/a-declaracao-de-aguero-direcionada-a-pedro-do-flamengo\/","name":"A declara\u00e7\u00e3o de Ag\u00fcero direcionada a Pedro, do Flamengo","isPartOf":{"@id":"https:\/\/www.gaveanews.com\/#website"},"primaryImageOfPage":{"@id":"https:\/\/www.gaveanews.com\/index.php\/2025\/10\/23\/a-declaracao-de-aguero-direcionada-a-pedro-do-flamengo\/#primaryimage"},"image":{"@id":"https:\/\/www.gaveanews.com\/index.php\/2025\/10\/23\/a-declaracao-de-aguero-direcionada-a-pedro-do-flamengo\/#primaryimage"},"thumbnailUrl":"https:\/\/www.gaveanews.com\/wp-content\/uploads\/Pedro-marca-e-amplia-vantagem-do-Flamengo-no-Maracana.webp","datePublished":"2025-10-23T21:15:00+00:00","author":{"@id":"https:\/\/www.gaveanews.com\/#\/schema\/person\/c88645e3d550d0b6574305e67dd5a716"},"breadcrumb":{"@id":"https:\/\/www.gaveanews.com\/index.php\/2025\/10\/23\/a-declaracao-de-aguero-direcionada-a-pedro-do-flamengo\/#breadcrumb"},"inLanguage":"pt-BR","potentialAction":[{"@type":"ReadAction","target":["https:\/\/www.gaveanews.com\/index.php\/2025\/10\/23\/a-declaracao-de-aguero-direcionada-a-pedro-do-flamengo\/"]}]},{"@type":"ImageObject","inLanguage":"pt-BR","@id":"https:\/\/www.gaveanews.com\/index.php\/2025\/10\/23\/a-declaracao-de-aguero-direcionada-a-pedro-do-flamengo\/#primaryimage","url":"https:\/\/www.gaveanews.com\/wp-content\/uploads\/Pedro-marca-e-amplia-vantagem-do-Flamengo-no-Maracana.webp","contentUrl":"https:\/\/www.gaveanews.com\/wp-content\/uploads\/Pedro-marca-e-amplia-vantagem-do-Flamengo-no-Maracana.webp","width":1200,"height":800,"caption":"Pedro marca e amplia vantagem do Flamengo no Maracan\u00e3 - Foto: Gilvan de Souza\/Flamengo"},{"@type":"BreadcrumbList","@id":"https:\/\/www.gaveanews.com\/index.php\/2025\/10\/23\/a-declaracao-de-aguero-direcionada-a-pedro-do-flamengo\/#breadcrumb","itemListElement":[{"@type":"ListItem","position":1,"name":"Home","item":"https:\/\/www.gaveanews.com\/"},{"@type":"ListItem","position":2,"name":"A declara\u00e7\u00e3o de Ag\u00fcero direcionada a Pedro, do Flamengo"}]},{"@type":"WebSite","@id":"https:\/\/www.gaveanews.com\/#website","url":"https:\/\/www.gaveanews.com\/","name":"G\u00e1vea News","description":"Veja todas as not\u00edcias sobre o Flamengo: Contrata\u00e7\u00f5es, categorias de base, resultados das partidas, tabela de classifica\u00e7\u00e3o, pr\u00f3ximos jogos!","potentialAction":[{"@type":"SearchAction","target":{"@type":"EntryPoint","urlTemplate":"https:\/\/www.gaveanews.com\/?s={search_term_string}"},"query-input":{"@type":"PropertyValueSpecification","valueRequired":true,"valueName":"search_term_string"}}],"inLanguage":"pt-BR"},{"@type":"Person","@id":"https:\/\/www.gaveanews.com\/#\/schema\/person\/c88645e3d550d0b6574305e67dd5a716","name":"Reda\u00e7\u00e3o","image":{"@type":"ImageObject","inLanguage":"pt-BR","@id":"https:\/\/www.gaveanews.com\/#\/schema\/person\/image\/","url":"https:\/\/secure.gravatar.com\/avatar\/434098fd823f0dc1b062d14ca22bacaa6e38de28d8c816bbef6fc2f8c44d8ba3?s=96&d=mm&r=g","contentUrl":"https:\/\/secure.gravatar.com\/avatar\/434098fd823f0dc1b062d14ca22bacaa6e38de28d8c816bbef6fc2f8c44d8ba3?s=96&d=mm&r=g","caption":"Reda\u00e7\u00e3o"}}]}},"_links":{"self":[{"href":"https:\/\/www.gaveanews.com\/index.php\/wp-json\/wp\/v2\/posts\/279182","targetHints":{"allow":["GET"]}}],"collection":[{"href":"https:\/\/www.gaveanews.com\/index.php\/wp-json\/wp\/v2\/posts"}],"about":[{"href":"https:\/\/www.gaveanews.com\/index.php\/wp-json\/wp\/v2\/types\/post"}],"author":[{"embeddable":true,"href":"https:\/\/www.gaveanews.com\/index.php\/wp-json\/wp\/v2\/users\/39"}],"replies":[{"embeddable":true,"href":"https:\/\/www.gaveanews.com\/index.php\/wp-json\/wp\/v2\/comments?post=279182"}],"version-history":[{"count":1,"href":"https:\/\/www.gaveanews.com\/index.php\/wp-json\/wp\/v2\/posts\/279182\/revisions"}],"predecessor-version":[{"id":279194,"href":"https:\/\/www.gaveanews.com\/index.php\/wp-json\/wp\/v2\/posts\/279182\/revisions\/279194"}],"wp:featuredmedia":[{"embeddable":true,"href":"https:\/\/www.gaveanews.com\/index.php\/wp-json\/wp\/v2\/media\/254990"}],"wp:attachment":[{"href":"https:\/\/www.gaveanews.com\/index.php\/wp-json\/wp\/v2\/media?parent=279182"}],"wp:term":[{"taxonomy":"category","embeddable":true,"href":"https:\/\/www.gaveanews.com\/index.php\/wp-json\/wp\/v2\/categories?post=279182"},{"taxonomy":"post_tag","embeddable":true,"href":"https:\/\/www.gaveanews.com\/index.php\/wp-json\/wp\/v2\/tags?post=279182"}],"curies":[{"name":"wp","href":"https:\/\/api.w.org\/{rel}","templated":true}]}}