{"id":279183,"date":"2025-10-23T17:30:00","date_gmt":"2025-10-23T20:30:00","guid":{"rendered":"https:\/\/www.gaveanews.com\/?p=279183"},"modified":"2025-10-23T16:55:18","modified_gmt":"2025-10-23T19:55:18","slug":"alex-sandro-e-sincero-ao-falar-sobre-atuacao-de-ayrton-lucas-em-flamengo-x-racing","status":"publish","type":"post","link":"https:\/\/www.gaveanews.com\/index.php\/2025\/10\/23\/alex-sandro-e-sincero-ao-falar-sobre-atuacao-de-ayrton-lucas-em-flamengo-x-racing\/","title":{"rendered":"Alex Sandro \u00e9 sincero ao falar sobre atua\u00e7\u00e3o de Ayrton Lucas em Flamengo x Racing"},"content":{"rendered":"\n<p>O <a href=\"https:\/\/www.gaveanews.com\/index.php\/category\/brasileirao\/flamengo\/\" target=\"_blank\" rel=\"noopener noreferrer\">Flamengo<\/a> venceu o Racing por 1 a 0, na quarta-feira (22 de outubro), no Maracan\u00e3, pelo jogo de ida da semifinal da Libertadores. Alex Sandro foi titular e falou ap\u00f3s a partida, na zona mista. O atleta foi substitu\u00eddo no segundo tempo por Ayrton Lucas e comentou a mudan\u00e7a na equipe.<\/p>\n\n\n\n<p>O lateral disse que a substitui\u00e7\u00e3o no segundo tempo ocorreu por op\u00e7\u00e3o t\u00e9cnica, mas elogiou Ayrton Lucas, que entrou em seu lugar, e citou Vi\u00f1a, que tamb\u00e9m briga pela posi\u00e7\u00e3o.<\/p>\n\n\n\n<p>&#8220;Estou me sentindo muito bem, foi uma op\u00e7\u00e3o t\u00e9cnica. Tenho que parabenizar o Ayrton Lucas, porque entrou muito bem, teve chance de gol, ajudou muito. Tem tamb\u00e9m o Vi\u00f1a, que est\u00e1 muito bem. Tenho certeza que, quando tiver oportunidade, vai fazer o seu melhor e ajudar a equipe como sempre&#8221;.<\/p>\n\n\n\n<p>O defensor tamb\u00e9m comentou a adapta\u00e7\u00e3o desde a chegada e o apoio das comiss\u00f5es t\u00e9cnicas, citando o trabalho do departamento f\u00edsico.<\/p>\n\n\n\n<p>&#8220;Seja a comiss\u00e3o do Tite ou a do Felipe, todos v\u00eam me ajudando para me deixar na melhor forma poss\u00edvel. Eu me sinto bem. Obviamente que passei por um momento de adapta\u00e7\u00e3o, que \u00e9 normal, principalmente pelo clima, campo e tudo mais&#8221;. <\/p>\n\n\n\n<p>&#8220;\u00c0s vezes parece ser desculpa, mas n\u00e3o \u00e9. Mas agora eu estou adaptado e cada vez mais tenho que agradecer todos os companheiros e todo o pessoal da prepara\u00e7\u00e3o f\u00edsica, porque realmente eles v\u00eam me ajudando muito&#8221;.<\/p>\n\n\n\n<p>Por fim, o camisa 26 abordou a concorr\u00eancia interna na lateral esquerda sob o comando de Filipe Lu\u00eds.<\/p>\n\n\n\n<p>&#8220;Essa disputa \u00e9 saud\u00e1vel e natural. O treinador que escolhe quem vai jogar, depende do jogo e da estrat\u00e9gia. Cada lateral-esquerdo tem sua forma de jogar. Dentro disso, o treinador vai escolher quem vai jogar&#8221;.<\/p>\n\n\n\n<p>Alex Sandro tem sido elogiado por torcedores pela solidez defensiva e constru\u00e7\u00e3o pelo lado esquerdo. Ele exaltou a prepara\u00e7\u00e3o f\u00edsica do clube, apesar de ter enfrentado pequenas les\u00f5es musculares ao longo da temporada. <\/p>\n\n\n\n<p>Com Alex Sandro \u00e0 disposi\u00e7\u00e3o, Ayrton Lucas e Vi\u00f1a brigando pela posi\u00e7\u00e3o, o jogo de volta entre Flamengo e Racing est\u00e1 marcado para quarta-feira (29 de outubro), \u00e0s 21h30 (hor\u00e1rio de Bras\u00edlia), no El Cilindro.<\/p>\n","protected":false},"excerpt":{"rendered":"<p>O Flamengo venceu o Racing por 1 a 0, na quarta-feira (22 de outubro), no Maracan\u00e3, pelo jogo de ida da semifinal da Libertadores. Alex Sandro foi titular e falou ap\u00f3s a partida, na zona mista. O atleta foi substitu\u00eddo no segundo tempo por Ayrton Lucas e comentou a mudan\u00e7a na equipe. O lateral disse [&hellip;]<\/p>\n","protected":false},"author":39,"featured_media":274259,"comment_status":"open","ping_status":"closed","sticky":false,"template":"","format":"standard","meta":{"footnotes":""},"categories":[1],"tags":[],"class_list":["post-279183","post","type-post","status-publish","format-standard","has-post-thumbnail","hentry","category-flamengo"],"yoast_head":"<!-- This site is optimized with the Yoast SEO Premium plugin v24.2 (Yoast SEO v26.9) - https:\/\/yoast.com\/product\/yoast-seo-premium-wordpress\/ -->\n<title>Alex Sandro \u00e9 sincero ao falar sobre atua\u00e7\u00e3o de Ayrton Lucas em Flamengo x Racing<\/title>\n<meta name=\"robots\" content=\"index, follow, max-snippet:-1, max-image-preview:large, max-video-preview:-1\" \/>\n<link rel=\"canonical\" href=\"https:\/\/www.gaveanews.com\/index.php\/2025\/10\/23\/alex-sandro-e-sincero-ao-falar-sobre-atuacao-de-ayrton-lucas-em-flamengo-x-racing\/\" \/>\n<meta property=\"og:locale\" content=\"pt_BR\" \/>\n<meta property=\"og:type\" content=\"article\" \/>\n<meta property=\"og:title\" content=\"Alex Sandro \u00e9 sincero ao falar sobre atua\u00e7\u00e3o de Ayrton Lucas em Flamengo x Racing\" \/>\n<meta property=\"og:description\" content=\"O Flamengo venceu o Racing por 1 a 0, na quarta-feira (22 de outubro), no Maracan\u00e3, pelo jogo de ida da semifinal da Libertadores. Alex Sandro foi titular e falou ap\u00f3s a partida, na zona mista. O atleta foi substitu\u00eddo no segundo tempo por Ayrton Lucas e comentou a mudan\u00e7a na equipe. O lateral disse [&hellip;]\" \/>\n<meta property=\"og:url\" content=\"https:\/\/www.gaveanews.com\/index.php\/2025\/10\/23\/alex-sandro-e-sincero-ao-falar-sobre-atuacao-de-ayrton-lucas-em-flamengo-x-racing\/\" \/>\n<meta property=\"og:site_name\" content=\"G\u00e1vea News\" \/>\n<meta property=\"article:publisher\" content=\"https:\/\/facebook.com\/gaveaNews\/\" \/>\n<meta property=\"article:published_time\" content=\"2025-10-23T20:30:00+00:00\" \/>\n<meta property=\"og:image\" content=\"https:\/\/www.gaveanews.com\/wp-content\/uploads\/Alex-Sandro-pelo-Flamengo.png\" \/>\n\t<meta property=\"og:image:width\" content=\"1200\" \/>\n\t<meta property=\"og:image:height\" content=\"900\" \/>\n\t<meta property=\"og:image:type\" content=\"image\/png\" \/>\n<meta name=\"author\" content=\"Reda\u00e7\u00e3o\" \/>\n<meta name=\"twitter:card\" content=\"summary_large_image\" \/>\n<meta name=\"twitter:label1\" content=\"Escrito por\" \/>\n\t<meta name=\"twitter:data1\" content=\"Reda\u00e7\u00e3o\" \/>\n\t<meta name=\"twitter:label2\" content=\"Est. tempo de leitura\" \/>\n\t<meta name=\"twitter:data2\" content=\"3 minutos\" \/>\n<script type=\"application\/ld+json\" class=\"yoast-schema-graph\">{\"@context\":\"https:\/\/schema.org\",\"@graph\":[{\"@type\":\"NewsArticle\",\"@id\":\"https:\/\/www.gaveanews.com\/index.php\/2025\/10\/23\/alex-sandro-e-sincero-ao-falar-sobre-atuacao-de-ayrton-lucas-em-flamengo-x-racing\/#article\",\"isPartOf\":{\"@id\":\"https:\/\/www.gaveanews.com\/index.php\/2025\/10\/23\/alex-sandro-e-sincero-ao-falar-sobre-atuacao-de-ayrton-lucas-em-flamengo-x-racing\/\"},\"author\":{\"name\":\"Reda\u00e7\u00e3o\",\"@id\":\"https:\/\/www.gaveanews.com\/#\/schema\/person\/c88645e3d550d0b6574305e67dd5a716\"},\"headline\":\"Alex Sandro \u00e9 sincero ao falar sobre atua\u00e7\u00e3o de Ayrton Lucas em Flamengo x Racing\",\"datePublished\":\"2025-10-23T20:30:00+00:00\",\"mainEntityOfPage\":{\"@id\":\"https:\/\/www.gaveanews.com\/index.php\/2025\/10\/23\/alex-sandro-e-sincero-ao-falar-sobre-atuacao-de-ayrton-lucas-em-flamengo-x-racing\/\"},\"wordCount\":398,\"commentCount\":0,\"image\":{\"@id\":\"https:\/\/www.gaveanews.com\/index.php\/2025\/10\/23\/alex-sandro-e-sincero-ao-falar-sobre-atuacao-de-ayrton-lucas-em-flamengo-x-racing\/#primaryimage\"},\"thumbnailUrl\":\"https:\/\/www.gaveanews.com\/wp-content\/uploads\/Alex-Sandro-pelo-Flamengo.png\",\"articleSection\":[\"Flamengo\"],\"inLanguage\":\"pt-BR\",\"potentialAction\":[{\"@type\":\"CommentAction\",\"name\":\"Comment\",\"target\":[\"https:\/\/www.gaveanews.com\/index.php\/2025\/10\/23\/alex-sandro-e-sincero-ao-falar-sobre-atuacao-de-ayrton-lucas-em-flamengo-x-racing\/#respond\"]}],\"copyrightYear\":\"2025\",\"copyrightHolder\":{\"@id\":\"https:\/\/www.gaveanews.com\/#organization\"}},{\"@type\":\"WebPage\",\"@id\":\"https:\/\/www.gaveanews.com\/index.php\/2025\/10\/23\/alex-sandro-e-sincero-ao-falar-sobre-atuacao-de-ayrton-lucas-em-flamengo-x-racing\/\",\"url\":\"https:\/\/www.gaveanews.com\/index.php\/2025\/10\/23\/alex-sandro-e-sincero-ao-falar-sobre-atuacao-de-ayrton-lucas-em-flamengo-x-racing\/\",\"name\":\"Alex Sandro \u00e9 sincero ao falar sobre atua\u00e7\u00e3o de Ayrton Lucas em Flamengo x Racing\",\"isPartOf\":{\"@id\":\"https:\/\/www.gaveanews.com\/#website\"},\"primaryImageOfPage\":{\"@id\":\"https:\/\/www.gaveanews.com\/index.php\/2025\/10\/23\/alex-sandro-e-sincero-ao-falar-sobre-atuacao-de-ayrton-lucas-em-flamengo-x-racing\/#primaryimage\"},\"image\":{\"@id\":\"https:\/\/www.gaveanews.com\/index.php\/2025\/10\/23\/alex-sandro-e-sincero-ao-falar-sobre-atuacao-de-ayrton-lucas-em-flamengo-x-racing\/#primaryimage\"},\"thumbnailUrl\":\"https:\/\/www.gaveanews.com\/wp-content\/uploads\/Alex-Sandro-pelo-Flamengo.png\",\"datePublished\":\"2025-10-23T20:30:00+00:00\",\"author\":{\"@id\":\"https:\/\/www.gaveanews.com\/#\/schema\/person\/c88645e3d550d0b6574305e67dd5a716\"},\"breadcrumb\":{\"@id\":\"https:\/\/www.gaveanews.com\/index.php\/2025\/10\/23\/alex-sandro-e-sincero-ao-falar-sobre-atuacao-de-ayrton-lucas-em-flamengo-x-racing\/#breadcrumb\"},\"inLanguage\":\"pt-BR\",\"potentialAction\":[{\"@type\":\"ReadAction\",\"target\":[\"https:\/\/www.gaveanews.com\/index.php\/2025\/10\/23\/alex-sandro-e-sincero-ao-falar-sobre-atuacao-de-ayrton-lucas-em-flamengo-x-racing\/\"]}]},{\"@type\":\"ImageObject\",\"inLanguage\":\"pt-BR\",\"@id\":\"https:\/\/www.gaveanews.com\/index.php\/2025\/10\/23\/alex-sandro-e-sincero-ao-falar-sobre-atuacao-de-ayrton-lucas-em-flamengo-x-racing\/#primaryimage\",\"url\":\"https:\/\/www.gaveanews.com\/wp-content\/uploads\/Alex-Sandro-pelo-Flamengo.png\",\"contentUrl\":\"https:\/\/www.gaveanews.com\/wp-content\/uploads\/Alex-Sandro-pelo-Flamengo.png\",\"width\":1200,\"height\":900},{\"@type\":\"BreadcrumbList\",\"@id\":\"https:\/\/www.gaveanews.com\/index.php\/2025\/10\/23\/alex-sandro-e-sincero-ao-falar-sobre-atuacao-de-ayrton-lucas-em-flamengo-x-racing\/#breadcrumb\",\"itemListElement\":[{\"@type\":\"ListItem\",\"position\":1,\"name\":\"Home\",\"item\":\"https:\/\/www.gaveanews.com\/\"},{\"@type\":\"ListItem\",\"position\":2,\"name\":\"Alex Sandro \u00e9 sincero ao falar sobre atua\u00e7\u00e3o de Ayrton Lucas em Flamengo x Racing\"}]},{\"@type\":\"WebSite\",\"@id\":\"https:\/\/www.gaveanews.com\/#website\",\"url\":\"https:\/\/www.gaveanews.com\/\",\"name\":\"G\u00e1vea News\",\"description\":\"Veja todas as not\u00edcias sobre o Flamengo: Contrata\u00e7\u00f5es, categorias de base, resultados das partidas, tabela de classifica\u00e7\u00e3o, pr\u00f3ximos jogos!\",\"potentialAction\":[{\"@type\":\"SearchAction\",\"target\":{\"@type\":\"EntryPoint\",\"urlTemplate\":\"https:\/\/www.gaveanews.com\/?s={search_term_string}\"},\"query-input\":{\"@type\":\"PropertyValueSpecification\",\"valueRequired\":true,\"valueName\":\"search_term_string\"}}],\"inLanguage\":\"pt-BR\"},{\"@type\":\"Person\",\"@id\":\"https:\/\/www.gaveanews.com\/#\/schema\/person\/c88645e3d550d0b6574305e67dd5a716\",\"name\":\"Reda\u00e7\u00e3o\",\"image\":{\"@type\":\"ImageObject\",\"inLanguage\":\"pt-BR\",\"@id\":\"https:\/\/www.gaveanews.com\/#\/schema\/person\/image\/\",\"url\":\"https:\/\/secure.gravatar.com\/avatar\/434098fd823f0dc1b062d14ca22bacaa6e38de28d8c816bbef6fc2f8c44d8ba3?s=96&d=mm&r=g\",\"contentUrl\":\"https:\/\/secure.gravatar.com\/avatar\/434098fd823f0dc1b062d14ca22bacaa6e38de28d8c816bbef6fc2f8c44d8ba3?s=96&d=mm&r=g\",\"caption\":\"Reda\u00e7\u00e3o\"}}]}<\/script>\n<!-- \/ Yoast SEO Premium plugin. -->","yoast_head_json":{"title":"Alex Sandro \u00e9 sincero ao falar sobre atua\u00e7\u00e3o de Ayrton Lucas em Flamengo x Racing","robots":{"index":"index","follow":"follow","max-snippet":"max-snippet:-1","max-image-preview":"max-image-preview:large","max-video-preview":"max-video-preview:-1"},"canonical":"https:\/\/www.gaveanews.com\/index.php\/2025\/10\/23\/alex-sandro-e-sincero-ao-falar-sobre-atuacao-de-ayrton-lucas-em-flamengo-x-racing\/","og_locale":"pt_BR","og_type":"article","og_title":"Alex Sandro \u00e9 sincero ao falar sobre atua\u00e7\u00e3o de Ayrton Lucas em Flamengo x Racing","og_description":"O Flamengo venceu o Racing por 1 a 0, na quarta-feira (22 de outubro), no Maracan\u00e3, pelo jogo de ida da semifinal da Libertadores. Alex Sandro foi titular e falou ap\u00f3s a partida, na zona mista. O atleta foi substitu\u00eddo no segundo tempo por Ayrton Lucas e comentou a mudan\u00e7a na equipe. O lateral disse [&hellip;]","og_url":"https:\/\/www.gaveanews.com\/index.php\/2025\/10\/23\/alex-sandro-e-sincero-ao-falar-sobre-atuacao-de-ayrton-lucas-em-flamengo-x-racing\/","og_site_name":"G\u00e1vea News","article_publisher":"https:\/\/facebook.com\/gaveaNews\/","article_published_time":"2025-10-23T20:30:00+00:00","og_image":[{"width":1200,"height":900,"url":"https:\/\/www.gaveanews.com\/wp-content\/uploads\/Alex-Sandro-pelo-Flamengo.png","type":"image\/png"}],"author":"Reda\u00e7\u00e3o","twitter_card":"summary_large_image","twitter_misc":{"Escrito por":"Reda\u00e7\u00e3o","Est. tempo de leitura":"3 minutos"},"schema":{"@context":"https:\/\/schema.org","@graph":[{"@type":"NewsArticle","@id":"https:\/\/www.gaveanews.com\/index.php\/2025\/10\/23\/alex-sandro-e-sincero-ao-falar-sobre-atuacao-de-ayrton-lucas-em-flamengo-x-racing\/#article","isPartOf":{"@id":"https:\/\/www.gaveanews.com\/index.php\/2025\/10\/23\/alex-sandro-e-sincero-ao-falar-sobre-atuacao-de-ayrton-lucas-em-flamengo-x-racing\/"},"author":{"name":"Reda\u00e7\u00e3o","@id":"https:\/\/www.gaveanews.com\/#\/schema\/person\/c88645e3d550d0b6574305e67dd5a716"},"headline":"Alex Sandro \u00e9 sincero ao falar sobre atua\u00e7\u00e3o de Ayrton Lucas em Flamengo x Racing","datePublished":"2025-10-23T20:30:00+00:00","mainEntityOfPage":{"@id":"https:\/\/www.gaveanews.com\/index.php\/2025\/10\/23\/alex-sandro-e-sincero-ao-falar-sobre-atuacao-de-ayrton-lucas-em-flamengo-x-racing\/"},"wordCount":398,"commentCount":0,"image":{"@id":"https:\/\/www.gaveanews.com\/index.php\/2025\/10\/23\/alex-sandro-e-sincero-ao-falar-sobre-atuacao-de-ayrton-lucas-em-flamengo-x-racing\/#primaryimage"},"thumbnailUrl":"https:\/\/www.gaveanews.com\/wp-content\/uploads\/Alex-Sandro-pelo-Flamengo.png","articleSection":["Flamengo"],"inLanguage":"pt-BR","potentialAction":[{"@type":"CommentAction","name":"Comment","target":["https:\/\/www.gaveanews.com\/index.php\/2025\/10\/23\/alex-sandro-e-sincero-ao-falar-sobre-atuacao-de-ayrton-lucas-em-flamengo-x-racing\/#respond"]}],"copyrightYear":"2025","copyrightHolder":{"@id":"https:\/\/www.gaveanews.com\/#organization"}},{"@type":"WebPage","@id":"https:\/\/www.gaveanews.com\/index.php\/2025\/10\/23\/alex-sandro-e-sincero-ao-falar-sobre-atuacao-de-ayrton-lucas-em-flamengo-x-racing\/","url":"https:\/\/www.gaveanews.com\/index.php\/2025\/10\/23\/alex-sandro-e-sincero-ao-falar-sobre-atuacao-de-ayrton-lucas-em-flamengo-x-racing\/","name":"Alex Sandro \u00e9 sincero ao falar sobre atua\u00e7\u00e3o de Ayrton Lucas em Flamengo x Racing","isPartOf":{"@id":"https:\/\/www.gaveanews.com\/#website"},"primaryImageOfPage":{"@id":"https:\/\/www.gaveanews.com\/index.php\/2025\/10\/23\/alex-sandro-e-sincero-ao-falar-sobre-atuacao-de-ayrton-lucas-em-flamengo-x-racing\/#primaryimage"},"image":{"@id":"https:\/\/www.gaveanews.com\/index.php\/2025\/10\/23\/alex-sandro-e-sincero-ao-falar-sobre-atuacao-de-ayrton-lucas-em-flamengo-x-racing\/#primaryimage"},"thumbnailUrl":"https:\/\/www.gaveanews.com\/wp-content\/uploads\/Alex-Sandro-pelo-Flamengo.png","datePublished":"2025-10-23T20:30:00+00:00","author":{"@id":"https:\/\/www.gaveanews.com\/#\/schema\/person\/c88645e3d550d0b6574305e67dd5a716"},"breadcrumb":{"@id":"https:\/\/www.gaveanews.com\/index.php\/2025\/10\/23\/alex-sandro-e-sincero-ao-falar-sobre-atuacao-de-ayrton-lucas-em-flamengo-x-racing\/#breadcrumb"},"inLanguage":"pt-BR","potentialAction":[{"@type":"ReadAction","target":["https:\/\/www.gaveanews.com\/index.php\/2025\/10\/23\/alex-sandro-e-sincero-ao-falar-sobre-atuacao-de-ayrton-lucas-em-flamengo-x-racing\/"]}]},{"@type":"ImageObject","inLanguage":"pt-BR","@id":"https:\/\/www.gaveanews.com\/index.php\/2025\/10\/23\/alex-sandro-e-sincero-ao-falar-sobre-atuacao-de-ayrton-lucas-em-flamengo-x-racing\/#primaryimage","url":"https:\/\/www.gaveanews.com\/wp-content\/uploads\/Alex-Sandro-pelo-Flamengo.png","contentUrl":"https:\/\/www.gaveanews.com\/wp-content\/uploads\/Alex-Sandro-pelo-Flamengo.png","width":1200,"height":900},{"@type":"BreadcrumbList","@id":"https:\/\/www.gaveanews.com\/index.php\/2025\/10\/23\/alex-sandro-e-sincero-ao-falar-sobre-atuacao-de-ayrton-lucas-em-flamengo-x-racing\/#breadcrumb","itemListElement":[{"@type":"ListItem","position":1,"name":"Home","item":"https:\/\/www.gaveanews.com\/"},{"@type":"ListItem","position":2,"name":"Alex Sandro \u00e9 sincero ao falar sobre atua\u00e7\u00e3o de Ayrton Lucas em Flamengo x Racing"}]},{"@type":"WebSite","@id":"https:\/\/www.gaveanews.com\/#website","url":"https:\/\/www.gaveanews.com\/","name":"G\u00e1vea News","description":"Veja todas as not\u00edcias sobre o Flamengo: Contrata\u00e7\u00f5es, categorias de base, resultados das partidas, tabela de classifica\u00e7\u00e3o, pr\u00f3ximos jogos!","potentialAction":[{"@type":"SearchAction","target":{"@type":"EntryPoint","urlTemplate":"https:\/\/www.gaveanews.com\/?s={search_term_string}"},"query-input":{"@type":"PropertyValueSpecification","valueRequired":true,"valueName":"search_term_string"}}],"inLanguage":"pt-BR"},{"@type":"Person","@id":"https:\/\/www.gaveanews.com\/#\/schema\/person\/c88645e3d550d0b6574305e67dd5a716","name":"Reda\u00e7\u00e3o","image":{"@type":"ImageObject","inLanguage":"pt-BR","@id":"https:\/\/www.gaveanews.com\/#\/schema\/person\/image\/","url":"https:\/\/secure.gravatar.com\/avatar\/434098fd823f0dc1b062d14ca22bacaa6e38de28d8c816bbef6fc2f8c44d8ba3?s=96&d=mm&r=g","contentUrl":"https:\/\/secure.gravatar.com\/avatar\/434098fd823f0dc1b062d14ca22bacaa6e38de28d8c816bbef6fc2f8c44d8ba3?s=96&d=mm&r=g","caption":"Reda\u00e7\u00e3o"}}]}},"_links":{"self":[{"href":"https:\/\/www.gaveanews.com\/index.php\/wp-json\/wp\/v2\/posts\/279183","targetHints":{"allow":["GET"]}}],"collection":[{"href":"https:\/\/www.gaveanews.com\/index.php\/wp-json\/wp\/v2\/posts"}],"about":[{"href":"https:\/\/www.gaveanews.com\/index.php\/wp-json\/wp\/v2\/types\/post"}],"author":[{"embeddable":true,"href":"https:\/\/www.gaveanews.com\/index.php\/wp-json\/wp\/v2\/users\/39"}],"replies":[{"embeddable":true,"href":"https:\/\/www.gaveanews.com\/index.php\/wp-json\/wp\/v2\/comments?post=279183"}],"version-history":[{"count":1,"href":"https:\/\/www.gaveanews.com\/index.php\/wp-json\/wp\/v2\/posts\/279183\/revisions"}],"predecessor-version":[{"id":279188,"href":"https:\/\/www.gaveanews.com\/index.php\/wp-json\/wp\/v2\/posts\/279183\/revisions\/279188"}],"wp:featuredmedia":[{"embeddable":true,"href":"https:\/\/www.gaveanews.com\/index.php\/wp-json\/wp\/v2\/media\/274259"}],"wp:attachment":[{"href":"https:\/\/www.gaveanews.com\/index.php\/wp-json\/wp\/v2\/media?parent=279183"}],"wp:term":[{"taxonomy":"category","embeddable":true,"href":"https:\/\/www.gaveanews.com\/index.php\/wp-json\/wp\/v2\/categories?post=279183"},{"taxonomy":"post_tag","embeddable":true,"href":"https:\/\/www.gaveanews.com\/index.php\/wp-json\/wp\/v2\/tags?post=279183"}],"curies":[{"name":"wp","href":"https:\/\/api.w.org\/{rel}","templated":true}]}}