{"id":279204,"date":"2025-10-24T11:20:00","date_gmt":"2025-10-24T14:20:00","guid":{"rendered":"https:\/\/www.gaveanews.com\/?p=279204"},"modified":"2025-10-24T11:14:24","modified_gmt":"2025-10-24T14:14:24","slug":"venda-do-maracana-leva-em-consideracao-o-flamengo-entenda","status":"publish","type":"post","link":"https:\/\/www.gaveanews.com\/index.php\/2025\/10\/24\/venda-do-maracana-leva-em-consideracao-o-flamengo-entenda\/","title":{"rendered":"Venda do Maracan\u00e3 leva em considera\u00e7\u00e3o o Flamengo; entenda"},"content":{"rendered":"\n<p>A poss\u00edvel venda definitiva do Complexo do Maracan\u00e3 voltou ao centro das discuss\u00f5es na Assembleia Legislativa do Rio de Janeiro (Alerj). Deputados aprovaram na Comiss\u00e3o de Constitui\u00e7\u00e3o e Justi\u00e7a (CCJ), na \u00faltima quarta-feira (22), um projeto de lei que inclui o est\u00e1dio na lista de bens estaduais a serem comercializados.<\/p>\n\n\n\n<p>O movimento tem como pano de fundo a tentativa de equilibrar as contas p\u00fablicas e, simultaneamente, gerar capital pol\u00edtico, com foco direto na aproxima\u00e7\u00e3o entre o Governo do Estado e o Flamengo.<\/p>\n\n\n\n<p>Atualmente, o cons\u00f3rcio formado por Flamengo e Fluminense det\u00e9m a concess\u00e3o do Maracan\u00e3 at\u00e9 2044. O acordo prev\u00ea pagamento anual de R$ 20 milh\u00f5es em outorga ao Governo do Estado e compromete os clubes a investirem R$ 186 milh\u00f5es em melhorias no est\u00e1dio ao longo de 20 anos.<\/p>\n\n\n\n<p>Apesar disso, a gest\u00e3o estadual incluiu o complexo na lista de im\u00f3veis dispon\u00edveis para venda, o que pode alterar o futuro do equipamento.<\/p>\n\n\n\n<p>O deputado Rodrigo Amorim (Uni\u00e3o Brasil), presidente da CCJ, afirmou que a proposta surgiu ap\u00f3s uma reuni\u00e3o que contou com a presen\u00e7a do presidente do Flamengo, Luiz Eduardo Baptista (Bap), al\u00e9m de outros parlamentares.<\/p>\n\n\n\n<figure class=\"wp-block-image size-full\"><img loading=\"lazy\" decoding=\"async\" width=\"984\" height=\"627\" src=\"https:\/\/www.gaveanews.com\/wp-content\/uploads\/image-18.png\" alt=\"\" class=\"wp-image-279215\" srcset=\"https:\/\/www.gaveanews.com\/wp-content\/uploads\/image-18.png 984w, https:\/\/www.gaveanews.com\/wp-content\/uploads\/image-18-300x191.png 300w, https:\/\/www.gaveanews.com\/wp-content\/uploads\/image-18-768x489.png 768w, https:\/\/www.gaveanews.com\/wp-content\/uploads\/image-18-659x420.png 659w, https:\/\/www.gaveanews.com\/wp-content\/uploads\/image-18-640x408.png 640w, https:\/\/www.gaveanews.com\/wp-content\/uploads\/image-18-681x434.png 681w, https:\/\/www.gaveanews.com\/wp-content\/uploads\/image-18-100x64.png 100w\" sizes=\"auto, (max-width: 984px) 100vw, 984px\" \/><figcaption class=\"wp-element-caption\">Rodrigo Amorim (Uni\u00e3o Brasil), presidente da CCJ, com Bap (Foto: Reprodu\u00e7\u00e3o)<\/figcaption><\/figure>\n\n\n\n<p>\u201cTivemos uma reuni\u00e3o recente inclusive com o presidente do Flamengo no gabinete do presidente Rodrigo Bacellar. E \u00e9 fundamental que o Estado d\u00ea uma destina\u00e7\u00e3o (ao est\u00e1dio)\u201d, disse Amorim.<\/p>\n\n\n\n<p>Conforme os parlamentares, o modelo aplicado no est\u00e1dio do Pacaembu, em S\u00e3o Paulo, inspirou o projeto. Desde que o Corinthians passou a utilizar sua arena pr\u00f3pria em Itaquera, o Pacaembu perdeu protagonismo. <\/p>\n\n\n\n<p>Para os deputados, a venda do Maracan\u00e3 evitaria cen\u00e1rio semelhante no Rio, caso o Flamengo concretize o antigo projeto de construir seu pr\u00f3prio est\u00e1dio.<\/p>\n\n\n\n<p>Ali\u00e1s, a constru\u00e7\u00e3o de uma nova casa rubro-negra chegou a ser considerada at\u00e9 o ano passado. Contudo, ap\u00f3s a posse de Bap na presid\u00eancia do clube, o projeto passou a ser tratado com mais cautela. <\/p>\n\n\n\n<p>A previs\u00e3o mais recente projeta uma inaugura\u00e7\u00e3o apenas em 2036, o que mant\u00e9m o Maracan\u00e3 como espa\u00e7o central nas partidas do time.<\/p>\n\n\n\n<p>Para Amorim, manter o est\u00e1dio sob controle estatal n\u00e3o se justifica economicamente.<\/p>\n\n\n\n<p>\u201cCada vez que o Maracan\u00e3 abre para um jogo, seja ele qual for, \u00e9 uma quantia pr\u00f3xima a R$ 1 milh\u00e3o para acontecer o evento. N\u00e3o tem sentido a gente ter um elefante branco que o estado continue bancando. Ou vende o Maracan\u00e3 ou faz uma concess\u00e3o mais longa, enfim, alguma coisa tem que ser destinada\u201d, declarou o deputado.<\/p>\n\n\n\n<p>A poss\u00edvel transfer\u00eancia do est\u00e1dio ao Flamengo tamb\u00e9m se entrela\u00e7a com o cen\u00e1rio pol\u00edtico do Rio. Rodrigo Bacellar (Uni\u00e3o Brasil), presidente da Alerj e pr\u00e9-candidato ao governo estadual em 2026, \u00e9 visto como o articulador da proposta. <\/p>\n\n\n\n<h2 class=\"wp-block-heading\" id=\"h-popularidade-do-flamengo\">Popularidade do Flamengo<\/h2>\n\n\n\n<p>A estrat\u00e9gia busca capitalizar a popularidade do Flamengo junto ao eleitorado e, assim, fortalecer sua imagem p\u00fablica.<\/p>\n\n\n\n<p>A cientista pol\u00edtica Mayra Goulart, da Universidade Federal do Rio de Janeiro (UFRJ), avalia que a movimenta\u00e7\u00e3o tem vi\u00e9s pol\u00edtico claro.<\/p>\n\n\n\n<p>\u201cPaes e Bacellar est\u00e3o tentando mobilizar a popularidade associada ao Flamengo para tentar ampliar seu capital pol\u00edtico. Ele (Bacellar) d\u00e1 ainda uma sinaliza\u00e7\u00e3o para um discurso de boa gest\u00e3o, de corte de gastos, de redu\u00e7\u00e3o da administra\u00e7\u00e3o p\u00fablica\u201d, explicou.<\/p>\n\n\n\n<p>O valor estimado da opera\u00e7\u00e3o gira em torno de R$ 2 bilh\u00f5es, cifra considerada inferior ao custo de constru\u00e7\u00e3o de um novo est\u00e1dio. Al\u00e9m disso, o Maracan\u00e3 j\u00e1 conta com estrutura funcional e identifica\u00e7\u00e3o consolidada com o clube rubro-negro, o que refor\u00e7a sua atratividade.<\/p>\n\n\n\n<p>O Governo do Estado, por ora, n\u00e3o se pronunciou sobre a inclus\u00e3o do Maracan\u00e3 na lista de ativos a serem vendidos. O Flamengo, igualmente, n\u00e3o emitiu posicionamento oficial sobre o tema. Por outro lado, o cons\u00f3rcio Fla-Flu declarou que pretende cumprir o contrato vigente at\u00e9 2044.<\/p>\n\n\n\n<p>A aliena\u00e7\u00e3o de im\u00f3veis p\u00fablicos, incluindo o Maracan\u00e3, est\u00e1 atrelada \u00e0 inten\u00e7\u00e3o do Estado do Rio de Janeiro de aderir ao Programa de Pleno Pagamento de D\u00edvidas dos Estados (Propag). Segundo a Lei Or\u00e7ament\u00e1ria de 2026, o estado ter\u00e1 que arcar com R$ 12,3 bilh\u00f5es apenas em servi\u00e7os da d\u00edvida no pr\u00f3ximo ano. <\/p>\n\n\n\n<p>A venda do est\u00e1dio, portanto, \u00e9 vista como uma medida emergencial para reduzir esse passivo.<\/p>\n","protected":false},"excerpt":{"rendered":"<p>A poss\u00edvel venda definitiva do Complexo do Maracan\u00e3 voltou ao centro das discuss\u00f5es na Assembleia Legislativa do Rio de Janeiro (Alerj). Deputados aprovaram na Comiss\u00e3o de Constitui\u00e7\u00e3o e Justi\u00e7a (CCJ), na \u00faltima quarta-feira (22), um projeto de lei que inclui o est\u00e1dio na lista de bens estaduais a serem comercializados. O movimento tem como pano [&hellip;]<\/p>\n","protected":false},"author":39,"featured_media":279168,"comment_status":"open","ping_status":"closed","sticky":false,"template":"","format":"standard","meta":{"footnotes":""},"categories":[1],"tags":[],"class_list":["post-279204","post","type-post","status-publish","format-standard","has-post-thumbnail","hentry","category-flamengo"],"yoast_head":"<!-- This site is optimized with the Yoast SEO Premium plugin v24.2 (Yoast SEO v26.9) - https:\/\/yoast.com\/product\/yoast-seo-premium-wordpress\/ -->\n<title>Venda do Maracan\u00e3 leva em considera\u00e7\u00e3o o Flamengo; entenda<\/title>\n<meta name=\"robots\" content=\"index, follow, max-snippet:-1, max-image-preview:large, max-video-preview:-1\" \/>\n<link rel=\"canonical\" href=\"https:\/\/www.gaveanews.com\/index.php\/2025\/10\/24\/venda-do-maracana-leva-em-consideracao-o-flamengo-entenda\/\" \/>\n<meta property=\"og:locale\" content=\"pt_BR\" \/>\n<meta property=\"og:type\" content=\"article\" \/>\n<meta property=\"og:title\" content=\"Venda do Maracan\u00e3 leva em considera\u00e7\u00e3o o Flamengo; entenda\" \/>\n<meta property=\"og:description\" content=\"A poss\u00edvel venda definitiva do Complexo do Maracan\u00e3 voltou ao centro das discuss\u00f5es na Assembleia Legislativa do Rio de Janeiro (Alerj). Deputados aprovaram na Comiss\u00e3o de Constitui\u00e7\u00e3o e Justi\u00e7a (CCJ), na \u00faltima quarta-feira (22), um projeto de lei que inclui o est\u00e1dio na lista de bens estaduais a serem comercializados. O movimento tem como pano [&hellip;]\" \/>\n<meta property=\"og:url\" content=\"https:\/\/www.gaveanews.com\/index.php\/2025\/10\/24\/venda-do-maracana-leva-em-consideracao-o-flamengo-entenda\/\" \/>\n<meta property=\"og:site_name\" content=\"G\u00e1vea News\" \/>\n<meta property=\"article:publisher\" content=\"https:\/\/facebook.com\/gaveaNews\/\" \/>\n<meta property=\"article:published_time\" content=\"2025-10-24T14:20:00+00:00\" \/>\n<meta property=\"og:image\" content=\"https:\/\/www.gaveanews.com\/wp-content\/uploads\/Maracana.png\" \/>\n\t<meta property=\"og:image:width\" content=\"1200\" \/>\n\t<meta property=\"og:image:height\" content=\"900\" \/>\n\t<meta property=\"og:image:type\" content=\"image\/png\" \/>\n<meta name=\"author\" content=\"Reda\u00e7\u00e3o\" \/>\n<meta name=\"twitter:card\" content=\"summary_large_image\" \/>\n<meta name=\"twitter:label1\" content=\"Escrito por\" \/>\n\t<meta name=\"twitter:data1\" content=\"Reda\u00e7\u00e3o\" \/>\n\t<meta name=\"twitter:label2\" content=\"Est. tempo de leitura\" \/>\n\t<meta name=\"twitter:data2\" content=\"5 minutos\" \/>\n<script type=\"application\/ld+json\" class=\"yoast-schema-graph\">{\"@context\":\"https:\/\/schema.org\",\"@graph\":[{\"@type\":\"NewsArticle\",\"@id\":\"https:\/\/www.gaveanews.com\/index.php\/2025\/10\/24\/venda-do-maracana-leva-em-consideracao-o-flamengo-entenda\/#article\",\"isPartOf\":{\"@id\":\"https:\/\/www.gaveanews.com\/index.php\/2025\/10\/24\/venda-do-maracana-leva-em-consideracao-o-flamengo-entenda\/\"},\"author\":{\"name\":\"Reda\u00e7\u00e3o\",\"@id\":\"https:\/\/www.gaveanews.com\/#\/schema\/person\/c88645e3d550d0b6574305e67dd5a716\"},\"headline\":\"Venda do Maracan\u00e3 leva em considera\u00e7\u00e3o o Flamengo; entenda\",\"datePublished\":\"2025-10-24T14:20:00+00:00\",\"mainEntityOfPage\":{\"@id\":\"https:\/\/www.gaveanews.com\/index.php\/2025\/10\/24\/venda-do-maracana-leva-em-consideracao-o-flamengo-entenda\/\"},\"wordCount\":772,\"commentCount\":0,\"image\":{\"@id\":\"https:\/\/www.gaveanews.com\/index.php\/2025\/10\/24\/venda-do-maracana-leva-em-consideracao-o-flamengo-entenda\/#primaryimage\"},\"thumbnailUrl\":\"https:\/\/www.gaveanews.com\/wp-content\/uploads\/Maracana.png\",\"articleSection\":[\"Flamengo\"],\"inLanguage\":\"pt-BR\",\"potentialAction\":[{\"@type\":\"CommentAction\",\"name\":\"Comment\",\"target\":[\"https:\/\/www.gaveanews.com\/index.php\/2025\/10\/24\/venda-do-maracana-leva-em-consideracao-o-flamengo-entenda\/#respond\"]}],\"copyrightYear\":\"2025\",\"copyrightHolder\":{\"@id\":\"https:\/\/www.gaveanews.com\/#organization\"}},{\"@type\":\"WebPage\",\"@id\":\"https:\/\/www.gaveanews.com\/index.php\/2025\/10\/24\/venda-do-maracana-leva-em-consideracao-o-flamengo-entenda\/\",\"url\":\"https:\/\/www.gaveanews.com\/index.php\/2025\/10\/24\/venda-do-maracana-leva-em-consideracao-o-flamengo-entenda\/\",\"name\":\"Venda do Maracan\u00e3 leva em considera\u00e7\u00e3o o Flamengo; entenda\",\"isPartOf\":{\"@id\":\"https:\/\/www.gaveanews.com\/#website\"},\"primaryImageOfPage\":{\"@id\":\"https:\/\/www.gaveanews.com\/index.php\/2025\/10\/24\/venda-do-maracana-leva-em-consideracao-o-flamengo-entenda\/#primaryimage\"},\"image\":{\"@id\":\"https:\/\/www.gaveanews.com\/index.php\/2025\/10\/24\/venda-do-maracana-leva-em-consideracao-o-flamengo-entenda\/#primaryimage\"},\"thumbnailUrl\":\"https:\/\/www.gaveanews.com\/wp-content\/uploads\/Maracana.png\",\"datePublished\":\"2025-10-24T14:20:00+00:00\",\"author\":{\"@id\":\"https:\/\/www.gaveanews.com\/#\/schema\/person\/c88645e3d550d0b6574305e67dd5a716\"},\"breadcrumb\":{\"@id\":\"https:\/\/www.gaveanews.com\/index.php\/2025\/10\/24\/venda-do-maracana-leva-em-consideracao-o-flamengo-entenda\/#breadcrumb\"},\"inLanguage\":\"pt-BR\",\"potentialAction\":[{\"@type\":\"ReadAction\",\"target\":[\"https:\/\/www.gaveanews.com\/index.php\/2025\/10\/24\/venda-do-maracana-leva-em-consideracao-o-flamengo-entenda\/\"]}]},{\"@type\":\"ImageObject\",\"inLanguage\":\"pt-BR\",\"@id\":\"https:\/\/www.gaveanews.com\/index.php\/2025\/10\/24\/venda-do-maracana-leva-em-consideracao-o-flamengo-entenda\/#primaryimage\",\"url\":\"https:\/\/www.gaveanews.com\/wp-content\/uploads\/Maracana.png\",\"contentUrl\":\"https:\/\/www.gaveanews.com\/wp-content\/uploads\/Maracana.png\",\"width\":1200,\"height\":900,\"caption\":\"Maracan\u00e3 (Foto: Divulga\u00e7\u00e3o\/Maracan\u00e3)\"},{\"@type\":\"BreadcrumbList\",\"@id\":\"https:\/\/www.gaveanews.com\/index.php\/2025\/10\/24\/venda-do-maracana-leva-em-consideracao-o-flamengo-entenda\/#breadcrumb\",\"itemListElement\":[{\"@type\":\"ListItem\",\"position\":1,\"name\":\"Home\",\"item\":\"https:\/\/www.gaveanews.com\/\"},{\"@type\":\"ListItem\",\"position\":2,\"name\":\"Venda do Maracan\u00e3 leva em considera\u00e7\u00e3o o Flamengo; entenda\"}]},{\"@type\":\"WebSite\",\"@id\":\"https:\/\/www.gaveanews.com\/#website\",\"url\":\"https:\/\/www.gaveanews.com\/\",\"name\":\"G\u00e1vea News\",\"description\":\"Veja todas as not\u00edcias sobre o Flamengo: Contrata\u00e7\u00f5es, categorias de base, resultados das partidas, tabela de classifica\u00e7\u00e3o, pr\u00f3ximos jogos!\",\"potentialAction\":[{\"@type\":\"SearchAction\",\"target\":{\"@type\":\"EntryPoint\",\"urlTemplate\":\"https:\/\/www.gaveanews.com\/?s={search_term_string}\"},\"query-input\":{\"@type\":\"PropertyValueSpecification\",\"valueRequired\":true,\"valueName\":\"search_term_string\"}}],\"inLanguage\":\"pt-BR\"},{\"@type\":\"Person\",\"@id\":\"https:\/\/www.gaveanews.com\/#\/schema\/person\/c88645e3d550d0b6574305e67dd5a716\",\"name\":\"Reda\u00e7\u00e3o\",\"image\":{\"@type\":\"ImageObject\",\"inLanguage\":\"pt-BR\",\"@id\":\"https:\/\/www.gaveanews.com\/#\/schema\/person\/image\/\",\"url\":\"https:\/\/secure.gravatar.com\/avatar\/434098fd823f0dc1b062d14ca22bacaa6e38de28d8c816bbef6fc2f8c44d8ba3?s=96&d=mm&r=g\",\"contentUrl\":\"https:\/\/secure.gravatar.com\/avatar\/434098fd823f0dc1b062d14ca22bacaa6e38de28d8c816bbef6fc2f8c44d8ba3?s=96&d=mm&r=g\",\"caption\":\"Reda\u00e7\u00e3o\"}}]}<\/script>\n<!-- \/ Yoast SEO Premium plugin. -->","yoast_head_json":{"title":"Venda do Maracan\u00e3 leva em considera\u00e7\u00e3o o Flamengo; entenda","robots":{"index":"index","follow":"follow","max-snippet":"max-snippet:-1","max-image-preview":"max-image-preview:large","max-video-preview":"max-video-preview:-1"},"canonical":"https:\/\/www.gaveanews.com\/index.php\/2025\/10\/24\/venda-do-maracana-leva-em-consideracao-o-flamengo-entenda\/","og_locale":"pt_BR","og_type":"article","og_title":"Venda do Maracan\u00e3 leva em considera\u00e7\u00e3o o Flamengo; entenda","og_description":"A poss\u00edvel venda definitiva do Complexo do Maracan\u00e3 voltou ao centro das discuss\u00f5es na Assembleia Legislativa do Rio de Janeiro (Alerj). Deputados aprovaram na Comiss\u00e3o de Constitui\u00e7\u00e3o e Justi\u00e7a (CCJ), na \u00faltima quarta-feira (22), um projeto de lei que inclui o est\u00e1dio na lista de bens estaduais a serem comercializados. O movimento tem como pano [&hellip;]","og_url":"https:\/\/www.gaveanews.com\/index.php\/2025\/10\/24\/venda-do-maracana-leva-em-consideracao-o-flamengo-entenda\/","og_site_name":"G\u00e1vea News","article_publisher":"https:\/\/facebook.com\/gaveaNews\/","article_published_time":"2025-10-24T14:20:00+00:00","og_image":[{"width":1200,"height":900,"url":"https:\/\/www.gaveanews.com\/wp-content\/uploads\/Maracana.png","type":"image\/png"}],"author":"Reda\u00e7\u00e3o","twitter_card":"summary_large_image","twitter_misc":{"Escrito por":"Reda\u00e7\u00e3o","Est. tempo de leitura":"5 minutos"},"schema":{"@context":"https:\/\/schema.org","@graph":[{"@type":"NewsArticle","@id":"https:\/\/www.gaveanews.com\/index.php\/2025\/10\/24\/venda-do-maracana-leva-em-consideracao-o-flamengo-entenda\/#article","isPartOf":{"@id":"https:\/\/www.gaveanews.com\/index.php\/2025\/10\/24\/venda-do-maracana-leva-em-consideracao-o-flamengo-entenda\/"},"author":{"name":"Reda\u00e7\u00e3o","@id":"https:\/\/www.gaveanews.com\/#\/schema\/person\/c88645e3d550d0b6574305e67dd5a716"},"headline":"Venda do Maracan\u00e3 leva em considera\u00e7\u00e3o o Flamengo; entenda","datePublished":"2025-10-24T14:20:00+00:00","mainEntityOfPage":{"@id":"https:\/\/www.gaveanews.com\/index.php\/2025\/10\/24\/venda-do-maracana-leva-em-consideracao-o-flamengo-entenda\/"},"wordCount":772,"commentCount":0,"image":{"@id":"https:\/\/www.gaveanews.com\/index.php\/2025\/10\/24\/venda-do-maracana-leva-em-consideracao-o-flamengo-entenda\/#primaryimage"},"thumbnailUrl":"https:\/\/www.gaveanews.com\/wp-content\/uploads\/Maracana.png","articleSection":["Flamengo"],"inLanguage":"pt-BR","potentialAction":[{"@type":"CommentAction","name":"Comment","target":["https:\/\/www.gaveanews.com\/index.php\/2025\/10\/24\/venda-do-maracana-leva-em-consideracao-o-flamengo-entenda\/#respond"]}],"copyrightYear":"2025","copyrightHolder":{"@id":"https:\/\/www.gaveanews.com\/#organization"}},{"@type":"WebPage","@id":"https:\/\/www.gaveanews.com\/index.php\/2025\/10\/24\/venda-do-maracana-leva-em-consideracao-o-flamengo-entenda\/","url":"https:\/\/www.gaveanews.com\/index.php\/2025\/10\/24\/venda-do-maracana-leva-em-consideracao-o-flamengo-entenda\/","name":"Venda do Maracan\u00e3 leva em considera\u00e7\u00e3o o Flamengo; entenda","isPartOf":{"@id":"https:\/\/www.gaveanews.com\/#website"},"primaryImageOfPage":{"@id":"https:\/\/www.gaveanews.com\/index.php\/2025\/10\/24\/venda-do-maracana-leva-em-consideracao-o-flamengo-entenda\/#primaryimage"},"image":{"@id":"https:\/\/www.gaveanews.com\/index.php\/2025\/10\/24\/venda-do-maracana-leva-em-consideracao-o-flamengo-entenda\/#primaryimage"},"thumbnailUrl":"https:\/\/www.gaveanews.com\/wp-content\/uploads\/Maracana.png","datePublished":"2025-10-24T14:20:00+00:00","author":{"@id":"https:\/\/www.gaveanews.com\/#\/schema\/person\/c88645e3d550d0b6574305e67dd5a716"},"breadcrumb":{"@id":"https:\/\/www.gaveanews.com\/index.php\/2025\/10\/24\/venda-do-maracana-leva-em-consideracao-o-flamengo-entenda\/#breadcrumb"},"inLanguage":"pt-BR","potentialAction":[{"@type":"ReadAction","target":["https:\/\/www.gaveanews.com\/index.php\/2025\/10\/24\/venda-do-maracana-leva-em-consideracao-o-flamengo-entenda\/"]}]},{"@type":"ImageObject","inLanguage":"pt-BR","@id":"https:\/\/www.gaveanews.com\/index.php\/2025\/10\/24\/venda-do-maracana-leva-em-consideracao-o-flamengo-entenda\/#primaryimage","url":"https:\/\/www.gaveanews.com\/wp-content\/uploads\/Maracana.png","contentUrl":"https:\/\/www.gaveanews.com\/wp-content\/uploads\/Maracana.png","width":1200,"height":900,"caption":"Maracan\u00e3 (Foto: Divulga\u00e7\u00e3o\/Maracan\u00e3)"},{"@type":"BreadcrumbList","@id":"https:\/\/www.gaveanews.com\/index.php\/2025\/10\/24\/venda-do-maracana-leva-em-consideracao-o-flamengo-entenda\/#breadcrumb","itemListElement":[{"@type":"ListItem","position":1,"name":"Home","item":"https:\/\/www.gaveanews.com\/"},{"@type":"ListItem","position":2,"name":"Venda do Maracan\u00e3 leva em considera\u00e7\u00e3o o Flamengo; entenda"}]},{"@type":"WebSite","@id":"https:\/\/www.gaveanews.com\/#website","url":"https:\/\/www.gaveanews.com\/","name":"G\u00e1vea News","description":"Veja todas as not\u00edcias sobre o Flamengo: Contrata\u00e7\u00f5es, categorias de base, resultados das partidas, tabela de classifica\u00e7\u00e3o, pr\u00f3ximos jogos!","potentialAction":[{"@type":"SearchAction","target":{"@type":"EntryPoint","urlTemplate":"https:\/\/www.gaveanews.com\/?s={search_term_string}"},"query-input":{"@type":"PropertyValueSpecification","valueRequired":true,"valueName":"search_term_string"}}],"inLanguage":"pt-BR"},{"@type":"Person","@id":"https:\/\/www.gaveanews.com\/#\/schema\/person\/c88645e3d550d0b6574305e67dd5a716","name":"Reda\u00e7\u00e3o","image":{"@type":"ImageObject","inLanguage":"pt-BR","@id":"https:\/\/www.gaveanews.com\/#\/schema\/person\/image\/","url":"https:\/\/secure.gravatar.com\/avatar\/434098fd823f0dc1b062d14ca22bacaa6e38de28d8c816bbef6fc2f8c44d8ba3?s=96&d=mm&r=g","contentUrl":"https:\/\/secure.gravatar.com\/avatar\/434098fd823f0dc1b062d14ca22bacaa6e38de28d8c816bbef6fc2f8c44d8ba3?s=96&d=mm&r=g","caption":"Reda\u00e7\u00e3o"}}]}},"_links":{"self":[{"href":"https:\/\/www.gaveanews.com\/index.php\/wp-json\/wp\/v2\/posts\/279204","targetHints":{"allow":["GET"]}}],"collection":[{"href":"https:\/\/www.gaveanews.com\/index.php\/wp-json\/wp\/v2\/posts"}],"about":[{"href":"https:\/\/www.gaveanews.com\/index.php\/wp-json\/wp\/v2\/types\/post"}],"author":[{"embeddable":true,"href":"https:\/\/www.gaveanews.com\/index.php\/wp-json\/wp\/v2\/users\/39"}],"replies":[{"embeddable":true,"href":"https:\/\/www.gaveanews.com\/index.php\/wp-json\/wp\/v2\/comments?post=279204"}],"version-history":[{"count":1,"href":"https:\/\/www.gaveanews.com\/index.php\/wp-json\/wp\/v2\/posts\/279204\/revisions"}],"predecessor-version":[{"id":279216,"href":"https:\/\/www.gaveanews.com\/index.php\/wp-json\/wp\/v2\/posts\/279204\/revisions\/279216"}],"wp:featuredmedia":[{"embeddable":true,"href":"https:\/\/www.gaveanews.com\/index.php\/wp-json\/wp\/v2\/media\/279168"}],"wp:attachment":[{"href":"https:\/\/www.gaveanews.com\/index.php\/wp-json\/wp\/v2\/media?parent=279204"}],"wp:term":[{"taxonomy":"category","embeddable":true,"href":"https:\/\/www.gaveanews.com\/index.php\/wp-json\/wp\/v2\/categories?post=279204"},{"taxonomy":"post_tag","embeddable":true,"href":"https:\/\/www.gaveanews.com\/index.php\/wp-json\/wp\/v2\/tags?post=279204"}],"curies":[{"name":"wp","href":"https:\/\/api.w.org\/{rel}","templated":true}]}}