{"id":279207,"date":"2025-10-24T11:40:00","date_gmt":"2025-10-24T14:40:00","guid":{"rendered":"https:\/\/www.gaveanews.com\/?p=279207"},"modified":"2025-10-24T11:38:21","modified_gmt":"2025-10-24T14:38:21","slug":"video-comentarista-detona-danilo-do-flamengo-e-torcedores-se-revoltam","status":"publish","type":"post","link":"https:\/\/www.gaveanews.com\/index.php\/2025\/10\/24\/video-comentarista-detona-danilo-do-flamengo-e-torcedores-se-revoltam\/","title":{"rendered":"V\u00eddeo: comentarista detona Danilo, do Flamengo, e torcedores se revoltam"},"content":{"rendered":"\n<p>Uma fala do comentarista Z\u00e9 Elias, da ESPN, provocou forte rea\u00e7\u00e3o entre torcedores do Flamengo nas redes sociais. Durante os bastidores do programa <em data-start=\"232\" data-end=\"242\">Equipe F<\/em>, sem perceber que j\u00e1 estava no ar no canal do YouTube, o ex-jogador comentou de forma dura sobre o zagueiro Danilo, titular na vit\u00f3ria rubro-negra sobre o Racing, pela semifinal da Libertadores.<\/p>\n\n\n\n<p>\u201cSe ele estivesse bem, estaria na Europa. Chega final de carreira para roubar aqui\u201d, afirmou Z\u00e9 Elias, ao se referir ao defensor, que recentemente retornou ao Brasil ap\u00f3s passagens por clubes europeus.<\/p>\n\n\n\n<p>A cr\u00edtica aconteceu poucas horas ap\u00f3s a partida em que Danilo teve desempenho destacado. Segundo a plataforma de estat\u00edsticas Sofascore, o zagueiro recebeu nota 7,4 pela atua\u00e7\u00e3o no Maracan\u00e3. Al\u00e9m disso, foi pe\u00e7a importante no sistema defensivo que saiu de campo sem sofrer gols.<\/p>\n\n\n\n<figure class=\"wp-block-embed is-type-rich is-provider-twitter wp-block-embed-twitter\"><div class=\"wp-block-embed__wrapper\">\n<blockquote class=\"twitter-tweet\" data-width=\"550\" data-dnt=\"true\"><p lang=\"pt\" dir=\"ltr\">Z\u00e9 Elias, comentarista da ESPN, achou que estava fora do ar e falou isso sobre o Danilo, do Flamengo:<br><br>&quot;Se ele estivesse bem estaria na Europa, o cara chega em final de carreira pra roubar aqui p\u00f4&quot;<br><br>\ud83c\udfa5 <a href=\"https:\/\/twitter.com\/ESPNBrasil?ref_src=twsrc%5Etfw\">@ESPNBrasil<\/a> <a href=\"https:\/\/t.co\/lxgTm8UgRm\">pic.twitter.com\/lxgTm8UgRm<\/a><\/p>&mdash; Gols do Brasileir\u00e3o \u26bd\ufe0f\ud83c\udde7\ud83c\uddf7 (@golsdobrasil1) <a href=\"https:\/\/twitter.com\/golsdobrasil1\/status\/1981533278822621208?ref_src=twsrc%5Etfw\">October 24, 2025<\/a><\/blockquote><script async src=\"https:\/\/platform.twitter.com\/widgets.js\" charset=\"utf-8\"><\/script>\n<\/div><\/figure>\n\n\n\n<p>Os n\u00fameros do jogador refor\u00e7am sua import\u00e2ncia no confronto. Danilo venceu 100% dos duelos a\u00e9reos (3\/3), n\u00e3o sofreu dribles ao longo dos 90 minutos e participou de forma ativa na recomposi\u00e7\u00e3o, com cinco cortes, cinco recupera\u00e7\u00f5es, uma intercepta\u00e7\u00e3o e um chute bloqueado.<\/p>\n\n\n\n<p>Com a bola nos p\u00e9s, o zagueiro tamb\u00e9m se destacou. Ele foi o atleta com maior n\u00famero de a\u00e7\u00f5es na partida (103) e manteve alto \u00edndice de precis\u00e3o nos passes: 86% no total, sendo 94% no campo defensivo e 77% no campo ofensivo. <\/p>\n\n\n\n<p>Esses dados evidenciam sua capacidade de constru\u00e7\u00e3o desde a linha de defesa.<\/p>\n\n\n\n<h3 class=\"wp-block-heading\" id=\"h-escolha-pessoal-pautou-retorno-ao-brasil\">Escolha pessoal pautou retorno ao Brasil<\/h3>\n\n\n\n<p>Al\u00e9m da atua\u00e7\u00e3o s\u00f3lida, a escolha de Danilo por atuar no Brasil foi motivada por fatores pessoais. O jogador, que recebeu propostas para seguir na Europa, preferiu retornar ao pa\u00eds para ficar mais pr\u00f3ximo da fam\u00edlia. <\/p>\n\n\n\n<p>O zagueiro \u00e9 oriundo de uma fam\u00edlia de torcedores rubro-negros, e jogar pelo Flamengo sempre foi um objetivo pessoal.<\/p>\n\n\n\n<p>A declara\u00e7\u00e3o de Z\u00e9 Elias, portanto, entrou em rota de colis\u00e3o com a percep\u00e7\u00e3o da torcida, que valorizou o desempenho do defensor. Nas redes sociais, internautas pediram retrata\u00e7\u00e3o por parte do comentarista e questionaram a imparcialidade da an\u00e1lise.<\/p>\n\n\n\n<figure class=\"wp-block-embed is-type-rich is-provider-twitter wp-block-embed-twitter\"><div class=\"wp-block-embed__wrapper\">\n<blockquote class=\"twitter-tweet\" data-width=\"550\" data-dnt=\"true\"><p lang=\"pt\" dir=\"ltr\">Danilo entrou muito bem nos dois \u00faltimos jogos e os caras vem com esses absurdos <a href=\"https:\/\/t.co\/LB94zrmwij\">https:\/\/t.co\/LB94zrmwij<\/a><\/p>&mdash; Asafe Augusto (@AsafedeOliveira) <a href=\"https:\/\/twitter.com\/AsafedeOliveira\/status\/1981549426255818824?ref_src=twsrc%5Etfw\">October 24, 2025<\/a><\/blockquote><script async src=\"https:\/\/platform.twitter.com\/widgets.js\" charset=\"utf-8\"><\/script>\n<\/div><\/figure>\n\n\n\n<figure class=\"wp-block-embed is-type-rich is-provider-twitter wp-block-embed-twitter\"><div class=\"wp-block-embed__wrapper\">\n<blockquote class=\"twitter-tweet\" data-width=\"550\" data-dnt=\"true\"><p lang=\"pt\" dir=\"ltr\">S\u00e9rio o Danilo teve uma carreira muito boa na Europa e pelo santos tamb\u00e9m eu n\u00e3o entendo o porqu\u00ea tem gente que quer desmerecer o cara e ainda t\u00e1 construindo uma nova hist\u00f3ria no Flamengo sendo que e s\u00f3 a primeira temporada dele e n\u00e3o t\u00e1 sendo ruim. <a href=\"https:\/\/t.co\/PcWnqbWd3D\">https:\/\/t.co\/PcWnqbWd3D<\/a><\/p>&mdash; Carlos Santana\u1d9c\u02b3\u1da0 (@Carlos10Santana) <a href=\"https:\/\/twitter.com\/Carlos10Santana\/status\/1981549995670089806?ref_src=twsrc%5Etfw\">October 24, 2025<\/a><\/blockquote><script async src=\"https:\/\/platform.twitter.com\/widgets.js\" charset=\"utf-8\"><\/script>\n<\/div><\/figure>\n\n\n\n<h3 class=\"wp-block-heading\" id=\"h-proximos-compromissos-do-clube\">Pr\u00f3ximos compromissos do clube<\/h3>\n\n\n\n<p>O Flamengo volta a campo neste s\u00e1bado (25), \u00e0s 19h30, quando enfrenta o Fortaleza pelo Campeonato Brasileiro, no Castel\u00e3o. J\u00e1 pela Libertadores, o duelo decisivo contra o Racing ser\u00e1 realizado na pr\u00f3xima quarta-feira (29), \u00e0s 21h30 (de Bras\u00edlia), em Avellaneda. <\/p>\n\n\n\n<p>Com a vantagem obtida no primeiro jogo, o time carioca precisa apenas de um empate para garantir vaga na final.<\/p>\n","protected":false},"excerpt":{"rendered":"<p>Uma fala do comentarista Z\u00e9 Elias, da ESPN, provocou forte rea\u00e7\u00e3o entre torcedores do Flamengo nas redes sociais. Durante os bastidores do programa Equipe F, sem perceber que j\u00e1 estava no ar no canal do YouTube, o ex-jogador comentou de forma dura sobre o zagueiro Danilo, titular na vit\u00f3ria rubro-negra sobre o Racing, pela semifinal [&hellip;]<\/p>\n","protected":false},"author":39,"featured_media":254994,"comment_status":"open","ping_status":"closed","sticky":false,"template":"","format":"standard","meta":{"footnotes":""},"categories":[1],"tags":[],"class_list":["post-279207","post","type-post","status-publish","format-standard","has-post-thumbnail","hentry","category-flamengo"],"yoast_head":"<!-- This site is optimized with the Yoast SEO Premium plugin v24.2 (Yoast SEO v26.9) - https:\/\/yoast.com\/product\/yoast-seo-premium-wordpress\/ -->\n<title>V\u00eddeo: comentarista detona Danilo, do Flamengo, e torcedores se revoltam<\/title>\n<meta name=\"robots\" content=\"index, follow, max-snippet:-1, max-image-preview:large, max-video-preview:-1\" \/>\n<link rel=\"canonical\" href=\"https:\/\/www.gaveanews.com\/index.php\/2025\/10\/24\/video-comentarista-detona-danilo-do-flamengo-e-torcedores-se-revoltam\/\" \/>\n<meta property=\"og:locale\" content=\"pt_BR\" \/>\n<meta property=\"og:type\" content=\"article\" \/>\n<meta property=\"og:title\" content=\"V\u00eddeo: comentarista detona Danilo, do Flamengo, e torcedores se revoltam\" \/>\n<meta property=\"og:description\" content=\"Uma fala do comentarista Z\u00e9 Elias, da ESPN, provocou forte rea\u00e7\u00e3o entre torcedores do Flamengo nas redes sociais. Durante os bastidores do programa Equipe F, sem perceber que j\u00e1 estava no ar no canal do YouTube, o ex-jogador comentou de forma dura sobre o zagueiro Danilo, titular na vit\u00f3ria rubro-negra sobre o Racing, pela semifinal [&hellip;]\" \/>\n<meta property=\"og:url\" content=\"https:\/\/www.gaveanews.com\/index.php\/2025\/10\/24\/video-comentarista-detona-danilo-do-flamengo-e-torcedores-se-revoltam\/\" \/>\n<meta property=\"og:site_name\" content=\"G\u00e1vea News\" \/>\n<meta property=\"article:publisher\" content=\"https:\/\/facebook.com\/gaveaNews\/\" \/>\n<meta property=\"article:published_time\" content=\"2025-10-24T14:40:00+00:00\" \/>\n<meta property=\"og:image\" content=\"https:\/\/www.gaveanews.com\/wp-content\/uploads\/Danilo-balanca-as-redes-pela-primeira-vez-com-a-camisa-do-Flamengo.webp\" \/>\n\t<meta property=\"og:image:width\" content=\"1200\" \/>\n\t<meta property=\"og:image:height\" content=\"800\" \/>\n\t<meta property=\"og:image:type\" content=\"image\/png\" \/>\n<meta name=\"author\" content=\"Reda\u00e7\u00e3o\" \/>\n<meta name=\"twitter:card\" content=\"summary_large_image\" \/>\n<meta name=\"twitter:label1\" content=\"Escrito por\" \/>\n\t<meta name=\"twitter:data1\" content=\"Reda\u00e7\u00e3o\" \/>\n\t<meta name=\"twitter:label2\" content=\"Est. tempo de leitura\" \/>\n\t<meta name=\"twitter:data2\" content=\"3 minutos\" \/>\n<script type=\"application\/ld+json\" class=\"yoast-schema-graph\">{\"@context\":\"https:\/\/schema.org\",\"@graph\":[{\"@type\":\"NewsArticle\",\"@id\":\"https:\/\/www.gaveanews.com\/index.php\/2025\/10\/24\/video-comentarista-detona-danilo-do-flamengo-e-torcedores-se-revoltam\/#article\",\"isPartOf\":{\"@id\":\"https:\/\/www.gaveanews.com\/index.php\/2025\/10\/24\/video-comentarista-detona-danilo-do-flamengo-e-torcedores-se-revoltam\/\"},\"author\":{\"name\":\"Reda\u00e7\u00e3o\",\"@id\":\"https:\/\/www.gaveanews.com\/#\/schema\/person\/c88645e3d550d0b6574305e67dd5a716\"},\"headline\":\"V\u00eddeo: comentarista detona Danilo, do Flamengo, e torcedores se revoltam\",\"datePublished\":\"2025-10-24T14:40:00+00:00\",\"mainEntityOfPage\":{\"@id\":\"https:\/\/www.gaveanews.com\/index.php\/2025\/10\/24\/video-comentarista-detona-danilo-do-flamengo-e-torcedores-se-revoltam\/\"},\"wordCount\":449,\"commentCount\":0,\"image\":{\"@id\":\"https:\/\/www.gaveanews.com\/index.php\/2025\/10\/24\/video-comentarista-detona-danilo-do-flamengo-e-torcedores-se-revoltam\/#primaryimage\"},\"thumbnailUrl\":\"https:\/\/www.gaveanews.com\/wp-content\/uploads\/Danilo-balanca-as-redes-pela-primeira-vez-com-a-camisa-do-Flamengo.webp\",\"articleSection\":[\"Flamengo\"],\"inLanguage\":\"pt-BR\",\"potentialAction\":[{\"@type\":\"CommentAction\",\"name\":\"Comment\",\"target\":[\"https:\/\/www.gaveanews.com\/index.php\/2025\/10\/24\/video-comentarista-detona-danilo-do-flamengo-e-torcedores-se-revoltam\/#respond\"]}],\"copyrightYear\":\"2025\",\"copyrightHolder\":{\"@id\":\"https:\/\/www.gaveanews.com\/#organization\"}},{\"@type\":\"WebPage\",\"@id\":\"https:\/\/www.gaveanews.com\/index.php\/2025\/10\/24\/video-comentarista-detona-danilo-do-flamengo-e-torcedores-se-revoltam\/\",\"url\":\"https:\/\/www.gaveanews.com\/index.php\/2025\/10\/24\/video-comentarista-detona-danilo-do-flamengo-e-torcedores-se-revoltam\/\",\"name\":\"V\u00eddeo: comentarista detona Danilo, do Flamengo, e torcedores se revoltam\",\"isPartOf\":{\"@id\":\"https:\/\/www.gaveanews.com\/#website\"},\"primaryImageOfPage\":{\"@id\":\"https:\/\/www.gaveanews.com\/index.php\/2025\/10\/24\/video-comentarista-detona-danilo-do-flamengo-e-torcedores-se-revoltam\/#primaryimage\"},\"image\":{\"@id\":\"https:\/\/www.gaveanews.com\/index.php\/2025\/10\/24\/video-comentarista-detona-danilo-do-flamengo-e-torcedores-se-revoltam\/#primaryimage\"},\"thumbnailUrl\":\"https:\/\/www.gaveanews.com\/wp-content\/uploads\/Danilo-balanca-as-redes-pela-primeira-vez-com-a-camisa-do-Flamengo.webp\",\"datePublished\":\"2025-10-24T14:40:00+00:00\",\"author\":{\"@id\":\"https:\/\/www.gaveanews.com\/#\/schema\/person\/c88645e3d550d0b6574305e67dd5a716\"},\"breadcrumb\":{\"@id\":\"https:\/\/www.gaveanews.com\/index.php\/2025\/10\/24\/video-comentarista-detona-danilo-do-flamengo-e-torcedores-se-revoltam\/#breadcrumb\"},\"inLanguage\":\"pt-BR\",\"potentialAction\":[{\"@type\":\"ReadAction\",\"target\":[\"https:\/\/www.gaveanews.com\/index.php\/2025\/10\/24\/video-comentarista-detona-danilo-do-flamengo-e-torcedores-se-revoltam\/\"]}]},{\"@type\":\"ImageObject\",\"inLanguage\":\"pt-BR\",\"@id\":\"https:\/\/www.gaveanews.com\/index.php\/2025\/10\/24\/video-comentarista-detona-danilo-do-flamengo-e-torcedores-se-revoltam\/#primaryimage\",\"url\":\"https:\/\/www.gaveanews.com\/wp-content\/uploads\/Danilo-balanca-as-redes-pela-primeira-vez-com-a-camisa-do-Flamengo.webp\",\"contentUrl\":\"https:\/\/www.gaveanews.com\/wp-content\/uploads\/Danilo-balanca-as-redes-pela-primeira-vez-com-a-camisa-do-Flamengo.webp\",\"width\":1200,\"height\":800,\"caption\":\"Danilo balan\u00e7a as redes pela primeira vez com a camisa do Flamengo - Foto: Gilvan de Souza\/Flamengo\"},{\"@type\":\"BreadcrumbList\",\"@id\":\"https:\/\/www.gaveanews.com\/index.php\/2025\/10\/24\/video-comentarista-detona-danilo-do-flamengo-e-torcedores-se-revoltam\/#breadcrumb\",\"itemListElement\":[{\"@type\":\"ListItem\",\"position\":1,\"name\":\"Home\",\"item\":\"https:\/\/www.gaveanews.com\/\"},{\"@type\":\"ListItem\",\"position\":2,\"name\":\"V\u00eddeo: comentarista detona Danilo, do Flamengo, e torcedores se revoltam\"}]},{\"@type\":\"WebSite\",\"@id\":\"https:\/\/www.gaveanews.com\/#website\",\"url\":\"https:\/\/www.gaveanews.com\/\",\"name\":\"G\u00e1vea News\",\"description\":\"Veja todas as not\u00edcias sobre o Flamengo: Contrata\u00e7\u00f5es, categorias de base, resultados das partidas, tabela de classifica\u00e7\u00e3o, pr\u00f3ximos jogos!\",\"potentialAction\":[{\"@type\":\"SearchAction\",\"target\":{\"@type\":\"EntryPoint\",\"urlTemplate\":\"https:\/\/www.gaveanews.com\/?s={search_term_string}\"},\"query-input\":{\"@type\":\"PropertyValueSpecification\",\"valueRequired\":true,\"valueName\":\"search_term_string\"}}],\"inLanguage\":\"pt-BR\"},{\"@type\":\"Person\",\"@id\":\"https:\/\/www.gaveanews.com\/#\/schema\/person\/c88645e3d550d0b6574305e67dd5a716\",\"name\":\"Reda\u00e7\u00e3o\",\"image\":{\"@type\":\"ImageObject\",\"inLanguage\":\"pt-BR\",\"@id\":\"https:\/\/www.gaveanews.com\/#\/schema\/person\/image\/\",\"url\":\"https:\/\/secure.gravatar.com\/avatar\/434098fd823f0dc1b062d14ca22bacaa6e38de28d8c816bbef6fc2f8c44d8ba3?s=96&d=mm&r=g\",\"contentUrl\":\"https:\/\/secure.gravatar.com\/avatar\/434098fd823f0dc1b062d14ca22bacaa6e38de28d8c816bbef6fc2f8c44d8ba3?s=96&d=mm&r=g\",\"caption\":\"Reda\u00e7\u00e3o\"}}]}<\/script>\n<!-- \/ Yoast SEO Premium plugin. -->","yoast_head_json":{"title":"V\u00eddeo: comentarista detona Danilo, do Flamengo, e torcedores se revoltam","robots":{"index":"index","follow":"follow","max-snippet":"max-snippet:-1","max-image-preview":"max-image-preview:large","max-video-preview":"max-video-preview:-1"},"canonical":"https:\/\/www.gaveanews.com\/index.php\/2025\/10\/24\/video-comentarista-detona-danilo-do-flamengo-e-torcedores-se-revoltam\/","og_locale":"pt_BR","og_type":"article","og_title":"V\u00eddeo: comentarista detona Danilo, do Flamengo, e torcedores se revoltam","og_description":"Uma fala do comentarista Z\u00e9 Elias, da ESPN, provocou forte rea\u00e7\u00e3o entre torcedores do Flamengo nas redes sociais. Durante os bastidores do programa Equipe F, sem perceber que j\u00e1 estava no ar no canal do YouTube, o ex-jogador comentou de forma dura sobre o zagueiro Danilo, titular na vit\u00f3ria rubro-negra sobre o Racing, pela semifinal [&hellip;]","og_url":"https:\/\/www.gaveanews.com\/index.php\/2025\/10\/24\/video-comentarista-detona-danilo-do-flamengo-e-torcedores-se-revoltam\/","og_site_name":"G\u00e1vea News","article_publisher":"https:\/\/facebook.com\/gaveaNews\/","article_published_time":"2025-10-24T14:40:00+00:00","og_image":[{"width":1200,"height":800,"url":"https:\/\/www.gaveanews.com\/wp-content\/uploads\/Danilo-balanca-as-redes-pela-primeira-vez-com-a-camisa-do-Flamengo.webp","type":"image\/png"}],"author":"Reda\u00e7\u00e3o","twitter_card":"summary_large_image","twitter_misc":{"Escrito por":"Reda\u00e7\u00e3o","Est. tempo de leitura":"3 minutos"},"schema":{"@context":"https:\/\/schema.org","@graph":[{"@type":"NewsArticle","@id":"https:\/\/www.gaveanews.com\/index.php\/2025\/10\/24\/video-comentarista-detona-danilo-do-flamengo-e-torcedores-se-revoltam\/#article","isPartOf":{"@id":"https:\/\/www.gaveanews.com\/index.php\/2025\/10\/24\/video-comentarista-detona-danilo-do-flamengo-e-torcedores-se-revoltam\/"},"author":{"name":"Reda\u00e7\u00e3o","@id":"https:\/\/www.gaveanews.com\/#\/schema\/person\/c88645e3d550d0b6574305e67dd5a716"},"headline":"V\u00eddeo: comentarista detona Danilo, do Flamengo, e torcedores se revoltam","datePublished":"2025-10-24T14:40:00+00:00","mainEntityOfPage":{"@id":"https:\/\/www.gaveanews.com\/index.php\/2025\/10\/24\/video-comentarista-detona-danilo-do-flamengo-e-torcedores-se-revoltam\/"},"wordCount":449,"commentCount":0,"image":{"@id":"https:\/\/www.gaveanews.com\/index.php\/2025\/10\/24\/video-comentarista-detona-danilo-do-flamengo-e-torcedores-se-revoltam\/#primaryimage"},"thumbnailUrl":"https:\/\/www.gaveanews.com\/wp-content\/uploads\/Danilo-balanca-as-redes-pela-primeira-vez-com-a-camisa-do-Flamengo.webp","articleSection":["Flamengo"],"inLanguage":"pt-BR","potentialAction":[{"@type":"CommentAction","name":"Comment","target":["https:\/\/www.gaveanews.com\/index.php\/2025\/10\/24\/video-comentarista-detona-danilo-do-flamengo-e-torcedores-se-revoltam\/#respond"]}],"copyrightYear":"2025","copyrightHolder":{"@id":"https:\/\/www.gaveanews.com\/#organization"}},{"@type":"WebPage","@id":"https:\/\/www.gaveanews.com\/index.php\/2025\/10\/24\/video-comentarista-detona-danilo-do-flamengo-e-torcedores-se-revoltam\/","url":"https:\/\/www.gaveanews.com\/index.php\/2025\/10\/24\/video-comentarista-detona-danilo-do-flamengo-e-torcedores-se-revoltam\/","name":"V\u00eddeo: comentarista detona Danilo, do Flamengo, e torcedores se revoltam","isPartOf":{"@id":"https:\/\/www.gaveanews.com\/#website"},"primaryImageOfPage":{"@id":"https:\/\/www.gaveanews.com\/index.php\/2025\/10\/24\/video-comentarista-detona-danilo-do-flamengo-e-torcedores-se-revoltam\/#primaryimage"},"image":{"@id":"https:\/\/www.gaveanews.com\/index.php\/2025\/10\/24\/video-comentarista-detona-danilo-do-flamengo-e-torcedores-se-revoltam\/#primaryimage"},"thumbnailUrl":"https:\/\/www.gaveanews.com\/wp-content\/uploads\/Danilo-balanca-as-redes-pela-primeira-vez-com-a-camisa-do-Flamengo.webp","datePublished":"2025-10-24T14:40:00+00:00","author":{"@id":"https:\/\/www.gaveanews.com\/#\/schema\/person\/c88645e3d550d0b6574305e67dd5a716"},"breadcrumb":{"@id":"https:\/\/www.gaveanews.com\/index.php\/2025\/10\/24\/video-comentarista-detona-danilo-do-flamengo-e-torcedores-se-revoltam\/#breadcrumb"},"inLanguage":"pt-BR","potentialAction":[{"@type":"ReadAction","target":["https:\/\/www.gaveanews.com\/index.php\/2025\/10\/24\/video-comentarista-detona-danilo-do-flamengo-e-torcedores-se-revoltam\/"]}]},{"@type":"ImageObject","inLanguage":"pt-BR","@id":"https:\/\/www.gaveanews.com\/index.php\/2025\/10\/24\/video-comentarista-detona-danilo-do-flamengo-e-torcedores-se-revoltam\/#primaryimage","url":"https:\/\/www.gaveanews.com\/wp-content\/uploads\/Danilo-balanca-as-redes-pela-primeira-vez-com-a-camisa-do-Flamengo.webp","contentUrl":"https:\/\/www.gaveanews.com\/wp-content\/uploads\/Danilo-balanca-as-redes-pela-primeira-vez-com-a-camisa-do-Flamengo.webp","width":1200,"height":800,"caption":"Danilo balan\u00e7a as redes pela primeira vez com a camisa do Flamengo - Foto: Gilvan de Souza\/Flamengo"},{"@type":"BreadcrumbList","@id":"https:\/\/www.gaveanews.com\/index.php\/2025\/10\/24\/video-comentarista-detona-danilo-do-flamengo-e-torcedores-se-revoltam\/#breadcrumb","itemListElement":[{"@type":"ListItem","position":1,"name":"Home","item":"https:\/\/www.gaveanews.com\/"},{"@type":"ListItem","position":2,"name":"V\u00eddeo: comentarista detona Danilo, do Flamengo, e torcedores se revoltam"}]},{"@type":"WebSite","@id":"https:\/\/www.gaveanews.com\/#website","url":"https:\/\/www.gaveanews.com\/","name":"G\u00e1vea News","description":"Veja todas as not\u00edcias sobre o Flamengo: Contrata\u00e7\u00f5es, categorias de base, resultados das partidas, tabela de classifica\u00e7\u00e3o, pr\u00f3ximos jogos!","potentialAction":[{"@type":"SearchAction","target":{"@type":"EntryPoint","urlTemplate":"https:\/\/www.gaveanews.com\/?s={search_term_string}"},"query-input":{"@type":"PropertyValueSpecification","valueRequired":true,"valueName":"search_term_string"}}],"inLanguage":"pt-BR"},{"@type":"Person","@id":"https:\/\/www.gaveanews.com\/#\/schema\/person\/c88645e3d550d0b6574305e67dd5a716","name":"Reda\u00e7\u00e3o","image":{"@type":"ImageObject","inLanguage":"pt-BR","@id":"https:\/\/www.gaveanews.com\/#\/schema\/person\/image\/","url":"https:\/\/secure.gravatar.com\/avatar\/434098fd823f0dc1b062d14ca22bacaa6e38de28d8c816bbef6fc2f8c44d8ba3?s=96&d=mm&r=g","contentUrl":"https:\/\/secure.gravatar.com\/avatar\/434098fd823f0dc1b062d14ca22bacaa6e38de28d8c816bbef6fc2f8c44d8ba3?s=96&d=mm&r=g","caption":"Reda\u00e7\u00e3o"}}]}},"_links":{"self":[{"href":"https:\/\/www.gaveanews.com\/index.php\/wp-json\/wp\/v2\/posts\/279207","targetHints":{"allow":["GET"]}}],"collection":[{"href":"https:\/\/www.gaveanews.com\/index.php\/wp-json\/wp\/v2\/posts"}],"about":[{"href":"https:\/\/www.gaveanews.com\/index.php\/wp-json\/wp\/v2\/types\/post"}],"author":[{"embeddable":true,"href":"https:\/\/www.gaveanews.com\/index.php\/wp-json\/wp\/v2\/users\/39"}],"replies":[{"embeddable":true,"href":"https:\/\/www.gaveanews.com\/index.php\/wp-json\/wp\/v2\/comments?post=279207"}],"version-history":[{"count":1,"href":"https:\/\/www.gaveanews.com\/index.php\/wp-json\/wp\/v2\/posts\/279207\/revisions"}],"predecessor-version":[{"id":279224,"href":"https:\/\/www.gaveanews.com\/index.php\/wp-json\/wp\/v2\/posts\/279207\/revisions\/279224"}],"wp:featuredmedia":[{"embeddable":true,"href":"https:\/\/www.gaveanews.com\/index.php\/wp-json\/wp\/v2\/media\/254994"}],"wp:attachment":[{"href":"https:\/\/www.gaveanews.com\/index.php\/wp-json\/wp\/v2\/media?parent=279207"}],"wp:term":[{"taxonomy":"category","embeddable":true,"href":"https:\/\/www.gaveanews.com\/index.php\/wp-json\/wp\/v2\/categories?post=279207"},{"taxonomy":"post_tag","embeddable":true,"href":"https:\/\/www.gaveanews.com\/index.php\/wp-json\/wp\/v2\/tags?post=279207"}],"curies":[{"name":"wp","href":"https:\/\/api.w.org\/{rel}","templated":true}]}}