{"id":279208,"date":"2025-10-24T12:00:00","date_gmt":"2025-10-24T15:00:00","guid":{"rendered":"https:\/\/www.gaveanews.com\/?p=279208"},"modified":"2025-10-24T11:49:22","modified_gmt":"2025-10-24T14:49:22","slug":"cria-do-flamengo-entra-na-mira-de-time-de-lucas-paqueta","status":"publish","type":"post","link":"https:\/\/www.gaveanews.com\/index.php\/2025\/10\/24\/cria-do-flamengo-entra-na-mira-de-time-de-lucas-paqueta\/","title":{"rendered":"Cria do Flamengo entra na mira de time de Lucas Paquet\u00e1"},"content":{"rendered":"\n<p>O zagueiro Alexsandro, revelado pelo Flamengo, est\u00e1 na mira do West Ham para a pr\u00f3xima janela. O defensor do Lille, da Fran\u00e7a, \u00e9 considerado prioridade pelo clube ingl\u00eas, que busca refor\u00e7ar o setor. Em caso de transfer\u00eancia, jogar\u00e1 com Lucas Paquet\u00e1, tamb\u00e9m Cria do Ninho.&nbsp;<\/p>\n\n\n\n<p>Apesar do forte interesse, o clube da Premier League esbarra em dois entraves relevantes. O primeiro deles \u00e9 financeiro. Segundo a <em data-start=\"608\" data-end=\"614\">ESPN<\/em>, o Lille avalia Alexsandro em mais de 30 milh\u00f5es de euros, o que equivale a cerca de R$ 187 milh\u00f5es.<\/p>\n\n\n\n<p>O valor \u00e9 considerado elevado pelo West Ham, sobretudo por se tratar de um atleta com mais de 25 anos \u2014 fator que, tradicionalmente, reduz o potencial de revenda.<\/p>\n\n\n\n<h3 class=\"wp-block-heading\" id=\"h-cautela-por-parte-do-jogador\">Cautela por parte do jogador<\/h3>\n\n\n\n<p>Al\u00e9m da quest\u00e3o financeira, um segundo fator pode dificultar o avan\u00e7o das tratativas: a postura do pr\u00f3prio jogador. Embora tenha o desejo de atuar na Premier League, Alexsandro adota cautela quanto ao momento da mudan\u00e7a.<\/p>\n\n\n\n<figure class=\"wp-block-image size-large\"><img loading=\"lazy\" decoding=\"async\" width=\"1024\" height=\"768\" src=\"https:\/\/www.gaveanews.com\/wp-content\/uploads\/Zagueiro-Alexsandro-revelado-pelo-Flamengo-1024x768.jpg\" alt=\"\" class=\"wp-image-279226\" srcset=\"https:\/\/www.gaveanews.com\/wp-content\/uploads\/Zagueiro-Alexsandro-revelado-pelo-Flamengo-1024x768.jpg 1024w, https:\/\/www.gaveanews.com\/wp-content\/uploads\/Zagueiro-Alexsandro-revelado-pelo-Flamengo-300x225.jpg 300w, https:\/\/www.gaveanews.com\/wp-content\/uploads\/Zagueiro-Alexsandro-revelado-pelo-Flamengo-768x576.jpg 768w, https:\/\/www.gaveanews.com\/wp-content\/uploads\/Zagueiro-Alexsandro-revelado-pelo-Flamengo-560x420.jpg 560w, https:\/\/www.gaveanews.com\/wp-content\/uploads\/Zagueiro-Alexsandro-revelado-pelo-Flamengo-1120x840.jpg 1120w, https:\/\/www.gaveanews.com\/wp-content\/uploads\/Zagueiro-Alexsandro-revelado-pelo-Flamengo-80x60.jpg 80w, https:\/\/www.gaveanews.com\/wp-content\/uploads\/Zagueiro-Alexsandro-revelado-pelo-Flamengo-160x120.jpg 160w, https:\/\/www.gaveanews.com\/wp-content\/uploads\/Zagueiro-Alexsandro-revelado-pelo-Flamengo-100x75.jpg 100w, https:\/\/www.gaveanews.com\/wp-content\/uploads\/Zagueiro-Alexsandro-revelado-pelo-Flamengo-200x150.jpg 200w, https:\/\/www.gaveanews.com\/wp-content\/uploads\/Zagueiro-Alexsandro-revelado-pelo-Flamengo-180x135.jpg 180w, https:\/\/www.gaveanews.com\/wp-content\/uploads\/Zagueiro-Alexsandro-revelado-pelo-Flamengo-360x270.jpg 360w, https:\/\/www.gaveanews.com\/wp-content\/uploads\/Zagueiro-Alexsandro-revelado-pelo-Flamengo-238x178.jpg 238w, https:\/\/www.gaveanews.com\/wp-content\/uploads\/Zagueiro-Alexsandro-revelado-pelo-Flamengo-476x356.jpg 476w, https:\/\/www.gaveanews.com\/wp-content\/uploads\/Zagueiro-Alexsandro-revelado-pelo-Flamengo-640x480.jpg 640w, https:\/\/www.gaveanews.com\/wp-content\/uploads\/Zagueiro-Alexsandro-revelado-pelo-Flamengo-681x511.jpg 681w, https:\/\/www.gaveanews.com\/wp-content\/uploads\/Zagueiro-Alexsandro-revelado-pelo-Flamengo.jpg 1280w\" sizes=\"auto, (max-width: 1024px) 100vw, 1024px\" \/><figcaption class=\"wp-element-caption\">Zagueiro Alexsandro, revelado pelo Flamengo (Foto: Divulga\u00e7\u00e3o Oficial)<\/figcaption><\/figure>\n\n\n\n<p>Com 26 anos e em processo de consolida\u00e7\u00e3o na Sele\u00e7\u00e3o Brasileira, ele teme que uma eventual adapta\u00e7\u00e3o lenta ao futebol ingl\u00eas prejudique seu desempenho e comprometa sua presen\u00e7a na Copa do Mundo de 2026.<\/p>\n\n\n\n<h3 class=\"wp-block-heading\" id=\"h-interesse-de-outros-clubes-e-vinculo-com-o-lille\">Interesse de outros clubes e v\u00ednculo com o Lille<\/h3>\n\n\n\n<p>O bom desempenho de Alexsandro tamb\u00e9m despertou a aten\u00e7\u00e3o de outros clubes. Al Nassr, Napoli e Arsenal chegaram a demonstrar interesse em contar com o zagueiro. No entanto, nenhuma dessas tratativas evoluiu at\u00e9 o momento. <\/p>\n\n\n\n<p>O jogador tem contrato com o Lille at\u00e9 junho de 2028 e \u00e9 considerado um dos pilares da equipe francesa.<\/p>\n\n\n\n<p>Desde a sua chegada ao clube, em 2022, o defensor se destacou pela regularidade e pela qualidade na sa\u00edda de bola. O desempenho na Ligue 1 serviu de trampolim para o reconhecimento internacional e, principalmente, para sua chegada \u00e0 Sele\u00e7\u00e3o.<\/p>\n\n\n\n<h3 class=\"wp-block-heading\" id=\"h-vinculo-emocional-com-o-flamengo\">V\u00ednculo emocional com o Flamengo<\/h3>\n\n\n\n<p>Apesar da carreira s\u00f3lida na Europa, Alexsandro mant\u00e9m viva a liga\u00e7\u00e3o com o Flamengo, clube onde iniciou sua forma\u00e7\u00e3o. Embora n\u00e3o tenha atuado no time principal, carrega o clube como refer\u00eancia emocional e revela o desejo de retornar em algum momento.<\/p>\n\n\n\n<p>Durante participa\u00e7\u00e3o no programa <em data-start=\"2533\" data-end=\"2546\">Bola da Vez<\/em>, da <em data-start=\"2551\" data-end=\"2557\">ESPN<\/em>, o zagueiro foi questionado sobre uma poss\u00edvel volta ao Rubro-Negro.<\/p>\n\n\n\n<p>&#8220;Eu quero, e minha mulher tamb\u00e9m. Ela fala: &#8216;No finalzinho, vamos l\u00e1 no Brasil&#8217;. Temos esse sonho, sim. E se Deus quiser, e as coisas correrem para l\u00e1, espero que eles venham me buscar&#8221;, afirmou o jogador.<\/p>\n\n\n\n<p>Antes de alcan\u00e7ar o cen\u00e1rio europeu, Alexsandro passou por Resende-RJ, Praiense, Amora e Desportivo de Chaves. Foi em Portugal, precipuamente no Chaves, que ganhou destaque, o que culminou na transfer\u00eancia ao Lille e na ascens\u00e3o \u00e0 elite do futebol europeu.<\/p>\n","protected":false},"excerpt":{"rendered":"<p>O zagueiro Alexsandro, revelado pelo Flamengo, est\u00e1 na mira do West Ham para a pr\u00f3xima janela. O defensor do Lille, da Fran\u00e7a, \u00e9 considerado prioridade pelo clube ingl\u00eas, que busca refor\u00e7ar o setor. Em caso de transfer\u00eancia, jogar\u00e1 com Lucas Paquet\u00e1, tamb\u00e9m Cria do Ninho.&nbsp; Apesar do forte interesse, o clube da Premier League esbarra [&hellip;]<\/p>\n","protected":false},"author":39,"featured_media":146357,"comment_status":"open","ping_status":"closed","sticky":false,"template":"","format":"standard","meta":{"footnotes":""},"categories":[1],"tags":[],"class_list":["post-279208","post","type-post","status-publish","format-standard","has-post-thumbnail","hentry","category-flamengo"],"yoast_head":"<!-- This site is optimized with the Yoast SEO Premium plugin v24.2 (Yoast SEO v26.9) - https:\/\/yoast.com\/product\/yoast-seo-premium-wordpress\/ -->\n<title>Cria do Flamengo entra na mira de time de Lucas Paquet\u00e1<\/title>\n<meta name=\"robots\" content=\"index, follow, max-snippet:-1, max-image-preview:large, max-video-preview:-1\" \/>\n<link rel=\"canonical\" href=\"https:\/\/www.gaveanews.com\/index.php\/2025\/10\/24\/cria-do-flamengo-entra-na-mira-de-time-de-lucas-paqueta\/\" \/>\n<meta property=\"og:locale\" content=\"pt_BR\" \/>\n<meta property=\"og:type\" content=\"article\" \/>\n<meta property=\"og:title\" content=\"Cria do Flamengo entra na mira de time de Lucas Paquet\u00e1\" \/>\n<meta property=\"og:description\" content=\"O zagueiro Alexsandro, revelado pelo Flamengo, est\u00e1 na mira do West Ham para a pr\u00f3xima janela. O defensor do Lille, da Fran\u00e7a, \u00e9 considerado prioridade pelo clube ingl\u00eas, que busca refor\u00e7ar o setor. Em caso de transfer\u00eancia, jogar\u00e1 com Lucas Paquet\u00e1, tamb\u00e9m Cria do Ninho.&nbsp; Apesar do forte interesse, o clube da Premier League esbarra [&hellip;]\" \/>\n<meta property=\"og:url\" content=\"https:\/\/www.gaveanews.com\/index.php\/2025\/10\/24\/cria-do-flamengo-entra-na-mira-de-time-de-lucas-paqueta\/\" \/>\n<meta property=\"og:site_name\" content=\"G\u00e1vea News\" \/>\n<meta property=\"article:publisher\" content=\"https:\/\/facebook.com\/gaveaNews\/\" \/>\n<meta property=\"article:published_time\" content=\"2025-10-24T15:00:00+00:00\" \/>\n<meta property=\"og:image\" content=\"https:\/\/www.gaveanews.com\/wp-content\/uploads\/Paqueta-LucasPaqueta-futebolinternacional-westham-fa-apostas-1-645x362-1.webp\" \/>\n\t<meta property=\"og:image:width\" content=\"645\" \/>\n\t<meta property=\"og:image:height\" content=\"362\" \/>\n\t<meta property=\"og:image:type\" content=\"image\/png\" \/>\n<meta name=\"author\" content=\"Reda\u00e7\u00e3o\" \/>\n<meta name=\"twitter:card\" content=\"summary_large_image\" \/>\n<meta name=\"twitter:label1\" content=\"Escrito por\" \/>\n\t<meta name=\"twitter:data1\" content=\"Reda\u00e7\u00e3o\" \/>\n\t<meta name=\"twitter:label2\" content=\"Est. tempo de leitura\" \/>\n\t<meta name=\"twitter:data2\" content=\"3 minutos\" \/>\n<script type=\"application\/ld+json\" class=\"yoast-schema-graph\">{\"@context\":\"https:\/\/schema.org\",\"@graph\":[{\"@type\":\"NewsArticle\",\"@id\":\"https:\/\/www.gaveanews.com\/index.php\/2025\/10\/24\/cria-do-flamengo-entra-na-mira-de-time-de-lucas-paqueta\/#article\",\"isPartOf\":{\"@id\":\"https:\/\/www.gaveanews.com\/index.php\/2025\/10\/24\/cria-do-flamengo-entra-na-mira-de-time-de-lucas-paqueta\/\"},\"author\":{\"name\":\"Reda\u00e7\u00e3o\",\"@id\":\"https:\/\/www.gaveanews.com\/#\/schema\/person\/c88645e3d550d0b6574305e67dd5a716\"},\"headline\":\"Cria do Flamengo entra na mira de time de Lucas Paquet\u00e1\",\"datePublished\":\"2025-10-24T15:00:00+00:00\",\"mainEntityOfPage\":{\"@id\":\"https:\/\/www.gaveanews.com\/index.php\/2025\/10\/24\/cria-do-flamengo-entra-na-mira-de-time-de-lucas-paqueta\/\"},\"wordCount\":479,\"commentCount\":0,\"image\":{\"@id\":\"https:\/\/www.gaveanews.com\/index.php\/2025\/10\/24\/cria-do-flamengo-entra-na-mira-de-time-de-lucas-paqueta\/#primaryimage\"},\"thumbnailUrl\":\"https:\/\/www.gaveanews.com\/wp-content\/uploads\/Paqueta-LucasPaqueta-futebolinternacional-westham-fa-apostas-1-645x362-1.webp\",\"articleSection\":[\"Flamengo\"],\"inLanguage\":\"pt-BR\",\"potentialAction\":[{\"@type\":\"CommentAction\",\"name\":\"Comment\",\"target\":[\"https:\/\/www.gaveanews.com\/index.php\/2025\/10\/24\/cria-do-flamengo-entra-na-mira-de-time-de-lucas-paqueta\/#respond\"]}],\"copyrightYear\":\"2025\",\"copyrightHolder\":{\"@id\":\"https:\/\/www.gaveanews.com\/#organization\"}},{\"@type\":\"WebPage\",\"@id\":\"https:\/\/www.gaveanews.com\/index.php\/2025\/10\/24\/cria-do-flamengo-entra-na-mira-de-time-de-lucas-paqueta\/\",\"url\":\"https:\/\/www.gaveanews.com\/index.php\/2025\/10\/24\/cria-do-flamengo-entra-na-mira-de-time-de-lucas-paqueta\/\",\"name\":\"Cria do Flamengo entra na mira de time de Lucas Paquet\u00e1\",\"isPartOf\":{\"@id\":\"https:\/\/www.gaveanews.com\/#website\"},\"primaryImageOfPage\":{\"@id\":\"https:\/\/www.gaveanews.com\/index.php\/2025\/10\/24\/cria-do-flamengo-entra-na-mira-de-time-de-lucas-paqueta\/#primaryimage\"},\"image\":{\"@id\":\"https:\/\/www.gaveanews.com\/index.php\/2025\/10\/24\/cria-do-flamengo-entra-na-mira-de-time-de-lucas-paqueta\/#primaryimage\"},\"thumbnailUrl\":\"https:\/\/www.gaveanews.com\/wp-content\/uploads\/Paqueta-LucasPaqueta-futebolinternacional-westham-fa-apostas-1-645x362-1.webp\",\"datePublished\":\"2025-10-24T15:00:00+00:00\",\"author\":{\"@id\":\"https:\/\/www.gaveanews.com\/#\/schema\/person\/c88645e3d550d0b6574305e67dd5a716\"},\"breadcrumb\":{\"@id\":\"https:\/\/www.gaveanews.com\/index.php\/2025\/10\/24\/cria-do-flamengo-entra-na-mira-de-time-de-lucas-paqueta\/#breadcrumb\"},\"inLanguage\":\"pt-BR\",\"potentialAction\":[{\"@type\":\"ReadAction\",\"target\":[\"https:\/\/www.gaveanews.com\/index.php\/2025\/10\/24\/cria-do-flamengo-entra-na-mira-de-time-de-lucas-paqueta\/\"]}]},{\"@type\":\"ImageObject\",\"inLanguage\":\"pt-BR\",\"@id\":\"https:\/\/www.gaveanews.com\/index.php\/2025\/10\/24\/cria-do-flamengo-entra-na-mira-de-time-de-lucas-paqueta\/#primaryimage\",\"url\":\"https:\/\/www.gaveanews.com\/wp-content\/uploads\/Paqueta-LucasPaqueta-futebolinternacional-westham-fa-apostas-1-645x362-1.webp\",\"contentUrl\":\"https:\/\/www.gaveanews.com\/wp-content\/uploads\/Paqueta-LucasPaqueta-futebolinternacional-westham-fa-apostas-1-645x362-1.webp\",\"width\":645,\"height\":362,\"caption\":\"Foto: Reprodu\u00e7\u00e3o- Instagram\"},{\"@type\":\"BreadcrumbList\",\"@id\":\"https:\/\/www.gaveanews.com\/index.php\/2025\/10\/24\/cria-do-flamengo-entra-na-mira-de-time-de-lucas-paqueta\/#breadcrumb\",\"itemListElement\":[{\"@type\":\"ListItem\",\"position\":1,\"name\":\"Home\",\"item\":\"https:\/\/www.gaveanews.com\/\"},{\"@type\":\"ListItem\",\"position\":2,\"name\":\"Cria do Flamengo entra na mira de time de Lucas Paquet\u00e1\"}]},{\"@type\":\"WebSite\",\"@id\":\"https:\/\/www.gaveanews.com\/#website\",\"url\":\"https:\/\/www.gaveanews.com\/\",\"name\":\"G\u00e1vea News\",\"description\":\"Veja todas as not\u00edcias sobre o Flamengo: Contrata\u00e7\u00f5es, categorias de base, resultados das partidas, tabela de classifica\u00e7\u00e3o, pr\u00f3ximos jogos!\",\"potentialAction\":[{\"@type\":\"SearchAction\",\"target\":{\"@type\":\"EntryPoint\",\"urlTemplate\":\"https:\/\/www.gaveanews.com\/?s={search_term_string}\"},\"query-input\":{\"@type\":\"PropertyValueSpecification\",\"valueRequired\":true,\"valueName\":\"search_term_string\"}}],\"inLanguage\":\"pt-BR\"},{\"@type\":\"Person\",\"@id\":\"https:\/\/www.gaveanews.com\/#\/schema\/person\/c88645e3d550d0b6574305e67dd5a716\",\"name\":\"Reda\u00e7\u00e3o\",\"image\":{\"@type\":\"ImageObject\",\"inLanguage\":\"pt-BR\",\"@id\":\"https:\/\/www.gaveanews.com\/#\/schema\/person\/image\/\",\"url\":\"https:\/\/secure.gravatar.com\/avatar\/434098fd823f0dc1b062d14ca22bacaa6e38de28d8c816bbef6fc2f8c44d8ba3?s=96&d=mm&r=g\",\"contentUrl\":\"https:\/\/secure.gravatar.com\/avatar\/434098fd823f0dc1b062d14ca22bacaa6e38de28d8c816bbef6fc2f8c44d8ba3?s=96&d=mm&r=g\",\"caption\":\"Reda\u00e7\u00e3o\"}}]}<\/script>\n<!-- \/ Yoast SEO Premium plugin. -->","yoast_head_json":{"title":"Cria do Flamengo entra na mira de time de Lucas Paquet\u00e1","robots":{"index":"index","follow":"follow","max-snippet":"max-snippet:-1","max-image-preview":"max-image-preview:large","max-video-preview":"max-video-preview:-1"},"canonical":"https:\/\/www.gaveanews.com\/index.php\/2025\/10\/24\/cria-do-flamengo-entra-na-mira-de-time-de-lucas-paqueta\/","og_locale":"pt_BR","og_type":"article","og_title":"Cria do Flamengo entra na mira de time de Lucas Paquet\u00e1","og_description":"O zagueiro Alexsandro, revelado pelo Flamengo, est\u00e1 na mira do West Ham para a pr\u00f3xima janela. O defensor do Lille, da Fran\u00e7a, \u00e9 considerado prioridade pelo clube ingl\u00eas, que busca refor\u00e7ar o setor. Em caso de transfer\u00eancia, jogar\u00e1 com Lucas Paquet\u00e1, tamb\u00e9m Cria do Ninho.&nbsp; Apesar do forte interesse, o clube da Premier League esbarra [&hellip;]","og_url":"https:\/\/www.gaveanews.com\/index.php\/2025\/10\/24\/cria-do-flamengo-entra-na-mira-de-time-de-lucas-paqueta\/","og_site_name":"G\u00e1vea News","article_publisher":"https:\/\/facebook.com\/gaveaNews\/","article_published_time":"2025-10-24T15:00:00+00:00","og_image":[{"width":645,"height":362,"url":"https:\/\/www.gaveanews.com\/wp-content\/uploads\/Paqueta-LucasPaqueta-futebolinternacional-westham-fa-apostas-1-645x362-1.webp","type":"image\/png"}],"author":"Reda\u00e7\u00e3o","twitter_card":"summary_large_image","twitter_misc":{"Escrito por":"Reda\u00e7\u00e3o","Est. tempo de leitura":"3 minutos"},"schema":{"@context":"https:\/\/schema.org","@graph":[{"@type":"NewsArticle","@id":"https:\/\/www.gaveanews.com\/index.php\/2025\/10\/24\/cria-do-flamengo-entra-na-mira-de-time-de-lucas-paqueta\/#article","isPartOf":{"@id":"https:\/\/www.gaveanews.com\/index.php\/2025\/10\/24\/cria-do-flamengo-entra-na-mira-de-time-de-lucas-paqueta\/"},"author":{"name":"Reda\u00e7\u00e3o","@id":"https:\/\/www.gaveanews.com\/#\/schema\/person\/c88645e3d550d0b6574305e67dd5a716"},"headline":"Cria do Flamengo entra na mira de time de Lucas Paquet\u00e1","datePublished":"2025-10-24T15:00:00+00:00","mainEntityOfPage":{"@id":"https:\/\/www.gaveanews.com\/index.php\/2025\/10\/24\/cria-do-flamengo-entra-na-mira-de-time-de-lucas-paqueta\/"},"wordCount":479,"commentCount":0,"image":{"@id":"https:\/\/www.gaveanews.com\/index.php\/2025\/10\/24\/cria-do-flamengo-entra-na-mira-de-time-de-lucas-paqueta\/#primaryimage"},"thumbnailUrl":"https:\/\/www.gaveanews.com\/wp-content\/uploads\/Paqueta-LucasPaqueta-futebolinternacional-westham-fa-apostas-1-645x362-1.webp","articleSection":["Flamengo"],"inLanguage":"pt-BR","potentialAction":[{"@type":"CommentAction","name":"Comment","target":["https:\/\/www.gaveanews.com\/index.php\/2025\/10\/24\/cria-do-flamengo-entra-na-mira-de-time-de-lucas-paqueta\/#respond"]}],"copyrightYear":"2025","copyrightHolder":{"@id":"https:\/\/www.gaveanews.com\/#organization"}},{"@type":"WebPage","@id":"https:\/\/www.gaveanews.com\/index.php\/2025\/10\/24\/cria-do-flamengo-entra-na-mira-de-time-de-lucas-paqueta\/","url":"https:\/\/www.gaveanews.com\/index.php\/2025\/10\/24\/cria-do-flamengo-entra-na-mira-de-time-de-lucas-paqueta\/","name":"Cria do Flamengo entra na mira de time de Lucas Paquet\u00e1","isPartOf":{"@id":"https:\/\/www.gaveanews.com\/#website"},"primaryImageOfPage":{"@id":"https:\/\/www.gaveanews.com\/index.php\/2025\/10\/24\/cria-do-flamengo-entra-na-mira-de-time-de-lucas-paqueta\/#primaryimage"},"image":{"@id":"https:\/\/www.gaveanews.com\/index.php\/2025\/10\/24\/cria-do-flamengo-entra-na-mira-de-time-de-lucas-paqueta\/#primaryimage"},"thumbnailUrl":"https:\/\/www.gaveanews.com\/wp-content\/uploads\/Paqueta-LucasPaqueta-futebolinternacional-westham-fa-apostas-1-645x362-1.webp","datePublished":"2025-10-24T15:00:00+00:00","author":{"@id":"https:\/\/www.gaveanews.com\/#\/schema\/person\/c88645e3d550d0b6574305e67dd5a716"},"breadcrumb":{"@id":"https:\/\/www.gaveanews.com\/index.php\/2025\/10\/24\/cria-do-flamengo-entra-na-mira-de-time-de-lucas-paqueta\/#breadcrumb"},"inLanguage":"pt-BR","potentialAction":[{"@type":"ReadAction","target":["https:\/\/www.gaveanews.com\/index.php\/2025\/10\/24\/cria-do-flamengo-entra-na-mira-de-time-de-lucas-paqueta\/"]}]},{"@type":"ImageObject","inLanguage":"pt-BR","@id":"https:\/\/www.gaveanews.com\/index.php\/2025\/10\/24\/cria-do-flamengo-entra-na-mira-de-time-de-lucas-paqueta\/#primaryimage","url":"https:\/\/www.gaveanews.com\/wp-content\/uploads\/Paqueta-LucasPaqueta-futebolinternacional-westham-fa-apostas-1-645x362-1.webp","contentUrl":"https:\/\/www.gaveanews.com\/wp-content\/uploads\/Paqueta-LucasPaqueta-futebolinternacional-westham-fa-apostas-1-645x362-1.webp","width":645,"height":362,"caption":"Foto: Reprodu\u00e7\u00e3o- Instagram"},{"@type":"BreadcrumbList","@id":"https:\/\/www.gaveanews.com\/index.php\/2025\/10\/24\/cria-do-flamengo-entra-na-mira-de-time-de-lucas-paqueta\/#breadcrumb","itemListElement":[{"@type":"ListItem","position":1,"name":"Home","item":"https:\/\/www.gaveanews.com\/"},{"@type":"ListItem","position":2,"name":"Cria do Flamengo entra na mira de time de Lucas Paquet\u00e1"}]},{"@type":"WebSite","@id":"https:\/\/www.gaveanews.com\/#website","url":"https:\/\/www.gaveanews.com\/","name":"G\u00e1vea News","description":"Veja todas as not\u00edcias sobre o Flamengo: Contrata\u00e7\u00f5es, categorias de base, resultados das partidas, tabela de classifica\u00e7\u00e3o, pr\u00f3ximos jogos!","potentialAction":[{"@type":"SearchAction","target":{"@type":"EntryPoint","urlTemplate":"https:\/\/www.gaveanews.com\/?s={search_term_string}"},"query-input":{"@type":"PropertyValueSpecification","valueRequired":true,"valueName":"search_term_string"}}],"inLanguage":"pt-BR"},{"@type":"Person","@id":"https:\/\/www.gaveanews.com\/#\/schema\/person\/c88645e3d550d0b6574305e67dd5a716","name":"Reda\u00e7\u00e3o","image":{"@type":"ImageObject","inLanguage":"pt-BR","@id":"https:\/\/www.gaveanews.com\/#\/schema\/person\/image\/","url":"https:\/\/secure.gravatar.com\/avatar\/434098fd823f0dc1b062d14ca22bacaa6e38de28d8c816bbef6fc2f8c44d8ba3?s=96&d=mm&r=g","contentUrl":"https:\/\/secure.gravatar.com\/avatar\/434098fd823f0dc1b062d14ca22bacaa6e38de28d8c816bbef6fc2f8c44d8ba3?s=96&d=mm&r=g","caption":"Reda\u00e7\u00e3o"}}]}},"_links":{"self":[{"href":"https:\/\/www.gaveanews.com\/index.php\/wp-json\/wp\/v2\/posts\/279208","targetHints":{"allow":["GET"]}}],"collection":[{"href":"https:\/\/www.gaveanews.com\/index.php\/wp-json\/wp\/v2\/posts"}],"about":[{"href":"https:\/\/www.gaveanews.com\/index.php\/wp-json\/wp\/v2\/types\/post"}],"author":[{"embeddable":true,"href":"https:\/\/www.gaveanews.com\/index.php\/wp-json\/wp\/v2\/users\/39"}],"replies":[{"embeddable":true,"href":"https:\/\/www.gaveanews.com\/index.php\/wp-json\/wp\/v2\/comments?post=279208"}],"version-history":[{"count":1,"href":"https:\/\/www.gaveanews.com\/index.php\/wp-json\/wp\/v2\/posts\/279208\/revisions"}],"predecessor-version":[{"id":279227,"href":"https:\/\/www.gaveanews.com\/index.php\/wp-json\/wp\/v2\/posts\/279208\/revisions\/279227"}],"wp:featuredmedia":[{"embeddable":true,"href":"https:\/\/www.gaveanews.com\/index.php\/wp-json\/wp\/v2\/media\/146357"}],"wp:attachment":[{"href":"https:\/\/www.gaveanews.com\/index.php\/wp-json\/wp\/v2\/media?parent=279208"}],"wp:term":[{"taxonomy":"category","embeddable":true,"href":"https:\/\/www.gaveanews.com\/index.php\/wp-json\/wp\/v2\/categories?post=279208"},{"taxonomy":"post_tag","embeddable":true,"href":"https:\/\/www.gaveanews.com\/index.php\/wp-json\/wp\/v2\/tags?post=279208"}],"curies":[{"name":"wp","href":"https:\/\/api.w.org\/{rel}","templated":true}]}}