{"id":279209,"date":"2025-10-24T12:10:00","date_gmt":"2025-10-24T15:10:00","guid":{"rendered":"https:\/\/www.gaveanews.com\/?p=279209"},"modified":"2025-10-24T11:59:58","modified_gmt":"2025-10-24T14:59:58","slug":"atuacao-de-wesley-ex-flamengo-gera-repercussao-na-europa","status":"publish","type":"post","link":"https:\/\/www.gaveanews.com\/index.php\/2025\/10\/24\/atuacao-de-wesley-ex-flamengo-gera-repercussao-na-europa\/","title":{"rendered":"Atua\u00e7\u00e3o de Wesley, ex-Flamengo, gera repercuss\u00e3o na Europa"},"content":{"rendered":"\n<p>A Roma foi derrotada por 2 a 1 pelo Viktoria Plzen, da Rep\u00fablica Tcheca, nessa quinta-feira (23), pela terceira rodada da Europa League. O jogo, disputado no Est\u00e1dio Ol\u00edmpico, marcou mais um rev\u00e9s da equipe italiana na competi\u00e7\u00e3o. Apesar do resultado, o lateral Wesley, Cria do Ninho, teve desempenho elogiado por torcedores.<\/p>\n\n\n\n<p>Com o rev\u00e9s, a Roma estacionou nos tr\u00eas pontos e caiu para a 23\u00aa coloca\u00e7\u00e3o na tabela. A equipe ainda segue viva na disputa, mas precisa reagir nas rodadas seguintes para avan\u00e7ar \u00e0 fase eliminat\u00f3ria do torneio europeu.<\/p>\n\n\n\n<p>Improvisado na lateral esquerda, Wesley foi titular e permaneceu em campo durante toda a partida. Mesmo fora de sua posi\u00e7\u00e3o de origem, o brasileiro conseguiu se adaptar bem e foi um dos principais nomes da equipe. <\/p>\n\n\n\n<p>Nos n\u00fameros individuais, finalizou uma vez ao gol, deu tr\u00eas passes decisivos, sofreu cinco faltas, realizou quatro desarmes e recuperou cinco bolas. Seu desempenho chamou aten\u00e7\u00e3o, sobretudo pelo comprometimento defensivo e entrega f\u00edsica. <\/p>\n\n\n\n<figure class=\"wp-block-image size-full\"><img loading=\"lazy\" decoding=\"async\" width=\"1200\" height=\"800\" src=\"http:\/\/www.gaveanews.com\/wp-content\/uploads\/Wesley-do-Flamengo-em-coletiva-de-imprensa-na-Selecao.webp\" alt=\"\" class=\"wp-image-241649\"\/><figcaption class=\"wp-element-caption\">Wesley, do Flamengo, em coletiva de imprensa na Sele\u00e7\u00e3o &#8211; Foto: Reprodu\u00e7\u00e3o<\/figcaption><\/figure>\n\n\n\n<p>Torcedores da Roma e analistas locais utilizaram as redes sociais para destacar a atua\u00e7\u00e3o do jovem.<\/p>\n\n\n\n<p>\u201cApesar das imprecis\u00f5es, Wesley est\u00e1 sempre dispon\u00edvel e pontual. Ele tem um atletismo realmente impressionante. Acho que com trabalho, ele pode se tornar o ponta que Gasperini deseja. Ele definitivamente n\u00e3o \u00e9 o brasileiro pregui\u00e7oso e indolente que sente saudades de casa\u201d, escreveu um torcedor.<\/p>\n\n\n\n<figure class=\"wp-block-embed is-type-rich is-provider-twitter wp-block-embed-twitter\"><div class=\"wp-block-embed__wrapper\">\n<blockquote class=\"twitter-tweet\" data-width=\"550\" data-dnt=\"true\"><p lang=\"it\" dir=\"ltr\">Comunque Wesley al netto delle imprecisioni si fa sempre trovare disponibile e sul pezzo, ha doti atletiche veramente importanti, secondo me con tanto lavoro pu\u00f2 diventare l\u2019esterno che vuole Gasperini. Non \u00e8 assolutamente il brasiliano pigro e indolente con la nostalgia di casa<\/p>&mdash; \ud83d\udfe1MARCO\ud83d\udd34 (@marcop1927) <a href=\"https:\/\/twitter.com\/marcop1927\/status\/1981455870388023721?ref_src=twsrc%5Etfw\">October 23, 2025<\/a><\/blockquote><script async src=\"https:\/\/platform.twitter.com\/widgets.js\" charset=\"utf-8\"><\/script>\n<\/div><\/figure>\n\n\n\n<p>Outro coment\u00e1rio refor\u00e7ou o reconhecimento da boa partida: \u201cWesley muito bem. Grande jogo de Wesley e Bailey. N\u00e3o vou comentar o resto, esqueci que El Aynaoui estava jogando at\u00e9 o chute que ele levou nos acr\u00e9scimos.\u201d<\/p>\n\n\n\n<figure class=\"wp-block-embed is-type-rich is-provider-twitter wp-block-embed-twitter\"><div class=\"wp-block-embed__wrapper\">\n<blockquote class=\"twitter-tweet\" data-width=\"550\" data-dnt=\"true\"><p lang=\"it\" dir=\"ltr\"><a href=\"https:\/\/twitter.com\/hashtag\/RomaPlzen?src=hash&amp;ref_src=twsrc%5Etfw\">#RomaPlzen<\/a><br>Fine partita<br>Commento tecnico:<br>Partita che non meritavamo di perdere<br>Ma che abbiamo perso<br>Wesley bravissimo<\/p>&mdash; Joe Tarallo (@joe_tarallo) <a href=\"https:\/\/twitter.com\/joe_tarallo\/status\/1981467813677064371?ref_src=twsrc%5Etfw\">October 23, 2025<\/a><\/blockquote><script async src=\"https:\/\/platform.twitter.com\/widgets.js\" charset=\"utf-8\"><\/script>\n<\/div><\/figure>\n\n\n\n<h3 class=\"wp-block-heading\" id=\"h-ex-fla-se-firma-no-futebol-europeu\">Ex-Fla se firma no futebol europeu<\/h3>\n\n\n\n<p>Wesley se destacou como lateral-direito em sua passagem pelo <a href=\"https:\/\/www.gaveanews.com\/index.php\/category\/brasileirao\/flamengo\/\">Flamengo<\/a>. Ap\u00f3s ganhar espa\u00e7o no elenco profissional, transferiu-se para a Roma, que apostou no seu potencial f\u00edsico e t\u00e9cnico. <\/p>\n\n\n\n<p>A atua\u00e7\u00e3o s\u00f3lida diante do Plzen refor\u00e7a sua crescente valoriza\u00e7\u00e3o no elenco e na Europa. Aos 20 anos, Wesley passa a ser observado com mais aten\u00e7\u00e3o por parte da imprensa italiana e j\u00e1 aparece como nome cogitado para futuras convoca\u00e7\u00f5es da Sele\u00e7\u00e3o Brasileira, comandada por Carlo Ancelotti a partir de 2024.<\/p>\n","protected":false},"excerpt":{"rendered":"<p>A Roma foi derrotada por 2 a 1 pelo Viktoria Plzen, da Rep\u00fablica Tcheca, nessa quinta-feira (23), pela terceira rodada da Europa League. O jogo, disputado no Est\u00e1dio Ol\u00edmpico, marcou mais um rev\u00e9s da equipe italiana na competi\u00e7\u00e3o. Apesar do resultado, o lateral Wesley, Cria do Ninho, teve desempenho elogiado por torcedores. Com o rev\u00e9s, [&hellip;]<\/p>\n","protected":false},"author":39,"featured_media":279229,"comment_status":"open","ping_status":"closed","sticky":false,"template":"","format":"standard","meta":{"footnotes":""},"categories":[1],"tags":[],"class_list":["post-279209","post","type-post","status-publish","format-standard","has-post-thumbnail","hentry","category-flamengo"],"yoast_head":"<!-- This site is optimized with the Yoast SEO Premium plugin v24.2 (Yoast SEO v26.9) - https:\/\/yoast.com\/product\/yoast-seo-premium-wordpress\/ -->\n<title>Atua\u00e7\u00e3o de Wesley, ex-Flamengo, gera repercuss\u00e3o na Europa<\/title>\n<meta name=\"robots\" content=\"index, follow, max-snippet:-1, max-image-preview:large, max-video-preview:-1\" \/>\n<link rel=\"canonical\" href=\"https:\/\/www.gaveanews.com\/index.php\/2025\/10\/24\/atuacao-de-wesley-ex-flamengo-gera-repercussao-na-europa\/\" \/>\n<meta property=\"og:locale\" content=\"pt_BR\" \/>\n<meta property=\"og:type\" content=\"article\" \/>\n<meta property=\"og:title\" content=\"Atua\u00e7\u00e3o de Wesley, ex-Flamengo, gera repercuss\u00e3o na Europa\" \/>\n<meta property=\"og:description\" content=\"A Roma foi derrotada por 2 a 1 pelo Viktoria Plzen, da Rep\u00fablica Tcheca, nessa quinta-feira (23), pela terceira rodada da Europa League. O jogo, disputado no Est\u00e1dio Ol\u00edmpico, marcou mais um rev\u00e9s da equipe italiana na competi\u00e7\u00e3o. Apesar do resultado, o lateral Wesley, Cria do Ninho, teve desempenho elogiado por torcedores. Com o rev\u00e9s, [&hellip;]\" \/>\n<meta property=\"og:url\" content=\"https:\/\/www.gaveanews.com\/index.php\/2025\/10\/24\/atuacao-de-wesley-ex-flamengo-gera-repercussao-na-europa\/\" \/>\n<meta property=\"og:site_name\" content=\"G\u00e1vea News\" \/>\n<meta property=\"article:publisher\" content=\"https:\/\/facebook.com\/gaveaNews\/\" \/>\n<meta property=\"article:published_time\" content=\"2025-10-24T15:10:00+00:00\" \/>\n<meta property=\"og:image\" content=\"https:\/\/www.gaveanews.com\/wp-content\/uploads\/Wesley-pela-Roma.jpg\" \/>\n\t<meta property=\"og:image:width\" content=\"1280\" \/>\n\t<meta property=\"og:image:height\" content=\"960\" \/>\n\t<meta property=\"og:image:type\" content=\"image\/jpeg\" \/>\n<meta name=\"author\" content=\"Reda\u00e7\u00e3o\" \/>\n<meta name=\"twitter:card\" content=\"summary_large_image\" \/>\n<meta name=\"twitter:label1\" content=\"Escrito por\" \/>\n\t<meta name=\"twitter:data1\" content=\"Reda\u00e7\u00e3o\" \/>\n\t<meta name=\"twitter:label2\" content=\"Est. tempo de leitura\" \/>\n\t<meta name=\"twitter:data2\" content=\"3 minutos\" \/>\n<script type=\"application\/ld+json\" class=\"yoast-schema-graph\">{\"@context\":\"https:\/\/schema.org\",\"@graph\":[{\"@type\":\"NewsArticle\",\"@id\":\"https:\/\/www.gaveanews.com\/index.php\/2025\/10\/24\/atuacao-de-wesley-ex-flamengo-gera-repercussao-na-europa\/#article\",\"isPartOf\":{\"@id\":\"https:\/\/www.gaveanews.com\/index.php\/2025\/10\/24\/atuacao-de-wesley-ex-flamengo-gera-repercussao-na-europa\/\"},\"author\":{\"name\":\"Reda\u00e7\u00e3o\",\"@id\":\"https:\/\/www.gaveanews.com\/#\/schema\/person\/c88645e3d550d0b6574305e67dd5a716\"},\"headline\":\"Atua\u00e7\u00e3o de Wesley, ex-Flamengo, gera repercuss\u00e3o na Europa\",\"datePublished\":\"2025-10-24T15:10:00+00:00\",\"mainEntityOfPage\":{\"@id\":\"https:\/\/www.gaveanews.com\/index.php\/2025\/10\/24\/atuacao-de-wesley-ex-flamengo-gera-repercussao-na-europa\/\"},\"wordCount\":403,\"commentCount\":0,\"image\":{\"@id\":\"https:\/\/www.gaveanews.com\/index.php\/2025\/10\/24\/atuacao-de-wesley-ex-flamengo-gera-repercussao-na-europa\/#primaryimage\"},\"thumbnailUrl\":\"https:\/\/www.gaveanews.com\/wp-content\/uploads\/Wesley-pela-Roma.jpg\",\"articleSection\":[\"Flamengo\"],\"inLanguage\":\"pt-BR\",\"potentialAction\":[{\"@type\":\"CommentAction\",\"name\":\"Comment\",\"target\":[\"https:\/\/www.gaveanews.com\/index.php\/2025\/10\/24\/atuacao-de-wesley-ex-flamengo-gera-repercussao-na-europa\/#respond\"]}],\"copyrightYear\":\"2025\",\"copyrightHolder\":{\"@id\":\"https:\/\/www.gaveanews.com\/#organization\"}},{\"@type\":\"WebPage\",\"@id\":\"https:\/\/www.gaveanews.com\/index.php\/2025\/10\/24\/atuacao-de-wesley-ex-flamengo-gera-repercussao-na-europa\/\",\"url\":\"https:\/\/www.gaveanews.com\/index.php\/2025\/10\/24\/atuacao-de-wesley-ex-flamengo-gera-repercussao-na-europa\/\",\"name\":\"Atua\u00e7\u00e3o de Wesley, ex-Flamengo, gera repercuss\u00e3o na Europa\",\"isPartOf\":{\"@id\":\"https:\/\/www.gaveanews.com\/#website\"},\"primaryImageOfPage\":{\"@id\":\"https:\/\/www.gaveanews.com\/index.php\/2025\/10\/24\/atuacao-de-wesley-ex-flamengo-gera-repercussao-na-europa\/#primaryimage\"},\"image\":{\"@id\":\"https:\/\/www.gaveanews.com\/index.php\/2025\/10\/24\/atuacao-de-wesley-ex-flamengo-gera-repercussao-na-europa\/#primaryimage\"},\"thumbnailUrl\":\"https:\/\/www.gaveanews.com\/wp-content\/uploads\/Wesley-pela-Roma.jpg\",\"datePublished\":\"2025-10-24T15:10:00+00:00\",\"author\":{\"@id\":\"https:\/\/www.gaveanews.com\/#\/schema\/person\/c88645e3d550d0b6574305e67dd5a716\"},\"breadcrumb\":{\"@id\":\"https:\/\/www.gaveanews.com\/index.php\/2025\/10\/24\/atuacao-de-wesley-ex-flamengo-gera-repercussao-na-europa\/#breadcrumb\"},\"inLanguage\":\"pt-BR\",\"potentialAction\":[{\"@type\":\"ReadAction\",\"target\":[\"https:\/\/www.gaveanews.com\/index.php\/2025\/10\/24\/atuacao-de-wesley-ex-flamengo-gera-repercussao-na-europa\/\"]}]},{\"@type\":\"ImageObject\",\"inLanguage\":\"pt-BR\",\"@id\":\"https:\/\/www.gaveanews.com\/index.php\/2025\/10\/24\/atuacao-de-wesley-ex-flamengo-gera-repercussao-na-europa\/#primaryimage\",\"url\":\"https:\/\/www.gaveanews.com\/wp-content\/uploads\/Wesley-pela-Roma.jpg\",\"contentUrl\":\"https:\/\/www.gaveanews.com\/wp-content\/uploads\/Wesley-pela-Roma.jpg\",\"width\":1280,\"height\":960,\"caption\":\"Wesley pela Roma (Foto: Divulga\u00e7\u00e3o\/Oficial)\"},{\"@type\":\"BreadcrumbList\",\"@id\":\"https:\/\/www.gaveanews.com\/index.php\/2025\/10\/24\/atuacao-de-wesley-ex-flamengo-gera-repercussao-na-europa\/#breadcrumb\",\"itemListElement\":[{\"@type\":\"ListItem\",\"position\":1,\"name\":\"Home\",\"item\":\"https:\/\/www.gaveanews.com\/\"},{\"@type\":\"ListItem\",\"position\":2,\"name\":\"Atua\u00e7\u00e3o de Wesley, ex-Flamengo, gera repercuss\u00e3o na Europa\"}]},{\"@type\":\"WebSite\",\"@id\":\"https:\/\/www.gaveanews.com\/#website\",\"url\":\"https:\/\/www.gaveanews.com\/\",\"name\":\"G\u00e1vea News\",\"description\":\"Veja todas as not\u00edcias sobre o Flamengo: Contrata\u00e7\u00f5es, categorias de base, resultados das partidas, tabela de classifica\u00e7\u00e3o, pr\u00f3ximos jogos!\",\"potentialAction\":[{\"@type\":\"SearchAction\",\"target\":{\"@type\":\"EntryPoint\",\"urlTemplate\":\"https:\/\/www.gaveanews.com\/?s={search_term_string}\"},\"query-input\":{\"@type\":\"PropertyValueSpecification\",\"valueRequired\":true,\"valueName\":\"search_term_string\"}}],\"inLanguage\":\"pt-BR\"},{\"@type\":\"Person\",\"@id\":\"https:\/\/www.gaveanews.com\/#\/schema\/person\/c88645e3d550d0b6574305e67dd5a716\",\"name\":\"Reda\u00e7\u00e3o\",\"image\":{\"@type\":\"ImageObject\",\"inLanguage\":\"pt-BR\",\"@id\":\"https:\/\/www.gaveanews.com\/#\/schema\/person\/image\/\",\"url\":\"https:\/\/secure.gravatar.com\/avatar\/434098fd823f0dc1b062d14ca22bacaa6e38de28d8c816bbef6fc2f8c44d8ba3?s=96&d=mm&r=g\",\"contentUrl\":\"https:\/\/secure.gravatar.com\/avatar\/434098fd823f0dc1b062d14ca22bacaa6e38de28d8c816bbef6fc2f8c44d8ba3?s=96&d=mm&r=g\",\"caption\":\"Reda\u00e7\u00e3o\"}}]}<\/script>\n<!-- \/ Yoast SEO Premium plugin. -->","yoast_head_json":{"title":"Atua\u00e7\u00e3o de Wesley, ex-Flamengo, gera repercuss\u00e3o na Europa","robots":{"index":"index","follow":"follow","max-snippet":"max-snippet:-1","max-image-preview":"max-image-preview:large","max-video-preview":"max-video-preview:-1"},"canonical":"https:\/\/www.gaveanews.com\/index.php\/2025\/10\/24\/atuacao-de-wesley-ex-flamengo-gera-repercussao-na-europa\/","og_locale":"pt_BR","og_type":"article","og_title":"Atua\u00e7\u00e3o de Wesley, ex-Flamengo, gera repercuss\u00e3o na Europa","og_description":"A Roma foi derrotada por 2 a 1 pelo Viktoria Plzen, da Rep\u00fablica Tcheca, nessa quinta-feira (23), pela terceira rodada da Europa League. O jogo, disputado no Est\u00e1dio Ol\u00edmpico, marcou mais um rev\u00e9s da equipe italiana na competi\u00e7\u00e3o. Apesar do resultado, o lateral Wesley, Cria do Ninho, teve desempenho elogiado por torcedores. Com o rev\u00e9s, [&hellip;]","og_url":"https:\/\/www.gaveanews.com\/index.php\/2025\/10\/24\/atuacao-de-wesley-ex-flamengo-gera-repercussao-na-europa\/","og_site_name":"G\u00e1vea News","article_publisher":"https:\/\/facebook.com\/gaveaNews\/","article_published_time":"2025-10-24T15:10:00+00:00","og_image":[{"width":1280,"height":960,"url":"https:\/\/www.gaveanews.com\/wp-content\/uploads\/Wesley-pela-Roma.jpg","type":"image\/jpeg"}],"author":"Reda\u00e7\u00e3o","twitter_card":"summary_large_image","twitter_misc":{"Escrito por":"Reda\u00e7\u00e3o","Est. tempo de leitura":"3 minutos"},"schema":{"@context":"https:\/\/schema.org","@graph":[{"@type":"NewsArticle","@id":"https:\/\/www.gaveanews.com\/index.php\/2025\/10\/24\/atuacao-de-wesley-ex-flamengo-gera-repercussao-na-europa\/#article","isPartOf":{"@id":"https:\/\/www.gaveanews.com\/index.php\/2025\/10\/24\/atuacao-de-wesley-ex-flamengo-gera-repercussao-na-europa\/"},"author":{"name":"Reda\u00e7\u00e3o","@id":"https:\/\/www.gaveanews.com\/#\/schema\/person\/c88645e3d550d0b6574305e67dd5a716"},"headline":"Atua\u00e7\u00e3o de Wesley, ex-Flamengo, gera repercuss\u00e3o na Europa","datePublished":"2025-10-24T15:10:00+00:00","mainEntityOfPage":{"@id":"https:\/\/www.gaveanews.com\/index.php\/2025\/10\/24\/atuacao-de-wesley-ex-flamengo-gera-repercussao-na-europa\/"},"wordCount":403,"commentCount":0,"image":{"@id":"https:\/\/www.gaveanews.com\/index.php\/2025\/10\/24\/atuacao-de-wesley-ex-flamengo-gera-repercussao-na-europa\/#primaryimage"},"thumbnailUrl":"https:\/\/www.gaveanews.com\/wp-content\/uploads\/Wesley-pela-Roma.jpg","articleSection":["Flamengo"],"inLanguage":"pt-BR","potentialAction":[{"@type":"CommentAction","name":"Comment","target":["https:\/\/www.gaveanews.com\/index.php\/2025\/10\/24\/atuacao-de-wesley-ex-flamengo-gera-repercussao-na-europa\/#respond"]}],"copyrightYear":"2025","copyrightHolder":{"@id":"https:\/\/www.gaveanews.com\/#organization"}},{"@type":"WebPage","@id":"https:\/\/www.gaveanews.com\/index.php\/2025\/10\/24\/atuacao-de-wesley-ex-flamengo-gera-repercussao-na-europa\/","url":"https:\/\/www.gaveanews.com\/index.php\/2025\/10\/24\/atuacao-de-wesley-ex-flamengo-gera-repercussao-na-europa\/","name":"Atua\u00e7\u00e3o de Wesley, ex-Flamengo, gera repercuss\u00e3o na Europa","isPartOf":{"@id":"https:\/\/www.gaveanews.com\/#website"},"primaryImageOfPage":{"@id":"https:\/\/www.gaveanews.com\/index.php\/2025\/10\/24\/atuacao-de-wesley-ex-flamengo-gera-repercussao-na-europa\/#primaryimage"},"image":{"@id":"https:\/\/www.gaveanews.com\/index.php\/2025\/10\/24\/atuacao-de-wesley-ex-flamengo-gera-repercussao-na-europa\/#primaryimage"},"thumbnailUrl":"https:\/\/www.gaveanews.com\/wp-content\/uploads\/Wesley-pela-Roma.jpg","datePublished":"2025-10-24T15:10:00+00:00","author":{"@id":"https:\/\/www.gaveanews.com\/#\/schema\/person\/c88645e3d550d0b6574305e67dd5a716"},"breadcrumb":{"@id":"https:\/\/www.gaveanews.com\/index.php\/2025\/10\/24\/atuacao-de-wesley-ex-flamengo-gera-repercussao-na-europa\/#breadcrumb"},"inLanguage":"pt-BR","potentialAction":[{"@type":"ReadAction","target":["https:\/\/www.gaveanews.com\/index.php\/2025\/10\/24\/atuacao-de-wesley-ex-flamengo-gera-repercussao-na-europa\/"]}]},{"@type":"ImageObject","inLanguage":"pt-BR","@id":"https:\/\/www.gaveanews.com\/index.php\/2025\/10\/24\/atuacao-de-wesley-ex-flamengo-gera-repercussao-na-europa\/#primaryimage","url":"https:\/\/www.gaveanews.com\/wp-content\/uploads\/Wesley-pela-Roma.jpg","contentUrl":"https:\/\/www.gaveanews.com\/wp-content\/uploads\/Wesley-pela-Roma.jpg","width":1280,"height":960,"caption":"Wesley pela Roma (Foto: Divulga\u00e7\u00e3o\/Oficial)"},{"@type":"BreadcrumbList","@id":"https:\/\/www.gaveanews.com\/index.php\/2025\/10\/24\/atuacao-de-wesley-ex-flamengo-gera-repercussao-na-europa\/#breadcrumb","itemListElement":[{"@type":"ListItem","position":1,"name":"Home","item":"https:\/\/www.gaveanews.com\/"},{"@type":"ListItem","position":2,"name":"Atua\u00e7\u00e3o de Wesley, ex-Flamengo, gera repercuss\u00e3o na Europa"}]},{"@type":"WebSite","@id":"https:\/\/www.gaveanews.com\/#website","url":"https:\/\/www.gaveanews.com\/","name":"G\u00e1vea News","description":"Veja todas as not\u00edcias sobre o Flamengo: Contrata\u00e7\u00f5es, categorias de base, resultados das partidas, tabela de classifica\u00e7\u00e3o, pr\u00f3ximos jogos!","potentialAction":[{"@type":"SearchAction","target":{"@type":"EntryPoint","urlTemplate":"https:\/\/www.gaveanews.com\/?s={search_term_string}"},"query-input":{"@type":"PropertyValueSpecification","valueRequired":true,"valueName":"search_term_string"}}],"inLanguage":"pt-BR"},{"@type":"Person","@id":"https:\/\/www.gaveanews.com\/#\/schema\/person\/c88645e3d550d0b6574305e67dd5a716","name":"Reda\u00e7\u00e3o","image":{"@type":"ImageObject","inLanguage":"pt-BR","@id":"https:\/\/www.gaveanews.com\/#\/schema\/person\/image\/","url":"https:\/\/secure.gravatar.com\/avatar\/434098fd823f0dc1b062d14ca22bacaa6e38de28d8c816bbef6fc2f8c44d8ba3?s=96&d=mm&r=g","contentUrl":"https:\/\/secure.gravatar.com\/avatar\/434098fd823f0dc1b062d14ca22bacaa6e38de28d8c816bbef6fc2f8c44d8ba3?s=96&d=mm&r=g","caption":"Reda\u00e7\u00e3o"}}]}},"_links":{"self":[{"href":"https:\/\/www.gaveanews.com\/index.php\/wp-json\/wp\/v2\/posts\/279209","targetHints":{"allow":["GET"]}}],"collection":[{"href":"https:\/\/www.gaveanews.com\/index.php\/wp-json\/wp\/v2\/posts"}],"about":[{"href":"https:\/\/www.gaveanews.com\/index.php\/wp-json\/wp\/v2\/types\/post"}],"author":[{"embeddable":true,"href":"https:\/\/www.gaveanews.com\/index.php\/wp-json\/wp\/v2\/users\/39"}],"replies":[{"embeddable":true,"href":"https:\/\/www.gaveanews.com\/index.php\/wp-json\/wp\/v2\/comments?post=279209"}],"version-history":[{"count":2,"href":"https:\/\/www.gaveanews.com\/index.php\/wp-json\/wp\/v2\/posts\/279209\/revisions"}],"predecessor-version":[{"id":279232,"href":"https:\/\/www.gaveanews.com\/index.php\/wp-json\/wp\/v2\/posts\/279209\/revisions\/279232"}],"wp:featuredmedia":[{"embeddable":true,"href":"https:\/\/www.gaveanews.com\/index.php\/wp-json\/wp\/v2\/media\/279229"}],"wp:attachment":[{"href":"https:\/\/www.gaveanews.com\/index.php\/wp-json\/wp\/v2\/media?parent=279209"}],"wp:term":[{"taxonomy":"category","embeddable":true,"href":"https:\/\/www.gaveanews.com\/index.php\/wp-json\/wp\/v2\/categories?post=279209"},{"taxonomy":"post_tag","embeddable":true,"href":"https:\/\/www.gaveanews.com\/index.php\/wp-json\/wp\/v2\/tags?post=279209"}],"curies":[{"name":"wp","href":"https:\/\/api.w.org\/{rel}","templated":true}]}}