{"id":279210,"date":"2025-10-24T12:20:00","date_gmt":"2025-10-24T15:20:00","guid":{"rendered":"https:\/\/www.gaveanews.com\/?p=279210"},"modified":"2025-10-24T12:08:08","modified_gmt":"2025-10-24T15:08:08","slug":"flamengo-tera-quatro-desfalques-importantes-para-partida-contra-o-fortaleza","status":"publish","type":"post","link":"https:\/\/www.gaveanews.com\/index.php\/2025\/10\/24\/flamengo-tera-quatro-desfalques-importantes-para-partida-contra-o-fortaleza\/","title":{"rendered":"Flamengo ter\u00e1 quatro desfalques importantes para partida contra o Fortaleza"},"content":{"rendered":"\n<p>O <a href=\"https:\/\/www.gaveanews.com\/index.php\/category\/brasileirao\/flamengo\/\" target=\"_blank\" rel=\"noreferrer noopener\">Flamengo<\/a> volta a campo neste s\u00e1bado (25), \u00e0s 19h30, para enfrentar o Fortaleza, na Arena Castel\u00e3o, pela 30\u00aa rodada do Campeonato Brasileiro. A equipe comandada por Filipe Lu\u00eds ter\u00e1 desfalques importantes e precisar\u00e1 reorganizar o meio-campo e o setor ofensivo para o confronto fora de casa.<\/p>\n\n\n\n<p>Quatro jogadores est\u00e3o fora da partida. Erick Pulgar e Carrascal receberam o terceiro cart\u00e3o amarelo na vit\u00f3ria sobre o Palmeiras e cumprem suspens\u00e3o autom\u00e1tica. Com isso, o treinador buscar\u00e1 novas op\u00e7\u00f5es para recompor o meio-campo.<\/p>\n\n\n\n<p>No ataque, Pedro \u00e9 desfalque confirmado devido \u00e0 fratura no antebra\u00e7o direito, enquanto Everton Cebolinha ainda se recupera de uma les\u00e3o muscular no quadril e tamb\u00e9m est\u00e1 indispon\u00edvel.<\/p>\n\n\n\n<h2 class=\"wp-block-heading\" id=\"h-casos-indefinidos\">Casos indefinidos<\/h2>\n\n\n\n<p>Al\u00e9m dos desfalques confirmados, a situa\u00e7\u00e3o de L\u00e9o Ortiz segue indefinida. O zagueiro sofreu um estiramento no ligamento do tornozelo direito e ainda n\u00e3o tem presen\u00e7a garantida. <\/p>\n\n\n\n<figure class=\"wp-block-image size-full\"><img loading=\"lazy\" decoding=\"async\" width=\"1200\" height=\"800\" src=\"http:\/\/www.gaveanews.com\/wp-content\/uploads\/Leo-Ortiz-treinando-com-o-grupo-no-CT-Ninho-do-Urubu.webp\" alt=\"L\u00e9o Ortiz treinando com o grupo no CT Ninho do Urubu - Foto: Adriano Fontes\/Flamengo\" class=\"wp-image-255009\"\/><figcaption class=\"wp-element-caption\">L\u00e9o Ortiz treinando no CT Ninho do Urubu &#8211; Foto: Adriano Fontes\/Flamengo<\/figcaption><\/figure>\n\n\n\n<p>Embora tenha sido relacionado para a semifinal da Libertadores contra o Racing, na \u00faltima quarta-feira (22), permaneceu no banco durante os 90 minutos. <\/p>\n\n\n\n<p>Caso n\u00e3o re\u00fana condi\u00e7\u00f5es, Danilo deve ser mantido entre os titulares.<\/p>\n\n\n\n<h3 class=\"wp-block-heading\" id=\"h-fortaleza-tem-retornos-mas-tambem-sofre-com-baixas\">Fortaleza tem retornos, mas tamb\u00e9m sofre com baixas<\/h3>\n\n\n\n<p>Do outro lado, o Fortaleza entra em campo com sete jogadores fora. Entre os desfalques est\u00e3o Lucero e Kuscevic, ambos suspensos. O centroavante recebeu o terceiro amarelo contra o Cruzeiro, enquanto o zagueiro foi advertido contra o Vasco e expulso logo em seguida.<\/p>\n\n\n\n<p>O t\u00e9cnico Juan Pablo Vojvoda tamb\u00e9m n\u00e3o poder\u00e1 contar com Jo\u00e3o Ricardo, Benevenuto, Matheus Pereira, Allanzinho e Lucas Crispim. Todos est\u00e3o em recupera\u00e7\u00e3o de les\u00f5es musculares, exceto o goleiro, que passou por cirurgia no ombro e est\u00e1 fora do restante da temporada.<\/p>\n\n\n\n<h3 class=\"wp-block-heading\" id=\"h-detalhes-do-confronto\">Detalhes do confronto<\/h3>\n\n\n\n<p>O duelo entre Fortaleza e Flamengo acontece neste s\u00e1bado (25), \u00e0s 19h30, na Arena Castel\u00e3o. A partida marca o reencontro das equipes no returno do Brasileir\u00e3o, com os dois times buscando somar pontos importantes na reta final do campeonato.<\/p>\n","protected":false},"excerpt":{"rendered":"<p>O Flamengo volta a campo neste s\u00e1bado (25), \u00e0s 19h30, para enfrentar o Fortaleza, na Arena Castel\u00e3o, pela 30\u00aa rodada do Campeonato Brasileiro. A equipe comandada por Filipe Lu\u00eds ter\u00e1 desfalques importantes e precisar\u00e1 reorganizar o meio-campo e o setor ofensivo para o confronto fora de casa. Quatro jogadores est\u00e3o fora da partida. Erick Pulgar [&hellip;]<\/p>\n","protected":false},"author":39,"featured_media":276139,"comment_status":"open","ping_status":"closed","sticky":false,"template":"","format":"standard","meta":{"footnotes":""},"categories":[1],"tags":[],"class_list":["post-279210","post","type-post","status-publish","format-standard","has-post-thumbnail","hentry","category-flamengo"],"yoast_head":"<!-- This site is optimized with the Yoast SEO Premium plugin v24.2 (Yoast SEO v26.9) - https:\/\/yoast.com\/product\/yoast-seo-premium-wordpress\/ -->\n<title>Flamengo ter\u00e1 quatro desfalques importantes para partida contra o Fortaleza<\/title>\n<meta name=\"robots\" content=\"index, follow, max-snippet:-1, max-image-preview:large, max-video-preview:-1\" \/>\n<link rel=\"canonical\" href=\"https:\/\/www.gaveanews.com\/index.php\/2025\/10\/24\/flamengo-tera-quatro-desfalques-importantes-para-partida-contra-o-fortaleza\/\" \/>\n<meta property=\"og:locale\" content=\"pt_BR\" \/>\n<meta property=\"og:type\" content=\"article\" \/>\n<meta property=\"og:title\" content=\"Flamengo ter\u00e1 quatro desfalques importantes para partida contra o Fortaleza\" \/>\n<meta property=\"og:description\" content=\"O Flamengo volta a campo neste s\u00e1bado (25), \u00e0s 19h30, para enfrentar o Fortaleza, na Arena Castel\u00e3o, pela 30\u00aa rodada do Campeonato Brasileiro. A equipe comandada por Filipe Lu\u00eds ter\u00e1 desfalques importantes e precisar\u00e1 reorganizar o meio-campo e o setor ofensivo para o confronto fora de casa. Quatro jogadores est\u00e3o fora da partida. Erick Pulgar [&hellip;]\" \/>\n<meta property=\"og:url\" content=\"https:\/\/www.gaveanews.com\/index.php\/2025\/10\/24\/flamengo-tera-quatro-desfalques-importantes-para-partida-contra-o-fortaleza\/\" \/>\n<meta property=\"og:site_name\" content=\"G\u00e1vea News\" \/>\n<meta property=\"article:publisher\" content=\"https:\/\/facebook.com\/gaveaNews\/\" \/>\n<meta property=\"article:published_time\" content=\"2025-10-24T15:20:00+00:00\" \/>\n<meta property=\"og:image\" content=\"https:\/\/www.gaveanews.com\/wp-content\/uploads\/Elenco-do-Flamengo-durante-treinamento.webp\" \/>\n\t<meta property=\"og:image:width\" content=\"1000\" \/>\n\t<meta property=\"og:image:height\" content=\"563\" \/>\n\t<meta property=\"og:image:type\" content=\"image\/webp\" \/>\n<meta name=\"author\" content=\"Reda\u00e7\u00e3o\" \/>\n<meta name=\"twitter:card\" content=\"summary_large_image\" \/>\n<meta name=\"twitter:label1\" content=\"Escrito por\" \/>\n\t<meta name=\"twitter:data1\" content=\"Reda\u00e7\u00e3o\" \/>\n\t<meta name=\"twitter:label2\" content=\"Est. tempo de leitura\" \/>\n\t<meta name=\"twitter:data2\" content=\"3 minutos\" \/>\n<script type=\"application\/ld+json\" class=\"yoast-schema-graph\">{\"@context\":\"https:\/\/schema.org\",\"@graph\":[{\"@type\":\"NewsArticle\",\"@id\":\"https:\/\/www.gaveanews.com\/index.php\/2025\/10\/24\/flamengo-tera-quatro-desfalques-importantes-para-partida-contra-o-fortaleza\/#article\",\"isPartOf\":{\"@id\":\"https:\/\/www.gaveanews.com\/index.php\/2025\/10\/24\/flamengo-tera-quatro-desfalques-importantes-para-partida-contra-o-fortaleza\/\"},\"author\":{\"name\":\"Reda\u00e7\u00e3o\",\"@id\":\"https:\/\/www.gaveanews.com\/#\/schema\/person\/c88645e3d550d0b6574305e67dd5a716\"},\"headline\":\"Flamengo ter\u00e1 quatro desfalques importantes para partida contra o Fortaleza\",\"datePublished\":\"2025-10-24T15:20:00+00:00\",\"mainEntityOfPage\":{\"@id\":\"https:\/\/www.gaveanews.com\/index.php\/2025\/10\/24\/flamengo-tera-quatro-desfalques-importantes-para-partida-contra-o-fortaleza\/\"},\"wordCount\":358,\"commentCount\":0,\"image\":{\"@id\":\"https:\/\/www.gaveanews.com\/index.php\/2025\/10\/24\/flamengo-tera-quatro-desfalques-importantes-para-partida-contra-o-fortaleza\/#primaryimage\"},\"thumbnailUrl\":\"https:\/\/www.gaveanews.com\/wp-content\/uploads\/Elenco-do-Flamengo-durante-treinamento.webp\",\"articleSection\":[\"Flamengo\"],\"inLanguage\":\"pt-BR\",\"potentialAction\":[{\"@type\":\"CommentAction\",\"name\":\"Comment\",\"target\":[\"https:\/\/www.gaveanews.com\/index.php\/2025\/10\/24\/flamengo-tera-quatro-desfalques-importantes-para-partida-contra-o-fortaleza\/#respond\"]}],\"copyrightYear\":\"2025\",\"copyrightHolder\":{\"@id\":\"https:\/\/www.gaveanews.com\/#organization\"}},{\"@type\":\"WebPage\",\"@id\":\"https:\/\/www.gaveanews.com\/index.php\/2025\/10\/24\/flamengo-tera-quatro-desfalques-importantes-para-partida-contra-o-fortaleza\/\",\"url\":\"https:\/\/www.gaveanews.com\/index.php\/2025\/10\/24\/flamengo-tera-quatro-desfalques-importantes-para-partida-contra-o-fortaleza\/\",\"name\":\"Flamengo ter\u00e1 quatro desfalques importantes para partida contra o Fortaleza\",\"isPartOf\":{\"@id\":\"https:\/\/www.gaveanews.com\/#website\"},\"primaryImageOfPage\":{\"@id\":\"https:\/\/www.gaveanews.com\/index.php\/2025\/10\/24\/flamengo-tera-quatro-desfalques-importantes-para-partida-contra-o-fortaleza\/#primaryimage\"},\"image\":{\"@id\":\"https:\/\/www.gaveanews.com\/index.php\/2025\/10\/24\/flamengo-tera-quatro-desfalques-importantes-para-partida-contra-o-fortaleza\/#primaryimage\"},\"thumbnailUrl\":\"https:\/\/www.gaveanews.com\/wp-content\/uploads\/Elenco-do-Flamengo-durante-treinamento.webp\",\"datePublished\":\"2025-10-24T15:20:00+00:00\",\"author\":{\"@id\":\"https:\/\/www.gaveanews.com\/#\/schema\/person\/c88645e3d550d0b6574305e67dd5a716\"},\"breadcrumb\":{\"@id\":\"https:\/\/www.gaveanews.com\/index.php\/2025\/10\/24\/flamengo-tera-quatro-desfalques-importantes-para-partida-contra-o-fortaleza\/#breadcrumb\"},\"inLanguage\":\"pt-BR\",\"potentialAction\":[{\"@type\":\"ReadAction\",\"target\":[\"https:\/\/www.gaveanews.com\/index.php\/2025\/10\/24\/flamengo-tera-quatro-desfalques-importantes-para-partida-contra-o-fortaleza\/\"]}]},{\"@type\":\"ImageObject\",\"inLanguage\":\"pt-BR\",\"@id\":\"https:\/\/www.gaveanews.com\/index.php\/2025\/10\/24\/flamengo-tera-quatro-desfalques-importantes-para-partida-contra-o-fortaleza\/#primaryimage\",\"url\":\"https:\/\/www.gaveanews.com\/wp-content\/uploads\/Elenco-do-Flamengo-durante-treinamento.webp\",\"contentUrl\":\"https:\/\/www.gaveanews.com\/wp-content\/uploads\/Elenco-do-Flamengo-durante-treinamento.webp\",\"width\":1000,\"height\":563,\"caption\":\"Elenco do Flamengo durante treinamento (Foto: Gilvan de Souza\/Flamengo)\"},{\"@type\":\"BreadcrumbList\",\"@id\":\"https:\/\/www.gaveanews.com\/index.php\/2025\/10\/24\/flamengo-tera-quatro-desfalques-importantes-para-partida-contra-o-fortaleza\/#breadcrumb\",\"itemListElement\":[{\"@type\":\"ListItem\",\"position\":1,\"name\":\"Home\",\"item\":\"https:\/\/www.gaveanews.com\/\"},{\"@type\":\"ListItem\",\"position\":2,\"name\":\"Flamengo ter\u00e1 quatro desfalques importantes para partida contra o Fortaleza\"}]},{\"@type\":\"WebSite\",\"@id\":\"https:\/\/www.gaveanews.com\/#website\",\"url\":\"https:\/\/www.gaveanews.com\/\",\"name\":\"G\u00e1vea News\",\"description\":\"Veja todas as not\u00edcias sobre o Flamengo: Contrata\u00e7\u00f5es, categorias de base, resultados das partidas, tabela de classifica\u00e7\u00e3o, pr\u00f3ximos jogos!\",\"potentialAction\":[{\"@type\":\"SearchAction\",\"target\":{\"@type\":\"EntryPoint\",\"urlTemplate\":\"https:\/\/www.gaveanews.com\/?s={search_term_string}\"},\"query-input\":{\"@type\":\"PropertyValueSpecification\",\"valueRequired\":true,\"valueName\":\"search_term_string\"}}],\"inLanguage\":\"pt-BR\"},{\"@type\":\"Person\",\"@id\":\"https:\/\/www.gaveanews.com\/#\/schema\/person\/c88645e3d550d0b6574305e67dd5a716\",\"name\":\"Reda\u00e7\u00e3o\",\"image\":{\"@type\":\"ImageObject\",\"inLanguage\":\"pt-BR\",\"@id\":\"https:\/\/www.gaveanews.com\/#\/schema\/person\/image\/\",\"url\":\"https:\/\/secure.gravatar.com\/avatar\/434098fd823f0dc1b062d14ca22bacaa6e38de28d8c816bbef6fc2f8c44d8ba3?s=96&d=mm&r=g\",\"contentUrl\":\"https:\/\/secure.gravatar.com\/avatar\/434098fd823f0dc1b062d14ca22bacaa6e38de28d8c816bbef6fc2f8c44d8ba3?s=96&d=mm&r=g\",\"caption\":\"Reda\u00e7\u00e3o\"}}]}<\/script>\n<!-- \/ Yoast SEO Premium plugin. -->","yoast_head_json":{"title":"Flamengo ter\u00e1 quatro desfalques importantes para partida contra o Fortaleza","robots":{"index":"index","follow":"follow","max-snippet":"max-snippet:-1","max-image-preview":"max-image-preview:large","max-video-preview":"max-video-preview:-1"},"canonical":"https:\/\/www.gaveanews.com\/index.php\/2025\/10\/24\/flamengo-tera-quatro-desfalques-importantes-para-partida-contra-o-fortaleza\/","og_locale":"pt_BR","og_type":"article","og_title":"Flamengo ter\u00e1 quatro desfalques importantes para partida contra o Fortaleza","og_description":"O Flamengo volta a campo neste s\u00e1bado (25), \u00e0s 19h30, para enfrentar o Fortaleza, na Arena Castel\u00e3o, pela 30\u00aa rodada do Campeonato Brasileiro. A equipe comandada por Filipe Lu\u00eds ter\u00e1 desfalques importantes e precisar\u00e1 reorganizar o meio-campo e o setor ofensivo para o confronto fora de casa. Quatro jogadores est\u00e3o fora da partida. Erick Pulgar [&hellip;]","og_url":"https:\/\/www.gaveanews.com\/index.php\/2025\/10\/24\/flamengo-tera-quatro-desfalques-importantes-para-partida-contra-o-fortaleza\/","og_site_name":"G\u00e1vea News","article_publisher":"https:\/\/facebook.com\/gaveaNews\/","article_published_time":"2025-10-24T15:20:00+00:00","og_image":[{"width":1000,"height":563,"url":"https:\/\/www.gaveanews.com\/wp-content\/uploads\/Elenco-do-Flamengo-durante-treinamento.webp","type":"image\/webp"}],"author":"Reda\u00e7\u00e3o","twitter_card":"summary_large_image","twitter_misc":{"Escrito por":"Reda\u00e7\u00e3o","Est. tempo de leitura":"3 minutos"},"schema":{"@context":"https:\/\/schema.org","@graph":[{"@type":"NewsArticle","@id":"https:\/\/www.gaveanews.com\/index.php\/2025\/10\/24\/flamengo-tera-quatro-desfalques-importantes-para-partida-contra-o-fortaleza\/#article","isPartOf":{"@id":"https:\/\/www.gaveanews.com\/index.php\/2025\/10\/24\/flamengo-tera-quatro-desfalques-importantes-para-partida-contra-o-fortaleza\/"},"author":{"name":"Reda\u00e7\u00e3o","@id":"https:\/\/www.gaveanews.com\/#\/schema\/person\/c88645e3d550d0b6574305e67dd5a716"},"headline":"Flamengo ter\u00e1 quatro desfalques importantes para partida contra o Fortaleza","datePublished":"2025-10-24T15:20:00+00:00","mainEntityOfPage":{"@id":"https:\/\/www.gaveanews.com\/index.php\/2025\/10\/24\/flamengo-tera-quatro-desfalques-importantes-para-partida-contra-o-fortaleza\/"},"wordCount":358,"commentCount":0,"image":{"@id":"https:\/\/www.gaveanews.com\/index.php\/2025\/10\/24\/flamengo-tera-quatro-desfalques-importantes-para-partida-contra-o-fortaleza\/#primaryimage"},"thumbnailUrl":"https:\/\/www.gaveanews.com\/wp-content\/uploads\/Elenco-do-Flamengo-durante-treinamento.webp","articleSection":["Flamengo"],"inLanguage":"pt-BR","potentialAction":[{"@type":"CommentAction","name":"Comment","target":["https:\/\/www.gaveanews.com\/index.php\/2025\/10\/24\/flamengo-tera-quatro-desfalques-importantes-para-partida-contra-o-fortaleza\/#respond"]}],"copyrightYear":"2025","copyrightHolder":{"@id":"https:\/\/www.gaveanews.com\/#organization"}},{"@type":"WebPage","@id":"https:\/\/www.gaveanews.com\/index.php\/2025\/10\/24\/flamengo-tera-quatro-desfalques-importantes-para-partida-contra-o-fortaleza\/","url":"https:\/\/www.gaveanews.com\/index.php\/2025\/10\/24\/flamengo-tera-quatro-desfalques-importantes-para-partida-contra-o-fortaleza\/","name":"Flamengo ter\u00e1 quatro desfalques importantes para partida contra o Fortaleza","isPartOf":{"@id":"https:\/\/www.gaveanews.com\/#website"},"primaryImageOfPage":{"@id":"https:\/\/www.gaveanews.com\/index.php\/2025\/10\/24\/flamengo-tera-quatro-desfalques-importantes-para-partida-contra-o-fortaleza\/#primaryimage"},"image":{"@id":"https:\/\/www.gaveanews.com\/index.php\/2025\/10\/24\/flamengo-tera-quatro-desfalques-importantes-para-partida-contra-o-fortaleza\/#primaryimage"},"thumbnailUrl":"https:\/\/www.gaveanews.com\/wp-content\/uploads\/Elenco-do-Flamengo-durante-treinamento.webp","datePublished":"2025-10-24T15:20:00+00:00","author":{"@id":"https:\/\/www.gaveanews.com\/#\/schema\/person\/c88645e3d550d0b6574305e67dd5a716"},"breadcrumb":{"@id":"https:\/\/www.gaveanews.com\/index.php\/2025\/10\/24\/flamengo-tera-quatro-desfalques-importantes-para-partida-contra-o-fortaleza\/#breadcrumb"},"inLanguage":"pt-BR","potentialAction":[{"@type":"ReadAction","target":["https:\/\/www.gaveanews.com\/index.php\/2025\/10\/24\/flamengo-tera-quatro-desfalques-importantes-para-partida-contra-o-fortaleza\/"]}]},{"@type":"ImageObject","inLanguage":"pt-BR","@id":"https:\/\/www.gaveanews.com\/index.php\/2025\/10\/24\/flamengo-tera-quatro-desfalques-importantes-para-partida-contra-o-fortaleza\/#primaryimage","url":"https:\/\/www.gaveanews.com\/wp-content\/uploads\/Elenco-do-Flamengo-durante-treinamento.webp","contentUrl":"https:\/\/www.gaveanews.com\/wp-content\/uploads\/Elenco-do-Flamengo-durante-treinamento.webp","width":1000,"height":563,"caption":"Elenco do Flamengo durante treinamento (Foto: Gilvan de Souza\/Flamengo)"},{"@type":"BreadcrumbList","@id":"https:\/\/www.gaveanews.com\/index.php\/2025\/10\/24\/flamengo-tera-quatro-desfalques-importantes-para-partida-contra-o-fortaleza\/#breadcrumb","itemListElement":[{"@type":"ListItem","position":1,"name":"Home","item":"https:\/\/www.gaveanews.com\/"},{"@type":"ListItem","position":2,"name":"Flamengo ter\u00e1 quatro desfalques importantes para partida contra o Fortaleza"}]},{"@type":"WebSite","@id":"https:\/\/www.gaveanews.com\/#website","url":"https:\/\/www.gaveanews.com\/","name":"G\u00e1vea News","description":"Veja todas as not\u00edcias sobre o Flamengo: Contrata\u00e7\u00f5es, categorias de base, resultados das partidas, tabela de classifica\u00e7\u00e3o, pr\u00f3ximos jogos!","potentialAction":[{"@type":"SearchAction","target":{"@type":"EntryPoint","urlTemplate":"https:\/\/www.gaveanews.com\/?s={search_term_string}"},"query-input":{"@type":"PropertyValueSpecification","valueRequired":true,"valueName":"search_term_string"}}],"inLanguage":"pt-BR"},{"@type":"Person","@id":"https:\/\/www.gaveanews.com\/#\/schema\/person\/c88645e3d550d0b6574305e67dd5a716","name":"Reda\u00e7\u00e3o","image":{"@type":"ImageObject","inLanguage":"pt-BR","@id":"https:\/\/www.gaveanews.com\/#\/schema\/person\/image\/","url":"https:\/\/secure.gravatar.com\/avatar\/434098fd823f0dc1b062d14ca22bacaa6e38de28d8c816bbef6fc2f8c44d8ba3?s=96&d=mm&r=g","contentUrl":"https:\/\/secure.gravatar.com\/avatar\/434098fd823f0dc1b062d14ca22bacaa6e38de28d8c816bbef6fc2f8c44d8ba3?s=96&d=mm&r=g","caption":"Reda\u00e7\u00e3o"}}]}},"_links":{"self":[{"href":"https:\/\/www.gaveanews.com\/index.php\/wp-json\/wp\/v2\/posts\/279210","targetHints":{"allow":["GET"]}}],"collection":[{"href":"https:\/\/www.gaveanews.com\/index.php\/wp-json\/wp\/v2\/posts"}],"about":[{"href":"https:\/\/www.gaveanews.com\/index.php\/wp-json\/wp\/v2\/types\/post"}],"author":[{"embeddable":true,"href":"https:\/\/www.gaveanews.com\/index.php\/wp-json\/wp\/v2\/users\/39"}],"replies":[{"embeddable":true,"href":"https:\/\/www.gaveanews.com\/index.php\/wp-json\/wp\/v2\/comments?post=279210"}],"version-history":[{"count":1,"href":"https:\/\/www.gaveanews.com\/index.php\/wp-json\/wp\/v2\/posts\/279210\/revisions"}],"predecessor-version":[{"id":279234,"href":"https:\/\/www.gaveanews.com\/index.php\/wp-json\/wp\/v2\/posts\/279210\/revisions\/279234"}],"wp:featuredmedia":[{"embeddable":true,"href":"https:\/\/www.gaveanews.com\/index.php\/wp-json\/wp\/v2\/media\/276139"}],"wp:attachment":[{"href":"https:\/\/www.gaveanews.com\/index.php\/wp-json\/wp\/v2\/media?parent=279210"}],"wp:term":[{"taxonomy":"category","embeddable":true,"href":"https:\/\/www.gaveanews.com\/index.php\/wp-json\/wp\/v2\/categories?post=279210"},{"taxonomy":"post_tag","embeddable":true,"href":"https:\/\/www.gaveanews.com\/index.php\/wp-json\/wp\/v2\/tags?post=279210"}],"curies":[{"name":"wp","href":"https:\/\/api.w.org\/{rel}","templated":true}]}}