{"id":279212,"date":"2025-10-24T12:40:00","date_gmt":"2025-10-24T15:40:00","guid":{"rendered":"https:\/\/www.gaveanews.com\/?p=279212"},"modified":"2025-10-24T12:21:15","modified_gmt":"2025-10-24T15:21:15","slug":"flamengo-vai-comprar-o-maracana-entenda-a-situacao-do-leilao-do-estadio","status":"publish","type":"post","link":"https:\/\/www.gaveanews.com\/index.php\/2025\/10\/24\/flamengo-vai-comprar-o-maracana-entenda-a-situacao-do-leilao-do-estadio\/","title":{"rendered":"Flamengo vai comprar o Maracan\u00e3? Entenda a situa\u00e7\u00e3o do leil\u00e3o do est\u00e1dio"},"content":{"rendered":"<p data-start=\"81\" data-end=\"497\">O <a href=\"https:\/\/www.gaveanews.com\/index.php\/category\/brasileirao\/flamengo\/\" target=\"_blank\" rel=\"noopener\">Flamengo<\/a> monitora de perto a tramita\u00e7\u00e3o do projeto de lei que autoriza a venda do Complexo do Maracan\u00e3. A medida, em debate na Assembleia Legislativa do Rio de Janeiro (Alerj), faz parte de um pacote de aliena\u00e7\u00e3o de 62 im\u00f3veis p\u00fablicos que o Governo do Estado pretende colocar \u00e0 venda.<\/p>\n<p data-start=\"81\" data-end=\"497\">A medida \u00e9 vista como estrat\u00e9gia para reduzir a d\u00edvida estadual e permitir ades\u00e3o ao Programa de Pleno Pagamento de D\u00edvidas dos Estados (Propag).\u00a0Entre os bens listados, est\u00e3o o Est\u00e1dio Jornalista M\u00e1rio Filho (Maracan\u00e3), o Gin\u00e1sio do Maracan\u00e3zinho, o Parque Aqu\u00e1tico J\u00falio Delamare e o antigo Est\u00e1dio de Atletismo C\u00e9lio de Barros.<\/p>\n<p data-start=\"81\" data-end=\"497\">O valor estimado para o conjunto \u00e9 de aproximadamente R$ 2 bilh\u00f5es. O deputado Alexandre Knoploch (PL), relator do projeto, afirmou que a diretoria rubro-negra v\u00ea com bons olhos a poss\u00edvel aquisi\u00e7\u00e3o definitiva do espa\u00e7o.<\/p>\n<h3 data-start=\"906\" data-end=\"946\">Concess\u00e3o atual e interesse do clube<\/h3>\n<p data-start=\"948\" data-end=\"1485\">Atualmente, Flamengo e <a href=\"https:\/\/www.gaveanews.com\/index.php\/category\/brasileirao\/fluminense\/\" target=\"_blank\" rel=\"noopener\">Fluminense<\/a> operam o est\u00e1dio e o Maracan\u00e3zinho em regime de concess\u00e3o at\u00e9 2044. J\u00e1 o Delamare e o C\u00e9lio de Barros permanecem sob administra\u00e7\u00e3o direta do Governo do Estado.<\/p>\n<p data-start=\"948\" data-end=\"1485\">O parque aqu\u00e1tico foi reformado recentemente, com obras nas piscinas ao custo de R$ 1,5 milh\u00e3o, e abriga atividades esportivas e educativas.<\/p>\n<p data-start=\"948\" data-end=\"1485\">O antigo est\u00e1dio de atletismo est\u00e1 em reforma para dar lugar a um estacionamento, projeto que \u00e9 alvo de investiga\u00e7\u00e3o do Minist\u00e9rio P\u00fablico Federal, devido ao tombamento hist\u00f3rico do complexo pelo Iphan.<\/p>\n<p data-start=\"1487\" data-end=\"1878\">Embora ainda n\u00e3o haja defini\u00e7\u00e3o oficial sobre a venda, a proposta avan\u00e7ou com aprova\u00e7\u00e3o na Comiss\u00e3o de Constitui\u00e7\u00e3o e Justi\u00e7a (CCJ) da Alerj, na quarta-feira (22). O texto deve ser inclu\u00eddo na pauta do plen\u00e1rio nas pr\u00f3ximas semanas, com possibilidade de emendas.<\/p>\n<p data-start=\"1487\" data-end=\"1878\">A autoriza\u00e7\u00e3o final para a comercializa\u00e7\u00e3o de qualquer um dos im\u00f3veis depender\u00e1 do aval do governador Cl\u00e1udio Castro.<\/p>\n<h3 data-start=\"1880\" data-end=\"1930\">Custos operacionais e justificativa do governo<\/h3>\n<p data-start=\"1932\" data-end=\"2249\">O Executivo estadual defende a aliena\u00e7\u00e3o com base no alto custo de manuten\u00e7\u00e3o do complexo. Segundo os dados apresentados, cada evento realizado no Maracan\u00e3 gera uma despesa aproximada de R$ 1 milh\u00e3o.<\/p>\n<p data-start=\"1932\" data-end=\"2249\">A administra\u00e7\u00e3o alega que a venda seria uma forma de aliviar as finan\u00e7as p\u00fablicas e reduzir os encargos operacionais.<\/p>\n<p data-start=\"2251\" data-end=\"2482\">Al\u00e9m disso, a Aldeia Maracan\u00e3 \u2014 im\u00f3vel localizado nas proximidades do est\u00e1dio e atualmente ocupado por grupos ind\u00edgenas \u2014 tamb\u00e9m foi inclu\u00edda no projeto de lei, a pedido do presidente da CCJ, deputado Rodrigo Amorim (Uni\u00e3o Brasil).<\/p>\n<h3 data-start=\"2484\" data-end=\"2531\">Import\u00e2ncia hist\u00f3rica e potencial econ\u00f4mico<\/h3>\n<p data-start=\"2533\" data-end=\"2819\">Inaugurado para a Copa do Mundo de 1950, o Maracan\u00e3 \u00e9 um dos principais s\u00edmbolos do futebol brasileiro e da cidade do Rio de Janeiro. De acordo com dados oficiais do setor de turismo, o est\u00e1dio ocupa a quinta posi\u00e7\u00e3o entre os pontos tur\u00edsticos mais visitados por estrangeiros no Brasil.<\/p>\n<p data-start=\"2821\" data-end=\"3094\">Considerando sua relev\u00e2ncia cultural e hist\u00f3rica, a possibilidade de venda desperta aten\u00e7\u00e3o de diferentes setores, inclusive entre especialistas em patrim\u00f4nio e urbanismo, que questionam os impactos de uma eventual transfer\u00eancia definitiva do complexo \u00e0 iniciativa privada.<\/p>\n","protected":false},"excerpt":{"rendered":"<p>O Flamengo monitora de perto a tramita\u00e7\u00e3o do projeto de lei que autoriza a venda do Complexo do Maracan\u00e3. A medida, em debate na Assembleia Legislativa do Rio de Janeiro (Alerj), faz parte de um pacote de aliena\u00e7\u00e3o de 62 im\u00f3veis p\u00fablicos que o Governo do Estado pretende colocar \u00e0 venda. A medida \u00e9 vista [&hellip;]<\/p>\n","protected":false},"author":39,"featured_media":279146,"comment_status":"open","ping_status":"closed","sticky":false,"template":"","format":"standard","meta":{"footnotes":""},"categories":[1],"tags":[],"class_list":["post-279212","post","type-post","status-publish","format-standard","has-post-thumbnail","hentry","category-flamengo"],"yoast_head":"<!-- This site is optimized with the Yoast SEO Premium plugin v24.2 (Yoast SEO v26.9) - https:\/\/yoast.com\/product\/yoast-seo-premium-wordpress\/ -->\n<title>Flamengo vai comprar o Maracan\u00e3? Entenda a situa\u00e7\u00e3o do leil\u00e3o do est\u00e1dio<\/title>\n<meta name=\"robots\" content=\"index, follow, max-snippet:-1, max-image-preview:large, max-video-preview:-1\" \/>\n<link rel=\"canonical\" href=\"https:\/\/www.gaveanews.com\/index.php\/2025\/10\/24\/flamengo-vai-comprar-o-maracana-entenda-a-situacao-do-leilao-do-estadio\/\" \/>\n<meta property=\"og:locale\" content=\"pt_BR\" \/>\n<meta property=\"og:type\" content=\"article\" \/>\n<meta property=\"og:title\" content=\"Flamengo vai comprar o Maracan\u00e3? Entenda a situa\u00e7\u00e3o do leil\u00e3o do est\u00e1dio\" \/>\n<meta property=\"og:description\" content=\"O Flamengo monitora de perto a tramita\u00e7\u00e3o do projeto de lei que autoriza a venda do Complexo do Maracan\u00e3. A medida, em debate na Assembleia Legislativa do Rio de Janeiro (Alerj), faz parte de um pacote de aliena\u00e7\u00e3o de 62 im\u00f3veis p\u00fablicos que o Governo do Estado pretende colocar \u00e0 venda. A medida \u00e9 vista [&hellip;]\" \/>\n<meta property=\"og:url\" content=\"https:\/\/www.gaveanews.com\/index.php\/2025\/10\/24\/flamengo-vai-comprar-o-maracana-entenda-a-situacao-do-leilao-do-estadio\/\" \/>\n<meta property=\"og:site_name\" content=\"G\u00e1vea News\" \/>\n<meta property=\"article:publisher\" content=\"https:\/\/facebook.com\/gaveaNews\/\" \/>\n<meta property=\"article:published_time\" content=\"2025-10-24T15:40:00+00:00\" \/>\n<meta property=\"og:image\" content=\"https:\/\/www.gaveanews.com\/wp-content\/uploads\/Moisaco-da-torcida-do-Flamengo-no-Maracana.jpg\" \/>\n\t<meta property=\"og:image:width\" content=\"1280\" \/>\n\t<meta property=\"og:image:height\" content=\"960\" \/>\n\t<meta property=\"og:image:type\" content=\"image\/jpeg\" \/>\n<meta name=\"author\" content=\"Reda\u00e7\u00e3o\" \/>\n<meta name=\"twitter:card\" content=\"summary_large_image\" \/>\n<meta name=\"twitter:label1\" content=\"Escrito por\" \/>\n\t<meta name=\"twitter:data1\" content=\"Reda\u00e7\u00e3o\" \/>\n\t<meta name=\"twitter:label2\" content=\"Est. tempo de leitura\" \/>\n\t<meta name=\"twitter:data2\" content=\"3 minutos\" \/>\n<script type=\"application\/ld+json\" class=\"yoast-schema-graph\">{\"@context\":\"https:\/\/schema.org\",\"@graph\":[{\"@type\":\"NewsArticle\",\"@id\":\"https:\/\/www.gaveanews.com\/index.php\/2025\/10\/24\/flamengo-vai-comprar-o-maracana-entenda-a-situacao-do-leilao-do-estadio\/#article\",\"isPartOf\":{\"@id\":\"https:\/\/www.gaveanews.com\/index.php\/2025\/10\/24\/flamengo-vai-comprar-o-maracana-entenda-a-situacao-do-leilao-do-estadio\/\"},\"author\":{\"name\":\"Reda\u00e7\u00e3o\",\"@id\":\"https:\/\/www.gaveanews.com\/#\/schema\/person\/c88645e3d550d0b6574305e67dd5a716\"},\"headline\":\"Flamengo vai comprar o Maracan\u00e3? Entenda a situa\u00e7\u00e3o do leil\u00e3o do est\u00e1dio\",\"datePublished\":\"2025-10-24T15:40:00+00:00\",\"mainEntityOfPage\":{\"@id\":\"https:\/\/www.gaveanews.com\/index.php\/2025\/10\/24\/flamengo-vai-comprar-o-maracana-entenda-a-situacao-do-leilao-do-estadio\/\"},\"wordCount\":549,\"commentCount\":0,\"image\":{\"@id\":\"https:\/\/www.gaveanews.com\/index.php\/2025\/10\/24\/flamengo-vai-comprar-o-maracana-entenda-a-situacao-do-leilao-do-estadio\/#primaryimage\"},\"thumbnailUrl\":\"https:\/\/www.gaveanews.com\/wp-content\/uploads\/Moisaco-da-torcida-do-Flamengo-no-Maracana.jpg\",\"articleSection\":[\"Flamengo\"],\"inLanguage\":\"pt-BR\",\"potentialAction\":[{\"@type\":\"CommentAction\",\"name\":\"Comment\",\"target\":[\"https:\/\/www.gaveanews.com\/index.php\/2025\/10\/24\/flamengo-vai-comprar-o-maracana-entenda-a-situacao-do-leilao-do-estadio\/#respond\"]}],\"copyrightYear\":\"2025\",\"copyrightHolder\":{\"@id\":\"https:\/\/www.gaveanews.com\/#organization\"}},{\"@type\":\"WebPage\",\"@id\":\"https:\/\/www.gaveanews.com\/index.php\/2025\/10\/24\/flamengo-vai-comprar-o-maracana-entenda-a-situacao-do-leilao-do-estadio\/\",\"url\":\"https:\/\/www.gaveanews.com\/index.php\/2025\/10\/24\/flamengo-vai-comprar-o-maracana-entenda-a-situacao-do-leilao-do-estadio\/\",\"name\":\"Flamengo vai comprar o Maracan\u00e3? Entenda a situa\u00e7\u00e3o do leil\u00e3o do est\u00e1dio\",\"isPartOf\":{\"@id\":\"https:\/\/www.gaveanews.com\/#website\"},\"primaryImageOfPage\":{\"@id\":\"https:\/\/www.gaveanews.com\/index.php\/2025\/10\/24\/flamengo-vai-comprar-o-maracana-entenda-a-situacao-do-leilao-do-estadio\/#primaryimage\"},\"image\":{\"@id\":\"https:\/\/www.gaveanews.com\/index.php\/2025\/10\/24\/flamengo-vai-comprar-o-maracana-entenda-a-situacao-do-leilao-do-estadio\/#primaryimage\"},\"thumbnailUrl\":\"https:\/\/www.gaveanews.com\/wp-content\/uploads\/Moisaco-da-torcida-do-Flamengo-no-Maracana.jpg\",\"datePublished\":\"2025-10-24T15:40:00+00:00\",\"author\":{\"@id\":\"https:\/\/www.gaveanews.com\/#\/schema\/person\/c88645e3d550d0b6574305e67dd5a716\"},\"breadcrumb\":{\"@id\":\"https:\/\/www.gaveanews.com\/index.php\/2025\/10\/24\/flamengo-vai-comprar-o-maracana-entenda-a-situacao-do-leilao-do-estadio\/#breadcrumb\"},\"inLanguage\":\"pt-BR\",\"potentialAction\":[{\"@type\":\"ReadAction\",\"target\":[\"https:\/\/www.gaveanews.com\/index.php\/2025\/10\/24\/flamengo-vai-comprar-o-maracana-entenda-a-situacao-do-leilao-do-estadio\/\"]}]},{\"@type\":\"ImageObject\",\"inLanguage\":\"pt-BR\",\"@id\":\"https:\/\/www.gaveanews.com\/index.php\/2025\/10\/24\/flamengo-vai-comprar-o-maracana-entenda-a-situacao-do-leilao-do-estadio\/#primaryimage\",\"url\":\"https:\/\/www.gaveanews.com\/wp-content\/uploads\/Moisaco-da-torcida-do-Flamengo-no-Maracana.jpg\",\"contentUrl\":\"https:\/\/www.gaveanews.com\/wp-content\/uploads\/Moisaco-da-torcida-do-Flamengo-no-Maracana.jpg\",\"width\":1280,\"height\":960,\"caption\":\"Moisaco da torcida do Flamengo no Maracan\u00e3 (Foto: Adriano Fontes\/CRF)\"},{\"@type\":\"BreadcrumbList\",\"@id\":\"https:\/\/www.gaveanews.com\/index.php\/2025\/10\/24\/flamengo-vai-comprar-o-maracana-entenda-a-situacao-do-leilao-do-estadio\/#breadcrumb\",\"itemListElement\":[{\"@type\":\"ListItem\",\"position\":1,\"name\":\"Home\",\"item\":\"https:\/\/www.gaveanews.com\/\"},{\"@type\":\"ListItem\",\"position\":2,\"name\":\"Flamengo vai comprar o Maracan\u00e3? Entenda a situa\u00e7\u00e3o do leil\u00e3o do est\u00e1dio\"}]},{\"@type\":\"WebSite\",\"@id\":\"https:\/\/www.gaveanews.com\/#website\",\"url\":\"https:\/\/www.gaveanews.com\/\",\"name\":\"G\u00e1vea News\",\"description\":\"Veja todas as not\u00edcias sobre o Flamengo: Contrata\u00e7\u00f5es, categorias de base, resultados das partidas, tabela de classifica\u00e7\u00e3o, pr\u00f3ximos jogos!\",\"potentialAction\":[{\"@type\":\"SearchAction\",\"target\":{\"@type\":\"EntryPoint\",\"urlTemplate\":\"https:\/\/www.gaveanews.com\/?s={search_term_string}\"},\"query-input\":{\"@type\":\"PropertyValueSpecification\",\"valueRequired\":true,\"valueName\":\"search_term_string\"}}],\"inLanguage\":\"pt-BR\"},{\"@type\":\"Person\",\"@id\":\"https:\/\/www.gaveanews.com\/#\/schema\/person\/c88645e3d550d0b6574305e67dd5a716\",\"name\":\"Reda\u00e7\u00e3o\",\"image\":{\"@type\":\"ImageObject\",\"inLanguage\":\"pt-BR\",\"@id\":\"https:\/\/www.gaveanews.com\/#\/schema\/person\/image\/\",\"url\":\"https:\/\/secure.gravatar.com\/avatar\/434098fd823f0dc1b062d14ca22bacaa6e38de28d8c816bbef6fc2f8c44d8ba3?s=96&d=mm&r=g\",\"contentUrl\":\"https:\/\/secure.gravatar.com\/avatar\/434098fd823f0dc1b062d14ca22bacaa6e38de28d8c816bbef6fc2f8c44d8ba3?s=96&d=mm&r=g\",\"caption\":\"Reda\u00e7\u00e3o\"}}]}<\/script>\n<!-- \/ Yoast SEO Premium plugin. -->","yoast_head_json":{"title":"Flamengo vai comprar o Maracan\u00e3? Entenda a situa\u00e7\u00e3o do leil\u00e3o do est\u00e1dio","robots":{"index":"index","follow":"follow","max-snippet":"max-snippet:-1","max-image-preview":"max-image-preview:large","max-video-preview":"max-video-preview:-1"},"canonical":"https:\/\/www.gaveanews.com\/index.php\/2025\/10\/24\/flamengo-vai-comprar-o-maracana-entenda-a-situacao-do-leilao-do-estadio\/","og_locale":"pt_BR","og_type":"article","og_title":"Flamengo vai comprar o Maracan\u00e3? Entenda a situa\u00e7\u00e3o do leil\u00e3o do est\u00e1dio","og_description":"O Flamengo monitora de perto a tramita\u00e7\u00e3o do projeto de lei que autoriza a venda do Complexo do Maracan\u00e3. A medida, em debate na Assembleia Legislativa do Rio de Janeiro (Alerj), faz parte de um pacote de aliena\u00e7\u00e3o de 62 im\u00f3veis p\u00fablicos que o Governo do Estado pretende colocar \u00e0 venda. A medida \u00e9 vista [&hellip;]","og_url":"https:\/\/www.gaveanews.com\/index.php\/2025\/10\/24\/flamengo-vai-comprar-o-maracana-entenda-a-situacao-do-leilao-do-estadio\/","og_site_name":"G\u00e1vea News","article_publisher":"https:\/\/facebook.com\/gaveaNews\/","article_published_time":"2025-10-24T15:40:00+00:00","og_image":[{"width":1280,"height":960,"url":"https:\/\/www.gaveanews.com\/wp-content\/uploads\/Moisaco-da-torcida-do-Flamengo-no-Maracana.jpg","type":"image\/jpeg"}],"author":"Reda\u00e7\u00e3o","twitter_card":"summary_large_image","twitter_misc":{"Escrito por":"Reda\u00e7\u00e3o","Est. tempo de leitura":"3 minutos"},"schema":{"@context":"https:\/\/schema.org","@graph":[{"@type":"NewsArticle","@id":"https:\/\/www.gaveanews.com\/index.php\/2025\/10\/24\/flamengo-vai-comprar-o-maracana-entenda-a-situacao-do-leilao-do-estadio\/#article","isPartOf":{"@id":"https:\/\/www.gaveanews.com\/index.php\/2025\/10\/24\/flamengo-vai-comprar-o-maracana-entenda-a-situacao-do-leilao-do-estadio\/"},"author":{"name":"Reda\u00e7\u00e3o","@id":"https:\/\/www.gaveanews.com\/#\/schema\/person\/c88645e3d550d0b6574305e67dd5a716"},"headline":"Flamengo vai comprar o Maracan\u00e3? Entenda a situa\u00e7\u00e3o do leil\u00e3o do est\u00e1dio","datePublished":"2025-10-24T15:40:00+00:00","mainEntityOfPage":{"@id":"https:\/\/www.gaveanews.com\/index.php\/2025\/10\/24\/flamengo-vai-comprar-o-maracana-entenda-a-situacao-do-leilao-do-estadio\/"},"wordCount":549,"commentCount":0,"image":{"@id":"https:\/\/www.gaveanews.com\/index.php\/2025\/10\/24\/flamengo-vai-comprar-o-maracana-entenda-a-situacao-do-leilao-do-estadio\/#primaryimage"},"thumbnailUrl":"https:\/\/www.gaveanews.com\/wp-content\/uploads\/Moisaco-da-torcida-do-Flamengo-no-Maracana.jpg","articleSection":["Flamengo"],"inLanguage":"pt-BR","potentialAction":[{"@type":"CommentAction","name":"Comment","target":["https:\/\/www.gaveanews.com\/index.php\/2025\/10\/24\/flamengo-vai-comprar-o-maracana-entenda-a-situacao-do-leilao-do-estadio\/#respond"]}],"copyrightYear":"2025","copyrightHolder":{"@id":"https:\/\/www.gaveanews.com\/#organization"}},{"@type":"WebPage","@id":"https:\/\/www.gaveanews.com\/index.php\/2025\/10\/24\/flamengo-vai-comprar-o-maracana-entenda-a-situacao-do-leilao-do-estadio\/","url":"https:\/\/www.gaveanews.com\/index.php\/2025\/10\/24\/flamengo-vai-comprar-o-maracana-entenda-a-situacao-do-leilao-do-estadio\/","name":"Flamengo vai comprar o Maracan\u00e3? Entenda a situa\u00e7\u00e3o do leil\u00e3o do est\u00e1dio","isPartOf":{"@id":"https:\/\/www.gaveanews.com\/#website"},"primaryImageOfPage":{"@id":"https:\/\/www.gaveanews.com\/index.php\/2025\/10\/24\/flamengo-vai-comprar-o-maracana-entenda-a-situacao-do-leilao-do-estadio\/#primaryimage"},"image":{"@id":"https:\/\/www.gaveanews.com\/index.php\/2025\/10\/24\/flamengo-vai-comprar-o-maracana-entenda-a-situacao-do-leilao-do-estadio\/#primaryimage"},"thumbnailUrl":"https:\/\/www.gaveanews.com\/wp-content\/uploads\/Moisaco-da-torcida-do-Flamengo-no-Maracana.jpg","datePublished":"2025-10-24T15:40:00+00:00","author":{"@id":"https:\/\/www.gaveanews.com\/#\/schema\/person\/c88645e3d550d0b6574305e67dd5a716"},"breadcrumb":{"@id":"https:\/\/www.gaveanews.com\/index.php\/2025\/10\/24\/flamengo-vai-comprar-o-maracana-entenda-a-situacao-do-leilao-do-estadio\/#breadcrumb"},"inLanguage":"pt-BR","potentialAction":[{"@type":"ReadAction","target":["https:\/\/www.gaveanews.com\/index.php\/2025\/10\/24\/flamengo-vai-comprar-o-maracana-entenda-a-situacao-do-leilao-do-estadio\/"]}]},{"@type":"ImageObject","inLanguage":"pt-BR","@id":"https:\/\/www.gaveanews.com\/index.php\/2025\/10\/24\/flamengo-vai-comprar-o-maracana-entenda-a-situacao-do-leilao-do-estadio\/#primaryimage","url":"https:\/\/www.gaveanews.com\/wp-content\/uploads\/Moisaco-da-torcida-do-Flamengo-no-Maracana.jpg","contentUrl":"https:\/\/www.gaveanews.com\/wp-content\/uploads\/Moisaco-da-torcida-do-Flamengo-no-Maracana.jpg","width":1280,"height":960,"caption":"Moisaco da torcida do Flamengo no Maracan\u00e3 (Foto: Adriano Fontes\/CRF)"},{"@type":"BreadcrumbList","@id":"https:\/\/www.gaveanews.com\/index.php\/2025\/10\/24\/flamengo-vai-comprar-o-maracana-entenda-a-situacao-do-leilao-do-estadio\/#breadcrumb","itemListElement":[{"@type":"ListItem","position":1,"name":"Home","item":"https:\/\/www.gaveanews.com\/"},{"@type":"ListItem","position":2,"name":"Flamengo vai comprar o Maracan\u00e3? Entenda a situa\u00e7\u00e3o do leil\u00e3o do est\u00e1dio"}]},{"@type":"WebSite","@id":"https:\/\/www.gaveanews.com\/#website","url":"https:\/\/www.gaveanews.com\/","name":"G\u00e1vea News","description":"Veja todas as not\u00edcias sobre o Flamengo: Contrata\u00e7\u00f5es, categorias de base, resultados das partidas, tabela de classifica\u00e7\u00e3o, pr\u00f3ximos jogos!","potentialAction":[{"@type":"SearchAction","target":{"@type":"EntryPoint","urlTemplate":"https:\/\/www.gaveanews.com\/?s={search_term_string}"},"query-input":{"@type":"PropertyValueSpecification","valueRequired":true,"valueName":"search_term_string"}}],"inLanguage":"pt-BR"},{"@type":"Person","@id":"https:\/\/www.gaveanews.com\/#\/schema\/person\/c88645e3d550d0b6574305e67dd5a716","name":"Reda\u00e7\u00e3o","image":{"@type":"ImageObject","inLanguage":"pt-BR","@id":"https:\/\/www.gaveanews.com\/#\/schema\/person\/image\/","url":"https:\/\/secure.gravatar.com\/avatar\/434098fd823f0dc1b062d14ca22bacaa6e38de28d8c816bbef6fc2f8c44d8ba3?s=96&d=mm&r=g","contentUrl":"https:\/\/secure.gravatar.com\/avatar\/434098fd823f0dc1b062d14ca22bacaa6e38de28d8c816bbef6fc2f8c44d8ba3?s=96&d=mm&r=g","caption":"Reda\u00e7\u00e3o"}}]}},"_links":{"self":[{"href":"https:\/\/www.gaveanews.com\/index.php\/wp-json\/wp\/v2\/posts\/279212","targetHints":{"allow":["GET"]}}],"collection":[{"href":"https:\/\/www.gaveanews.com\/index.php\/wp-json\/wp\/v2\/posts"}],"about":[{"href":"https:\/\/www.gaveanews.com\/index.php\/wp-json\/wp\/v2\/types\/post"}],"author":[{"embeddable":true,"href":"https:\/\/www.gaveanews.com\/index.php\/wp-json\/wp\/v2\/users\/39"}],"replies":[{"embeddable":true,"href":"https:\/\/www.gaveanews.com\/index.php\/wp-json\/wp\/v2\/comments?post=279212"}],"version-history":[{"count":1,"href":"https:\/\/www.gaveanews.com\/index.php\/wp-json\/wp\/v2\/posts\/279212\/revisions"}],"predecessor-version":[{"id":279241,"href":"https:\/\/www.gaveanews.com\/index.php\/wp-json\/wp\/v2\/posts\/279212\/revisions\/279241"}],"wp:featuredmedia":[{"embeddable":true,"href":"https:\/\/www.gaveanews.com\/index.php\/wp-json\/wp\/v2\/media\/279146"}],"wp:attachment":[{"href":"https:\/\/www.gaveanews.com\/index.php\/wp-json\/wp\/v2\/media?parent=279212"}],"wp:term":[{"taxonomy":"category","embeddable":true,"href":"https:\/\/www.gaveanews.com\/index.php\/wp-json\/wp\/v2\/categories?post=279212"},{"taxonomy":"post_tag","embeddable":true,"href":"https:\/\/www.gaveanews.com\/index.php\/wp-json\/wp\/v2\/tags?post=279212"}],"curies":[{"name":"wp","href":"https:\/\/api.w.org\/{rel}","templated":true}]}}