{"id":279213,"date":"2025-10-24T12:50:00","date_gmt":"2025-10-24T15:50:00","guid":{"rendered":"https:\/\/www.gaveanews.com\/?p=279213"},"modified":"2025-10-24T12:27:05","modified_gmt":"2025-10-24T15:27:05","slug":"cria-do-flamengo-na-mira-da-premier-league-ja-revelou-sonho-de-voltar-ao-clube","status":"publish","type":"post","link":"https:\/\/www.gaveanews.com\/index.php\/2025\/10\/24\/cria-do-flamengo-na-mira-da-premier-league-ja-revelou-sonho-de-voltar-ao-clube\/","title":{"rendered":"Cria do Flamengo, na mira da Premier League, j\u00e1 revelou sonho de voltar ao clube"},"content":{"rendered":"\n<p>O zagueiro Alexsandro, atualmente no Lille, da Fran\u00e7a, reafirmou seu desejo de voltar ao Brasil e defender o <a href=\"https:\/\/www.gaveanews.com\/index.php\/category\/brasileirao\/flamengo\/\" target=\"_blank\" rel=\"noreferrer noopener\">Flamengo<\/a>, clube onde iniciou sua trajet\u00f3ria. Em entrevista ao programa <em>Bola da Vez<\/em>, da <em>ESPN<\/em>, o jogador revelou que esse \u00e9 um plano compartilhado com a fam\u00edlia, e que o retorno ao pa\u00eds est\u00e1 entre os objetivos para o futuro da carreira.<\/p>\n\n\n\n<p>&#8220;Eu quero, e minha mulher tamb\u00e9m. Ela fala: &#8216;No finalzinho, vamos l\u00e1 no Brasil&#8217;. Temos esse sonho, sim. E se Deus quiser, e as coisas correrem para l\u00e1, espero que eles venham me buscar&#8221;, declarou o defensor.<\/p>\n\n\n\n<p>Apesar de n\u00e3o ter atuado no time principal, Alexsandro foi formado nas categorias de base do Flamengo. Ap\u00f3s sair do clube ainda jovem, construiu sua carreira profissional em caminhos menos tradicionais. <\/p>\n\n\n\n<p>Passou por Resende-RJ e, em seguida, seguiu para o futebol portugu\u00eas, onde vestiu as camisas de Praiense, Amora e Desportivo de Chaves.<\/p>\n\n\n\n<figure class=\"wp-block-image size-large\"><img loading=\"lazy\" decoding=\"async\" width=\"1024\" height=\"768\" src=\"http:\/\/www.gaveanews.com\/wp-content\/uploads\/Zagueiro-Alexsandro-revelado-pelo-Flamengo-1024x768.jpg\" alt=\"\" class=\"wp-image-279226\" srcset=\"https:\/\/www.gaveanews.com\/wp-content\/uploads\/Zagueiro-Alexsandro-revelado-pelo-Flamengo-1024x768.jpg 1024w, https:\/\/www.gaveanews.com\/wp-content\/uploads\/Zagueiro-Alexsandro-revelado-pelo-Flamengo-300x225.jpg 300w, https:\/\/www.gaveanews.com\/wp-content\/uploads\/Zagueiro-Alexsandro-revelado-pelo-Flamengo-768x576.jpg 768w, https:\/\/www.gaveanews.com\/wp-content\/uploads\/Zagueiro-Alexsandro-revelado-pelo-Flamengo-560x420.jpg 560w, https:\/\/www.gaveanews.com\/wp-content\/uploads\/Zagueiro-Alexsandro-revelado-pelo-Flamengo-1120x840.jpg 1120w, https:\/\/www.gaveanews.com\/wp-content\/uploads\/Zagueiro-Alexsandro-revelado-pelo-Flamengo-80x60.jpg 80w, https:\/\/www.gaveanews.com\/wp-content\/uploads\/Zagueiro-Alexsandro-revelado-pelo-Flamengo-160x120.jpg 160w, https:\/\/www.gaveanews.com\/wp-content\/uploads\/Zagueiro-Alexsandro-revelado-pelo-Flamengo-100x75.jpg 100w, https:\/\/www.gaveanews.com\/wp-content\/uploads\/Zagueiro-Alexsandro-revelado-pelo-Flamengo-200x150.jpg 200w, https:\/\/www.gaveanews.com\/wp-content\/uploads\/Zagueiro-Alexsandro-revelado-pelo-Flamengo-180x135.jpg 180w, https:\/\/www.gaveanews.com\/wp-content\/uploads\/Zagueiro-Alexsandro-revelado-pelo-Flamengo-360x270.jpg 360w, https:\/\/www.gaveanews.com\/wp-content\/uploads\/Zagueiro-Alexsandro-revelado-pelo-Flamengo-238x178.jpg 238w, https:\/\/www.gaveanews.com\/wp-content\/uploads\/Zagueiro-Alexsandro-revelado-pelo-Flamengo-476x356.jpg 476w, https:\/\/www.gaveanews.com\/wp-content\/uploads\/Zagueiro-Alexsandro-revelado-pelo-Flamengo-640x480.jpg 640w, https:\/\/www.gaveanews.com\/wp-content\/uploads\/Zagueiro-Alexsandro-revelado-pelo-Flamengo-681x511.jpg 681w, https:\/\/www.gaveanews.com\/wp-content\/uploads\/Zagueiro-Alexsandro-revelado-pelo-Flamengo.jpg 1280w\" sizes=\"auto, (max-width: 1024px) 100vw, 1024px\" \/><\/figure>\n\n\n\n<p>A transfer\u00eancia para o Lille ocorreu em 2022, e desde ent\u00e3o o zagueiro se consolidou como titular da equipe francesa na Ligue 1. Sua evolu\u00e7\u00e3o no futebol europeu o levou a figurar entre os convocados da Sele\u00e7\u00e3o Brasileira, ganhando espa\u00e7o na prepara\u00e7\u00e3o para o ciclo da Copa do Mundo de 2026.<\/p>\n\n\n\n<h3 class=\"wp-block-heading\" id=\"h-interesse-de-clubes-europeus-e-arabes\">Interesse de clubes europeus e \u00e1rabes<\/h3>\n\n\n\n<p>Mesmo com o objetivo declarado de voltar ao Brasil futuramente, Alexsandro segue valorizado no mercado. O West Ham considera o zagueiro um dos alvos para a pr\u00f3xima janela, mas encontra dificuldades financeiras para atender \u00e0 pedida do Lille, que o avalia em mais de 30 milh\u00f5es de euros \u2014cerca de R$ 187 milh\u00f5es.<\/p>\n\n\n\n<p>Al\u00e9m do clube ingl\u00eas, Napoli, Arsenal e Al Nassr tamb\u00e9m demonstraram interesse na contrata\u00e7\u00e3o. O contrato com o Lille tem validade at\u00e9 junho de 2028, o que fortalece a posi\u00e7\u00e3o da equipe francesa em eventuais negocia\u00e7\u00f5es.<\/p>\n\n\n\n<h3 class=\"wp-block-heading\" id=\"h-cautela-com-mudanca-e-foco-na-selecao\">Cautela com mudan\u00e7a e foco na Sele\u00e7\u00e3o<\/h3>\n\n\n\n<p>O zagueiro tamb\u00e9m avalia com cuidado o momento de uma poss\u00edvel transfer\u00eancia. Ainda que reconhe\u00e7a o peso da Premier League, ele teme que um processo de adapta\u00e7\u00e3o mais lento ao futebol ingl\u00eas possa comprometer seu rendimento e, consequentemente, sua posi\u00e7\u00e3o na Sele\u00e7\u00e3o.<\/p>\n\n\n\n<p>Nesse contexto, Alexsandro entende que o tempo \u00e9 um fator determinante para garantir const\u00e2ncia em campo e manter o n\u00edvel exigido para permanecer entre os nomes observados para a pr\u00f3xima Copa do Mundo.<\/p>\n","protected":false},"excerpt":{"rendered":"<p>O zagueiro Alexsandro, atualmente no Lille, da Fran\u00e7a, reafirmou seu desejo de voltar ao Brasil e defender o Flamengo, clube onde iniciou sua trajet\u00f3ria. Em entrevista ao programa Bola da Vez, da ESPN, o jogador revelou que esse \u00e9 um plano compartilhado com a fam\u00edlia, e que o retorno ao pa\u00eds est\u00e1 entre os objetivos [&hellip;]<\/p>\n","protected":false},"author":39,"featured_media":213513,"comment_status":"open","ping_status":"closed","sticky":false,"template":"","format":"standard","meta":{"footnotes":""},"categories":[1],"tags":[],"class_list":["post-279213","post","type-post","status-publish","format-standard","has-post-thumbnail","hentry","category-flamengo"],"yoast_head":"<!-- This site is optimized with the Yoast SEO Premium plugin v24.2 (Yoast SEO v26.9) - https:\/\/yoast.com\/product\/yoast-seo-premium-wordpress\/ -->\n<title>Cria do Flamengo, na mira da Premier League, j\u00e1 revelou sonho de voltar ao clube<\/title>\n<meta name=\"robots\" content=\"index, follow, max-snippet:-1, max-image-preview:large, max-video-preview:-1\" \/>\n<link rel=\"canonical\" href=\"https:\/\/www.gaveanews.com\/index.php\/2025\/10\/24\/cria-do-flamengo-na-mira-da-premier-league-ja-revelou-sonho-de-voltar-ao-clube\/\" \/>\n<meta property=\"og:locale\" content=\"pt_BR\" \/>\n<meta property=\"og:type\" content=\"article\" \/>\n<meta property=\"og:title\" content=\"Cria do Flamengo, na mira da Premier League, j\u00e1 revelou sonho de voltar ao clube\" \/>\n<meta property=\"og:description\" content=\"O zagueiro Alexsandro, atualmente no Lille, da Fran\u00e7a, reafirmou seu desejo de voltar ao Brasil e defender o Flamengo, clube onde iniciou sua trajet\u00f3ria. Em entrevista ao programa Bola da Vez, da ESPN, o jogador revelou que esse \u00e9 um plano compartilhado com a fam\u00edlia, e que o retorno ao pa\u00eds est\u00e1 entre os objetivos [&hellip;]\" \/>\n<meta property=\"og:url\" content=\"https:\/\/www.gaveanews.com\/index.php\/2025\/10\/24\/cria-do-flamengo-na-mira-da-premier-league-ja-revelou-sonho-de-voltar-ao-clube\/\" \/>\n<meta property=\"og:site_name\" content=\"G\u00e1vea News\" \/>\n<meta property=\"article:publisher\" content=\"https:\/\/facebook.com\/gaveaNews\/\" \/>\n<meta property=\"article:published_time\" content=\"2025-10-24T15:50:00+00:00\" \/>\n<meta property=\"og:image\" content=\"https:\/\/www.gaveanews.com\/wp-content\/uploads\/fachada-do-modulo-profissional-do-ninho-do-urubu-centro-de-treinamento-do-flamengo-1642444901774_v2_1x1.webp\" \/>\n\t<meta property=\"og:image:width\" content=\"1361\" \/>\n\t<meta property=\"og:image:height\" content=\"1363\" \/>\n\t<meta property=\"og:image:type\" content=\"image\/jpeg\" \/>\n<meta name=\"author\" content=\"Reda\u00e7\u00e3o\" \/>\n<meta name=\"twitter:card\" content=\"summary_large_image\" \/>\n<meta name=\"twitter:label1\" content=\"Escrito por\" \/>\n\t<meta name=\"twitter:data1\" content=\"Reda\u00e7\u00e3o\" \/>\n\t<meta name=\"twitter:label2\" content=\"Est. tempo de leitura\" \/>\n\t<meta name=\"twitter:data2\" content=\"3 minutos\" \/>\n<script type=\"application\/ld+json\" class=\"yoast-schema-graph\">{\"@context\":\"https:\/\/schema.org\",\"@graph\":[{\"@type\":\"NewsArticle\",\"@id\":\"https:\/\/www.gaveanews.com\/index.php\/2025\/10\/24\/cria-do-flamengo-na-mira-da-premier-league-ja-revelou-sonho-de-voltar-ao-clube\/#article\",\"isPartOf\":{\"@id\":\"https:\/\/www.gaveanews.com\/index.php\/2025\/10\/24\/cria-do-flamengo-na-mira-da-premier-league-ja-revelou-sonho-de-voltar-ao-clube\/\"},\"author\":{\"name\":\"Reda\u00e7\u00e3o\",\"@id\":\"https:\/\/www.gaveanews.com\/#\/schema\/person\/c88645e3d550d0b6574305e67dd5a716\"},\"headline\":\"Cria do Flamengo, na mira da Premier League, j\u00e1 revelou sonho de voltar ao clube\",\"datePublished\":\"2025-10-24T15:50:00+00:00\",\"mainEntityOfPage\":{\"@id\":\"https:\/\/www.gaveanews.com\/index.php\/2025\/10\/24\/cria-do-flamengo-na-mira-da-premier-league-ja-revelou-sonho-de-voltar-ao-clube\/\"},\"wordCount\":420,\"commentCount\":0,\"image\":{\"@id\":\"https:\/\/www.gaveanews.com\/index.php\/2025\/10\/24\/cria-do-flamengo-na-mira-da-premier-league-ja-revelou-sonho-de-voltar-ao-clube\/#primaryimage\"},\"thumbnailUrl\":\"https:\/\/www.gaveanews.com\/wp-content\/uploads\/fachada-do-modulo-profissional-do-ninho-do-urubu-centro-de-treinamento-do-flamengo-1642444901774_v2_1x1.webp\",\"articleSection\":[\"Flamengo\"],\"inLanguage\":\"pt-BR\",\"potentialAction\":[{\"@type\":\"CommentAction\",\"name\":\"Comment\",\"target\":[\"https:\/\/www.gaveanews.com\/index.php\/2025\/10\/24\/cria-do-flamengo-na-mira-da-premier-league-ja-revelou-sonho-de-voltar-ao-clube\/#respond\"]}],\"copyrightYear\":\"2025\",\"copyrightHolder\":{\"@id\":\"https:\/\/www.gaveanews.com\/#organization\"}},{\"@type\":\"WebPage\",\"@id\":\"https:\/\/www.gaveanews.com\/index.php\/2025\/10\/24\/cria-do-flamengo-na-mira-da-premier-league-ja-revelou-sonho-de-voltar-ao-clube\/\",\"url\":\"https:\/\/www.gaveanews.com\/index.php\/2025\/10\/24\/cria-do-flamengo-na-mira-da-premier-league-ja-revelou-sonho-de-voltar-ao-clube\/\",\"name\":\"Cria do Flamengo, na mira da Premier League, j\u00e1 revelou sonho de voltar ao clube\",\"isPartOf\":{\"@id\":\"https:\/\/www.gaveanews.com\/#website\"},\"primaryImageOfPage\":{\"@id\":\"https:\/\/www.gaveanews.com\/index.php\/2025\/10\/24\/cria-do-flamengo-na-mira-da-premier-league-ja-revelou-sonho-de-voltar-ao-clube\/#primaryimage\"},\"image\":{\"@id\":\"https:\/\/www.gaveanews.com\/index.php\/2025\/10\/24\/cria-do-flamengo-na-mira-da-premier-league-ja-revelou-sonho-de-voltar-ao-clube\/#primaryimage\"},\"thumbnailUrl\":\"https:\/\/www.gaveanews.com\/wp-content\/uploads\/fachada-do-modulo-profissional-do-ninho-do-urubu-centro-de-treinamento-do-flamengo-1642444901774_v2_1x1.webp\",\"datePublished\":\"2025-10-24T15:50:00+00:00\",\"author\":{\"@id\":\"https:\/\/www.gaveanews.com\/#\/schema\/person\/c88645e3d550d0b6574305e67dd5a716\"},\"breadcrumb\":{\"@id\":\"https:\/\/www.gaveanews.com\/index.php\/2025\/10\/24\/cria-do-flamengo-na-mira-da-premier-league-ja-revelou-sonho-de-voltar-ao-clube\/#breadcrumb\"},\"inLanguage\":\"pt-BR\",\"potentialAction\":[{\"@type\":\"ReadAction\",\"target\":[\"https:\/\/www.gaveanews.com\/index.php\/2025\/10\/24\/cria-do-flamengo-na-mira-da-premier-league-ja-revelou-sonho-de-voltar-ao-clube\/\"]}]},{\"@type\":\"ImageObject\",\"inLanguage\":\"pt-BR\",\"@id\":\"https:\/\/www.gaveanews.com\/index.php\/2025\/10\/24\/cria-do-flamengo-na-mira-da-premier-league-ja-revelou-sonho-de-voltar-ao-clube\/#primaryimage\",\"url\":\"https:\/\/www.gaveanews.com\/wp-content\/uploads\/fachada-do-modulo-profissional-do-ninho-do-urubu-centro-de-treinamento-do-flamengo-1642444901774_v2_1x1.webp\",\"contentUrl\":\"https:\/\/www.gaveanews.com\/wp-content\/uploads\/fachada-do-modulo-profissional-do-ninho-do-urubu-centro-de-treinamento-do-flamengo-1642444901774_v2_1x1.webp\",\"width\":1361,\"height\":1363,\"caption\":\"CT Ninho do Urubu (Foto: Divulga\u00e7\u00e3o Flamengo)\"},{\"@type\":\"BreadcrumbList\",\"@id\":\"https:\/\/www.gaveanews.com\/index.php\/2025\/10\/24\/cria-do-flamengo-na-mira-da-premier-league-ja-revelou-sonho-de-voltar-ao-clube\/#breadcrumb\",\"itemListElement\":[{\"@type\":\"ListItem\",\"position\":1,\"name\":\"Home\",\"item\":\"https:\/\/www.gaveanews.com\/\"},{\"@type\":\"ListItem\",\"position\":2,\"name\":\"Cria do Flamengo, na mira da Premier League, j\u00e1 revelou sonho de voltar ao clube\"}]},{\"@type\":\"WebSite\",\"@id\":\"https:\/\/www.gaveanews.com\/#website\",\"url\":\"https:\/\/www.gaveanews.com\/\",\"name\":\"G\u00e1vea News\",\"description\":\"Veja todas as not\u00edcias sobre o Flamengo: Contrata\u00e7\u00f5es, categorias de base, resultados das partidas, tabela de classifica\u00e7\u00e3o, pr\u00f3ximos jogos!\",\"potentialAction\":[{\"@type\":\"SearchAction\",\"target\":{\"@type\":\"EntryPoint\",\"urlTemplate\":\"https:\/\/www.gaveanews.com\/?s={search_term_string}\"},\"query-input\":{\"@type\":\"PropertyValueSpecification\",\"valueRequired\":true,\"valueName\":\"search_term_string\"}}],\"inLanguage\":\"pt-BR\"},{\"@type\":\"Person\",\"@id\":\"https:\/\/www.gaveanews.com\/#\/schema\/person\/c88645e3d550d0b6574305e67dd5a716\",\"name\":\"Reda\u00e7\u00e3o\",\"image\":{\"@type\":\"ImageObject\",\"inLanguage\":\"pt-BR\",\"@id\":\"https:\/\/www.gaveanews.com\/#\/schema\/person\/image\/\",\"url\":\"https:\/\/secure.gravatar.com\/avatar\/434098fd823f0dc1b062d14ca22bacaa6e38de28d8c816bbef6fc2f8c44d8ba3?s=96&d=mm&r=g\",\"contentUrl\":\"https:\/\/secure.gravatar.com\/avatar\/434098fd823f0dc1b062d14ca22bacaa6e38de28d8c816bbef6fc2f8c44d8ba3?s=96&d=mm&r=g\",\"caption\":\"Reda\u00e7\u00e3o\"}}]}<\/script>\n<!-- \/ Yoast SEO Premium plugin. -->","yoast_head_json":{"title":"Cria do Flamengo, na mira da Premier League, j\u00e1 revelou sonho de voltar ao clube","robots":{"index":"index","follow":"follow","max-snippet":"max-snippet:-1","max-image-preview":"max-image-preview:large","max-video-preview":"max-video-preview:-1"},"canonical":"https:\/\/www.gaveanews.com\/index.php\/2025\/10\/24\/cria-do-flamengo-na-mira-da-premier-league-ja-revelou-sonho-de-voltar-ao-clube\/","og_locale":"pt_BR","og_type":"article","og_title":"Cria do Flamengo, na mira da Premier League, j\u00e1 revelou sonho de voltar ao clube","og_description":"O zagueiro Alexsandro, atualmente no Lille, da Fran\u00e7a, reafirmou seu desejo de voltar ao Brasil e defender o Flamengo, clube onde iniciou sua trajet\u00f3ria. Em entrevista ao programa Bola da Vez, da ESPN, o jogador revelou que esse \u00e9 um plano compartilhado com a fam\u00edlia, e que o retorno ao pa\u00eds est\u00e1 entre os objetivos [&hellip;]","og_url":"https:\/\/www.gaveanews.com\/index.php\/2025\/10\/24\/cria-do-flamengo-na-mira-da-premier-league-ja-revelou-sonho-de-voltar-ao-clube\/","og_site_name":"G\u00e1vea News","article_publisher":"https:\/\/facebook.com\/gaveaNews\/","article_published_time":"2025-10-24T15:50:00+00:00","og_image":[{"width":1361,"height":1363,"url":"https:\/\/www.gaveanews.com\/wp-content\/uploads\/fachada-do-modulo-profissional-do-ninho-do-urubu-centro-de-treinamento-do-flamengo-1642444901774_v2_1x1.webp","type":"image\/jpeg"}],"author":"Reda\u00e7\u00e3o","twitter_card":"summary_large_image","twitter_misc":{"Escrito por":"Reda\u00e7\u00e3o","Est. tempo de leitura":"3 minutos"},"schema":{"@context":"https:\/\/schema.org","@graph":[{"@type":"NewsArticle","@id":"https:\/\/www.gaveanews.com\/index.php\/2025\/10\/24\/cria-do-flamengo-na-mira-da-premier-league-ja-revelou-sonho-de-voltar-ao-clube\/#article","isPartOf":{"@id":"https:\/\/www.gaveanews.com\/index.php\/2025\/10\/24\/cria-do-flamengo-na-mira-da-premier-league-ja-revelou-sonho-de-voltar-ao-clube\/"},"author":{"name":"Reda\u00e7\u00e3o","@id":"https:\/\/www.gaveanews.com\/#\/schema\/person\/c88645e3d550d0b6574305e67dd5a716"},"headline":"Cria do Flamengo, na mira da Premier League, j\u00e1 revelou sonho de voltar ao clube","datePublished":"2025-10-24T15:50:00+00:00","mainEntityOfPage":{"@id":"https:\/\/www.gaveanews.com\/index.php\/2025\/10\/24\/cria-do-flamengo-na-mira-da-premier-league-ja-revelou-sonho-de-voltar-ao-clube\/"},"wordCount":420,"commentCount":0,"image":{"@id":"https:\/\/www.gaveanews.com\/index.php\/2025\/10\/24\/cria-do-flamengo-na-mira-da-premier-league-ja-revelou-sonho-de-voltar-ao-clube\/#primaryimage"},"thumbnailUrl":"https:\/\/www.gaveanews.com\/wp-content\/uploads\/fachada-do-modulo-profissional-do-ninho-do-urubu-centro-de-treinamento-do-flamengo-1642444901774_v2_1x1.webp","articleSection":["Flamengo"],"inLanguage":"pt-BR","potentialAction":[{"@type":"CommentAction","name":"Comment","target":["https:\/\/www.gaveanews.com\/index.php\/2025\/10\/24\/cria-do-flamengo-na-mira-da-premier-league-ja-revelou-sonho-de-voltar-ao-clube\/#respond"]}],"copyrightYear":"2025","copyrightHolder":{"@id":"https:\/\/www.gaveanews.com\/#organization"}},{"@type":"WebPage","@id":"https:\/\/www.gaveanews.com\/index.php\/2025\/10\/24\/cria-do-flamengo-na-mira-da-premier-league-ja-revelou-sonho-de-voltar-ao-clube\/","url":"https:\/\/www.gaveanews.com\/index.php\/2025\/10\/24\/cria-do-flamengo-na-mira-da-premier-league-ja-revelou-sonho-de-voltar-ao-clube\/","name":"Cria do Flamengo, na mira da Premier League, j\u00e1 revelou sonho de voltar ao clube","isPartOf":{"@id":"https:\/\/www.gaveanews.com\/#website"},"primaryImageOfPage":{"@id":"https:\/\/www.gaveanews.com\/index.php\/2025\/10\/24\/cria-do-flamengo-na-mira-da-premier-league-ja-revelou-sonho-de-voltar-ao-clube\/#primaryimage"},"image":{"@id":"https:\/\/www.gaveanews.com\/index.php\/2025\/10\/24\/cria-do-flamengo-na-mira-da-premier-league-ja-revelou-sonho-de-voltar-ao-clube\/#primaryimage"},"thumbnailUrl":"https:\/\/www.gaveanews.com\/wp-content\/uploads\/fachada-do-modulo-profissional-do-ninho-do-urubu-centro-de-treinamento-do-flamengo-1642444901774_v2_1x1.webp","datePublished":"2025-10-24T15:50:00+00:00","author":{"@id":"https:\/\/www.gaveanews.com\/#\/schema\/person\/c88645e3d550d0b6574305e67dd5a716"},"breadcrumb":{"@id":"https:\/\/www.gaveanews.com\/index.php\/2025\/10\/24\/cria-do-flamengo-na-mira-da-premier-league-ja-revelou-sonho-de-voltar-ao-clube\/#breadcrumb"},"inLanguage":"pt-BR","potentialAction":[{"@type":"ReadAction","target":["https:\/\/www.gaveanews.com\/index.php\/2025\/10\/24\/cria-do-flamengo-na-mira-da-premier-league-ja-revelou-sonho-de-voltar-ao-clube\/"]}]},{"@type":"ImageObject","inLanguage":"pt-BR","@id":"https:\/\/www.gaveanews.com\/index.php\/2025\/10\/24\/cria-do-flamengo-na-mira-da-premier-league-ja-revelou-sonho-de-voltar-ao-clube\/#primaryimage","url":"https:\/\/www.gaveanews.com\/wp-content\/uploads\/fachada-do-modulo-profissional-do-ninho-do-urubu-centro-de-treinamento-do-flamengo-1642444901774_v2_1x1.webp","contentUrl":"https:\/\/www.gaveanews.com\/wp-content\/uploads\/fachada-do-modulo-profissional-do-ninho-do-urubu-centro-de-treinamento-do-flamengo-1642444901774_v2_1x1.webp","width":1361,"height":1363,"caption":"CT Ninho do Urubu (Foto: Divulga\u00e7\u00e3o Flamengo)"},{"@type":"BreadcrumbList","@id":"https:\/\/www.gaveanews.com\/index.php\/2025\/10\/24\/cria-do-flamengo-na-mira-da-premier-league-ja-revelou-sonho-de-voltar-ao-clube\/#breadcrumb","itemListElement":[{"@type":"ListItem","position":1,"name":"Home","item":"https:\/\/www.gaveanews.com\/"},{"@type":"ListItem","position":2,"name":"Cria do Flamengo, na mira da Premier League, j\u00e1 revelou sonho de voltar ao clube"}]},{"@type":"WebSite","@id":"https:\/\/www.gaveanews.com\/#website","url":"https:\/\/www.gaveanews.com\/","name":"G\u00e1vea News","description":"Veja todas as not\u00edcias sobre o Flamengo: Contrata\u00e7\u00f5es, categorias de base, resultados das partidas, tabela de classifica\u00e7\u00e3o, pr\u00f3ximos jogos!","potentialAction":[{"@type":"SearchAction","target":{"@type":"EntryPoint","urlTemplate":"https:\/\/www.gaveanews.com\/?s={search_term_string}"},"query-input":{"@type":"PropertyValueSpecification","valueRequired":true,"valueName":"search_term_string"}}],"inLanguage":"pt-BR"},{"@type":"Person","@id":"https:\/\/www.gaveanews.com\/#\/schema\/person\/c88645e3d550d0b6574305e67dd5a716","name":"Reda\u00e7\u00e3o","image":{"@type":"ImageObject","inLanguage":"pt-BR","@id":"https:\/\/www.gaveanews.com\/#\/schema\/person\/image\/","url":"https:\/\/secure.gravatar.com\/avatar\/434098fd823f0dc1b062d14ca22bacaa6e38de28d8c816bbef6fc2f8c44d8ba3?s=96&d=mm&r=g","contentUrl":"https:\/\/secure.gravatar.com\/avatar\/434098fd823f0dc1b062d14ca22bacaa6e38de28d8c816bbef6fc2f8c44d8ba3?s=96&d=mm&r=g","caption":"Reda\u00e7\u00e3o"}}]}},"_links":{"self":[{"href":"https:\/\/www.gaveanews.com\/index.php\/wp-json\/wp\/v2\/posts\/279213","targetHints":{"allow":["GET"]}}],"collection":[{"href":"https:\/\/www.gaveanews.com\/index.php\/wp-json\/wp\/v2\/posts"}],"about":[{"href":"https:\/\/www.gaveanews.com\/index.php\/wp-json\/wp\/v2\/types\/post"}],"author":[{"embeddable":true,"href":"https:\/\/www.gaveanews.com\/index.php\/wp-json\/wp\/v2\/users\/39"}],"replies":[{"embeddable":true,"href":"https:\/\/www.gaveanews.com\/index.php\/wp-json\/wp\/v2\/comments?post=279213"}],"version-history":[{"count":2,"href":"https:\/\/www.gaveanews.com\/index.php\/wp-json\/wp\/v2\/posts\/279213\/revisions"}],"predecessor-version":[{"id":279244,"href":"https:\/\/www.gaveanews.com\/index.php\/wp-json\/wp\/v2\/posts\/279213\/revisions\/279244"}],"wp:featuredmedia":[{"embeddable":true,"href":"https:\/\/www.gaveanews.com\/index.php\/wp-json\/wp\/v2\/media\/213513"}],"wp:attachment":[{"href":"https:\/\/www.gaveanews.com\/index.php\/wp-json\/wp\/v2\/media?parent=279213"}],"wp:term":[{"taxonomy":"category","embeddable":true,"href":"https:\/\/www.gaveanews.com\/index.php\/wp-json\/wp\/v2\/categories?post=279213"},{"taxonomy":"post_tag","embeddable":true,"href":"https:\/\/www.gaveanews.com\/index.php\/wp-json\/wp\/v2\/tags?post=279213"}],"curies":[{"name":"wp","href":"https:\/\/api.w.org\/{rel}","templated":true}]}}