{"id":279247,"date":"2025-10-25T11:15:00","date_gmt":"2025-10-25T14:15:00","guid":{"rendered":"https:\/\/www.gaveanews.com\/?p=279247"},"modified":"2025-10-25T10:24:01","modified_gmt":"2025-10-25T13:24:01","slug":"veja-o-prazo-para-a-recuperacao-de-pedro-do-flamengo","status":"publish","type":"post","link":"https:\/\/www.gaveanews.com\/index.php\/2025\/10\/25\/veja-o-prazo-para-a-recuperacao-de-pedro-do-flamengo\/","title":{"rendered":"Veja o prazo para a recupera\u00e7\u00e3o de Pedro, do Flamengo"},"content":{"rendered":"\n<p>A fratura sofrida por Pedro no antebra\u00e7o direito vai afastar o atacante do Flamengo por tempo ainda indefinido. O jogador se lesionou na vit\u00f3ria sobre o Racing, pela semifinal da Libertadores, e j\u00e1 est\u00e1 vetado para a partida de volta, marcada para quarta-feira (29), na Argentina. Conforme avalia\u00e7\u00e3o inicial, a les\u00e3o exige tratamento conservador, com uso de \u00f3rtese e monitoramento constante, sem necessidade de cirurgia.<\/p>\n\n\n\n<p>De acordo com o Flamengo, o jogador seguir\u00e1 com o bra\u00e7o imobilizado, com a tala se estendendo acima do cotovelo para evitar qualquer rota\u00e7\u00e3o do osso e garantir a consolida\u00e7\u00e3o da fratura. Ainda assim, o clube classificou o caso como complexo e n\u00e3o estipulou prazo para retorno. O tempo estimado de recupera\u00e7\u00e3o varia entre tr\u00eas e seis semanas, com possibilidade de afastamento por at\u00e9 45 dias, o que poderia tirar Pedro do restante da temporada.<\/p>\n\n\n\n<p>A aus\u00eancia do camisa 9 impacta diretamente o planejamento da equipe comandada por Filipe Lu\u00eds. Sem Pedro e com Bruno Henrique abrindo m\u00e3o da fun\u00e7\u00e3o de centroavante, o treinador ter\u00e1 de buscar alternativas para compor o ataque nas pr\u00f3ximas rodadas. A situa\u00e7\u00e3o \u00e9 ainda mais delicada \u00e0s v\u00e9speras do confronto com o Fortaleza, neste s\u00e1bado (25), \u00e0s 19h30 (hor\u00e1rio de Bras\u00edlia), pelo Campeonato Brasileiro.<\/p>\n\n\n\n<p>Internamente, a comiss\u00e3o t\u00e9cnica reconhece que, mesmo com a possibilidade de libera\u00e7\u00e3o m\u00e9dica futura, o estilo de jogo de Pedro, que utiliza o bra\u00e7o para proteger a bola e fazer o piv\u00f4, torna arriscado um retorno precoce. Al\u00e9m disso, a Fifa restringe o uso de equipamentos de prote\u00e7\u00e3o em campo. Segundo a \u201cRegra 4\u201d, \u00e9 necess\u00e1rio que qualquer \u00f3rtese seja feita com material leve, acolchoado e sem partes r\u00edgidas salientes, o que pode inviabilizar a participa\u00e7\u00e3o do jogador mesmo ap\u00f3s melhora cl\u00ednica.<\/p>\n\n\n\n<p>A les\u00e3o ocorreu logo aos tr\u00eas minutos do segundo tempo, em uma dividida com o volante Sosa. Pedro chegou a permanecer em campo por mais de 20 minutos, sendo substitu\u00eddo apenas aos 26 minutos, ap\u00f3s atendimento m\u00e9dico \u00e0 beira do gramado. \u201cO atleta iniciou tratamento e permanecer\u00e1 com o bra\u00e7o imobilizado nos pr\u00f3ximos dias\u201d, detalhou o clube em nota oficial.<\/p>\n\n\n\n<p>Ainda que Pedro tenha hist\u00f3rico de recupera\u00e7\u00e3o r\u00e1pida em outras les\u00f5es, o departamento m\u00e9dico adota cautela. \u201cA imobiliza\u00e7\u00e3o \u00e9 necess\u00e1ria para impedir a rota\u00e7\u00e3o do osso fraturado e garantir a adequada consolida\u00e7\u00e3o da les\u00e3o\u201d, informou o comunicado divulgado ap\u00f3s nova reavalia\u00e7\u00e3o cl\u00ednica no Ninho do Urubu.<\/p>\n\n\n\n<p>Caso o Flamengo avance \u00e0 final da Libertadores, marcada para novembro, o atacante depender\u00e1 de significativa evolu\u00e7\u00e3o para ter condi\u00e7\u00f5es de jogo. At\u00e9 l\u00e1, seguir\u00e1 com trabalhos f\u00edsicos adaptados, sob supervis\u00e3o da prepara\u00e7\u00e3o t\u00e9cnica.<\/p>\n","protected":false},"excerpt":{"rendered":"<p>A fratura sofrida por Pedro no antebra\u00e7o direito vai afastar o atacante do Flamengo por tempo ainda indefinido. O jogador se lesionou na vit\u00f3ria sobre o Racing, pela semifinal da Libertadores, e j\u00e1 est\u00e1 vetado para a partida de volta, marcada para quarta-feira (29), na Argentina. Conforme avalia\u00e7\u00e3o inicial, a les\u00e3o exige tratamento conservador, com [&hellip;]<\/p>\n","protected":false},"author":39,"featured_media":279264,"comment_status":"open","ping_status":"closed","sticky":false,"template":"","format":"standard","meta":{"footnotes":""},"categories":[1],"tags":[],"class_list":["post-279247","post","type-post","status-publish","format-standard","has-post-thumbnail","hentry","category-flamengo"],"yoast_head":"<!-- This site is optimized with the Yoast SEO Premium plugin v24.2 (Yoast SEO v26.9) - https:\/\/yoast.com\/product\/yoast-seo-premium-wordpress\/ -->\n<title>Veja o prazo para a recupera\u00e7\u00e3o de Pedro, do Flamengo<\/title>\n<meta name=\"robots\" content=\"index, follow, max-snippet:-1, max-image-preview:large, max-video-preview:-1\" \/>\n<link rel=\"canonical\" href=\"https:\/\/www.gaveanews.com\/index.php\/2025\/10\/25\/veja-o-prazo-para-a-recuperacao-de-pedro-do-flamengo\/\" \/>\n<meta property=\"og:locale\" content=\"pt_BR\" \/>\n<meta property=\"og:type\" content=\"article\" \/>\n<meta property=\"og:title\" content=\"Veja o prazo para a recupera\u00e7\u00e3o de Pedro, do Flamengo\" \/>\n<meta property=\"og:description\" content=\"A fratura sofrida por Pedro no antebra\u00e7o direito vai afastar o atacante do Flamengo por tempo ainda indefinido. O jogador se lesionou na vit\u00f3ria sobre o Racing, pela semifinal da Libertadores, e j\u00e1 est\u00e1 vetado para a partida de volta, marcada para quarta-feira (29), na Argentina. Conforme avalia\u00e7\u00e3o inicial, a les\u00e3o exige tratamento conservador, com [&hellip;]\" \/>\n<meta property=\"og:url\" content=\"https:\/\/www.gaveanews.com\/index.php\/2025\/10\/25\/veja-o-prazo-para-a-recuperacao-de-pedro-do-flamengo\/\" \/>\n<meta property=\"og:site_name\" content=\"G\u00e1vea News\" \/>\n<meta property=\"article:publisher\" content=\"https:\/\/facebook.com\/gaveaNews\/\" \/>\n<meta property=\"article:published_time\" content=\"2025-10-25T14:15:00+00:00\" \/>\n<meta property=\"og:image\" content=\"https:\/\/www.gaveanews.com\/wp-content\/uploads\/Pedro-pelo-Flamengo-1.png\" \/>\n\t<meta property=\"og:image:width\" content=\"1200\" \/>\n\t<meta property=\"og:image:height\" content=\"900\" \/>\n\t<meta property=\"og:image:type\" content=\"image\/png\" \/>\n<meta name=\"author\" content=\"Reda\u00e7\u00e3o\" \/>\n<meta name=\"twitter:card\" content=\"summary_large_image\" \/>\n<meta name=\"twitter:label1\" content=\"Escrito por\" \/>\n\t<meta name=\"twitter:data1\" content=\"Reda\u00e7\u00e3o\" \/>\n\t<meta name=\"twitter:label2\" content=\"Est. tempo de leitura\" \/>\n\t<meta name=\"twitter:data2\" content=\"3 minutos\" \/>\n<script type=\"application\/ld+json\" class=\"yoast-schema-graph\">{\"@context\":\"https:\/\/schema.org\",\"@graph\":[{\"@type\":\"NewsArticle\",\"@id\":\"https:\/\/www.gaveanews.com\/index.php\/2025\/10\/25\/veja-o-prazo-para-a-recuperacao-de-pedro-do-flamengo\/#article\",\"isPartOf\":{\"@id\":\"https:\/\/www.gaveanews.com\/index.php\/2025\/10\/25\/veja-o-prazo-para-a-recuperacao-de-pedro-do-flamengo\/\"},\"author\":{\"name\":\"Reda\u00e7\u00e3o\",\"@id\":\"https:\/\/www.gaveanews.com\/#\/schema\/person\/c88645e3d550d0b6574305e67dd5a716\"},\"headline\":\"Veja o prazo para a recupera\u00e7\u00e3o de Pedro, do Flamengo\",\"datePublished\":\"2025-10-25T14:15:00+00:00\",\"mainEntityOfPage\":{\"@id\":\"https:\/\/www.gaveanews.com\/index.php\/2025\/10\/25\/veja-o-prazo-para-a-recuperacao-de-pedro-do-flamengo\/\"},\"wordCount\":483,\"commentCount\":0,\"image\":{\"@id\":\"https:\/\/www.gaveanews.com\/index.php\/2025\/10\/25\/veja-o-prazo-para-a-recuperacao-de-pedro-do-flamengo\/#primaryimage\"},\"thumbnailUrl\":\"https:\/\/www.gaveanews.com\/wp-content\/uploads\/Pedro-pelo-Flamengo-1.png\",\"articleSection\":[\"Flamengo\"],\"inLanguage\":\"pt-BR\",\"potentialAction\":[{\"@type\":\"CommentAction\",\"name\":\"Comment\",\"target\":[\"https:\/\/www.gaveanews.com\/index.php\/2025\/10\/25\/veja-o-prazo-para-a-recuperacao-de-pedro-do-flamengo\/#respond\"]}],\"copyrightYear\":\"2025\",\"copyrightHolder\":{\"@id\":\"https:\/\/www.gaveanews.com\/#organization\"}},{\"@type\":\"WebPage\",\"@id\":\"https:\/\/www.gaveanews.com\/index.php\/2025\/10\/25\/veja-o-prazo-para-a-recuperacao-de-pedro-do-flamengo\/\",\"url\":\"https:\/\/www.gaveanews.com\/index.php\/2025\/10\/25\/veja-o-prazo-para-a-recuperacao-de-pedro-do-flamengo\/\",\"name\":\"Veja o prazo para a recupera\u00e7\u00e3o de Pedro, do Flamengo\",\"isPartOf\":{\"@id\":\"https:\/\/www.gaveanews.com\/#website\"},\"primaryImageOfPage\":{\"@id\":\"https:\/\/www.gaveanews.com\/index.php\/2025\/10\/25\/veja-o-prazo-para-a-recuperacao-de-pedro-do-flamengo\/#primaryimage\"},\"image\":{\"@id\":\"https:\/\/www.gaveanews.com\/index.php\/2025\/10\/25\/veja-o-prazo-para-a-recuperacao-de-pedro-do-flamengo\/#primaryimage\"},\"thumbnailUrl\":\"https:\/\/www.gaveanews.com\/wp-content\/uploads\/Pedro-pelo-Flamengo-1.png\",\"datePublished\":\"2025-10-25T14:15:00+00:00\",\"author\":{\"@id\":\"https:\/\/www.gaveanews.com\/#\/schema\/person\/c88645e3d550d0b6574305e67dd5a716\"},\"breadcrumb\":{\"@id\":\"https:\/\/www.gaveanews.com\/index.php\/2025\/10\/25\/veja-o-prazo-para-a-recuperacao-de-pedro-do-flamengo\/#breadcrumb\"},\"inLanguage\":\"pt-BR\",\"potentialAction\":[{\"@type\":\"ReadAction\",\"target\":[\"https:\/\/www.gaveanews.com\/index.php\/2025\/10\/25\/veja-o-prazo-para-a-recuperacao-de-pedro-do-flamengo\/\"]}]},{\"@type\":\"ImageObject\",\"inLanguage\":\"pt-BR\",\"@id\":\"https:\/\/www.gaveanews.com\/index.php\/2025\/10\/25\/veja-o-prazo-para-a-recuperacao-de-pedro-do-flamengo\/#primaryimage\",\"url\":\"https:\/\/www.gaveanews.com\/wp-content\/uploads\/Pedro-pelo-Flamengo-1.png\",\"contentUrl\":\"https:\/\/www.gaveanews.com\/wp-content\/uploads\/Pedro-pelo-Flamengo-1.png\",\"width\":1200,\"height\":900,\"caption\":\"(Fotos: Gilvan de Souza\/Flamengo)\"},{\"@type\":\"BreadcrumbList\",\"@id\":\"https:\/\/www.gaveanews.com\/index.php\/2025\/10\/25\/veja-o-prazo-para-a-recuperacao-de-pedro-do-flamengo\/#breadcrumb\",\"itemListElement\":[{\"@type\":\"ListItem\",\"position\":1,\"name\":\"Home\",\"item\":\"https:\/\/www.gaveanews.com\/\"},{\"@type\":\"ListItem\",\"position\":2,\"name\":\"Veja o prazo para a recupera\u00e7\u00e3o de Pedro, do Flamengo\"}]},{\"@type\":\"WebSite\",\"@id\":\"https:\/\/www.gaveanews.com\/#website\",\"url\":\"https:\/\/www.gaveanews.com\/\",\"name\":\"G\u00e1vea News\",\"description\":\"Veja todas as not\u00edcias sobre o Flamengo: Contrata\u00e7\u00f5es, categorias de base, resultados das partidas, tabela de classifica\u00e7\u00e3o, pr\u00f3ximos jogos!\",\"potentialAction\":[{\"@type\":\"SearchAction\",\"target\":{\"@type\":\"EntryPoint\",\"urlTemplate\":\"https:\/\/www.gaveanews.com\/?s={search_term_string}\"},\"query-input\":{\"@type\":\"PropertyValueSpecification\",\"valueRequired\":true,\"valueName\":\"search_term_string\"}}],\"inLanguage\":\"pt-BR\"},{\"@type\":\"Person\",\"@id\":\"https:\/\/www.gaveanews.com\/#\/schema\/person\/c88645e3d550d0b6574305e67dd5a716\",\"name\":\"Reda\u00e7\u00e3o\",\"image\":{\"@type\":\"ImageObject\",\"inLanguage\":\"pt-BR\",\"@id\":\"https:\/\/www.gaveanews.com\/#\/schema\/person\/image\/\",\"url\":\"https:\/\/secure.gravatar.com\/avatar\/434098fd823f0dc1b062d14ca22bacaa6e38de28d8c816bbef6fc2f8c44d8ba3?s=96&d=mm&r=g\",\"contentUrl\":\"https:\/\/secure.gravatar.com\/avatar\/434098fd823f0dc1b062d14ca22bacaa6e38de28d8c816bbef6fc2f8c44d8ba3?s=96&d=mm&r=g\",\"caption\":\"Reda\u00e7\u00e3o\"}}]}<\/script>\n<!-- \/ Yoast SEO Premium plugin. -->","yoast_head_json":{"title":"Veja o prazo para a recupera\u00e7\u00e3o de Pedro, do Flamengo","robots":{"index":"index","follow":"follow","max-snippet":"max-snippet:-1","max-image-preview":"max-image-preview:large","max-video-preview":"max-video-preview:-1"},"canonical":"https:\/\/www.gaveanews.com\/index.php\/2025\/10\/25\/veja-o-prazo-para-a-recuperacao-de-pedro-do-flamengo\/","og_locale":"pt_BR","og_type":"article","og_title":"Veja o prazo para a recupera\u00e7\u00e3o de Pedro, do Flamengo","og_description":"A fratura sofrida por Pedro no antebra\u00e7o direito vai afastar o atacante do Flamengo por tempo ainda indefinido. O jogador se lesionou na vit\u00f3ria sobre o Racing, pela semifinal da Libertadores, e j\u00e1 est\u00e1 vetado para a partida de volta, marcada para quarta-feira (29), na Argentina. Conforme avalia\u00e7\u00e3o inicial, a les\u00e3o exige tratamento conservador, com [&hellip;]","og_url":"https:\/\/www.gaveanews.com\/index.php\/2025\/10\/25\/veja-o-prazo-para-a-recuperacao-de-pedro-do-flamengo\/","og_site_name":"G\u00e1vea News","article_publisher":"https:\/\/facebook.com\/gaveaNews\/","article_published_time":"2025-10-25T14:15:00+00:00","og_image":[{"width":1200,"height":900,"url":"https:\/\/www.gaveanews.com\/wp-content\/uploads\/Pedro-pelo-Flamengo-1.png","type":"image\/png"}],"author":"Reda\u00e7\u00e3o","twitter_card":"summary_large_image","twitter_misc":{"Escrito por":"Reda\u00e7\u00e3o","Est. tempo de leitura":"3 minutos"},"schema":{"@context":"https:\/\/schema.org","@graph":[{"@type":"NewsArticle","@id":"https:\/\/www.gaveanews.com\/index.php\/2025\/10\/25\/veja-o-prazo-para-a-recuperacao-de-pedro-do-flamengo\/#article","isPartOf":{"@id":"https:\/\/www.gaveanews.com\/index.php\/2025\/10\/25\/veja-o-prazo-para-a-recuperacao-de-pedro-do-flamengo\/"},"author":{"name":"Reda\u00e7\u00e3o","@id":"https:\/\/www.gaveanews.com\/#\/schema\/person\/c88645e3d550d0b6574305e67dd5a716"},"headline":"Veja o prazo para a recupera\u00e7\u00e3o de Pedro, do Flamengo","datePublished":"2025-10-25T14:15:00+00:00","mainEntityOfPage":{"@id":"https:\/\/www.gaveanews.com\/index.php\/2025\/10\/25\/veja-o-prazo-para-a-recuperacao-de-pedro-do-flamengo\/"},"wordCount":483,"commentCount":0,"image":{"@id":"https:\/\/www.gaveanews.com\/index.php\/2025\/10\/25\/veja-o-prazo-para-a-recuperacao-de-pedro-do-flamengo\/#primaryimage"},"thumbnailUrl":"https:\/\/www.gaveanews.com\/wp-content\/uploads\/Pedro-pelo-Flamengo-1.png","articleSection":["Flamengo"],"inLanguage":"pt-BR","potentialAction":[{"@type":"CommentAction","name":"Comment","target":["https:\/\/www.gaveanews.com\/index.php\/2025\/10\/25\/veja-o-prazo-para-a-recuperacao-de-pedro-do-flamengo\/#respond"]}],"copyrightYear":"2025","copyrightHolder":{"@id":"https:\/\/www.gaveanews.com\/#organization"}},{"@type":"WebPage","@id":"https:\/\/www.gaveanews.com\/index.php\/2025\/10\/25\/veja-o-prazo-para-a-recuperacao-de-pedro-do-flamengo\/","url":"https:\/\/www.gaveanews.com\/index.php\/2025\/10\/25\/veja-o-prazo-para-a-recuperacao-de-pedro-do-flamengo\/","name":"Veja o prazo para a recupera\u00e7\u00e3o de Pedro, do Flamengo","isPartOf":{"@id":"https:\/\/www.gaveanews.com\/#website"},"primaryImageOfPage":{"@id":"https:\/\/www.gaveanews.com\/index.php\/2025\/10\/25\/veja-o-prazo-para-a-recuperacao-de-pedro-do-flamengo\/#primaryimage"},"image":{"@id":"https:\/\/www.gaveanews.com\/index.php\/2025\/10\/25\/veja-o-prazo-para-a-recuperacao-de-pedro-do-flamengo\/#primaryimage"},"thumbnailUrl":"https:\/\/www.gaveanews.com\/wp-content\/uploads\/Pedro-pelo-Flamengo-1.png","datePublished":"2025-10-25T14:15:00+00:00","author":{"@id":"https:\/\/www.gaveanews.com\/#\/schema\/person\/c88645e3d550d0b6574305e67dd5a716"},"breadcrumb":{"@id":"https:\/\/www.gaveanews.com\/index.php\/2025\/10\/25\/veja-o-prazo-para-a-recuperacao-de-pedro-do-flamengo\/#breadcrumb"},"inLanguage":"pt-BR","potentialAction":[{"@type":"ReadAction","target":["https:\/\/www.gaveanews.com\/index.php\/2025\/10\/25\/veja-o-prazo-para-a-recuperacao-de-pedro-do-flamengo\/"]}]},{"@type":"ImageObject","inLanguage":"pt-BR","@id":"https:\/\/www.gaveanews.com\/index.php\/2025\/10\/25\/veja-o-prazo-para-a-recuperacao-de-pedro-do-flamengo\/#primaryimage","url":"https:\/\/www.gaveanews.com\/wp-content\/uploads\/Pedro-pelo-Flamengo-1.png","contentUrl":"https:\/\/www.gaveanews.com\/wp-content\/uploads\/Pedro-pelo-Flamengo-1.png","width":1200,"height":900,"caption":"(Fotos: Gilvan de Souza\/Flamengo)"},{"@type":"BreadcrumbList","@id":"https:\/\/www.gaveanews.com\/index.php\/2025\/10\/25\/veja-o-prazo-para-a-recuperacao-de-pedro-do-flamengo\/#breadcrumb","itemListElement":[{"@type":"ListItem","position":1,"name":"Home","item":"https:\/\/www.gaveanews.com\/"},{"@type":"ListItem","position":2,"name":"Veja o prazo para a recupera\u00e7\u00e3o de Pedro, do Flamengo"}]},{"@type":"WebSite","@id":"https:\/\/www.gaveanews.com\/#website","url":"https:\/\/www.gaveanews.com\/","name":"G\u00e1vea News","description":"Veja todas as not\u00edcias sobre o Flamengo: Contrata\u00e7\u00f5es, categorias de base, resultados das partidas, tabela de classifica\u00e7\u00e3o, pr\u00f3ximos jogos!","potentialAction":[{"@type":"SearchAction","target":{"@type":"EntryPoint","urlTemplate":"https:\/\/www.gaveanews.com\/?s={search_term_string}"},"query-input":{"@type":"PropertyValueSpecification","valueRequired":true,"valueName":"search_term_string"}}],"inLanguage":"pt-BR"},{"@type":"Person","@id":"https:\/\/www.gaveanews.com\/#\/schema\/person\/c88645e3d550d0b6574305e67dd5a716","name":"Reda\u00e7\u00e3o","image":{"@type":"ImageObject","inLanguage":"pt-BR","@id":"https:\/\/www.gaveanews.com\/#\/schema\/person\/image\/","url":"https:\/\/secure.gravatar.com\/avatar\/434098fd823f0dc1b062d14ca22bacaa6e38de28d8c816bbef6fc2f8c44d8ba3?s=96&d=mm&r=g","contentUrl":"https:\/\/secure.gravatar.com\/avatar\/434098fd823f0dc1b062d14ca22bacaa6e38de28d8c816bbef6fc2f8c44d8ba3?s=96&d=mm&r=g","caption":"Reda\u00e7\u00e3o"}}]}},"_links":{"self":[{"href":"https:\/\/www.gaveanews.com\/index.php\/wp-json\/wp\/v2\/posts\/279247","targetHints":{"allow":["GET"]}}],"collection":[{"href":"https:\/\/www.gaveanews.com\/index.php\/wp-json\/wp\/v2\/posts"}],"about":[{"href":"https:\/\/www.gaveanews.com\/index.php\/wp-json\/wp\/v2\/types\/post"}],"author":[{"embeddable":true,"href":"https:\/\/www.gaveanews.com\/index.php\/wp-json\/wp\/v2\/users\/39"}],"replies":[{"embeddable":true,"href":"https:\/\/www.gaveanews.com\/index.php\/wp-json\/wp\/v2\/comments?post=279247"}],"version-history":[{"count":1,"href":"https:\/\/www.gaveanews.com\/index.php\/wp-json\/wp\/v2\/posts\/279247\/revisions"}],"predecessor-version":[{"id":279265,"href":"https:\/\/www.gaveanews.com\/index.php\/wp-json\/wp\/v2\/posts\/279247\/revisions\/279265"}],"wp:featuredmedia":[{"embeddable":true,"href":"https:\/\/www.gaveanews.com\/index.php\/wp-json\/wp\/v2\/media\/279264"}],"wp:attachment":[{"href":"https:\/\/www.gaveanews.com\/index.php\/wp-json\/wp\/v2\/media?parent=279247"}],"wp:term":[{"taxonomy":"category","embeddable":true,"href":"https:\/\/www.gaveanews.com\/index.php\/wp-json\/wp\/v2\/categories?post=279247"},{"taxonomy":"post_tag","embeddable":true,"href":"https:\/\/www.gaveanews.com\/index.php\/wp-json\/wp\/v2\/tags?post=279247"}],"curies":[{"name":"wp","href":"https:\/\/api.w.org\/{rel}","templated":true}]}}