{"id":279248,"date":"2025-10-25T11:30:00","date_gmt":"2025-10-25T14:30:00","guid":{"rendered":"https:\/\/www.gaveanews.com\/?p=279248"},"modified":"2025-10-25T10:29:28","modified_gmt":"2025-10-25T13:29:28","slug":"atacante-do-flamengo-pode-estar-de-saida-para-europa","status":"publish","type":"post","link":"https:\/\/www.gaveanews.com\/index.php\/2025\/10\/25\/atacante-do-flamengo-pode-estar-de-saida-para-europa\/","title":{"rendered":"Atacante do Flamengo pode estar de sa\u00edda para Europa"},"content":{"rendered":"\n<p>Com contrato v\u00e1lido at\u00e9 o fim de 2027, Wallace Yan vive um momento delicado no Flamengo. Revelado pelas categorias de base do clube, o atacante de 20 anos aparece como alvo do Zenit, da R\u00fassia, em meio a um per\u00edodo marcado por problemas disciplinares e desempenho oscilante. A multa rescis\u00f3ria para clubes do exterior, estimada em R$ 320 milh\u00f5es, \u00e9 vista como um entrave para uma negocia\u00e7\u00e3o imediata, embora o clube europeu siga atento \u00e0 sua situa\u00e7\u00e3o contratual.<\/p>\n\n\n\n<p>Anteriormente apontado como uma das principais promessas do elenco, Wallace perdeu espa\u00e7o ap\u00f3s epis\u00f3dios que desgastaram sua imagem internamente. A expuls\u00e3o contra o Bahia, seguida de afastamento e multa, foi um dos pontos cr\u00edticos. Mais recentemente, ele foi flagrado em uma balada no Rio de Janeiro antes da partida contra o Palmeiras. Segundo sua assessoria, \u201cfoi curtir com os amigos, pois j\u00e1 sabia que n\u00e3o seria relacionado por Filipe Lu\u00eds para o jogo\u201d.<\/p>\n\n\n\n<p>Apesar disso, o desempenho em campo revela um potencial ineg\u00e1vel. Na atual temporada, Wallace disputou 27 partidas, marcou sete gols e distribuiu quatro assist\u00eancias. Seu melhor momento ocorreu na Copa do Mundo de Clubes, onde chegou a balan\u00e7ar as redes contra o Chelsea. Contudo, a irregularidade e as atitudes extracampo geraram desconfian\u00e7a na comiss\u00e3o t\u00e9cnica liderada por Filipe Lu\u00eds, e entre os torcedores rubro-negros.<\/p>\n\n\n\n<figure class=\"wp-block-image size-full\"><img loading=\"lazy\" decoding=\"async\" width=\"1000\" height=\"563\" src=\"http:\/\/www.gaveanews.com\/wp-content\/uploads\/wallace-Yan-pelo-Flamengo-1.webp\" alt=\"wallace Yan pelo Flamengo (Foto: Gilvan Souza\/Flamengo)\" class=\"wp-image-271198\" srcset=\"https:\/\/www.gaveanews.com\/wp-content\/uploads\/wallace-Yan-pelo-Flamengo-1.webp 1000w, https:\/\/www.gaveanews.com\/wp-content\/uploads\/wallace-Yan-pelo-Flamengo-1-300x169.webp 300w, https:\/\/www.gaveanews.com\/wp-content\/uploads\/wallace-Yan-pelo-Flamengo-1-768x432.webp 768w, https:\/\/www.gaveanews.com\/wp-content\/uploads\/wallace-Yan-pelo-Flamengo-1-746x420.webp 746w, https:\/\/www.gaveanews.com\/wp-content\/uploads\/wallace-Yan-pelo-Flamengo-1-640x360.webp 640w, https:\/\/www.gaveanews.com\/wp-content\/uploads\/wallace-Yan-pelo-Flamengo-1-681x383.webp 681w, https:\/\/www.gaveanews.com\/wp-content\/uploads\/wallace-Yan-pelo-Flamengo-1-100x56.webp 100w\" sizes=\"auto, (max-width: 1000px) 100vw, 1000px\" \/><figcaption class=\"wp-element-caption\">wallace Yan pelo Flamengo (Foto:  Gilvan Souza\/Flamengo)<\/figcaption><\/figure>\n\n\n\n<p>Internamente, o Flamengo ainda avalia os pr\u00f3ximos passos em rela\u00e7\u00e3o ao atacante. A diretoria espera que Wallace recupere o foco e retome o rendimento que o destacou nas categorias de base e nos primeiros meses no profissional. A reintegra\u00e7\u00e3o ao elenco principal depender\u00e1 da resposta do atleta \u00e0s exig\u00eancias t\u00e9cnicas e comportamentais da comiss\u00e3o.<\/p>\n\n\n\n<p>O interesse do Zenit surge como parte de um movimento mais amplo do clube russo para substituir o atacante Cassierra, que pode deixar a equipe. Al\u00e9m de Wallace, outros nomes do futebol brasileiro s\u00e3o avaliados, como Kaio Jorge, do Cruzeiro, e Gui Neg\u00e3o, do Corinthians. O hist\u00f3rico recente do Zenit inclui a contrata\u00e7\u00e3o de Gerson, tamb\u00e9m vindo do Flamengo, por 25 milh\u00f5es de euros.<\/p>\n\n\n\n<p>Ainda assim, a perspectiva de uma transfer\u00eancia internacional permanece em aberto. O Wolverhampton, da Inglaterra, chegou a demonstrar interesse no jogador durante a janela de transfer\u00eancias do meio do ano, mas a negocia\u00e7\u00e3o n\u00e3o avan\u00e7ou.<\/p>\n","protected":false},"excerpt":{"rendered":"<p>Com contrato v\u00e1lido at\u00e9 o fim de 2027, Wallace Yan vive um momento delicado no Flamengo. Revelado pelas categorias de base do clube, o atacante de 20 anos aparece como alvo do Zenit, da R\u00fassia, em meio a um per\u00edodo marcado por problemas disciplinares e desempenho oscilante. A multa rescis\u00f3ria para clubes do exterior, estimada [&hellip;]<\/p>\n","protected":false},"author":39,"featured_media":213513,"comment_status":"open","ping_status":"closed","sticky":false,"template":"","format":"standard","meta":{"footnotes":""},"categories":[1],"tags":[],"class_list":["post-279248","post","type-post","status-publish","format-standard","has-post-thumbnail","hentry","category-flamengo"],"yoast_head":"<!-- This site is optimized with the Yoast SEO Premium plugin v24.2 (Yoast SEO v26.9) - https:\/\/yoast.com\/product\/yoast-seo-premium-wordpress\/ -->\n<title>Atacante do Flamengo pode estar de sa\u00edda para Europa<\/title>\n<meta name=\"robots\" content=\"index, follow, max-snippet:-1, max-image-preview:large, max-video-preview:-1\" \/>\n<link rel=\"canonical\" href=\"https:\/\/www.gaveanews.com\/index.php\/2025\/10\/25\/atacante-do-flamengo-pode-estar-de-saida-para-europa\/\" \/>\n<meta property=\"og:locale\" content=\"pt_BR\" \/>\n<meta property=\"og:type\" content=\"article\" \/>\n<meta property=\"og:title\" content=\"Atacante do Flamengo pode estar de sa\u00edda para Europa\" \/>\n<meta property=\"og:description\" content=\"Com contrato v\u00e1lido at\u00e9 o fim de 2027, Wallace Yan vive um momento delicado no Flamengo. Revelado pelas categorias de base do clube, o atacante de 20 anos aparece como alvo do Zenit, da R\u00fassia, em meio a um per\u00edodo marcado por problemas disciplinares e desempenho oscilante. A multa rescis\u00f3ria para clubes do exterior, estimada [&hellip;]\" \/>\n<meta property=\"og:url\" content=\"https:\/\/www.gaveanews.com\/index.php\/2025\/10\/25\/atacante-do-flamengo-pode-estar-de-saida-para-europa\/\" \/>\n<meta property=\"og:site_name\" content=\"G\u00e1vea News\" \/>\n<meta property=\"article:publisher\" content=\"https:\/\/facebook.com\/gaveaNews\/\" \/>\n<meta property=\"article:published_time\" content=\"2025-10-25T14:30:00+00:00\" \/>\n<meta property=\"og:image\" content=\"https:\/\/www.gaveanews.com\/wp-content\/uploads\/fachada-do-modulo-profissional-do-ninho-do-urubu-centro-de-treinamento-do-flamengo-1642444901774_v2_1x1.webp\" \/>\n\t<meta property=\"og:image:width\" content=\"1361\" \/>\n\t<meta property=\"og:image:height\" content=\"1363\" \/>\n\t<meta property=\"og:image:type\" content=\"image\/jpeg\" \/>\n<meta name=\"author\" content=\"Reda\u00e7\u00e3o\" \/>\n<meta name=\"twitter:card\" content=\"summary_large_image\" \/>\n<meta name=\"twitter:label1\" content=\"Escrito por\" \/>\n\t<meta name=\"twitter:data1\" content=\"Reda\u00e7\u00e3o\" \/>\n\t<meta name=\"twitter:label2\" content=\"Est. tempo de leitura\" \/>\n\t<meta name=\"twitter:data2\" content=\"3 minutos\" \/>\n<script type=\"application\/ld+json\" class=\"yoast-schema-graph\">{\"@context\":\"https:\/\/schema.org\",\"@graph\":[{\"@type\":\"NewsArticle\",\"@id\":\"https:\/\/www.gaveanews.com\/index.php\/2025\/10\/25\/atacante-do-flamengo-pode-estar-de-saida-para-europa\/#article\",\"isPartOf\":{\"@id\":\"https:\/\/www.gaveanews.com\/index.php\/2025\/10\/25\/atacante-do-flamengo-pode-estar-de-saida-para-europa\/\"},\"author\":{\"name\":\"Reda\u00e7\u00e3o\",\"@id\":\"https:\/\/www.gaveanews.com\/#\/schema\/person\/c88645e3d550d0b6574305e67dd5a716\"},\"headline\":\"Atacante do Flamengo pode estar de sa\u00edda para Europa\",\"datePublished\":\"2025-10-25T14:30:00+00:00\",\"mainEntityOfPage\":{\"@id\":\"https:\/\/www.gaveanews.com\/index.php\/2025\/10\/25\/atacante-do-flamengo-pode-estar-de-saida-para-europa\/\"},\"wordCount\":418,\"commentCount\":0,\"image\":{\"@id\":\"https:\/\/www.gaveanews.com\/index.php\/2025\/10\/25\/atacante-do-flamengo-pode-estar-de-saida-para-europa\/#primaryimage\"},\"thumbnailUrl\":\"https:\/\/www.gaveanews.com\/wp-content\/uploads\/fachada-do-modulo-profissional-do-ninho-do-urubu-centro-de-treinamento-do-flamengo-1642444901774_v2_1x1.webp\",\"articleSection\":[\"Flamengo\"],\"inLanguage\":\"pt-BR\",\"potentialAction\":[{\"@type\":\"CommentAction\",\"name\":\"Comment\",\"target\":[\"https:\/\/www.gaveanews.com\/index.php\/2025\/10\/25\/atacante-do-flamengo-pode-estar-de-saida-para-europa\/#respond\"]}],\"copyrightYear\":\"2025\",\"copyrightHolder\":{\"@id\":\"https:\/\/www.gaveanews.com\/#organization\"}},{\"@type\":\"WebPage\",\"@id\":\"https:\/\/www.gaveanews.com\/index.php\/2025\/10\/25\/atacante-do-flamengo-pode-estar-de-saida-para-europa\/\",\"url\":\"https:\/\/www.gaveanews.com\/index.php\/2025\/10\/25\/atacante-do-flamengo-pode-estar-de-saida-para-europa\/\",\"name\":\"Atacante do Flamengo pode estar de sa\u00edda para Europa\",\"isPartOf\":{\"@id\":\"https:\/\/www.gaveanews.com\/#website\"},\"primaryImageOfPage\":{\"@id\":\"https:\/\/www.gaveanews.com\/index.php\/2025\/10\/25\/atacante-do-flamengo-pode-estar-de-saida-para-europa\/#primaryimage\"},\"image\":{\"@id\":\"https:\/\/www.gaveanews.com\/index.php\/2025\/10\/25\/atacante-do-flamengo-pode-estar-de-saida-para-europa\/#primaryimage\"},\"thumbnailUrl\":\"https:\/\/www.gaveanews.com\/wp-content\/uploads\/fachada-do-modulo-profissional-do-ninho-do-urubu-centro-de-treinamento-do-flamengo-1642444901774_v2_1x1.webp\",\"datePublished\":\"2025-10-25T14:30:00+00:00\",\"author\":{\"@id\":\"https:\/\/www.gaveanews.com\/#\/schema\/person\/c88645e3d550d0b6574305e67dd5a716\"},\"breadcrumb\":{\"@id\":\"https:\/\/www.gaveanews.com\/index.php\/2025\/10\/25\/atacante-do-flamengo-pode-estar-de-saida-para-europa\/#breadcrumb\"},\"inLanguage\":\"pt-BR\",\"potentialAction\":[{\"@type\":\"ReadAction\",\"target\":[\"https:\/\/www.gaveanews.com\/index.php\/2025\/10\/25\/atacante-do-flamengo-pode-estar-de-saida-para-europa\/\"]}]},{\"@type\":\"ImageObject\",\"inLanguage\":\"pt-BR\",\"@id\":\"https:\/\/www.gaveanews.com\/index.php\/2025\/10\/25\/atacante-do-flamengo-pode-estar-de-saida-para-europa\/#primaryimage\",\"url\":\"https:\/\/www.gaveanews.com\/wp-content\/uploads\/fachada-do-modulo-profissional-do-ninho-do-urubu-centro-de-treinamento-do-flamengo-1642444901774_v2_1x1.webp\",\"contentUrl\":\"https:\/\/www.gaveanews.com\/wp-content\/uploads\/fachada-do-modulo-profissional-do-ninho-do-urubu-centro-de-treinamento-do-flamengo-1642444901774_v2_1x1.webp\",\"width\":1361,\"height\":1363,\"caption\":\"CT Ninho do Urubu (Foto: Divulga\u00e7\u00e3o Flamengo)\"},{\"@type\":\"BreadcrumbList\",\"@id\":\"https:\/\/www.gaveanews.com\/index.php\/2025\/10\/25\/atacante-do-flamengo-pode-estar-de-saida-para-europa\/#breadcrumb\",\"itemListElement\":[{\"@type\":\"ListItem\",\"position\":1,\"name\":\"Home\",\"item\":\"https:\/\/www.gaveanews.com\/\"},{\"@type\":\"ListItem\",\"position\":2,\"name\":\"Atacante do Flamengo pode estar de sa\u00edda para Europa\"}]},{\"@type\":\"WebSite\",\"@id\":\"https:\/\/www.gaveanews.com\/#website\",\"url\":\"https:\/\/www.gaveanews.com\/\",\"name\":\"G\u00e1vea News\",\"description\":\"Veja todas as not\u00edcias sobre o Flamengo: Contrata\u00e7\u00f5es, categorias de base, resultados das partidas, tabela de classifica\u00e7\u00e3o, pr\u00f3ximos jogos!\",\"potentialAction\":[{\"@type\":\"SearchAction\",\"target\":{\"@type\":\"EntryPoint\",\"urlTemplate\":\"https:\/\/www.gaveanews.com\/?s={search_term_string}\"},\"query-input\":{\"@type\":\"PropertyValueSpecification\",\"valueRequired\":true,\"valueName\":\"search_term_string\"}}],\"inLanguage\":\"pt-BR\"},{\"@type\":\"Person\",\"@id\":\"https:\/\/www.gaveanews.com\/#\/schema\/person\/c88645e3d550d0b6574305e67dd5a716\",\"name\":\"Reda\u00e7\u00e3o\",\"image\":{\"@type\":\"ImageObject\",\"inLanguage\":\"pt-BR\",\"@id\":\"https:\/\/www.gaveanews.com\/#\/schema\/person\/image\/\",\"url\":\"https:\/\/secure.gravatar.com\/avatar\/434098fd823f0dc1b062d14ca22bacaa6e38de28d8c816bbef6fc2f8c44d8ba3?s=96&d=mm&r=g\",\"contentUrl\":\"https:\/\/secure.gravatar.com\/avatar\/434098fd823f0dc1b062d14ca22bacaa6e38de28d8c816bbef6fc2f8c44d8ba3?s=96&d=mm&r=g\",\"caption\":\"Reda\u00e7\u00e3o\"}}]}<\/script>\n<!-- \/ Yoast SEO Premium plugin. -->","yoast_head_json":{"title":"Atacante do Flamengo pode estar de sa\u00edda para Europa","robots":{"index":"index","follow":"follow","max-snippet":"max-snippet:-1","max-image-preview":"max-image-preview:large","max-video-preview":"max-video-preview:-1"},"canonical":"https:\/\/www.gaveanews.com\/index.php\/2025\/10\/25\/atacante-do-flamengo-pode-estar-de-saida-para-europa\/","og_locale":"pt_BR","og_type":"article","og_title":"Atacante do Flamengo pode estar de sa\u00edda para Europa","og_description":"Com contrato v\u00e1lido at\u00e9 o fim de 2027, Wallace Yan vive um momento delicado no Flamengo. Revelado pelas categorias de base do clube, o atacante de 20 anos aparece como alvo do Zenit, da R\u00fassia, em meio a um per\u00edodo marcado por problemas disciplinares e desempenho oscilante. A multa rescis\u00f3ria para clubes do exterior, estimada [&hellip;]","og_url":"https:\/\/www.gaveanews.com\/index.php\/2025\/10\/25\/atacante-do-flamengo-pode-estar-de-saida-para-europa\/","og_site_name":"G\u00e1vea News","article_publisher":"https:\/\/facebook.com\/gaveaNews\/","article_published_time":"2025-10-25T14:30:00+00:00","og_image":[{"width":1361,"height":1363,"url":"https:\/\/www.gaveanews.com\/wp-content\/uploads\/fachada-do-modulo-profissional-do-ninho-do-urubu-centro-de-treinamento-do-flamengo-1642444901774_v2_1x1.webp","type":"image\/jpeg"}],"author":"Reda\u00e7\u00e3o","twitter_card":"summary_large_image","twitter_misc":{"Escrito por":"Reda\u00e7\u00e3o","Est. tempo de leitura":"3 minutos"},"schema":{"@context":"https:\/\/schema.org","@graph":[{"@type":"NewsArticle","@id":"https:\/\/www.gaveanews.com\/index.php\/2025\/10\/25\/atacante-do-flamengo-pode-estar-de-saida-para-europa\/#article","isPartOf":{"@id":"https:\/\/www.gaveanews.com\/index.php\/2025\/10\/25\/atacante-do-flamengo-pode-estar-de-saida-para-europa\/"},"author":{"name":"Reda\u00e7\u00e3o","@id":"https:\/\/www.gaveanews.com\/#\/schema\/person\/c88645e3d550d0b6574305e67dd5a716"},"headline":"Atacante do Flamengo pode estar de sa\u00edda para Europa","datePublished":"2025-10-25T14:30:00+00:00","mainEntityOfPage":{"@id":"https:\/\/www.gaveanews.com\/index.php\/2025\/10\/25\/atacante-do-flamengo-pode-estar-de-saida-para-europa\/"},"wordCount":418,"commentCount":0,"image":{"@id":"https:\/\/www.gaveanews.com\/index.php\/2025\/10\/25\/atacante-do-flamengo-pode-estar-de-saida-para-europa\/#primaryimage"},"thumbnailUrl":"https:\/\/www.gaveanews.com\/wp-content\/uploads\/fachada-do-modulo-profissional-do-ninho-do-urubu-centro-de-treinamento-do-flamengo-1642444901774_v2_1x1.webp","articleSection":["Flamengo"],"inLanguage":"pt-BR","potentialAction":[{"@type":"CommentAction","name":"Comment","target":["https:\/\/www.gaveanews.com\/index.php\/2025\/10\/25\/atacante-do-flamengo-pode-estar-de-saida-para-europa\/#respond"]}],"copyrightYear":"2025","copyrightHolder":{"@id":"https:\/\/www.gaveanews.com\/#organization"}},{"@type":"WebPage","@id":"https:\/\/www.gaveanews.com\/index.php\/2025\/10\/25\/atacante-do-flamengo-pode-estar-de-saida-para-europa\/","url":"https:\/\/www.gaveanews.com\/index.php\/2025\/10\/25\/atacante-do-flamengo-pode-estar-de-saida-para-europa\/","name":"Atacante do Flamengo pode estar de sa\u00edda para Europa","isPartOf":{"@id":"https:\/\/www.gaveanews.com\/#website"},"primaryImageOfPage":{"@id":"https:\/\/www.gaveanews.com\/index.php\/2025\/10\/25\/atacante-do-flamengo-pode-estar-de-saida-para-europa\/#primaryimage"},"image":{"@id":"https:\/\/www.gaveanews.com\/index.php\/2025\/10\/25\/atacante-do-flamengo-pode-estar-de-saida-para-europa\/#primaryimage"},"thumbnailUrl":"https:\/\/www.gaveanews.com\/wp-content\/uploads\/fachada-do-modulo-profissional-do-ninho-do-urubu-centro-de-treinamento-do-flamengo-1642444901774_v2_1x1.webp","datePublished":"2025-10-25T14:30:00+00:00","author":{"@id":"https:\/\/www.gaveanews.com\/#\/schema\/person\/c88645e3d550d0b6574305e67dd5a716"},"breadcrumb":{"@id":"https:\/\/www.gaveanews.com\/index.php\/2025\/10\/25\/atacante-do-flamengo-pode-estar-de-saida-para-europa\/#breadcrumb"},"inLanguage":"pt-BR","potentialAction":[{"@type":"ReadAction","target":["https:\/\/www.gaveanews.com\/index.php\/2025\/10\/25\/atacante-do-flamengo-pode-estar-de-saida-para-europa\/"]}]},{"@type":"ImageObject","inLanguage":"pt-BR","@id":"https:\/\/www.gaveanews.com\/index.php\/2025\/10\/25\/atacante-do-flamengo-pode-estar-de-saida-para-europa\/#primaryimage","url":"https:\/\/www.gaveanews.com\/wp-content\/uploads\/fachada-do-modulo-profissional-do-ninho-do-urubu-centro-de-treinamento-do-flamengo-1642444901774_v2_1x1.webp","contentUrl":"https:\/\/www.gaveanews.com\/wp-content\/uploads\/fachada-do-modulo-profissional-do-ninho-do-urubu-centro-de-treinamento-do-flamengo-1642444901774_v2_1x1.webp","width":1361,"height":1363,"caption":"CT Ninho do Urubu (Foto: Divulga\u00e7\u00e3o Flamengo)"},{"@type":"BreadcrumbList","@id":"https:\/\/www.gaveanews.com\/index.php\/2025\/10\/25\/atacante-do-flamengo-pode-estar-de-saida-para-europa\/#breadcrumb","itemListElement":[{"@type":"ListItem","position":1,"name":"Home","item":"https:\/\/www.gaveanews.com\/"},{"@type":"ListItem","position":2,"name":"Atacante do Flamengo pode estar de sa\u00edda para Europa"}]},{"@type":"WebSite","@id":"https:\/\/www.gaveanews.com\/#website","url":"https:\/\/www.gaveanews.com\/","name":"G\u00e1vea News","description":"Veja todas as not\u00edcias sobre o Flamengo: Contrata\u00e7\u00f5es, categorias de base, resultados das partidas, tabela de classifica\u00e7\u00e3o, pr\u00f3ximos jogos!","potentialAction":[{"@type":"SearchAction","target":{"@type":"EntryPoint","urlTemplate":"https:\/\/www.gaveanews.com\/?s={search_term_string}"},"query-input":{"@type":"PropertyValueSpecification","valueRequired":true,"valueName":"search_term_string"}}],"inLanguage":"pt-BR"},{"@type":"Person","@id":"https:\/\/www.gaveanews.com\/#\/schema\/person\/c88645e3d550d0b6574305e67dd5a716","name":"Reda\u00e7\u00e3o","image":{"@type":"ImageObject","inLanguage":"pt-BR","@id":"https:\/\/www.gaveanews.com\/#\/schema\/person\/image\/","url":"https:\/\/secure.gravatar.com\/avatar\/434098fd823f0dc1b062d14ca22bacaa6e38de28d8c816bbef6fc2f8c44d8ba3?s=96&d=mm&r=g","contentUrl":"https:\/\/secure.gravatar.com\/avatar\/434098fd823f0dc1b062d14ca22bacaa6e38de28d8c816bbef6fc2f8c44d8ba3?s=96&d=mm&r=g","caption":"Reda\u00e7\u00e3o"}}]}},"_links":{"self":[{"href":"https:\/\/www.gaveanews.com\/index.php\/wp-json\/wp\/v2\/posts\/279248","targetHints":{"allow":["GET"]}}],"collection":[{"href":"https:\/\/www.gaveanews.com\/index.php\/wp-json\/wp\/v2\/posts"}],"about":[{"href":"https:\/\/www.gaveanews.com\/index.php\/wp-json\/wp\/v2\/types\/post"}],"author":[{"embeddable":true,"href":"https:\/\/www.gaveanews.com\/index.php\/wp-json\/wp\/v2\/users\/39"}],"replies":[{"embeddable":true,"href":"https:\/\/www.gaveanews.com\/index.php\/wp-json\/wp\/v2\/comments?post=279248"}],"version-history":[{"count":1,"href":"https:\/\/www.gaveanews.com\/index.php\/wp-json\/wp\/v2\/posts\/279248\/revisions"}],"predecessor-version":[{"id":279267,"href":"https:\/\/www.gaveanews.com\/index.php\/wp-json\/wp\/v2\/posts\/279248\/revisions\/279267"}],"wp:featuredmedia":[{"embeddable":true,"href":"https:\/\/www.gaveanews.com\/index.php\/wp-json\/wp\/v2\/media\/213513"}],"wp:attachment":[{"href":"https:\/\/www.gaveanews.com\/index.php\/wp-json\/wp\/v2\/media?parent=279248"}],"wp:term":[{"taxonomy":"category","embeddable":true,"href":"https:\/\/www.gaveanews.com\/index.php\/wp-json\/wp\/v2\/categories?post=279248"},{"taxonomy":"post_tag","embeddable":true,"href":"https:\/\/www.gaveanews.com\/index.php\/wp-json\/wp\/v2\/tags?post=279248"}],"curies":[{"name":"wp","href":"https:\/\/api.w.org\/{rel}","templated":true}]}}