{"id":279249,"date":"2025-10-25T12:30:00","date_gmt":"2025-10-25T15:30:00","guid":{"rendered":"https:\/\/www.gaveanews.com\/?p=279249"},"modified":"2025-10-25T11:10:34","modified_gmt":"2025-10-25T14:10:34","slug":"fortaleza-x-flamengo-defesa-do-consumidor-entra-em-acao-contra-alto-preco-dos-ingressos","status":"publish","type":"post","link":"https:\/\/www.gaveanews.com\/index.php\/2025\/10\/25\/fortaleza-x-flamengo-defesa-do-consumidor-entra-em-acao-contra-alto-preco-dos-ingressos\/","title":{"rendered":"Fortaleza x Flamengo: Defesa do Consumidor entra em a\u00e7\u00e3o contra alto pre\u00e7o dos ingressos"},"content":{"rendered":"\n<p>O Fortaleza Esporte Clube tornou-se alvo de investiga\u00e7\u00e3o por parte do Programa Estadual de Prote\u00e7\u00e3o e Defesa do Consumidor (Decon), vinculado ao Minist\u00e9rio P\u00fablico do Estado do Cear\u00e1 (MPCE). O procedimento foi instaurado na quarta-feira (23 de outubro), ap\u00f3s den\u00fancias de torcedores apontarem aumentos considerados excessivos no pre\u00e7o dos ingressos destinados \u00e0 torcida visitante, especificamente para o confronto diante do Flamengo, pelo Campeonato Brasileiro.<\/p>\n\n\n\n<p>O embasamento do processo decorre de uma disparidade nos valores praticados pelo clube cearense nas \u00faltimas rodadas do torneio. Para o duelo contra o Flamengo, marcado para s\u00e1bado (25 de outubro), \u00e0s 19h30 (hor\u00e1rio de Bras\u00edlia), na Arena Castel\u00e3o, os ingressos para o setor visitante est\u00e3o sendo vendidos a R$ 250 (inteira). Em contrapartida, em partidas recentes realizadas no mesmo est\u00e1dio, os pre\u00e7os foram consideravelmente menores: R$ 100 contra o Mirassol, em 24 de agosto, e R$ 150 frente ao Vasco, em 15 de outubro.<\/p>\n\n\n\n<p>A discrep\u00e2ncia entre os valores chamou a aten\u00e7\u00e3o do Decon, que alegou poss\u00edveis infra\u00e7\u00f5es ao C\u00f3digo de Defesa do Consumidor, especialmente no que diz respeito aos princ\u00edpios da razoabilidade e da transpar\u00eancia. O \u00f3rg\u00e3o ressaltou que as pr\u00e1ticas comerciais devem respeitar o poder aquisitivo da popula\u00e7\u00e3o e estar em conformidade com a legisla\u00e7\u00e3o vigente.<\/p>\n\n\n\n<p>Em nota oficial, o Minist\u00e9rio P\u00fablico do Cear\u00e1 explicou que \u201ca pr\u00e1tica viola o C\u00f3digo de Defesa do Consumidor, especialmente os princ\u00edpios da razoabilidade e da transpar\u00eancia, e objetiva garantir que os pre\u00e7os praticados estejam em conformidade com a legisla\u00e7\u00e3o e respeitem o poder aquisitivo da popula\u00e7\u00e3o\u201d. O clube foi notificado e tem o prazo de at\u00e9 20 dias para apresentar sua resposta ao procedimento instaurado.<\/p>\n\n\n\n<p>Atualmente, o Fortaleza disponibilizou 58.399 ingressos para a partida, sendo 9.655 reservados \u00e0 torcida visitante, o que representa pouco mais de 16% da capacidade total do Castel\u00e3o. Os torcedores do Flamengo ficar\u00e3o posicionados no setor Superior Norte.<\/p>\n\n\n\n<p>Em compara\u00e7\u00e3o com os demais setores do est\u00e1dio, os valores para os visitantes est\u00e3o entre os mais altos. Por exemplo, entradas para os setores Inferior Norte e Sul custam R$ 10 (meia) e R$ 20 (inteira), enquanto setores como o Especial e o Superior Central apresentam pre\u00e7os de R$ 20 e R$ 30, respectivamente. O ingresso mais caro \u00e9 o do setor Premium, com pre\u00e7os que chegam a R$ 300.<\/p>\n\n\n\n<p>A atua\u00e7\u00e3o do Decon nesse caso demonstra uma fiscaliza\u00e7\u00e3o mais rigorosa sobre os crit\u00e9rios adotados pelos clubes na defini\u00e7\u00e3o dos pre\u00e7os de bilhetes, sobretudo em partidas com grande apelo de p\u00fablico. O MPCE informou ainda que permanece aberto para receber den\u00fancias e prestar esclarecimentos sobre o caso.<\/p>\n","protected":false},"excerpt":{"rendered":"<p>O Fortaleza Esporte Clube tornou-se alvo de investiga\u00e7\u00e3o por parte do Programa Estadual de Prote\u00e7\u00e3o e Defesa do Consumidor (Decon), vinculado ao Minist\u00e9rio P\u00fablico do Estado do Cear\u00e1 (MPCE). O procedimento foi instaurado na quarta-feira (23 de outubro), ap\u00f3s den\u00fancias de torcedores apontarem aumentos considerados excessivos no pre\u00e7o dos ingressos destinados \u00e0 torcida visitante, especificamente [&hellip;]<\/p>\n","protected":false},"author":39,"featured_media":279261,"comment_status":"open","ping_status":"closed","sticky":false,"template":"","format":"standard","meta":{"footnotes":""},"categories":[1],"tags":[],"class_list":["post-279249","post","type-post","status-publish","format-standard","has-post-thumbnail","hentry","category-flamengo"],"yoast_head":"<!-- This site is optimized with the Yoast SEO Premium plugin v24.2 (Yoast SEO v26.9) - https:\/\/yoast.com\/product\/yoast-seo-premium-wordpress\/ -->\n<title>Fortaleza x Flamengo: Defesa do Consumidor entra em a\u00e7\u00e3o contra alto pre\u00e7o dos ingressos<\/title>\n<meta name=\"robots\" content=\"index, follow, max-snippet:-1, max-image-preview:large, max-video-preview:-1\" \/>\n<link rel=\"canonical\" href=\"https:\/\/www.gaveanews.com\/index.php\/2025\/10\/25\/fortaleza-x-flamengo-defesa-do-consumidor-entra-em-acao-contra-alto-preco-dos-ingressos\/\" \/>\n<meta property=\"og:locale\" content=\"pt_BR\" \/>\n<meta property=\"og:type\" content=\"article\" \/>\n<meta property=\"og:title\" content=\"Fortaleza x Flamengo: Defesa do Consumidor entra em a\u00e7\u00e3o contra alto pre\u00e7o dos ingressos\" \/>\n<meta property=\"og:description\" content=\"O Fortaleza Esporte Clube tornou-se alvo de investiga\u00e7\u00e3o por parte do Programa Estadual de Prote\u00e7\u00e3o e Defesa do Consumidor (Decon), vinculado ao Minist\u00e9rio P\u00fablico do Estado do Cear\u00e1 (MPCE). O procedimento foi instaurado na quarta-feira (23 de outubro), ap\u00f3s den\u00fancias de torcedores apontarem aumentos considerados excessivos no pre\u00e7o dos ingressos destinados \u00e0 torcida visitante, especificamente [&hellip;]\" \/>\n<meta property=\"og:url\" content=\"https:\/\/www.gaveanews.com\/index.php\/2025\/10\/25\/fortaleza-x-flamengo-defesa-do-consumidor-entra-em-acao-contra-alto-preco-dos-ingressos\/\" \/>\n<meta property=\"og:site_name\" content=\"G\u00e1vea News\" \/>\n<meta property=\"article:publisher\" content=\"https:\/\/facebook.com\/gaveaNews\/\" \/>\n<meta property=\"article:published_time\" content=\"2025-10-25T15:30:00+00:00\" \/>\n<meta property=\"og:image\" content=\"https:\/\/www.gaveanews.com\/wp-content\/uploads\/Flamengo-x-Fortaleza-Brasileirao-2025.png\" \/>\n\t<meta property=\"og:image:width\" content=\"1200\" \/>\n\t<meta property=\"og:image:height\" content=\"900\" \/>\n\t<meta property=\"og:image:type\" content=\"image\/png\" \/>\n<meta name=\"author\" content=\"Reda\u00e7\u00e3o\" \/>\n<meta name=\"twitter:card\" content=\"summary_large_image\" \/>\n<meta name=\"twitter:label1\" content=\"Escrito por\" \/>\n\t<meta name=\"twitter:data1\" content=\"Reda\u00e7\u00e3o\" \/>\n\t<meta name=\"twitter:label2\" content=\"Est. tempo de leitura\" \/>\n\t<meta name=\"twitter:data2\" content=\"3 minutos\" \/>\n<script type=\"application\/ld+json\" class=\"yoast-schema-graph\">{\"@context\":\"https:\/\/schema.org\",\"@graph\":[{\"@type\":\"NewsArticle\",\"@id\":\"https:\/\/www.gaveanews.com\/index.php\/2025\/10\/25\/fortaleza-x-flamengo-defesa-do-consumidor-entra-em-acao-contra-alto-preco-dos-ingressos\/#article\",\"isPartOf\":{\"@id\":\"https:\/\/www.gaveanews.com\/index.php\/2025\/10\/25\/fortaleza-x-flamengo-defesa-do-consumidor-entra-em-acao-contra-alto-preco-dos-ingressos\/\"},\"author\":{\"name\":\"Reda\u00e7\u00e3o\",\"@id\":\"https:\/\/www.gaveanews.com\/#\/schema\/person\/c88645e3d550d0b6574305e67dd5a716\"},\"headline\":\"Fortaleza x Flamengo: Defesa do Consumidor entra em a\u00e7\u00e3o contra alto pre\u00e7o dos ingressos\",\"datePublished\":\"2025-10-25T15:30:00+00:00\",\"mainEntityOfPage\":{\"@id\":\"https:\/\/www.gaveanews.com\/index.php\/2025\/10\/25\/fortaleza-x-flamengo-defesa-do-consumidor-entra-em-acao-contra-alto-preco-dos-ingressos\/\"},\"wordCount\":468,\"commentCount\":0,\"image\":{\"@id\":\"https:\/\/www.gaveanews.com\/index.php\/2025\/10\/25\/fortaleza-x-flamengo-defesa-do-consumidor-entra-em-acao-contra-alto-preco-dos-ingressos\/#primaryimage\"},\"thumbnailUrl\":\"https:\/\/www.gaveanews.com\/wp-content\/uploads\/Flamengo-x-Fortaleza-Brasileirao-2025.png\",\"articleSection\":[\"Flamengo\"],\"inLanguage\":\"pt-BR\",\"potentialAction\":[{\"@type\":\"CommentAction\",\"name\":\"Comment\",\"target\":[\"https:\/\/www.gaveanews.com\/index.php\/2025\/10\/25\/fortaleza-x-flamengo-defesa-do-consumidor-entra-em-acao-contra-alto-preco-dos-ingressos\/#respond\"]}],\"copyrightYear\":\"2025\",\"copyrightHolder\":{\"@id\":\"https:\/\/www.gaveanews.com\/#organization\"}},{\"@type\":\"WebPage\",\"@id\":\"https:\/\/www.gaveanews.com\/index.php\/2025\/10\/25\/fortaleza-x-flamengo-defesa-do-consumidor-entra-em-acao-contra-alto-preco-dos-ingressos\/\",\"url\":\"https:\/\/www.gaveanews.com\/index.php\/2025\/10\/25\/fortaleza-x-flamengo-defesa-do-consumidor-entra-em-acao-contra-alto-preco-dos-ingressos\/\",\"name\":\"Fortaleza x Flamengo: Defesa do Consumidor entra em a\u00e7\u00e3o contra alto pre\u00e7o dos ingressos\",\"isPartOf\":{\"@id\":\"https:\/\/www.gaveanews.com\/#website\"},\"primaryImageOfPage\":{\"@id\":\"https:\/\/www.gaveanews.com\/index.php\/2025\/10\/25\/fortaleza-x-flamengo-defesa-do-consumidor-entra-em-acao-contra-alto-preco-dos-ingressos\/#primaryimage\"},\"image\":{\"@id\":\"https:\/\/www.gaveanews.com\/index.php\/2025\/10\/25\/fortaleza-x-flamengo-defesa-do-consumidor-entra-em-acao-contra-alto-preco-dos-ingressos\/#primaryimage\"},\"thumbnailUrl\":\"https:\/\/www.gaveanews.com\/wp-content\/uploads\/Flamengo-x-Fortaleza-Brasileirao-2025.png\",\"datePublished\":\"2025-10-25T15:30:00+00:00\",\"author\":{\"@id\":\"https:\/\/www.gaveanews.com\/#\/schema\/person\/c88645e3d550d0b6574305e67dd5a716\"},\"breadcrumb\":{\"@id\":\"https:\/\/www.gaveanews.com\/index.php\/2025\/10\/25\/fortaleza-x-flamengo-defesa-do-consumidor-entra-em-acao-contra-alto-preco-dos-ingressos\/#breadcrumb\"},\"inLanguage\":\"pt-BR\",\"potentialAction\":[{\"@type\":\"ReadAction\",\"target\":[\"https:\/\/www.gaveanews.com\/index.php\/2025\/10\/25\/fortaleza-x-flamengo-defesa-do-consumidor-entra-em-acao-contra-alto-preco-dos-ingressos\/\"]}]},{\"@type\":\"ImageObject\",\"inLanguage\":\"pt-BR\",\"@id\":\"https:\/\/www.gaveanews.com\/index.php\/2025\/10\/25\/fortaleza-x-flamengo-defesa-do-consumidor-entra-em-acao-contra-alto-preco-dos-ingressos\/#primaryimage\",\"url\":\"https:\/\/www.gaveanews.com\/wp-content\/uploads\/Flamengo-x-Fortaleza-Brasileirao-2025.png\",\"contentUrl\":\"https:\/\/www.gaveanews.com\/wp-content\/uploads\/Flamengo-x-Fortaleza-Brasileirao-2025.png\",\"width\":1200,\"height\":900,\"caption\":\"Flamengo x Fortaleza - Brasileir\u00e3o 2025 (Fotos: Gilvan de Souza\/Flamengo)\"},{\"@type\":\"BreadcrumbList\",\"@id\":\"https:\/\/www.gaveanews.com\/index.php\/2025\/10\/25\/fortaleza-x-flamengo-defesa-do-consumidor-entra-em-acao-contra-alto-preco-dos-ingressos\/#breadcrumb\",\"itemListElement\":[{\"@type\":\"ListItem\",\"position\":1,\"name\":\"Home\",\"item\":\"https:\/\/www.gaveanews.com\/\"},{\"@type\":\"ListItem\",\"position\":2,\"name\":\"Fortaleza x Flamengo: Defesa do Consumidor entra em a\u00e7\u00e3o contra alto pre\u00e7o dos ingressos\"}]},{\"@type\":\"WebSite\",\"@id\":\"https:\/\/www.gaveanews.com\/#website\",\"url\":\"https:\/\/www.gaveanews.com\/\",\"name\":\"G\u00e1vea News\",\"description\":\"Veja todas as not\u00edcias sobre o Flamengo: Contrata\u00e7\u00f5es, categorias de base, resultados das partidas, tabela de classifica\u00e7\u00e3o, pr\u00f3ximos jogos!\",\"potentialAction\":[{\"@type\":\"SearchAction\",\"target\":{\"@type\":\"EntryPoint\",\"urlTemplate\":\"https:\/\/www.gaveanews.com\/?s={search_term_string}\"},\"query-input\":{\"@type\":\"PropertyValueSpecification\",\"valueRequired\":true,\"valueName\":\"search_term_string\"}}],\"inLanguage\":\"pt-BR\"},{\"@type\":\"Person\",\"@id\":\"https:\/\/www.gaveanews.com\/#\/schema\/person\/c88645e3d550d0b6574305e67dd5a716\",\"name\":\"Reda\u00e7\u00e3o\",\"image\":{\"@type\":\"ImageObject\",\"inLanguage\":\"pt-BR\",\"@id\":\"https:\/\/www.gaveanews.com\/#\/schema\/person\/image\/\",\"url\":\"https:\/\/secure.gravatar.com\/avatar\/434098fd823f0dc1b062d14ca22bacaa6e38de28d8c816bbef6fc2f8c44d8ba3?s=96&d=mm&r=g\",\"contentUrl\":\"https:\/\/secure.gravatar.com\/avatar\/434098fd823f0dc1b062d14ca22bacaa6e38de28d8c816bbef6fc2f8c44d8ba3?s=96&d=mm&r=g\",\"caption\":\"Reda\u00e7\u00e3o\"}}]}<\/script>\n<!-- \/ Yoast SEO Premium plugin. -->","yoast_head_json":{"title":"Fortaleza x Flamengo: Defesa do Consumidor entra em a\u00e7\u00e3o contra alto pre\u00e7o dos ingressos","robots":{"index":"index","follow":"follow","max-snippet":"max-snippet:-1","max-image-preview":"max-image-preview:large","max-video-preview":"max-video-preview:-1"},"canonical":"https:\/\/www.gaveanews.com\/index.php\/2025\/10\/25\/fortaleza-x-flamengo-defesa-do-consumidor-entra-em-acao-contra-alto-preco-dos-ingressos\/","og_locale":"pt_BR","og_type":"article","og_title":"Fortaleza x Flamengo: Defesa do Consumidor entra em a\u00e7\u00e3o contra alto pre\u00e7o dos ingressos","og_description":"O Fortaleza Esporte Clube tornou-se alvo de investiga\u00e7\u00e3o por parte do Programa Estadual de Prote\u00e7\u00e3o e Defesa do Consumidor (Decon), vinculado ao Minist\u00e9rio P\u00fablico do Estado do Cear\u00e1 (MPCE). O procedimento foi instaurado na quarta-feira (23 de outubro), ap\u00f3s den\u00fancias de torcedores apontarem aumentos considerados excessivos no pre\u00e7o dos ingressos destinados \u00e0 torcida visitante, especificamente [&hellip;]","og_url":"https:\/\/www.gaveanews.com\/index.php\/2025\/10\/25\/fortaleza-x-flamengo-defesa-do-consumidor-entra-em-acao-contra-alto-preco-dos-ingressos\/","og_site_name":"G\u00e1vea News","article_publisher":"https:\/\/facebook.com\/gaveaNews\/","article_published_time":"2025-10-25T15:30:00+00:00","og_image":[{"width":1200,"height":900,"url":"https:\/\/www.gaveanews.com\/wp-content\/uploads\/Flamengo-x-Fortaleza-Brasileirao-2025.png","type":"image\/png"}],"author":"Reda\u00e7\u00e3o","twitter_card":"summary_large_image","twitter_misc":{"Escrito por":"Reda\u00e7\u00e3o","Est. tempo de leitura":"3 minutos"},"schema":{"@context":"https:\/\/schema.org","@graph":[{"@type":"NewsArticle","@id":"https:\/\/www.gaveanews.com\/index.php\/2025\/10\/25\/fortaleza-x-flamengo-defesa-do-consumidor-entra-em-acao-contra-alto-preco-dos-ingressos\/#article","isPartOf":{"@id":"https:\/\/www.gaveanews.com\/index.php\/2025\/10\/25\/fortaleza-x-flamengo-defesa-do-consumidor-entra-em-acao-contra-alto-preco-dos-ingressos\/"},"author":{"name":"Reda\u00e7\u00e3o","@id":"https:\/\/www.gaveanews.com\/#\/schema\/person\/c88645e3d550d0b6574305e67dd5a716"},"headline":"Fortaleza x Flamengo: Defesa do Consumidor entra em a\u00e7\u00e3o contra alto pre\u00e7o dos ingressos","datePublished":"2025-10-25T15:30:00+00:00","mainEntityOfPage":{"@id":"https:\/\/www.gaveanews.com\/index.php\/2025\/10\/25\/fortaleza-x-flamengo-defesa-do-consumidor-entra-em-acao-contra-alto-preco-dos-ingressos\/"},"wordCount":468,"commentCount":0,"image":{"@id":"https:\/\/www.gaveanews.com\/index.php\/2025\/10\/25\/fortaleza-x-flamengo-defesa-do-consumidor-entra-em-acao-contra-alto-preco-dos-ingressos\/#primaryimage"},"thumbnailUrl":"https:\/\/www.gaveanews.com\/wp-content\/uploads\/Flamengo-x-Fortaleza-Brasileirao-2025.png","articleSection":["Flamengo"],"inLanguage":"pt-BR","potentialAction":[{"@type":"CommentAction","name":"Comment","target":["https:\/\/www.gaveanews.com\/index.php\/2025\/10\/25\/fortaleza-x-flamengo-defesa-do-consumidor-entra-em-acao-contra-alto-preco-dos-ingressos\/#respond"]}],"copyrightYear":"2025","copyrightHolder":{"@id":"https:\/\/www.gaveanews.com\/#organization"}},{"@type":"WebPage","@id":"https:\/\/www.gaveanews.com\/index.php\/2025\/10\/25\/fortaleza-x-flamengo-defesa-do-consumidor-entra-em-acao-contra-alto-preco-dos-ingressos\/","url":"https:\/\/www.gaveanews.com\/index.php\/2025\/10\/25\/fortaleza-x-flamengo-defesa-do-consumidor-entra-em-acao-contra-alto-preco-dos-ingressos\/","name":"Fortaleza x Flamengo: Defesa do Consumidor entra em a\u00e7\u00e3o contra alto pre\u00e7o dos ingressos","isPartOf":{"@id":"https:\/\/www.gaveanews.com\/#website"},"primaryImageOfPage":{"@id":"https:\/\/www.gaveanews.com\/index.php\/2025\/10\/25\/fortaleza-x-flamengo-defesa-do-consumidor-entra-em-acao-contra-alto-preco-dos-ingressos\/#primaryimage"},"image":{"@id":"https:\/\/www.gaveanews.com\/index.php\/2025\/10\/25\/fortaleza-x-flamengo-defesa-do-consumidor-entra-em-acao-contra-alto-preco-dos-ingressos\/#primaryimage"},"thumbnailUrl":"https:\/\/www.gaveanews.com\/wp-content\/uploads\/Flamengo-x-Fortaleza-Brasileirao-2025.png","datePublished":"2025-10-25T15:30:00+00:00","author":{"@id":"https:\/\/www.gaveanews.com\/#\/schema\/person\/c88645e3d550d0b6574305e67dd5a716"},"breadcrumb":{"@id":"https:\/\/www.gaveanews.com\/index.php\/2025\/10\/25\/fortaleza-x-flamengo-defesa-do-consumidor-entra-em-acao-contra-alto-preco-dos-ingressos\/#breadcrumb"},"inLanguage":"pt-BR","potentialAction":[{"@type":"ReadAction","target":["https:\/\/www.gaveanews.com\/index.php\/2025\/10\/25\/fortaleza-x-flamengo-defesa-do-consumidor-entra-em-acao-contra-alto-preco-dos-ingressos\/"]}]},{"@type":"ImageObject","inLanguage":"pt-BR","@id":"https:\/\/www.gaveanews.com\/index.php\/2025\/10\/25\/fortaleza-x-flamengo-defesa-do-consumidor-entra-em-acao-contra-alto-preco-dos-ingressos\/#primaryimage","url":"https:\/\/www.gaveanews.com\/wp-content\/uploads\/Flamengo-x-Fortaleza-Brasileirao-2025.png","contentUrl":"https:\/\/www.gaveanews.com\/wp-content\/uploads\/Flamengo-x-Fortaleza-Brasileirao-2025.png","width":1200,"height":900,"caption":"Flamengo x Fortaleza - Brasileir\u00e3o 2025 (Fotos: Gilvan de Souza\/Flamengo)"},{"@type":"BreadcrumbList","@id":"https:\/\/www.gaveanews.com\/index.php\/2025\/10\/25\/fortaleza-x-flamengo-defesa-do-consumidor-entra-em-acao-contra-alto-preco-dos-ingressos\/#breadcrumb","itemListElement":[{"@type":"ListItem","position":1,"name":"Home","item":"https:\/\/www.gaveanews.com\/"},{"@type":"ListItem","position":2,"name":"Fortaleza x Flamengo: Defesa do Consumidor entra em a\u00e7\u00e3o contra alto pre\u00e7o dos ingressos"}]},{"@type":"WebSite","@id":"https:\/\/www.gaveanews.com\/#website","url":"https:\/\/www.gaveanews.com\/","name":"G\u00e1vea News","description":"Veja todas as not\u00edcias sobre o Flamengo: Contrata\u00e7\u00f5es, categorias de base, resultados das partidas, tabela de classifica\u00e7\u00e3o, pr\u00f3ximos jogos!","potentialAction":[{"@type":"SearchAction","target":{"@type":"EntryPoint","urlTemplate":"https:\/\/www.gaveanews.com\/?s={search_term_string}"},"query-input":{"@type":"PropertyValueSpecification","valueRequired":true,"valueName":"search_term_string"}}],"inLanguage":"pt-BR"},{"@type":"Person","@id":"https:\/\/www.gaveanews.com\/#\/schema\/person\/c88645e3d550d0b6574305e67dd5a716","name":"Reda\u00e7\u00e3o","image":{"@type":"ImageObject","inLanguage":"pt-BR","@id":"https:\/\/www.gaveanews.com\/#\/schema\/person\/image\/","url":"https:\/\/secure.gravatar.com\/avatar\/434098fd823f0dc1b062d14ca22bacaa6e38de28d8c816bbef6fc2f8c44d8ba3?s=96&d=mm&r=g","contentUrl":"https:\/\/secure.gravatar.com\/avatar\/434098fd823f0dc1b062d14ca22bacaa6e38de28d8c816bbef6fc2f8c44d8ba3?s=96&d=mm&r=g","caption":"Reda\u00e7\u00e3o"}}]}},"_links":{"self":[{"href":"https:\/\/www.gaveanews.com\/index.php\/wp-json\/wp\/v2\/posts\/279249","targetHints":{"allow":["GET"]}}],"collection":[{"href":"https:\/\/www.gaveanews.com\/index.php\/wp-json\/wp\/v2\/posts"}],"about":[{"href":"https:\/\/www.gaveanews.com\/index.php\/wp-json\/wp\/v2\/types\/post"}],"author":[{"embeddable":true,"href":"https:\/\/www.gaveanews.com\/index.php\/wp-json\/wp\/v2\/users\/39"}],"replies":[{"embeddable":true,"href":"https:\/\/www.gaveanews.com\/index.php\/wp-json\/wp\/v2\/comments?post=279249"}],"version-history":[{"count":1,"href":"https:\/\/www.gaveanews.com\/index.php\/wp-json\/wp\/v2\/posts\/279249\/revisions"}],"predecessor-version":[{"id":279275,"href":"https:\/\/www.gaveanews.com\/index.php\/wp-json\/wp\/v2\/posts\/279249\/revisions\/279275"}],"wp:featuredmedia":[{"embeddable":true,"href":"https:\/\/www.gaveanews.com\/index.php\/wp-json\/wp\/v2\/media\/279261"}],"wp:attachment":[{"href":"https:\/\/www.gaveanews.com\/index.php\/wp-json\/wp\/v2\/media?parent=279249"}],"wp:term":[{"taxonomy":"category","embeddable":true,"href":"https:\/\/www.gaveanews.com\/index.php\/wp-json\/wp\/v2\/categories?post=279249"},{"taxonomy":"post_tag","embeddable":true,"href":"https:\/\/www.gaveanews.com\/index.php\/wp-json\/wp\/v2\/tags?post=279249"}],"curies":[{"name":"wp","href":"https:\/\/api.w.org\/{rel}","templated":true}]}}