{"id":279255,"date":"2025-10-25T12:15:00","date_gmt":"2025-10-25T15:15:00","guid":{"rendered":"https:\/\/www.gaveanews.com\/?p=279255"},"modified":"2025-10-25T10:57:23","modified_gmt":"2025-10-25T13:57:23","slug":"a-declaracao-de-pvc-apos-a-decisao-de-bruno-henrique-sobre-nao-querer-jogar-de-centroavante-no-flamengo","status":"publish","type":"post","link":"https:\/\/www.gaveanews.com\/index.php\/2025\/10\/25\/a-declaracao-de-pvc-apos-a-decisao-de-bruno-henrique-sobre-nao-querer-jogar-de-centroavante-no-flamengo\/","title":{"rendered":"A declara\u00e7\u00e3o de PVC ap\u00f3s a decis\u00e3o de Bruno Henrique sobre n\u00e3o querer jogar de centroavante no Flamengo"},"content":{"rendered":"\n<p>A decis\u00e3o de Bruno Henrique em n\u00e3o atuar como centroavante no Flamengo foi duramente criticada por Paulo Vin\u00edcius Coelho. Para o comentarista, a escolha do atacante compromete o equil\u00edbrio t\u00e1tico da equipe, principalmente ap\u00f3s a les\u00e3o de Pedro, que est\u00e1 fora por tempo indeterminado. A aus\u00eancia do camisa 9 obriga o t\u00e9cnico Filipe Lu\u00eds a buscar alternativas imediatas para manter a estrutura ofensiva nas pr\u00f3ximas partidas.<\/p>\n\n\n\n<p>PVC considera que Bruno Henrique, apesar de n\u00e3o ter as mesmas caracter\u00edsticas de Pedro, \u00e9 quem mais se aproxima das exig\u00eancias do sistema atual. O jornalista ressaltou que o atacante re\u00fane atributos essenciais, como profundidade, velocidade e jogo a\u00e9reo, elementos que, segundo ele, Gonzalo Plata n\u00e3o entrega com a mesma intensidade.<\/p>\n\n\n\n<p>\u201cEssa ren\u00fancia do Bruno Henrique \u00e9 p\u00e9ssima nesse momento. O Bruno Henrique \u00e9 o jogador mais parecido. Ele n\u00e3o tem nada a ver com o Pedro e, ao mesmo tempo, \u00e9 o jogador mais parecido com o Pedro para manter o sistema t\u00e1tico. Porque Plata \u00e9 muito mais falso 9. O Plata circula, o Plata faz a defesa sair, mas \u00e0s vezes falta a presen\u00e7a de \u00e1rea\u201d.<\/p>\n\n\n\n<p>Na mesma an\u00e1lise, PVC criticou a postura do jogador ao abrir m\u00e3o de uma fun\u00e7\u00e3o que, segundo ele, seria a mais indicada para o momento do clube. \u201cO Bruno Henrique te d\u00e1 jogo a\u00e9reo, o Bruno Henrique te d\u00e1 velocidade, o Bruno Henrique te d\u00e1 profundidade. Ent\u00e3o, assim, o Bruno Henrique n\u00e3o quer jogar de centroavante, mas vai jogar\u201d.<\/p>\n\n\n\n<p>Essa vis\u00e3o foi refor\u00e7ada em outra avalia\u00e7\u00e3o do comentarista, que classificou a atitude do camisa 27 como prejudicial para o coletivo. \u201cAgora n\u00e3o quer jogar de centroavante? \u00c9 um tiro no p\u00e9 do Flamengo\u201d.<\/p>\n\n\n\n<p>Bruno Henrique, por sua vez, deixou clara sua posi\u00e7\u00e3o ao falar ap\u00f3s a vit\u00f3ria sobre o Racing, quando foi utilizado justamente como substituto de Pedro. \u201cN\u00e3o \u00e9 a minha posi\u00e7\u00e3o, todo mundo sabe. Deixei claro para o Filipe que quero ajudar o grupo, mas em outra posi\u00e7\u00e3o, que n\u00e3o seja a de camisa 9. Temos o melhor atacante do Brasil ali, atacante de Sele\u00e7\u00e3o Brasileira\u201d.<\/p>\n\n\n\n<p>Atualmente, Pedro soma 15 gols na temporada, mesmo tendo voltado apenas em abril. Bruno Henrique marcou 9, enquanto Gonzalo Plata tem 5. Os n\u00fameros evidenciam a import\u00e2ncia de encontrar uma solu\u00e7\u00e3o imediata para manter a produ\u00e7\u00e3o ofensiva do time.<\/p>\n\n\n\n<p>A situa\u00e7\u00e3o se torna ainda mais delicada porque o Flamengo enfrentar\u00e1 o Fortaleza neste s\u00e1bado (25 de outubro), \u00e0s 19h30 (hor\u00e1rio de Bras\u00edlia), e ter\u00e1 pela frente o Racing na quarta-feira (29 de outubro), \u00e0s 21h30 (hor\u00e1rio de Bras\u00edlia), pela Libertadores. Nesse contexto, a defini\u00e7\u00e3o de quem assumir\u00e1 a fun\u00e7\u00e3o de refer\u00eancia no ataque ser\u00e1 determinante para os resultados rubro-negros.<\/p>\n","protected":false},"excerpt":{"rendered":"<p>A decis\u00e3o de Bruno Henrique em n\u00e3o atuar como centroavante no Flamengo foi duramente criticada por Paulo Vin\u00edcius Coelho. Para o comentarista, a escolha do atacante compromete o equil\u00edbrio t\u00e1tico da equipe, principalmente ap\u00f3s a les\u00e3o de Pedro, que est\u00e1 fora por tempo indeterminado. A aus\u00eancia do camisa 9 obriga o t\u00e9cnico Filipe Lu\u00eds a [&hellip;]<\/p>\n","protected":false},"author":39,"featured_media":118615,"comment_status":"open","ping_status":"closed","sticky":false,"template":"","format":"standard","meta":{"footnotes":""},"categories":[1],"tags":[],"class_list":["post-279255","post","type-post","status-publish","format-standard","has-post-thumbnail","hentry","category-flamengo"],"yoast_head":"<!-- This site is optimized with the Yoast SEO Premium plugin v24.2 (Yoast SEO v26.9) - https:\/\/yoast.com\/product\/yoast-seo-premium-wordpress\/ -->\n<title>A declara\u00e7\u00e3o de PVC ap\u00f3s a decis\u00e3o de Bruno Henrique sobre n\u00e3o querer jogar de centroavante no Flamengo<\/title>\n<meta name=\"robots\" content=\"index, follow, max-snippet:-1, max-image-preview:large, max-video-preview:-1\" \/>\n<link rel=\"canonical\" href=\"https:\/\/www.gaveanews.com\/index.php\/2025\/10\/25\/a-declaracao-de-pvc-apos-a-decisao-de-bruno-henrique-sobre-nao-querer-jogar-de-centroavante-no-flamengo\/\" \/>\n<meta property=\"og:locale\" content=\"pt_BR\" \/>\n<meta property=\"og:type\" content=\"article\" \/>\n<meta property=\"og:title\" content=\"A declara\u00e7\u00e3o de PVC ap\u00f3s a decis\u00e3o de Bruno Henrique sobre n\u00e3o querer jogar de centroavante no Flamengo\" \/>\n<meta property=\"og:description\" content=\"A decis\u00e3o de Bruno Henrique em n\u00e3o atuar como centroavante no Flamengo foi duramente criticada por Paulo Vin\u00edcius Coelho. Para o comentarista, a escolha do atacante compromete o equil\u00edbrio t\u00e1tico da equipe, principalmente ap\u00f3s a les\u00e3o de Pedro, que est\u00e1 fora por tempo indeterminado. A aus\u00eancia do camisa 9 obriga o t\u00e9cnico Filipe Lu\u00eds a [&hellip;]\" \/>\n<meta property=\"og:url\" content=\"https:\/\/www.gaveanews.com\/index.php\/2025\/10\/25\/a-declaracao-de-pvc-apos-a-decisao-de-bruno-henrique-sobre-nao-querer-jogar-de-centroavante-no-flamengo\/\" \/>\n<meta property=\"og:site_name\" content=\"G\u00e1vea News\" \/>\n<meta property=\"article:publisher\" content=\"https:\/\/facebook.com\/gaveaNews\/\" \/>\n<meta property=\"article:published_time\" content=\"2025-10-25T15:15:00+00:00\" \/>\n<meta property=\"og:image\" content=\"https:\/\/www.gaveanews.com\/wp-content\/uploads\/pvc-paulo-vinicius-coelho-saiu-da-globo-foto-reproducao-sportv_fixed_large.webp\" \/>\n\t<meta property=\"og:image:width\" content=\"990\" \/>\n\t<meta property=\"og:image:height\" content=\"619\" \/>\n\t<meta property=\"og:image:type\" content=\"image\/webp\" \/>\n<meta name=\"author\" content=\"Reda\u00e7\u00e3o\" \/>\n<meta name=\"twitter:card\" content=\"summary_large_image\" \/>\n<meta name=\"twitter:label1\" content=\"Escrito por\" \/>\n\t<meta name=\"twitter:data1\" content=\"Reda\u00e7\u00e3o\" \/>\n\t<meta name=\"twitter:label2\" content=\"Est. tempo de leitura\" \/>\n\t<meta name=\"twitter:data2\" content=\"3 minutos\" \/>\n<script type=\"application\/ld+json\" class=\"yoast-schema-graph\">{\"@context\":\"https:\/\/schema.org\",\"@graph\":[{\"@type\":\"NewsArticle\",\"@id\":\"https:\/\/www.gaveanews.com\/index.php\/2025\/10\/25\/a-declaracao-de-pvc-apos-a-decisao-de-bruno-henrique-sobre-nao-querer-jogar-de-centroavante-no-flamengo\/#article\",\"isPartOf\":{\"@id\":\"https:\/\/www.gaveanews.com\/index.php\/2025\/10\/25\/a-declaracao-de-pvc-apos-a-decisao-de-bruno-henrique-sobre-nao-querer-jogar-de-centroavante-no-flamengo\/\"},\"author\":{\"name\":\"Reda\u00e7\u00e3o\",\"@id\":\"https:\/\/www.gaveanews.com\/#\/schema\/person\/c88645e3d550d0b6574305e67dd5a716\"},\"headline\":\"A declara\u00e7\u00e3o de PVC ap\u00f3s a decis\u00e3o de Bruno Henrique sobre n\u00e3o querer jogar de centroavante no Flamengo\",\"datePublished\":\"2025-10-25T15:15:00+00:00\",\"mainEntityOfPage\":{\"@id\":\"https:\/\/www.gaveanews.com\/index.php\/2025\/10\/25\/a-declaracao-de-pvc-apos-a-decisao-de-bruno-henrique-sobre-nao-querer-jogar-de-centroavante-no-flamengo\/\"},\"wordCount\":500,\"commentCount\":0,\"image\":{\"@id\":\"https:\/\/www.gaveanews.com\/index.php\/2025\/10\/25\/a-declaracao-de-pvc-apos-a-decisao-de-bruno-henrique-sobre-nao-querer-jogar-de-centroavante-no-flamengo\/#primaryimage\"},\"thumbnailUrl\":\"https:\/\/www.gaveanews.com\/wp-content\/uploads\/pvc-paulo-vinicius-coelho-saiu-da-globo-foto-reproducao-sportv_fixed_large.webp\",\"articleSection\":[\"Flamengo\"],\"inLanguage\":\"pt-BR\",\"potentialAction\":[{\"@type\":\"CommentAction\",\"name\":\"Comment\",\"target\":[\"https:\/\/www.gaveanews.com\/index.php\/2025\/10\/25\/a-declaracao-de-pvc-apos-a-decisao-de-bruno-henrique-sobre-nao-querer-jogar-de-centroavante-no-flamengo\/#respond\"]}],\"copyrightYear\":\"2025\",\"copyrightHolder\":{\"@id\":\"https:\/\/www.gaveanews.com\/#organization\"}},{\"@type\":\"WebPage\",\"@id\":\"https:\/\/www.gaveanews.com\/index.php\/2025\/10\/25\/a-declaracao-de-pvc-apos-a-decisao-de-bruno-henrique-sobre-nao-querer-jogar-de-centroavante-no-flamengo\/\",\"url\":\"https:\/\/www.gaveanews.com\/index.php\/2025\/10\/25\/a-declaracao-de-pvc-apos-a-decisao-de-bruno-henrique-sobre-nao-querer-jogar-de-centroavante-no-flamengo\/\",\"name\":\"A declara\u00e7\u00e3o de PVC ap\u00f3s a decis\u00e3o de Bruno Henrique sobre n\u00e3o querer jogar de centroavante no Flamengo\",\"isPartOf\":{\"@id\":\"https:\/\/www.gaveanews.com\/#website\"},\"primaryImageOfPage\":{\"@id\":\"https:\/\/www.gaveanews.com\/index.php\/2025\/10\/25\/a-declaracao-de-pvc-apos-a-decisao-de-bruno-henrique-sobre-nao-querer-jogar-de-centroavante-no-flamengo\/#primaryimage\"},\"image\":{\"@id\":\"https:\/\/www.gaveanews.com\/index.php\/2025\/10\/25\/a-declaracao-de-pvc-apos-a-decisao-de-bruno-henrique-sobre-nao-querer-jogar-de-centroavante-no-flamengo\/#primaryimage\"},\"thumbnailUrl\":\"https:\/\/www.gaveanews.com\/wp-content\/uploads\/pvc-paulo-vinicius-coelho-saiu-da-globo-foto-reproducao-sportv_fixed_large.webp\",\"datePublished\":\"2025-10-25T15:15:00+00:00\",\"author\":{\"@id\":\"https:\/\/www.gaveanews.com\/#\/schema\/person\/c88645e3d550d0b6574305e67dd5a716\"},\"breadcrumb\":{\"@id\":\"https:\/\/www.gaveanews.com\/index.php\/2025\/10\/25\/a-declaracao-de-pvc-apos-a-decisao-de-bruno-henrique-sobre-nao-querer-jogar-de-centroavante-no-flamengo\/#breadcrumb\"},\"inLanguage\":\"pt-BR\",\"potentialAction\":[{\"@type\":\"ReadAction\",\"target\":[\"https:\/\/www.gaveanews.com\/index.php\/2025\/10\/25\/a-declaracao-de-pvc-apos-a-decisao-de-bruno-henrique-sobre-nao-querer-jogar-de-centroavante-no-flamengo\/\"]}]},{\"@type\":\"ImageObject\",\"inLanguage\":\"pt-BR\",\"@id\":\"https:\/\/www.gaveanews.com\/index.php\/2025\/10\/25\/a-declaracao-de-pvc-apos-a-decisao-de-bruno-henrique-sobre-nao-querer-jogar-de-centroavante-no-flamengo\/#primaryimage\",\"url\":\"https:\/\/www.gaveanews.com\/wp-content\/uploads\/pvc-paulo-vinicius-coelho-saiu-da-globo-foto-reproducao-sportv_fixed_large.webp\",\"contentUrl\":\"https:\/\/www.gaveanews.com\/wp-content\/uploads\/pvc-paulo-vinicius-coelho-saiu-da-globo-foto-reproducao-sportv_fixed_large.webp\",\"width\":990,\"height\":619,\"caption\":\"Paulo Vinicius Coelho em programa do Sportv - Foto: reprodu\u00e7\u00e3o\"},{\"@type\":\"BreadcrumbList\",\"@id\":\"https:\/\/www.gaveanews.com\/index.php\/2025\/10\/25\/a-declaracao-de-pvc-apos-a-decisao-de-bruno-henrique-sobre-nao-querer-jogar-de-centroavante-no-flamengo\/#breadcrumb\",\"itemListElement\":[{\"@type\":\"ListItem\",\"position\":1,\"name\":\"Home\",\"item\":\"https:\/\/www.gaveanews.com\/\"},{\"@type\":\"ListItem\",\"position\":2,\"name\":\"A declara\u00e7\u00e3o de PVC ap\u00f3s a decis\u00e3o de Bruno Henrique sobre n\u00e3o querer jogar de centroavante no Flamengo\"}]},{\"@type\":\"WebSite\",\"@id\":\"https:\/\/www.gaveanews.com\/#website\",\"url\":\"https:\/\/www.gaveanews.com\/\",\"name\":\"G\u00e1vea News\",\"description\":\"Veja todas as not\u00edcias sobre o Flamengo: Contrata\u00e7\u00f5es, categorias de base, resultados das partidas, tabela de classifica\u00e7\u00e3o, pr\u00f3ximos jogos!\",\"potentialAction\":[{\"@type\":\"SearchAction\",\"target\":{\"@type\":\"EntryPoint\",\"urlTemplate\":\"https:\/\/www.gaveanews.com\/?s={search_term_string}\"},\"query-input\":{\"@type\":\"PropertyValueSpecification\",\"valueRequired\":true,\"valueName\":\"search_term_string\"}}],\"inLanguage\":\"pt-BR\"},{\"@type\":\"Person\",\"@id\":\"https:\/\/www.gaveanews.com\/#\/schema\/person\/c88645e3d550d0b6574305e67dd5a716\",\"name\":\"Reda\u00e7\u00e3o\",\"image\":{\"@type\":\"ImageObject\",\"inLanguage\":\"pt-BR\",\"@id\":\"https:\/\/www.gaveanews.com\/#\/schema\/person\/image\/\",\"url\":\"https:\/\/secure.gravatar.com\/avatar\/434098fd823f0dc1b062d14ca22bacaa6e38de28d8c816bbef6fc2f8c44d8ba3?s=96&d=mm&r=g\",\"contentUrl\":\"https:\/\/secure.gravatar.com\/avatar\/434098fd823f0dc1b062d14ca22bacaa6e38de28d8c816bbef6fc2f8c44d8ba3?s=96&d=mm&r=g\",\"caption\":\"Reda\u00e7\u00e3o\"}}]}<\/script>\n<!-- \/ Yoast SEO Premium plugin. -->","yoast_head_json":{"title":"A declara\u00e7\u00e3o de PVC ap\u00f3s a decis\u00e3o de Bruno Henrique sobre n\u00e3o querer jogar de centroavante no Flamengo","robots":{"index":"index","follow":"follow","max-snippet":"max-snippet:-1","max-image-preview":"max-image-preview:large","max-video-preview":"max-video-preview:-1"},"canonical":"https:\/\/www.gaveanews.com\/index.php\/2025\/10\/25\/a-declaracao-de-pvc-apos-a-decisao-de-bruno-henrique-sobre-nao-querer-jogar-de-centroavante-no-flamengo\/","og_locale":"pt_BR","og_type":"article","og_title":"A declara\u00e7\u00e3o de PVC ap\u00f3s a decis\u00e3o de Bruno Henrique sobre n\u00e3o querer jogar de centroavante no Flamengo","og_description":"A decis\u00e3o de Bruno Henrique em n\u00e3o atuar como centroavante no Flamengo foi duramente criticada por Paulo Vin\u00edcius Coelho. Para o comentarista, a escolha do atacante compromete o equil\u00edbrio t\u00e1tico da equipe, principalmente ap\u00f3s a les\u00e3o de Pedro, que est\u00e1 fora por tempo indeterminado. A aus\u00eancia do camisa 9 obriga o t\u00e9cnico Filipe Lu\u00eds a [&hellip;]","og_url":"https:\/\/www.gaveanews.com\/index.php\/2025\/10\/25\/a-declaracao-de-pvc-apos-a-decisao-de-bruno-henrique-sobre-nao-querer-jogar-de-centroavante-no-flamengo\/","og_site_name":"G\u00e1vea News","article_publisher":"https:\/\/facebook.com\/gaveaNews\/","article_published_time":"2025-10-25T15:15:00+00:00","og_image":[{"width":990,"height":619,"url":"https:\/\/www.gaveanews.com\/wp-content\/uploads\/pvc-paulo-vinicius-coelho-saiu-da-globo-foto-reproducao-sportv_fixed_large.webp","type":"image\/webp"}],"author":"Reda\u00e7\u00e3o","twitter_card":"summary_large_image","twitter_misc":{"Escrito por":"Reda\u00e7\u00e3o","Est. tempo de leitura":"3 minutos"},"schema":{"@context":"https:\/\/schema.org","@graph":[{"@type":"NewsArticle","@id":"https:\/\/www.gaveanews.com\/index.php\/2025\/10\/25\/a-declaracao-de-pvc-apos-a-decisao-de-bruno-henrique-sobre-nao-querer-jogar-de-centroavante-no-flamengo\/#article","isPartOf":{"@id":"https:\/\/www.gaveanews.com\/index.php\/2025\/10\/25\/a-declaracao-de-pvc-apos-a-decisao-de-bruno-henrique-sobre-nao-querer-jogar-de-centroavante-no-flamengo\/"},"author":{"name":"Reda\u00e7\u00e3o","@id":"https:\/\/www.gaveanews.com\/#\/schema\/person\/c88645e3d550d0b6574305e67dd5a716"},"headline":"A declara\u00e7\u00e3o de PVC ap\u00f3s a decis\u00e3o de Bruno Henrique sobre n\u00e3o querer jogar de centroavante no Flamengo","datePublished":"2025-10-25T15:15:00+00:00","mainEntityOfPage":{"@id":"https:\/\/www.gaveanews.com\/index.php\/2025\/10\/25\/a-declaracao-de-pvc-apos-a-decisao-de-bruno-henrique-sobre-nao-querer-jogar-de-centroavante-no-flamengo\/"},"wordCount":500,"commentCount":0,"image":{"@id":"https:\/\/www.gaveanews.com\/index.php\/2025\/10\/25\/a-declaracao-de-pvc-apos-a-decisao-de-bruno-henrique-sobre-nao-querer-jogar-de-centroavante-no-flamengo\/#primaryimage"},"thumbnailUrl":"https:\/\/www.gaveanews.com\/wp-content\/uploads\/pvc-paulo-vinicius-coelho-saiu-da-globo-foto-reproducao-sportv_fixed_large.webp","articleSection":["Flamengo"],"inLanguage":"pt-BR","potentialAction":[{"@type":"CommentAction","name":"Comment","target":["https:\/\/www.gaveanews.com\/index.php\/2025\/10\/25\/a-declaracao-de-pvc-apos-a-decisao-de-bruno-henrique-sobre-nao-querer-jogar-de-centroavante-no-flamengo\/#respond"]}],"copyrightYear":"2025","copyrightHolder":{"@id":"https:\/\/www.gaveanews.com\/#organization"}},{"@type":"WebPage","@id":"https:\/\/www.gaveanews.com\/index.php\/2025\/10\/25\/a-declaracao-de-pvc-apos-a-decisao-de-bruno-henrique-sobre-nao-querer-jogar-de-centroavante-no-flamengo\/","url":"https:\/\/www.gaveanews.com\/index.php\/2025\/10\/25\/a-declaracao-de-pvc-apos-a-decisao-de-bruno-henrique-sobre-nao-querer-jogar-de-centroavante-no-flamengo\/","name":"A declara\u00e7\u00e3o de PVC ap\u00f3s a decis\u00e3o de Bruno Henrique sobre n\u00e3o querer jogar de centroavante no Flamengo","isPartOf":{"@id":"https:\/\/www.gaveanews.com\/#website"},"primaryImageOfPage":{"@id":"https:\/\/www.gaveanews.com\/index.php\/2025\/10\/25\/a-declaracao-de-pvc-apos-a-decisao-de-bruno-henrique-sobre-nao-querer-jogar-de-centroavante-no-flamengo\/#primaryimage"},"image":{"@id":"https:\/\/www.gaveanews.com\/index.php\/2025\/10\/25\/a-declaracao-de-pvc-apos-a-decisao-de-bruno-henrique-sobre-nao-querer-jogar-de-centroavante-no-flamengo\/#primaryimage"},"thumbnailUrl":"https:\/\/www.gaveanews.com\/wp-content\/uploads\/pvc-paulo-vinicius-coelho-saiu-da-globo-foto-reproducao-sportv_fixed_large.webp","datePublished":"2025-10-25T15:15:00+00:00","author":{"@id":"https:\/\/www.gaveanews.com\/#\/schema\/person\/c88645e3d550d0b6574305e67dd5a716"},"breadcrumb":{"@id":"https:\/\/www.gaveanews.com\/index.php\/2025\/10\/25\/a-declaracao-de-pvc-apos-a-decisao-de-bruno-henrique-sobre-nao-querer-jogar-de-centroavante-no-flamengo\/#breadcrumb"},"inLanguage":"pt-BR","potentialAction":[{"@type":"ReadAction","target":["https:\/\/www.gaveanews.com\/index.php\/2025\/10\/25\/a-declaracao-de-pvc-apos-a-decisao-de-bruno-henrique-sobre-nao-querer-jogar-de-centroavante-no-flamengo\/"]}]},{"@type":"ImageObject","inLanguage":"pt-BR","@id":"https:\/\/www.gaveanews.com\/index.php\/2025\/10\/25\/a-declaracao-de-pvc-apos-a-decisao-de-bruno-henrique-sobre-nao-querer-jogar-de-centroavante-no-flamengo\/#primaryimage","url":"https:\/\/www.gaveanews.com\/wp-content\/uploads\/pvc-paulo-vinicius-coelho-saiu-da-globo-foto-reproducao-sportv_fixed_large.webp","contentUrl":"https:\/\/www.gaveanews.com\/wp-content\/uploads\/pvc-paulo-vinicius-coelho-saiu-da-globo-foto-reproducao-sportv_fixed_large.webp","width":990,"height":619,"caption":"Paulo Vinicius Coelho em programa do Sportv - Foto: reprodu\u00e7\u00e3o"},{"@type":"BreadcrumbList","@id":"https:\/\/www.gaveanews.com\/index.php\/2025\/10\/25\/a-declaracao-de-pvc-apos-a-decisao-de-bruno-henrique-sobre-nao-querer-jogar-de-centroavante-no-flamengo\/#breadcrumb","itemListElement":[{"@type":"ListItem","position":1,"name":"Home","item":"https:\/\/www.gaveanews.com\/"},{"@type":"ListItem","position":2,"name":"A declara\u00e7\u00e3o de PVC ap\u00f3s a decis\u00e3o de Bruno Henrique sobre n\u00e3o querer jogar de centroavante no Flamengo"}]},{"@type":"WebSite","@id":"https:\/\/www.gaveanews.com\/#website","url":"https:\/\/www.gaveanews.com\/","name":"G\u00e1vea News","description":"Veja todas as not\u00edcias sobre o Flamengo: Contrata\u00e7\u00f5es, categorias de base, resultados das partidas, tabela de classifica\u00e7\u00e3o, pr\u00f3ximos jogos!","potentialAction":[{"@type":"SearchAction","target":{"@type":"EntryPoint","urlTemplate":"https:\/\/www.gaveanews.com\/?s={search_term_string}"},"query-input":{"@type":"PropertyValueSpecification","valueRequired":true,"valueName":"search_term_string"}}],"inLanguage":"pt-BR"},{"@type":"Person","@id":"https:\/\/www.gaveanews.com\/#\/schema\/person\/c88645e3d550d0b6574305e67dd5a716","name":"Reda\u00e7\u00e3o","image":{"@type":"ImageObject","inLanguage":"pt-BR","@id":"https:\/\/www.gaveanews.com\/#\/schema\/person\/image\/","url":"https:\/\/secure.gravatar.com\/avatar\/434098fd823f0dc1b062d14ca22bacaa6e38de28d8c816bbef6fc2f8c44d8ba3?s=96&d=mm&r=g","contentUrl":"https:\/\/secure.gravatar.com\/avatar\/434098fd823f0dc1b062d14ca22bacaa6e38de28d8c816bbef6fc2f8c44d8ba3?s=96&d=mm&r=g","caption":"Reda\u00e7\u00e3o"}}]}},"_links":{"self":[{"href":"https:\/\/www.gaveanews.com\/index.php\/wp-json\/wp\/v2\/posts\/279255","targetHints":{"allow":["GET"]}}],"collection":[{"href":"https:\/\/www.gaveanews.com\/index.php\/wp-json\/wp\/v2\/posts"}],"about":[{"href":"https:\/\/www.gaveanews.com\/index.php\/wp-json\/wp\/v2\/types\/post"}],"author":[{"embeddable":true,"href":"https:\/\/www.gaveanews.com\/index.php\/wp-json\/wp\/v2\/users\/39"}],"replies":[{"embeddable":true,"href":"https:\/\/www.gaveanews.com\/index.php\/wp-json\/wp\/v2\/comments?post=279255"}],"version-history":[{"count":1,"href":"https:\/\/www.gaveanews.com\/index.php\/wp-json\/wp\/v2\/posts\/279255\/revisions"}],"predecessor-version":[{"id":279273,"href":"https:\/\/www.gaveanews.com\/index.php\/wp-json\/wp\/v2\/posts\/279255\/revisions\/279273"}],"wp:featuredmedia":[{"embeddable":true,"href":"https:\/\/www.gaveanews.com\/index.php\/wp-json\/wp\/v2\/media\/118615"}],"wp:attachment":[{"href":"https:\/\/www.gaveanews.com\/index.php\/wp-json\/wp\/v2\/media?parent=279255"}],"wp:term":[{"taxonomy":"category","embeddable":true,"href":"https:\/\/www.gaveanews.com\/index.php\/wp-json\/wp\/v2\/categories?post=279255"},{"taxonomy":"post_tag","embeddable":true,"href":"https:\/\/www.gaveanews.com\/index.php\/wp-json\/wp\/v2\/tags?post=279255"}],"curies":[{"name":"wp","href":"https:\/\/api.w.org\/{rel}","templated":true}]}}