{"id":279256,"date":"2025-10-25T13:15:00","date_gmt":"2025-10-25T16:15:00","guid":{"rendered":"https:\/\/www.gaveanews.com\/?p=279256"},"modified":"2025-10-25T11:38:07","modified_gmt":"2025-10-25T14:38:07","slug":"flamengo-divulga-lista-de-relacionados-para-confronto-com-fortaleza","status":"publish","type":"post","link":"https:\/\/www.gaveanews.com\/index.php\/2025\/10\/25\/flamengo-divulga-lista-de-relacionados-para-confronto-com-fortaleza\/","title":{"rendered":"Flamengo divulga lista de relacionados para confronto com Fortaleza"},"content":{"rendered":"\n<p>Com o objetivo de seguir na briga pela lideran\u00e7a do Campeonato Brasileiro, o Flamengo enfrenta o Fortaleza neste s\u00e1bado (25), \u00e0s 19h30 (hor\u00e1rio de Bras\u00edlia), pela 30\u00aa rodada da competi\u00e7\u00e3o. A delega\u00e7\u00e3o rubro-negra embarcou com sete desfalques confirmados, o que impacta diretamente a forma\u00e7\u00e3o dispon\u00edvel para o t\u00e9cnico Filipe Lu\u00eds no duelo na Arena Castel\u00e3o.<\/p>\n\n\n\n<p>Entre os jogadores ausentes, est\u00e3o dois atletas suspensos: Pulgar e Carrascal. Al\u00e9m disso, quatro nomes ficaram fora por quest\u00f5es m\u00e9dicas. Pedro, que sofreu uma fratura no antebra\u00e7o durante a semifinal da Libertadores diante do Racing, ainda se recupera e n\u00e3o ser\u00e1 op\u00e7\u00e3o, assim como Everton Cebolinha, que segue em tratamento no departamento m\u00e9dico. O zagueiro L\u00e9o Ortiz, apesar de ter treinado recentemente, foi preservado para concluir a recupera\u00e7\u00e3o de um estiramento no tornozelo direito.<\/p>\n\n\n\n<p>J\u00e1 o lateral Alex Sandro ficou de fora por precau\u00e7\u00e3o, devido a um controle de carga estipulado pela prepara\u00e7\u00e3o f\u00edsica do clube. Outra baixa inesperada foi a de De la Cruz, que apresentou febre ao longo da semana em fun\u00e7\u00e3o de uma virose, e acabou vetado da viagem para o Cear\u00e1.<\/p>\n\n\n\n<p>Mesmo com a lista de aus\u00eancias, o Flamengo contar\u00e1 com os retornos de Vi\u00f1a e Michael, que reaparecem entre os relacionados. A equipe busca aproveitar o bom momento como visitante \u2014 \u00e9 o melhor do campeonato atuando fora de casa \u2014 para tentar vencer o Fortaleza, que apresenta uma das piores campanhas como mandante no Brasileir\u00e3o.<\/p>\n\n\n\n<p>O equil\u00edbrio entre defesa e ataque vem sendo um diferencial do time carioca fora de seus dom\u00ednios. Afinal, a equipe tem se destacado pela consist\u00eancia defensiva aliada a um setor ofensivo eficiente, caracter\u00edsticas que FFilipe Lu\u00edsespera manter mesmo com as aus\u00eancias importantes.<\/p>\n\n\n\n<p>Na rela\u00e7\u00e3o divulgada pelo clube, aparecem nomes como Matheus Cunha, Ayrton Lucas, De Arrascaeta, Rossi, Everton Ara\u00fajo, Jo\u00e3o Victor, Sa\u00fal e Wallace Yan. Plata e Samuel Lino devem ser os substitutos imediatos de Pedro e Cebolinha, respectivamente.<\/p>\n\n\n\n<p>Ali\u00e1s, em caso de vit\u00f3ria sobre o Fortaleza e um eventual trope\u00e7o do Palmeiras contra o Cruzeiro, o Flamengo pode assumir a lideran\u00e7a do campeonato, embora ambas as equipes ainda tenham um jogo pendente a ser disputado na pr\u00f3xima Data Fifa.<\/p>\n\n\n\n<p>Portanto, mesmo com as baixas relevantes, o Rubro-Negro mant\u00e9m vivo o planejamento de disputar o t\u00edtulo brasileiro ponto a ponto na reta final da temporada.<\/p>\n","protected":false},"excerpt":{"rendered":"<p>Com o objetivo de seguir na briga pela lideran\u00e7a do Campeonato Brasileiro, o Flamengo enfrenta o Fortaleza neste s\u00e1bado (25), \u00e0s 19h30 (hor\u00e1rio de Bras\u00edlia), pela 30\u00aa rodada da competi\u00e7\u00e3o. A delega\u00e7\u00e3o rubro-negra embarcou com sete desfalques confirmados, o que impacta diretamente a forma\u00e7\u00e3o dispon\u00edvel para o t\u00e9cnico Filipe Lu\u00eds no duelo na Arena Castel\u00e3o. [&hellip;]<\/p>\n","protected":false},"author":39,"featured_media":256399,"comment_status":"open","ping_status":"closed","sticky":false,"template":"","format":"standard","meta":{"footnotes":""},"categories":[1],"tags":[],"class_list":["post-279256","post","type-post","status-publish","format-standard","has-post-thumbnail","hentry","category-flamengo"],"yoast_head":"<!-- This site is optimized with the Yoast SEO Premium plugin v24.2 (Yoast SEO v26.9) - https:\/\/yoast.com\/product\/yoast-seo-premium-wordpress\/ -->\n<title>Flamengo divulga lista de relacionados para confronto com Fortaleza<\/title>\n<meta name=\"robots\" content=\"index, follow, max-snippet:-1, max-image-preview:large, max-video-preview:-1\" \/>\n<link rel=\"canonical\" href=\"https:\/\/www.gaveanews.com\/index.php\/2025\/10\/25\/flamengo-divulga-lista-de-relacionados-para-confronto-com-fortaleza\/\" \/>\n<meta property=\"og:locale\" content=\"pt_BR\" \/>\n<meta property=\"og:type\" content=\"article\" \/>\n<meta property=\"og:title\" content=\"Flamengo divulga lista de relacionados para confronto com Fortaleza\" \/>\n<meta property=\"og:description\" content=\"Com o objetivo de seguir na briga pela lideran\u00e7a do Campeonato Brasileiro, o Flamengo enfrenta o Fortaleza neste s\u00e1bado (25), \u00e0s 19h30 (hor\u00e1rio de Bras\u00edlia), pela 30\u00aa rodada da competi\u00e7\u00e3o. A delega\u00e7\u00e3o rubro-negra embarcou com sete desfalques confirmados, o que impacta diretamente a forma\u00e7\u00e3o dispon\u00edvel para o t\u00e9cnico Filipe Lu\u00eds no duelo na Arena Castel\u00e3o. [&hellip;]\" \/>\n<meta property=\"og:url\" content=\"https:\/\/www.gaveanews.com\/index.php\/2025\/10\/25\/flamengo-divulga-lista-de-relacionados-para-confronto-com-fortaleza\/\" \/>\n<meta property=\"og:site_name\" content=\"G\u00e1vea News\" \/>\n<meta property=\"article:publisher\" content=\"https:\/\/facebook.com\/gaveaNews\/\" \/>\n<meta property=\"article:published_time\" content=\"2025-10-25T16:15:00+00:00\" \/>\n<meta property=\"og:image\" content=\"https:\/\/www.gaveanews.com\/wp-content\/uploads\/Design-sem-nome-5.webp\" \/>\n\t<meta property=\"og:image:width\" content=\"1200\" \/>\n\t<meta property=\"og:image:height\" content=\"800\" \/>\n\t<meta property=\"og:image:type\" content=\"image\/webp\" \/>\n<meta name=\"author\" content=\"Reda\u00e7\u00e3o\" \/>\n<meta name=\"twitter:card\" content=\"summary_large_image\" \/>\n<meta name=\"twitter:label1\" content=\"Escrito por\" \/>\n\t<meta name=\"twitter:data1\" content=\"Reda\u00e7\u00e3o\" \/>\n\t<meta name=\"twitter:label2\" content=\"Est. tempo de leitura\" \/>\n\t<meta name=\"twitter:data2\" content=\"3 minutos\" \/>\n<script type=\"application\/ld+json\" class=\"yoast-schema-graph\">{\"@context\":\"https:\/\/schema.org\",\"@graph\":[{\"@type\":\"NewsArticle\",\"@id\":\"https:\/\/www.gaveanews.com\/index.php\/2025\/10\/25\/flamengo-divulga-lista-de-relacionados-para-confronto-com-fortaleza\/#article\",\"isPartOf\":{\"@id\":\"https:\/\/www.gaveanews.com\/index.php\/2025\/10\/25\/flamengo-divulga-lista-de-relacionados-para-confronto-com-fortaleza\/\"},\"author\":{\"name\":\"Reda\u00e7\u00e3o\",\"@id\":\"https:\/\/www.gaveanews.com\/#\/schema\/person\/c88645e3d550d0b6574305e67dd5a716\"},\"headline\":\"Flamengo divulga lista de relacionados para confronto com Fortaleza\",\"datePublished\":\"2025-10-25T16:15:00+00:00\",\"mainEntityOfPage\":{\"@id\":\"https:\/\/www.gaveanews.com\/index.php\/2025\/10\/25\/flamengo-divulga-lista-de-relacionados-para-confronto-com-fortaleza\/\"},\"wordCount\":430,\"commentCount\":0,\"image\":{\"@id\":\"https:\/\/www.gaveanews.com\/index.php\/2025\/10\/25\/flamengo-divulga-lista-de-relacionados-para-confronto-com-fortaleza\/#primaryimage\"},\"thumbnailUrl\":\"https:\/\/www.gaveanews.com\/wp-content\/uploads\/Design-sem-nome-5.webp\",\"articleSection\":[\"Flamengo\"],\"inLanguage\":\"pt-BR\",\"potentialAction\":[{\"@type\":\"CommentAction\",\"name\":\"Comment\",\"target\":[\"https:\/\/www.gaveanews.com\/index.php\/2025\/10\/25\/flamengo-divulga-lista-de-relacionados-para-confronto-com-fortaleza\/#respond\"]}],\"copyrightYear\":\"2025\",\"copyrightHolder\":{\"@id\":\"https:\/\/www.gaveanews.com\/#organization\"}},{\"@type\":\"WebPage\",\"@id\":\"https:\/\/www.gaveanews.com\/index.php\/2025\/10\/25\/flamengo-divulga-lista-de-relacionados-para-confronto-com-fortaleza\/\",\"url\":\"https:\/\/www.gaveanews.com\/index.php\/2025\/10\/25\/flamengo-divulga-lista-de-relacionados-para-confronto-com-fortaleza\/\",\"name\":\"Flamengo divulga lista de relacionados para confronto com Fortaleza\",\"isPartOf\":{\"@id\":\"https:\/\/www.gaveanews.com\/#website\"},\"primaryImageOfPage\":{\"@id\":\"https:\/\/www.gaveanews.com\/index.php\/2025\/10\/25\/flamengo-divulga-lista-de-relacionados-para-confronto-com-fortaleza\/#primaryimage\"},\"image\":{\"@id\":\"https:\/\/www.gaveanews.com\/index.php\/2025\/10\/25\/flamengo-divulga-lista-de-relacionados-para-confronto-com-fortaleza\/#primaryimage\"},\"thumbnailUrl\":\"https:\/\/www.gaveanews.com\/wp-content\/uploads\/Design-sem-nome-5.webp\",\"datePublished\":\"2025-10-25T16:15:00+00:00\",\"author\":{\"@id\":\"https:\/\/www.gaveanews.com\/#\/schema\/person\/c88645e3d550d0b6574305e67dd5a716\"},\"breadcrumb\":{\"@id\":\"https:\/\/www.gaveanews.com\/index.php\/2025\/10\/25\/flamengo-divulga-lista-de-relacionados-para-confronto-com-fortaleza\/#breadcrumb\"},\"inLanguage\":\"pt-BR\",\"potentialAction\":[{\"@type\":\"ReadAction\",\"target\":[\"https:\/\/www.gaveanews.com\/index.php\/2025\/10\/25\/flamengo-divulga-lista-de-relacionados-para-confronto-com-fortaleza\/\"]}]},{\"@type\":\"ImageObject\",\"inLanguage\":\"pt-BR\",\"@id\":\"https:\/\/www.gaveanews.com\/index.php\/2025\/10\/25\/flamengo-divulga-lista-de-relacionados-para-confronto-com-fortaleza\/#primaryimage\",\"url\":\"https:\/\/www.gaveanews.com\/wp-content\/uploads\/Design-sem-nome-5.webp\",\"contentUrl\":\"https:\/\/www.gaveanews.com\/wp-content\/uploads\/Design-sem-nome-5.webp\",\"width\":1200,\"height\":800,\"caption\":\"Filipe Lu\u00eds desembarcando com a delega\u00e7\u00e3o do Flamengo - Foto: Gilvan de Souza\/CRF\"},{\"@type\":\"BreadcrumbList\",\"@id\":\"https:\/\/www.gaveanews.com\/index.php\/2025\/10\/25\/flamengo-divulga-lista-de-relacionados-para-confronto-com-fortaleza\/#breadcrumb\",\"itemListElement\":[{\"@type\":\"ListItem\",\"position\":1,\"name\":\"Home\",\"item\":\"https:\/\/www.gaveanews.com\/\"},{\"@type\":\"ListItem\",\"position\":2,\"name\":\"Flamengo divulga lista de relacionados para confronto com Fortaleza\"}]},{\"@type\":\"WebSite\",\"@id\":\"https:\/\/www.gaveanews.com\/#website\",\"url\":\"https:\/\/www.gaveanews.com\/\",\"name\":\"G\u00e1vea News\",\"description\":\"Veja todas as not\u00edcias sobre o Flamengo: Contrata\u00e7\u00f5es, categorias de base, resultados das partidas, tabela de classifica\u00e7\u00e3o, pr\u00f3ximos jogos!\",\"potentialAction\":[{\"@type\":\"SearchAction\",\"target\":{\"@type\":\"EntryPoint\",\"urlTemplate\":\"https:\/\/www.gaveanews.com\/?s={search_term_string}\"},\"query-input\":{\"@type\":\"PropertyValueSpecification\",\"valueRequired\":true,\"valueName\":\"search_term_string\"}}],\"inLanguage\":\"pt-BR\"},{\"@type\":\"Person\",\"@id\":\"https:\/\/www.gaveanews.com\/#\/schema\/person\/c88645e3d550d0b6574305e67dd5a716\",\"name\":\"Reda\u00e7\u00e3o\",\"image\":{\"@type\":\"ImageObject\",\"inLanguage\":\"pt-BR\",\"@id\":\"https:\/\/www.gaveanews.com\/#\/schema\/person\/image\/\",\"url\":\"https:\/\/secure.gravatar.com\/avatar\/434098fd823f0dc1b062d14ca22bacaa6e38de28d8c816bbef6fc2f8c44d8ba3?s=96&d=mm&r=g\",\"contentUrl\":\"https:\/\/secure.gravatar.com\/avatar\/434098fd823f0dc1b062d14ca22bacaa6e38de28d8c816bbef6fc2f8c44d8ba3?s=96&d=mm&r=g\",\"caption\":\"Reda\u00e7\u00e3o\"}}]}<\/script>\n<!-- \/ Yoast SEO Premium plugin. -->","yoast_head_json":{"title":"Flamengo divulga lista de relacionados para confronto com Fortaleza","robots":{"index":"index","follow":"follow","max-snippet":"max-snippet:-1","max-image-preview":"max-image-preview:large","max-video-preview":"max-video-preview:-1"},"canonical":"https:\/\/www.gaveanews.com\/index.php\/2025\/10\/25\/flamengo-divulga-lista-de-relacionados-para-confronto-com-fortaleza\/","og_locale":"pt_BR","og_type":"article","og_title":"Flamengo divulga lista de relacionados para confronto com Fortaleza","og_description":"Com o objetivo de seguir na briga pela lideran\u00e7a do Campeonato Brasileiro, o Flamengo enfrenta o Fortaleza neste s\u00e1bado (25), \u00e0s 19h30 (hor\u00e1rio de Bras\u00edlia), pela 30\u00aa rodada da competi\u00e7\u00e3o. A delega\u00e7\u00e3o rubro-negra embarcou com sete desfalques confirmados, o que impacta diretamente a forma\u00e7\u00e3o dispon\u00edvel para o t\u00e9cnico Filipe Lu\u00eds no duelo na Arena Castel\u00e3o. [&hellip;]","og_url":"https:\/\/www.gaveanews.com\/index.php\/2025\/10\/25\/flamengo-divulga-lista-de-relacionados-para-confronto-com-fortaleza\/","og_site_name":"G\u00e1vea News","article_publisher":"https:\/\/facebook.com\/gaveaNews\/","article_published_time":"2025-10-25T16:15:00+00:00","og_image":[{"width":1200,"height":800,"url":"https:\/\/www.gaveanews.com\/wp-content\/uploads\/Design-sem-nome-5.webp","type":"image\/webp"}],"author":"Reda\u00e7\u00e3o","twitter_card":"summary_large_image","twitter_misc":{"Escrito por":"Reda\u00e7\u00e3o","Est. tempo de leitura":"3 minutos"},"schema":{"@context":"https:\/\/schema.org","@graph":[{"@type":"NewsArticle","@id":"https:\/\/www.gaveanews.com\/index.php\/2025\/10\/25\/flamengo-divulga-lista-de-relacionados-para-confronto-com-fortaleza\/#article","isPartOf":{"@id":"https:\/\/www.gaveanews.com\/index.php\/2025\/10\/25\/flamengo-divulga-lista-de-relacionados-para-confronto-com-fortaleza\/"},"author":{"name":"Reda\u00e7\u00e3o","@id":"https:\/\/www.gaveanews.com\/#\/schema\/person\/c88645e3d550d0b6574305e67dd5a716"},"headline":"Flamengo divulga lista de relacionados para confronto com Fortaleza","datePublished":"2025-10-25T16:15:00+00:00","mainEntityOfPage":{"@id":"https:\/\/www.gaveanews.com\/index.php\/2025\/10\/25\/flamengo-divulga-lista-de-relacionados-para-confronto-com-fortaleza\/"},"wordCount":430,"commentCount":0,"image":{"@id":"https:\/\/www.gaveanews.com\/index.php\/2025\/10\/25\/flamengo-divulga-lista-de-relacionados-para-confronto-com-fortaleza\/#primaryimage"},"thumbnailUrl":"https:\/\/www.gaveanews.com\/wp-content\/uploads\/Design-sem-nome-5.webp","articleSection":["Flamengo"],"inLanguage":"pt-BR","potentialAction":[{"@type":"CommentAction","name":"Comment","target":["https:\/\/www.gaveanews.com\/index.php\/2025\/10\/25\/flamengo-divulga-lista-de-relacionados-para-confronto-com-fortaleza\/#respond"]}],"copyrightYear":"2025","copyrightHolder":{"@id":"https:\/\/www.gaveanews.com\/#organization"}},{"@type":"WebPage","@id":"https:\/\/www.gaveanews.com\/index.php\/2025\/10\/25\/flamengo-divulga-lista-de-relacionados-para-confronto-com-fortaleza\/","url":"https:\/\/www.gaveanews.com\/index.php\/2025\/10\/25\/flamengo-divulga-lista-de-relacionados-para-confronto-com-fortaleza\/","name":"Flamengo divulga lista de relacionados para confronto com Fortaleza","isPartOf":{"@id":"https:\/\/www.gaveanews.com\/#website"},"primaryImageOfPage":{"@id":"https:\/\/www.gaveanews.com\/index.php\/2025\/10\/25\/flamengo-divulga-lista-de-relacionados-para-confronto-com-fortaleza\/#primaryimage"},"image":{"@id":"https:\/\/www.gaveanews.com\/index.php\/2025\/10\/25\/flamengo-divulga-lista-de-relacionados-para-confronto-com-fortaleza\/#primaryimage"},"thumbnailUrl":"https:\/\/www.gaveanews.com\/wp-content\/uploads\/Design-sem-nome-5.webp","datePublished":"2025-10-25T16:15:00+00:00","author":{"@id":"https:\/\/www.gaveanews.com\/#\/schema\/person\/c88645e3d550d0b6574305e67dd5a716"},"breadcrumb":{"@id":"https:\/\/www.gaveanews.com\/index.php\/2025\/10\/25\/flamengo-divulga-lista-de-relacionados-para-confronto-com-fortaleza\/#breadcrumb"},"inLanguage":"pt-BR","potentialAction":[{"@type":"ReadAction","target":["https:\/\/www.gaveanews.com\/index.php\/2025\/10\/25\/flamengo-divulga-lista-de-relacionados-para-confronto-com-fortaleza\/"]}]},{"@type":"ImageObject","inLanguage":"pt-BR","@id":"https:\/\/www.gaveanews.com\/index.php\/2025\/10\/25\/flamengo-divulga-lista-de-relacionados-para-confronto-com-fortaleza\/#primaryimage","url":"https:\/\/www.gaveanews.com\/wp-content\/uploads\/Design-sem-nome-5.webp","contentUrl":"https:\/\/www.gaveanews.com\/wp-content\/uploads\/Design-sem-nome-5.webp","width":1200,"height":800,"caption":"Filipe Lu\u00eds desembarcando com a delega\u00e7\u00e3o do Flamengo - Foto: Gilvan de Souza\/CRF"},{"@type":"BreadcrumbList","@id":"https:\/\/www.gaveanews.com\/index.php\/2025\/10\/25\/flamengo-divulga-lista-de-relacionados-para-confronto-com-fortaleza\/#breadcrumb","itemListElement":[{"@type":"ListItem","position":1,"name":"Home","item":"https:\/\/www.gaveanews.com\/"},{"@type":"ListItem","position":2,"name":"Flamengo divulga lista de relacionados para confronto com Fortaleza"}]},{"@type":"WebSite","@id":"https:\/\/www.gaveanews.com\/#website","url":"https:\/\/www.gaveanews.com\/","name":"G\u00e1vea News","description":"Veja todas as not\u00edcias sobre o Flamengo: Contrata\u00e7\u00f5es, categorias de base, resultados das partidas, tabela de classifica\u00e7\u00e3o, pr\u00f3ximos jogos!","potentialAction":[{"@type":"SearchAction","target":{"@type":"EntryPoint","urlTemplate":"https:\/\/www.gaveanews.com\/?s={search_term_string}"},"query-input":{"@type":"PropertyValueSpecification","valueRequired":true,"valueName":"search_term_string"}}],"inLanguage":"pt-BR"},{"@type":"Person","@id":"https:\/\/www.gaveanews.com\/#\/schema\/person\/c88645e3d550d0b6574305e67dd5a716","name":"Reda\u00e7\u00e3o","image":{"@type":"ImageObject","inLanguage":"pt-BR","@id":"https:\/\/www.gaveanews.com\/#\/schema\/person\/image\/","url":"https:\/\/secure.gravatar.com\/avatar\/434098fd823f0dc1b062d14ca22bacaa6e38de28d8c816bbef6fc2f8c44d8ba3?s=96&d=mm&r=g","contentUrl":"https:\/\/secure.gravatar.com\/avatar\/434098fd823f0dc1b062d14ca22bacaa6e38de28d8c816bbef6fc2f8c44d8ba3?s=96&d=mm&r=g","caption":"Reda\u00e7\u00e3o"}}]}},"_links":{"self":[{"href":"https:\/\/www.gaveanews.com\/index.php\/wp-json\/wp\/v2\/posts\/279256","targetHints":{"allow":["GET"]}}],"collection":[{"href":"https:\/\/www.gaveanews.com\/index.php\/wp-json\/wp\/v2\/posts"}],"about":[{"href":"https:\/\/www.gaveanews.com\/index.php\/wp-json\/wp\/v2\/types\/post"}],"author":[{"embeddable":true,"href":"https:\/\/www.gaveanews.com\/index.php\/wp-json\/wp\/v2\/users\/39"}],"replies":[{"embeddable":true,"href":"https:\/\/www.gaveanews.com\/index.php\/wp-json\/wp\/v2\/comments?post=279256"}],"version-history":[{"count":2,"href":"https:\/\/www.gaveanews.com\/index.php\/wp-json\/wp\/v2\/posts\/279256\/revisions"}],"predecessor-version":[{"id":279281,"href":"https:\/\/www.gaveanews.com\/index.php\/wp-json\/wp\/v2\/posts\/279256\/revisions\/279281"}],"wp:featuredmedia":[{"embeddable":true,"href":"https:\/\/www.gaveanews.com\/index.php\/wp-json\/wp\/v2\/media\/256399"}],"wp:attachment":[{"href":"https:\/\/www.gaveanews.com\/index.php\/wp-json\/wp\/v2\/media?parent=279256"}],"wp:term":[{"taxonomy":"category","embeddable":true,"href":"https:\/\/www.gaveanews.com\/index.php\/wp-json\/wp\/v2\/categories?post=279256"},{"taxonomy":"post_tag","embeddable":true,"href":"https:\/\/www.gaveanews.com\/index.php\/wp-json\/wp\/v2\/tags?post=279256"}],"curies":[{"name":"wp","href":"https:\/\/api.w.org\/{rel}","templated":true}]}}