{"id":279282,"date":"2025-10-25T16:00:00","date_gmt":"2025-10-25T19:00:00","guid":{"rendered":"https:\/\/www.gaveanews.com\/?p=279282"},"modified":"2025-10-25T15:33:34","modified_gmt":"2025-10-25T18:33:34","slug":"a-declaracao-de-yuri-alberto-do-corinthians-envolvendo-o-flamengo","status":"publish","type":"post","link":"https:\/\/www.gaveanews.com\/index.php\/2025\/10\/25\/a-declaracao-de-yuri-alberto-do-corinthians-envolvendo-o-flamengo\/","title":{"rendered":"A declara\u00e7\u00e3o de Yuri Alberto, do Corinthians, envolvendo o Flamengo"},"content":{"rendered":"\n<p>A cobran\u00e7a de p\u00eanalti de cavadinha mal executada contra o Flamengo, marcada por uma defesa sentada do goleiro Rossi, representou um dos momentos mais simb\u00f3licos da instabilidade emocional vivida por Yuri Alberto no Corinthians. A cena, que poderia passar despercebida em uma partida comum, acabou ganhando propor\u00e7\u00f5es maiores por tudo o que envolvia o contexto do atacante.<\/p>\n\n\n\n<p>&#8220;Se n\u00e3o fosse aquela cobran\u00e7a de p\u00eanalti, seria o meu melhor jogo no ano e eu teria feito um hat-trick no 1\u00ba tempo com as chances que eu tive ap\u00f3s a penalidade. Na hora do jogo, eu tinha estudado ele. A decis\u00e3o que eu tive foi na hora&#8221;, disse, sobre o embatecontra o Flamengo.<\/p>\n\n\n\n<p>A penalidade ocorreu logo ap\u00f3s o retorno do jogador de uma cirurgia de h\u00e9rnia inguinal. No lance, ao perceber que Rossi n\u00e3o se movimentava com intensidade para os cantos do gol, Yuri decidiu tentar uma cavadinha no centro da meta. Contudo, a execu\u00e7\u00e3o falhou, e o goleiro do Flamengo, mesmo sentado, conseguiu fazer a defesa. O erro, amplamente comentado por torcedores e analistas, quase ofuscou sua atua\u00e7\u00e3o no restante da partida, que teve desfecho completamente diferente para o centroavante.<\/p>\n\n\n\n<p>&#8220;\u00c9 uma coisa que aprendi da pior maneira. Foi da pior maneira, mas \u00e9 continuar trabalhando que n\u00e3o vai ser essa cavadinha que vai definir quem \u00e9 o Yuri Alberto&#8221;, afirmou o atacante, reconhecendo a falha e indicando que a decis\u00e3o foi tomada no calor do momento.<\/p>\n\n\n\n<p>Apesar do erro, Yuri Alberto conseguiu se redimir ainda no mesmo jogo. Logo no in\u00edcio do segundo tempo, ele marcou um gol ap\u00f3s arrancada em velocidade e finaliza\u00e7\u00e3o cruzada com a perna esquerda. A comemora\u00e7\u00e3o foi marcada por forte emo\u00e7\u00e3o, quando o atacante foi \u00e0s l\u00e1grimas diante da torcida corintiana, principalmente ap\u00f3s ouvir declara\u00e7\u00f5es de apoio de crian\u00e7as posicionadas atr\u00e1s do gol.<\/p>\n\n\n\n<p>&#8220;Mesmo eu tendo perdido o p\u00eanalti minutos atr\u00e1s, as crian\u00e7as dizendo que me amavam, que sempre confiam em mim&#8230; Na hora do abra\u00e7o, eu acabei me emocionando&#8221;, relatou o jogador.<\/p>\n\n\n\n<p>O epis\u00f3dio contra o Flamengo refor\u00e7ou um tra\u00e7o recorrente da trajet\u00f3ria recente de Yuri Alberto: a oscila\u00e7\u00e3o entre cr\u00edticas intensas e momentos de reconcilia\u00e7\u00e3o com os torcedores. Em 2023, por exemplo, foi alvo de vaias e chacotas da pr\u00f3pria torcida, chegando a cogitar a sa\u00edda do clube. O apoio familiar e o acompanhamento psicol\u00f3gico foram determinantes para sua perman\u00eancia e posterior retomada.<\/p>\n\n\n\n<p> &#8220;Foi muita humilha\u00e7\u00e3o. Emocionalmente foi muito pesado. \u2018N\u00e3o consigo, n\u00e3o consigo, vou jogar a toalha\u2019&#8221;, revelou ao lembrar o pior momento de sua carreira.<\/p>\n\n\n\n<p>Ali\u00e1s, a trajet\u00f3ria de supera\u00e7\u00e3o de Yuri inclui tamb\u00e9m a recupera\u00e7\u00e3o de uma fratura na v\u00e9rtebra e a forma\u00e7\u00e3o do trio ofensivo com Memphis Depay e Rodrigo Garro, apelidado de \u201cGYM\u201d. O entrosamento entre os tr\u00eas foi essencial para a conquista do Campeonato Paulista de 2025, sendo destacado pelo pr\u00f3prio jogador como um dos pilares de sua retomada.<\/p>\n\n\n\n<p>Enquanto ainda sonha com uma vaga na Sele\u00e7\u00e3o Brasileira para a Copa do Mundo de 2026, o atacante reafirma o desejo de seguir no Corinthians, valorizando a conex\u00e3o com o clube e a torcida. O epis\u00f3dio da cavadinha, embora traum\u00e1tico, passou a simbolizar, conforme ele mesmo destaca, um aprendiza<\/p>\n","protected":false},"excerpt":{"rendered":"<p>A cobran\u00e7a de p\u00eanalti de cavadinha mal executada contra o Flamengo, marcada por uma defesa sentada do goleiro Rossi, representou um dos momentos mais simb\u00f3licos da instabilidade emocional vivida por Yuri Alberto no Corinthians. A cena, que poderia passar despercebida em uma partida comum, acabou ganhando propor\u00e7\u00f5es maiores por tudo o que envolvia o contexto [&hellip;]<\/p>\n","protected":false},"author":39,"featured_media":279293,"comment_status":"open","ping_status":"closed","sticky":false,"template":"","format":"standard","meta":{"footnotes":""},"categories":[1],"tags":[],"class_list":["post-279282","post","type-post","status-publish","format-standard","has-post-thumbnail","hentry","category-flamengo"],"yoast_head":"<!-- This site is optimized with the Yoast SEO Premium plugin v24.2 (Yoast SEO v26.9) - https:\/\/yoast.com\/product\/yoast-seo-premium-wordpress\/ -->\n<title>A declara\u00e7\u00e3o de Yuri Alberto, do Corinthians, envolvendo o Flamengo<\/title>\n<meta name=\"robots\" content=\"index, follow, max-snippet:-1, max-image-preview:large, max-video-preview:-1\" \/>\n<link rel=\"canonical\" href=\"https:\/\/www.gaveanews.com\/index.php\/2025\/10\/25\/a-declaracao-de-yuri-alberto-do-corinthians-envolvendo-o-flamengo\/\" \/>\n<meta property=\"og:locale\" content=\"pt_BR\" \/>\n<meta property=\"og:type\" content=\"article\" \/>\n<meta property=\"og:title\" content=\"A declara\u00e7\u00e3o de Yuri Alberto, do Corinthians, envolvendo o Flamengo\" \/>\n<meta property=\"og:description\" content=\"A cobran\u00e7a de p\u00eanalti de cavadinha mal executada contra o Flamengo, marcada por uma defesa sentada do goleiro Rossi, representou um dos momentos mais simb\u00f3licos da instabilidade emocional vivida por Yuri Alberto no Corinthians. A cena, que poderia passar despercebida em uma partida comum, acabou ganhando propor\u00e7\u00f5es maiores por tudo o que envolvia o contexto [&hellip;]\" \/>\n<meta property=\"og:url\" content=\"https:\/\/www.gaveanews.com\/index.php\/2025\/10\/25\/a-declaracao-de-yuri-alberto-do-corinthians-envolvendo-o-flamengo\/\" \/>\n<meta property=\"og:site_name\" content=\"G\u00e1vea News\" \/>\n<meta property=\"article:publisher\" content=\"https:\/\/facebook.com\/gaveaNews\/\" \/>\n<meta property=\"article:published_time\" content=\"2025-10-25T19:00:00+00:00\" \/>\n<meta property=\"og:image\" content=\"https:\/\/www.gaveanews.com\/wp-content\/uploads\/Rossi-defende-sentado-penalti-de-cavadinha-de-Yuri-Alberto.png\" \/>\n\t<meta property=\"og:image:width\" content=\"1200\" \/>\n\t<meta property=\"og:image:height\" content=\"900\" \/>\n\t<meta property=\"og:image:type\" content=\"image\/png\" \/>\n<meta name=\"author\" content=\"Reda\u00e7\u00e3o\" \/>\n<meta name=\"twitter:card\" content=\"summary_large_image\" \/>\n<meta name=\"twitter:label1\" content=\"Escrito por\" \/>\n\t<meta name=\"twitter:data1\" content=\"Reda\u00e7\u00e3o\" \/>\n\t<meta name=\"twitter:label2\" content=\"Est. tempo de leitura\" \/>\n\t<meta name=\"twitter:data2\" content=\"4 minutos\" \/>\n<script type=\"application\/ld+json\" class=\"yoast-schema-graph\">{\"@context\":\"https:\/\/schema.org\",\"@graph\":[{\"@type\":\"NewsArticle\",\"@id\":\"https:\/\/www.gaveanews.com\/index.php\/2025\/10\/25\/a-declaracao-de-yuri-alberto-do-corinthians-envolvendo-o-flamengo\/#article\",\"isPartOf\":{\"@id\":\"https:\/\/www.gaveanews.com\/index.php\/2025\/10\/25\/a-declaracao-de-yuri-alberto-do-corinthians-envolvendo-o-flamengo\/\"},\"author\":{\"name\":\"Reda\u00e7\u00e3o\",\"@id\":\"https:\/\/www.gaveanews.com\/#\/schema\/person\/c88645e3d550d0b6574305e67dd5a716\"},\"headline\":\"A declara\u00e7\u00e3o de Yuri Alberto, do Corinthians, envolvendo o Flamengo\",\"datePublished\":\"2025-10-25T19:00:00+00:00\",\"mainEntityOfPage\":{\"@id\":\"https:\/\/www.gaveanews.com\/index.php\/2025\/10\/25\/a-declaracao-de-yuri-alberto-do-corinthians-envolvendo-o-flamengo\/\"},\"wordCount\":583,\"commentCount\":0,\"image\":{\"@id\":\"https:\/\/www.gaveanews.com\/index.php\/2025\/10\/25\/a-declaracao-de-yuri-alberto-do-corinthians-envolvendo-o-flamengo\/#primaryimage\"},\"thumbnailUrl\":\"https:\/\/www.gaveanews.com\/wp-content\/uploads\/Rossi-defende-sentado-penalti-de-cavadinha-de-Yuri-Alberto.png\",\"articleSection\":[\"Flamengo\"],\"inLanguage\":\"pt-BR\",\"potentialAction\":[{\"@type\":\"CommentAction\",\"name\":\"Comment\",\"target\":[\"https:\/\/www.gaveanews.com\/index.php\/2025\/10\/25\/a-declaracao-de-yuri-alberto-do-corinthians-envolvendo-o-flamengo\/#respond\"]}],\"copyrightYear\":\"2025\",\"copyrightHolder\":{\"@id\":\"https:\/\/www.gaveanews.com\/#organization\"}},{\"@type\":\"WebPage\",\"@id\":\"https:\/\/www.gaveanews.com\/index.php\/2025\/10\/25\/a-declaracao-de-yuri-alberto-do-corinthians-envolvendo-o-flamengo\/\",\"url\":\"https:\/\/www.gaveanews.com\/index.php\/2025\/10\/25\/a-declaracao-de-yuri-alberto-do-corinthians-envolvendo-o-flamengo\/\",\"name\":\"A declara\u00e7\u00e3o de Yuri Alberto, do Corinthians, envolvendo o Flamengo\",\"isPartOf\":{\"@id\":\"https:\/\/www.gaveanews.com\/#website\"},\"primaryImageOfPage\":{\"@id\":\"https:\/\/www.gaveanews.com\/index.php\/2025\/10\/25\/a-declaracao-de-yuri-alberto-do-corinthians-envolvendo-o-flamengo\/#primaryimage\"},\"image\":{\"@id\":\"https:\/\/www.gaveanews.com\/index.php\/2025\/10\/25\/a-declaracao-de-yuri-alberto-do-corinthians-envolvendo-o-flamengo\/#primaryimage\"},\"thumbnailUrl\":\"https:\/\/www.gaveanews.com\/wp-content\/uploads\/Rossi-defende-sentado-penalti-de-cavadinha-de-Yuri-Alberto.png\",\"datePublished\":\"2025-10-25T19:00:00+00:00\",\"author\":{\"@id\":\"https:\/\/www.gaveanews.com\/#\/schema\/person\/c88645e3d550d0b6574305e67dd5a716\"},\"breadcrumb\":{\"@id\":\"https:\/\/www.gaveanews.com\/index.php\/2025\/10\/25\/a-declaracao-de-yuri-alberto-do-corinthians-envolvendo-o-flamengo\/#breadcrumb\"},\"inLanguage\":\"pt-BR\",\"potentialAction\":[{\"@type\":\"ReadAction\",\"target\":[\"https:\/\/www.gaveanews.com\/index.php\/2025\/10\/25\/a-declaracao-de-yuri-alberto-do-corinthians-envolvendo-o-flamengo\/\"]}]},{\"@type\":\"ImageObject\",\"inLanguage\":\"pt-BR\",\"@id\":\"https:\/\/www.gaveanews.com\/index.php\/2025\/10\/25\/a-declaracao-de-yuri-alberto-do-corinthians-envolvendo-o-flamengo\/#primaryimage\",\"url\":\"https:\/\/www.gaveanews.com\/wp-content\/uploads\/Rossi-defende-sentado-penalti-de-cavadinha-de-Yuri-Alberto.png\",\"contentUrl\":\"https:\/\/www.gaveanews.com\/wp-content\/uploads\/Rossi-defende-sentado-penalti-de-cavadinha-de-Yuri-Alberto.png\",\"width\":1200,\"height\":900,\"caption\":\"Rossi defende sentado p\u00eanalti de cavadinha de Yuri Alberto (Foto: Gilvan de Souza\/Flamengo)\"},{\"@type\":\"BreadcrumbList\",\"@id\":\"https:\/\/www.gaveanews.com\/index.php\/2025\/10\/25\/a-declaracao-de-yuri-alberto-do-corinthians-envolvendo-o-flamengo\/#breadcrumb\",\"itemListElement\":[{\"@type\":\"ListItem\",\"position\":1,\"name\":\"Home\",\"item\":\"https:\/\/www.gaveanews.com\/\"},{\"@type\":\"ListItem\",\"position\":2,\"name\":\"A declara\u00e7\u00e3o de Yuri Alberto, do Corinthians, envolvendo o Flamengo\"}]},{\"@type\":\"WebSite\",\"@id\":\"https:\/\/www.gaveanews.com\/#website\",\"url\":\"https:\/\/www.gaveanews.com\/\",\"name\":\"G\u00e1vea News\",\"description\":\"Veja todas as not\u00edcias sobre o Flamengo: Contrata\u00e7\u00f5es, categorias de base, resultados das partidas, tabela de classifica\u00e7\u00e3o, pr\u00f3ximos jogos!\",\"potentialAction\":[{\"@type\":\"SearchAction\",\"target\":{\"@type\":\"EntryPoint\",\"urlTemplate\":\"https:\/\/www.gaveanews.com\/?s={search_term_string}\"},\"query-input\":{\"@type\":\"PropertyValueSpecification\",\"valueRequired\":true,\"valueName\":\"search_term_string\"}}],\"inLanguage\":\"pt-BR\"},{\"@type\":\"Person\",\"@id\":\"https:\/\/www.gaveanews.com\/#\/schema\/person\/c88645e3d550d0b6574305e67dd5a716\",\"name\":\"Reda\u00e7\u00e3o\",\"image\":{\"@type\":\"ImageObject\",\"inLanguage\":\"pt-BR\",\"@id\":\"https:\/\/www.gaveanews.com\/#\/schema\/person\/image\/\",\"url\":\"https:\/\/secure.gravatar.com\/avatar\/434098fd823f0dc1b062d14ca22bacaa6e38de28d8c816bbef6fc2f8c44d8ba3?s=96&d=mm&r=g\",\"contentUrl\":\"https:\/\/secure.gravatar.com\/avatar\/434098fd823f0dc1b062d14ca22bacaa6e38de28d8c816bbef6fc2f8c44d8ba3?s=96&d=mm&r=g\",\"caption\":\"Reda\u00e7\u00e3o\"}}]}<\/script>\n<!-- \/ Yoast SEO Premium plugin. -->","yoast_head_json":{"title":"A declara\u00e7\u00e3o de Yuri Alberto, do Corinthians, envolvendo o Flamengo","robots":{"index":"index","follow":"follow","max-snippet":"max-snippet:-1","max-image-preview":"max-image-preview:large","max-video-preview":"max-video-preview:-1"},"canonical":"https:\/\/www.gaveanews.com\/index.php\/2025\/10\/25\/a-declaracao-de-yuri-alberto-do-corinthians-envolvendo-o-flamengo\/","og_locale":"pt_BR","og_type":"article","og_title":"A declara\u00e7\u00e3o de Yuri Alberto, do Corinthians, envolvendo o Flamengo","og_description":"A cobran\u00e7a de p\u00eanalti de cavadinha mal executada contra o Flamengo, marcada por uma defesa sentada do goleiro Rossi, representou um dos momentos mais simb\u00f3licos da instabilidade emocional vivida por Yuri Alberto no Corinthians. A cena, que poderia passar despercebida em uma partida comum, acabou ganhando propor\u00e7\u00f5es maiores por tudo o que envolvia o contexto [&hellip;]","og_url":"https:\/\/www.gaveanews.com\/index.php\/2025\/10\/25\/a-declaracao-de-yuri-alberto-do-corinthians-envolvendo-o-flamengo\/","og_site_name":"G\u00e1vea News","article_publisher":"https:\/\/facebook.com\/gaveaNews\/","article_published_time":"2025-10-25T19:00:00+00:00","og_image":[{"width":1200,"height":900,"url":"https:\/\/www.gaveanews.com\/wp-content\/uploads\/Rossi-defende-sentado-penalti-de-cavadinha-de-Yuri-Alberto.png","type":"image\/png"}],"author":"Reda\u00e7\u00e3o","twitter_card":"summary_large_image","twitter_misc":{"Escrito por":"Reda\u00e7\u00e3o","Est. tempo de leitura":"4 minutos"},"schema":{"@context":"https:\/\/schema.org","@graph":[{"@type":"NewsArticle","@id":"https:\/\/www.gaveanews.com\/index.php\/2025\/10\/25\/a-declaracao-de-yuri-alberto-do-corinthians-envolvendo-o-flamengo\/#article","isPartOf":{"@id":"https:\/\/www.gaveanews.com\/index.php\/2025\/10\/25\/a-declaracao-de-yuri-alberto-do-corinthians-envolvendo-o-flamengo\/"},"author":{"name":"Reda\u00e7\u00e3o","@id":"https:\/\/www.gaveanews.com\/#\/schema\/person\/c88645e3d550d0b6574305e67dd5a716"},"headline":"A declara\u00e7\u00e3o de Yuri Alberto, do Corinthians, envolvendo o Flamengo","datePublished":"2025-10-25T19:00:00+00:00","mainEntityOfPage":{"@id":"https:\/\/www.gaveanews.com\/index.php\/2025\/10\/25\/a-declaracao-de-yuri-alberto-do-corinthians-envolvendo-o-flamengo\/"},"wordCount":583,"commentCount":0,"image":{"@id":"https:\/\/www.gaveanews.com\/index.php\/2025\/10\/25\/a-declaracao-de-yuri-alberto-do-corinthians-envolvendo-o-flamengo\/#primaryimage"},"thumbnailUrl":"https:\/\/www.gaveanews.com\/wp-content\/uploads\/Rossi-defende-sentado-penalti-de-cavadinha-de-Yuri-Alberto.png","articleSection":["Flamengo"],"inLanguage":"pt-BR","potentialAction":[{"@type":"CommentAction","name":"Comment","target":["https:\/\/www.gaveanews.com\/index.php\/2025\/10\/25\/a-declaracao-de-yuri-alberto-do-corinthians-envolvendo-o-flamengo\/#respond"]}],"copyrightYear":"2025","copyrightHolder":{"@id":"https:\/\/www.gaveanews.com\/#organization"}},{"@type":"WebPage","@id":"https:\/\/www.gaveanews.com\/index.php\/2025\/10\/25\/a-declaracao-de-yuri-alberto-do-corinthians-envolvendo-o-flamengo\/","url":"https:\/\/www.gaveanews.com\/index.php\/2025\/10\/25\/a-declaracao-de-yuri-alberto-do-corinthians-envolvendo-o-flamengo\/","name":"A declara\u00e7\u00e3o de Yuri Alberto, do Corinthians, envolvendo o Flamengo","isPartOf":{"@id":"https:\/\/www.gaveanews.com\/#website"},"primaryImageOfPage":{"@id":"https:\/\/www.gaveanews.com\/index.php\/2025\/10\/25\/a-declaracao-de-yuri-alberto-do-corinthians-envolvendo-o-flamengo\/#primaryimage"},"image":{"@id":"https:\/\/www.gaveanews.com\/index.php\/2025\/10\/25\/a-declaracao-de-yuri-alberto-do-corinthians-envolvendo-o-flamengo\/#primaryimage"},"thumbnailUrl":"https:\/\/www.gaveanews.com\/wp-content\/uploads\/Rossi-defende-sentado-penalti-de-cavadinha-de-Yuri-Alberto.png","datePublished":"2025-10-25T19:00:00+00:00","author":{"@id":"https:\/\/www.gaveanews.com\/#\/schema\/person\/c88645e3d550d0b6574305e67dd5a716"},"breadcrumb":{"@id":"https:\/\/www.gaveanews.com\/index.php\/2025\/10\/25\/a-declaracao-de-yuri-alberto-do-corinthians-envolvendo-o-flamengo\/#breadcrumb"},"inLanguage":"pt-BR","potentialAction":[{"@type":"ReadAction","target":["https:\/\/www.gaveanews.com\/index.php\/2025\/10\/25\/a-declaracao-de-yuri-alberto-do-corinthians-envolvendo-o-flamengo\/"]}]},{"@type":"ImageObject","inLanguage":"pt-BR","@id":"https:\/\/www.gaveanews.com\/index.php\/2025\/10\/25\/a-declaracao-de-yuri-alberto-do-corinthians-envolvendo-o-flamengo\/#primaryimage","url":"https:\/\/www.gaveanews.com\/wp-content\/uploads\/Rossi-defende-sentado-penalti-de-cavadinha-de-Yuri-Alberto.png","contentUrl":"https:\/\/www.gaveanews.com\/wp-content\/uploads\/Rossi-defende-sentado-penalti-de-cavadinha-de-Yuri-Alberto.png","width":1200,"height":900,"caption":"Rossi defende sentado p\u00eanalti de cavadinha de Yuri Alberto (Foto: Gilvan de Souza\/Flamengo)"},{"@type":"BreadcrumbList","@id":"https:\/\/www.gaveanews.com\/index.php\/2025\/10\/25\/a-declaracao-de-yuri-alberto-do-corinthians-envolvendo-o-flamengo\/#breadcrumb","itemListElement":[{"@type":"ListItem","position":1,"name":"Home","item":"https:\/\/www.gaveanews.com\/"},{"@type":"ListItem","position":2,"name":"A declara\u00e7\u00e3o de Yuri Alberto, do Corinthians, envolvendo o Flamengo"}]},{"@type":"WebSite","@id":"https:\/\/www.gaveanews.com\/#website","url":"https:\/\/www.gaveanews.com\/","name":"G\u00e1vea News","description":"Veja todas as not\u00edcias sobre o Flamengo: Contrata\u00e7\u00f5es, categorias de base, resultados das partidas, tabela de classifica\u00e7\u00e3o, pr\u00f3ximos jogos!","potentialAction":[{"@type":"SearchAction","target":{"@type":"EntryPoint","urlTemplate":"https:\/\/www.gaveanews.com\/?s={search_term_string}"},"query-input":{"@type":"PropertyValueSpecification","valueRequired":true,"valueName":"search_term_string"}}],"inLanguage":"pt-BR"},{"@type":"Person","@id":"https:\/\/www.gaveanews.com\/#\/schema\/person\/c88645e3d550d0b6574305e67dd5a716","name":"Reda\u00e7\u00e3o","image":{"@type":"ImageObject","inLanguage":"pt-BR","@id":"https:\/\/www.gaveanews.com\/#\/schema\/person\/image\/","url":"https:\/\/secure.gravatar.com\/avatar\/434098fd823f0dc1b062d14ca22bacaa6e38de28d8c816bbef6fc2f8c44d8ba3?s=96&d=mm&r=g","contentUrl":"https:\/\/secure.gravatar.com\/avatar\/434098fd823f0dc1b062d14ca22bacaa6e38de28d8c816bbef6fc2f8c44d8ba3?s=96&d=mm&r=g","caption":"Reda\u00e7\u00e3o"}}]}},"_links":{"self":[{"href":"https:\/\/www.gaveanews.com\/index.php\/wp-json\/wp\/v2\/posts\/279282","targetHints":{"allow":["GET"]}}],"collection":[{"href":"https:\/\/www.gaveanews.com\/index.php\/wp-json\/wp\/v2\/posts"}],"about":[{"href":"https:\/\/www.gaveanews.com\/index.php\/wp-json\/wp\/v2\/types\/post"}],"author":[{"embeddable":true,"href":"https:\/\/www.gaveanews.com\/index.php\/wp-json\/wp\/v2\/users\/39"}],"replies":[{"embeddable":true,"href":"https:\/\/www.gaveanews.com\/index.php\/wp-json\/wp\/v2\/comments?post=279282"}],"version-history":[{"count":2,"href":"https:\/\/www.gaveanews.com\/index.php\/wp-json\/wp\/v2\/posts\/279282\/revisions"}],"predecessor-version":[{"id":279295,"href":"https:\/\/www.gaveanews.com\/index.php\/wp-json\/wp\/v2\/posts\/279282\/revisions\/279295"}],"wp:featuredmedia":[{"embeddable":true,"href":"https:\/\/www.gaveanews.com\/index.php\/wp-json\/wp\/v2\/media\/279293"}],"wp:attachment":[{"href":"https:\/\/www.gaveanews.com\/index.php\/wp-json\/wp\/v2\/media?parent=279282"}],"wp:term":[{"taxonomy":"category","embeddable":true,"href":"https:\/\/www.gaveanews.com\/index.php\/wp-json\/wp\/v2\/categories?post=279282"},{"taxonomy":"post_tag","embeddable":true,"href":"https:\/\/www.gaveanews.com\/index.php\/wp-json\/wp\/v2\/tags?post=279282"}],"curies":[{"name":"wp","href":"https:\/\/api.w.org\/{rel}","templated":true}]}}