{"id":279284,"date":"2025-10-25T15:30:00","date_gmt":"2025-10-25T18:30:00","guid":{"rendered":"https:\/\/www.gaveanews.com\/?p=279284"},"modified":"2025-10-25T15:01:19","modified_gmt":"2025-10-25T18:01:19","slug":"flamengo-leva-chapeu-do-sao-paulo-por-atacante","status":"publish","type":"post","link":"https:\/\/www.gaveanews.com\/index.php\/2025\/10\/25\/flamengo-leva-chapeu-do-sao-paulo-por-atacante\/","title":{"rendered":"Flamengo leva chap\u00e9u do S\u00e3o Paulo por atacante"},"content":{"rendered":"\n<p>O S\u00e3o Paulo acertou mais um refor\u00e7o para suas categorias de base visando a temporada de 2026. O clube confirmou a contrata\u00e7\u00e3o do atacante Anthonny, de 17 anos, que pertencia ao Ibrachina e vinha sendo monitorado por outras equipes do futebol nacional, incluindo o Flamengo. A negocia\u00e7\u00e3o foi conclu\u00edda nesta sexta-feira (24 de outubro), ap\u00f3s tratativas conduzidas pela diretoria da base tricolor.<\/p>\n\n\n\n<p>Anteriormente, o jovem atleta se destacou pelas categorias de base do Barra, de Santa Catarina, al\u00e9m de ter passado pelo Coritiba. Na atual temporada, vinha sendo um dos principais nomes do Ibrachina no Campeonato Paulista sub-17. Ao todo, anotou seis gols em 22 partidas, sendo quatro nos \u00faltimos quatro jogos \u2014 desempenho que ajudou sua equipe a avan\u00e7ar \u00e0s quartas de final da competi\u00e7\u00e3o.<\/p>\n\n\n\n<p>O Tricolor adquiriu inicialmente 20% dos direitos econ\u00f4micos do jogador, que chega por empr\u00e9stimo. O contrato prev\u00ea ainda a possibilidade de compra de mais 60% desses direitos, por um valor j\u00e1 estipulado entre as partes. O acordo se concretizou ap\u00f3s prefer\u00eancia do pr\u00f3prio atleta em vestir a camisa s\u00e3o-paulina, conforme apura\u00e7\u00e3o nos bastidores da negocia\u00e7\u00e3o.<\/p>\n\n\n\n<p>A concorr\u00eancia com o Flamengo foi intensa. Portais especializados chegaram a apontar que o Rubro-Negro j\u00e1 havia selado um acordo com o Ibrachina. Entretanto, o desfecho da negocia\u00e7\u00e3o favoreceu o clube paulista, que contou com atua\u00e7\u00e3o direta de Douglas Schwartzmann, diretor da base do S\u00e3o Paulo, nas tratativas com o estafe do jogador e com o clube de origem.<\/p>\n\n\n\n<figure class=\"wp-block-image size-large\"><img loading=\"lazy\" decoding=\"async\" width=\"1024\" height=\"768\" src=\"http:\/\/www.gaveanews.com\/wp-content\/uploads\/Anthonny-novo-jogador-do-Sao-Paulo-1024x768.png\" alt=\"\" class=\"wp-image-279288\" srcset=\"https:\/\/www.gaveanews.com\/wp-content\/uploads\/Anthonny-novo-jogador-do-Sao-Paulo-1024x768.png 1024w, https:\/\/www.gaveanews.com\/wp-content\/uploads\/Anthonny-novo-jogador-do-Sao-Paulo-300x225.png 300w, https:\/\/www.gaveanews.com\/wp-content\/uploads\/Anthonny-novo-jogador-do-Sao-Paulo-768x576.png 768w, https:\/\/www.gaveanews.com\/wp-content\/uploads\/Anthonny-novo-jogador-do-Sao-Paulo-560x420.png 560w, https:\/\/www.gaveanews.com\/wp-content\/uploads\/Anthonny-novo-jogador-do-Sao-Paulo-1120x840.png 1120w, https:\/\/www.gaveanews.com\/wp-content\/uploads\/Anthonny-novo-jogador-do-Sao-Paulo-80x60.png 80w, https:\/\/www.gaveanews.com\/wp-content\/uploads\/Anthonny-novo-jogador-do-Sao-Paulo-160x120.png 160w, https:\/\/www.gaveanews.com\/wp-content\/uploads\/Anthonny-novo-jogador-do-Sao-Paulo-100x75.png 100w, https:\/\/www.gaveanews.com\/wp-content\/uploads\/Anthonny-novo-jogador-do-Sao-Paulo-200x150.png 200w, https:\/\/www.gaveanews.com\/wp-content\/uploads\/Anthonny-novo-jogador-do-Sao-Paulo-180x135.png 180w, https:\/\/www.gaveanews.com\/wp-content\/uploads\/Anthonny-novo-jogador-do-Sao-Paulo-360x270.png 360w, https:\/\/www.gaveanews.com\/wp-content\/uploads\/Anthonny-novo-jogador-do-Sao-Paulo-238x178.png 238w, https:\/\/www.gaveanews.com\/wp-content\/uploads\/Anthonny-novo-jogador-do-Sao-Paulo-476x356.png 476w, https:\/\/www.gaveanews.com\/wp-content\/uploads\/Anthonny-novo-jogador-do-Sao-Paulo-640x480.png 640w, https:\/\/www.gaveanews.com\/wp-content\/uploads\/Anthonny-novo-jogador-do-Sao-Paulo-681x511.png 681w, https:\/\/www.gaveanews.com\/wp-content\/uploads\/Anthonny-novo-jogador-do-Sao-Paulo.png 1200w\" sizes=\"auto, (max-width: 1024px) 100vw, 1024px\" \/><figcaption class=\"wp-element-caption\">Anthonny, novo jogador do S\u00e3o Paulo (Foto: Arquivo Pessoal)<\/figcaption><\/figure>\n\n\n\n<p>Mesmo com dificuldades financeiras e desempenho irregular em campo, a diretoria s\u00e3o-paulina tem refor\u00e7ado o setor de base como parte de um planejamento de longo prazo. Nos \u00faltimos meses, outros jovens como Ridwan, \u00c1vila e Dudu tamb\u00e9m foram incorporados ao elenco sub-20, fortalecendo o trabalho desenvolvido no CFA de Cotia.<\/p>\n\n\n\n<p>A expectativa \u00e9 que Anthonny se apresente ao S\u00e3o Paulo logo ap\u00f3s o t\u00e9rmino do Campeonato Paulista sub-17. O Ibrachina, contudo, ainda avalia a possibilidade de contar com o atleta na disputa da pr\u00f3xima edi\u00e7\u00e3o da Copa S\u00e3o Paulo de Futebol J\u00fanior, em janeiro de 2026.<\/p>\n\n\n\n<p>Refor\u00e7ando o comprometimento com jovens promessas, o Tricolor mostra que, apesar das limita\u00e7\u00f5es or\u00e7ament\u00e1rias, mant\u00e9m foco no desenvolvimento de talentos como parte central do seu modelo de gest\u00e3o esportiva.<\/p>\n","protected":false},"excerpt":{"rendered":"<p>O S\u00e3o Paulo acertou mais um refor\u00e7o para suas categorias de base visando a temporada de 2026. O clube confirmou a contrata\u00e7\u00e3o do atacante Anthonny, de 17 anos, que pertencia ao Ibrachina e vinha sendo monitorado por outras equipes do futebol nacional, incluindo o Flamengo. A negocia\u00e7\u00e3o foi conclu\u00edda nesta sexta-feira (24 de outubro), ap\u00f3s [&hellip;]<\/p>\n","protected":false},"author":39,"featured_media":154451,"comment_status":"open","ping_status":"closed","sticky":false,"template":"","format":"standard","meta":{"footnotes":""},"categories":[1],"tags":[],"class_list":["post-279284","post","type-post","status-publish","format-standard","has-post-thumbnail","hentry","category-flamengo"],"yoast_head":"<!-- This site is optimized with the Yoast SEO Premium plugin v24.2 (Yoast SEO v26.9) - https:\/\/yoast.com\/product\/yoast-seo-premium-wordpress\/ -->\n<title>Flamengo leva chap\u00e9u do S\u00e3o Paulo por atacante<\/title>\n<meta name=\"robots\" content=\"index, follow, max-snippet:-1, max-image-preview:large, max-video-preview:-1\" \/>\n<link rel=\"canonical\" href=\"https:\/\/www.gaveanews.com\/index.php\/2025\/10\/25\/flamengo-leva-chapeu-do-sao-paulo-por-atacante\/\" \/>\n<meta property=\"og:locale\" content=\"pt_BR\" \/>\n<meta property=\"og:type\" content=\"article\" \/>\n<meta property=\"og:title\" content=\"Flamengo leva chap\u00e9u do S\u00e3o Paulo por atacante\" \/>\n<meta property=\"og:description\" content=\"O S\u00e3o Paulo acertou mais um refor\u00e7o para suas categorias de base visando a temporada de 2026. O clube confirmou a contrata\u00e7\u00e3o do atacante Anthonny, de 17 anos, que pertencia ao Ibrachina e vinha sendo monitorado por outras equipes do futebol nacional, incluindo o Flamengo. A negocia\u00e7\u00e3o foi conclu\u00edda nesta sexta-feira (24 de outubro), ap\u00f3s [&hellip;]\" \/>\n<meta property=\"og:url\" content=\"https:\/\/www.gaveanews.com\/index.php\/2025\/10\/25\/flamengo-leva-chapeu-do-sao-paulo-por-atacante\/\" \/>\n<meta property=\"og:site_name\" content=\"G\u00e1vea News\" \/>\n<meta property=\"article:publisher\" content=\"https:\/\/facebook.com\/gaveaNews\/\" \/>\n<meta property=\"article:published_time\" content=\"2025-10-25T18:30:00+00:00\" \/>\n<meta property=\"og:image\" content=\"https:\/\/www.gaveanews.com\/wp-content\/uploads\/Escudo-do-Sao-Paulo.webp\" \/>\n\t<meta property=\"og:image:width\" content=\"977\" \/>\n\t<meta property=\"og:image:height\" content=\"651\" \/>\n\t<meta property=\"og:image:type\" content=\"image\/webp\" \/>\n<meta name=\"author\" content=\"Reda\u00e7\u00e3o\" \/>\n<meta name=\"twitter:card\" content=\"summary_large_image\" \/>\n<meta name=\"twitter:label1\" content=\"Escrito por\" \/>\n\t<meta name=\"twitter:data1\" content=\"Reda\u00e7\u00e3o\" \/>\n\t<meta name=\"twitter:label2\" content=\"Est. tempo de leitura\" \/>\n\t<meta name=\"twitter:data2\" content=\"3 minutos\" \/>\n<script type=\"application\/ld+json\" class=\"yoast-schema-graph\">{\"@context\":\"https:\/\/schema.org\",\"@graph\":[{\"@type\":\"NewsArticle\",\"@id\":\"https:\/\/www.gaveanews.com\/index.php\/2025\/10\/25\/flamengo-leva-chapeu-do-sao-paulo-por-atacante\/#article\",\"isPartOf\":{\"@id\":\"https:\/\/www.gaveanews.com\/index.php\/2025\/10\/25\/flamengo-leva-chapeu-do-sao-paulo-por-atacante\/\"},\"author\":{\"name\":\"Reda\u00e7\u00e3o\",\"@id\":\"https:\/\/www.gaveanews.com\/#\/schema\/person\/c88645e3d550d0b6574305e67dd5a716\"},\"headline\":\"Flamengo leva chap\u00e9u do S\u00e3o Paulo por atacante\",\"datePublished\":\"2025-10-25T18:30:00+00:00\",\"mainEntityOfPage\":{\"@id\":\"https:\/\/www.gaveanews.com\/index.php\/2025\/10\/25\/flamengo-leva-chapeu-do-sao-paulo-por-atacante\/\"},\"wordCount\":413,\"commentCount\":0,\"image\":{\"@id\":\"https:\/\/www.gaveanews.com\/index.php\/2025\/10\/25\/flamengo-leva-chapeu-do-sao-paulo-por-atacante\/#primaryimage\"},\"thumbnailUrl\":\"https:\/\/www.gaveanews.com\/wp-content\/uploads\/Escudo-do-Sao-Paulo.webp\",\"articleSection\":[\"Flamengo\"],\"inLanguage\":\"pt-BR\",\"potentialAction\":[{\"@type\":\"CommentAction\",\"name\":\"Comment\",\"target\":[\"https:\/\/www.gaveanews.com\/index.php\/2025\/10\/25\/flamengo-leva-chapeu-do-sao-paulo-por-atacante\/#respond\"]}],\"copyrightYear\":\"2025\",\"copyrightHolder\":{\"@id\":\"https:\/\/www.gaveanews.com\/#organization\"}},{\"@type\":\"WebPage\",\"@id\":\"https:\/\/www.gaveanews.com\/index.php\/2025\/10\/25\/flamengo-leva-chapeu-do-sao-paulo-por-atacante\/\",\"url\":\"https:\/\/www.gaveanews.com\/index.php\/2025\/10\/25\/flamengo-leva-chapeu-do-sao-paulo-por-atacante\/\",\"name\":\"Flamengo leva chap\u00e9u do S\u00e3o Paulo por atacante\",\"isPartOf\":{\"@id\":\"https:\/\/www.gaveanews.com\/#website\"},\"primaryImageOfPage\":{\"@id\":\"https:\/\/www.gaveanews.com\/index.php\/2025\/10\/25\/flamengo-leva-chapeu-do-sao-paulo-por-atacante\/#primaryimage\"},\"image\":{\"@id\":\"https:\/\/www.gaveanews.com\/index.php\/2025\/10\/25\/flamengo-leva-chapeu-do-sao-paulo-por-atacante\/#primaryimage\"},\"thumbnailUrl\":\"https:\/\/www.gaveanews.com\/wp-content\/uploads\/Escudo-do-Sao-Paulo.webp\",\"datePublished\":\"2025-10-25T18:30:00+00:00\",\"author\":{\"@id\":\"https:\/\/www.gaveanews.com\/#\/schema\/person\/c88645e3d550d0b6574305e67dd5a716\"},\"breadcrumb\":{\"@id\":\"https:\/\/www.gaveanews.com\/index.php\/2025\/10\/25\/flamengo-leva-chapeu-do-sao-paulo-por-atacante\/#breadcrumb\"},\"inLanguage\":\"pt-BR\",\"potentialAction\":[{\"@type\":\"ReadAction\",\"target\":[\"https:\/\/www.gaveanews.com\/index.php\/2025\/10\/25\/flamengo-leva-chapeu-do-sao-paulo-por-atacante\/\"]}]},{\"@type\":\"ImageObject\",\"inLanguage\":\"pt-BR\",\"@id\":\"https:\/\/www.gaveanews.com\/index.php\/2025\/10\/25\/flamengo-leva-chapeu-do-sao-paulo-por-atacante\/#primaryimage\",\"url\":\"https:\/\/www.gaveanews.com\/wp-content\/uploads\/Escudo-do-Sao-Paulo.webp\",\"contentUrl\":\"https:\/\/www.gaveanews.com\/wp-content\/uploads\/Escudo-do-Sao-Paulo.webp\",\"width\":977,\"height\":651,\"caption\":\"Escudo do S\u00e3o Paulo (Foto: Reprodu\u00e7\u00e3o\/S\u00e3o Paulo)\"},{\"@type\":\"BreadcrumbList\",\"@id\":\"https:\/\/www.gaveanews.com\/index.php\/2025\/10\/25\/flamengo-leva-chapeu-do-sao-paulo-por-atacante\/#breadcrumb\",\"itemListElement\":[{\"@type\":\"ListItem\",\"position\":1,\"name\":\"Home\",\"item\":\"https:\/\/www.gaveanews.com\/\"},{\"@type\":\"ListItem\",\"position\":2,\"name\":\"Flamengo leva chap\u00e9u do S\u00e3o Paulo por atacante\"}]},{\"@type\":\"WebSite\",\"@id\":\"https:\/\/www.gaveanews.com\/#website\",\"url\":\"https:\/\/www.gaveanews.com\/\",\"name\":\"G\u00e1vea News\",\"description\":\"Veja todas as not\u00edcias sobre o Flamengo: Contrata\u00e7\u00f5es, categorias de base, resultados das partidas, tabela de classifica\u00e7\u00e3o, pr\u00f3ximos jogos!\",\"potentialAction\":[{\"@type\":\"SearchAction\",\"target\":{\"@type\":\"EntryPoint\",\"urlTemplate\":\"https:\/\/www.gaveanews.com\/?s={search_term_string}\"},\"query-input\":{\"@type\":\"PropertyValueSpecification\",\"valueRequired\":true,\"valueName\":\"search_term_string\"}}],\"inLanguage\":\"pt-BR\"},{\"@type\":\"Person\",\"@id\":\"https:\/\/www.gaveanews.com\/#\/schema\/person\/c88645e3d550d0b6574305e67dd5a716\",\"name\":\"Reda\u00e7\u00e3o\",\"image\":{\"@type\":\"ImageObject\",\"inLanguage\":\"pt-BR\",\"@id\":\"https:\/\/www.gaveanews.com\/#\/schema\/person\/image\/\",\"url\":\"https:\/\/secure.gravatar.com\/avatar\/434098fd823f0dc1b062d14ca22bacaa6e38de28d8c816bbef6fc2f8c44d8ba3?s=96&d=mm&r=g\",\"contentUrl\":\"https:\/\/secure.gravatar.com\/avatar\/434098fd823f0dc1b062d14ca22bacaa6e38de28d8c816bbef6fc2f8c44d8ba3?s=96&d=mm&r=g\",\"caption\":\"Reda\u00e7\u00e3o\"}}]}<\/script>\n<!-- \/ Yoast SEO Premium plugin. -->","yoast_head_json":{"title":"Flamengo leva chap\u00e9u do S\u00e3o Paulo por atacante","robots":{"index":"index","follow":"follow","max-snippet":"max-snippet:-1","max-image-preview":"max-image-preview:large","max-video-preview":"max-video-preview:-1"},"canonical":"https:\/\/www.gaveanews.com\/index.php\/2025\/10\/25\/flamengo-leva-chapeu-do-sao-paulo-por-atacante\/","og_locale":"pt_BR","og_type":"article","og_title":"Flamengo leva chap\u00e9u do S\u00e3o Paulo por atacante","og_description":"O S\u00e3o Paulo acertou mais um refor\u00e7o para suas categorias de base visando a temporada de 2026. O clube confirmou a contrata\u00e7\u00e3o do atacante Anthonny, de 17 anos, que pertencia ao Ibrachina e vinha sendo monitorado por outras equipes do futebol nacional, incluindo o Flamengo. A negocia\u00e7\u00e3o foi conclu\u00edda nesta sexta-feira (24 de outubro), ap\u00f3s [&hellip;]","og_url":"https:\/\/www.gaveanews.com\/index.php\/2025\/10\/25\/flamengo-leva-chapeu-do-sao-paulo-por-atacante\/","og_site_name":"G\u00e1vea News","article_publisher":"https:\/\/facebook.com\/gaveaNews\/","article_published_time":"2025-10-25T18:30:00+00:00","og_image":[{"width":977,"height":651,"url":"https:\/\/www.gaveanews.com\/wp-content\/uploads\/Escudo-do-Sao-Paulo.webp","type":"image\/webp"}],"author":"Reda\u00e7\u00e3o","twitter_card":"summary_large_image","twitter_misc":{"Escrito por":"Reda\u00e7\u00e3o","Est. tempo de leitura":"3 minutos"},"schema":{"@context":"https:\/\/schema.org","@graph":[{"@type":"NewsArticle","@id":"https:\/\/www.gaveanews.com\/index.php\/2025\/10\/25\/flamengo-leva-chapeu-do-sao-paulo-por-atacante\/#article","isPartOf":{"@id":"https:\/\/www.gaveanews.com\/index.php\/2025\/10\/25\/flamengo-leva-chapeu-do-sao-paulo-por-atacante\/"},"author":{"name":"Reda\u00e7\u00e3o","@id":"https:\/\/www.gaveanews.com\/#\/schema\/person\/c88645e3d550d0b6574305e67dd5a716"},"headline":"Flamengo leva chap\u00e9u do S\u00e3o Paulo por atacante","datePublished":"2025-10-25T18:30:00+00:00","mainEntityOfPage":{"@id":"https:\/\/www.gaveanews.com\/index.php\/2025\/10\/25\/flamengo-leva-chapeu-do-sao-paulo-por-atacante\/"},"wordCount":413,"commentCount":0,"image":{"@id":"https:\/\/www.gaveanews.com\/index.php\/2025\/10\/25\/flamengo-leva-chapeu-do-sao-paulo-por-atacante\/#primaryimage"},"thumbnailUrl":"https:\/\/www.gaveanews.com\/wp-content\/uploads\/Escudo-do-Sao-Paulo.webp","articleSection":["Flamengo"],"inLanguage":"pt-BR","potentialAction":[{"@type":"CommentAction","name":"Comment","target":["https:\/\/www.gaveanews.com\/index.php\/2025\/10\/25\/flamengo-leva-chapeu-do-sao-paulo-por-atacante\/#respond"]}],"copyrightYear":"2025","copyrightHolder":{"@id":"https:\/\/www.gaveanews.com\/#organization"}},{"@type":"WebPage","@id":"https:\/\/www.gaveanews.com\/index.php\/2025\/10\/25\/flamengo-leva-chapeu-do-sao-paulo-por-atacante\/","url":"https:\/\/www.gaveanews.com\/index.php\/2025\/10\/25\/flamengo-leva-chapeu-do-sao-paulo-por-atacante\/","name":"Flamengo leva chap\u00e9u do S\u00e3o Paulo por atacante","isPartOf":{"@id":"https:\/\/www.gaveanews.com\/#website"},"primaryImageOfPage":{"@id":"https:\/\/www.gaveanews.com\/index.php\/2025\/10\/25\/flamengo-leva-chapeu-do-sao-paulo-por-atacante\/#primaryimage"},"image":{"@id":"https:\/\/www.gaveanews.com\/index.php\/2025\/10\/25\/flamengo-leva-chapeu-do-sao-paulo-por-atacante\/#primaryimage"},"thumbnailUrl":"https:\/\/www.gaveanews.com\/wp-content\/uploads\/Escudo-do-Sao-Paulo.webp","datePublished":"2025-10-25T18:30:00+00:00","author":{"@id":"https:\/\/www.gaveanews.com\/#\/schema\/person\/c88645e3d550d0b6574305e67dd5a716"},"breadcrumb":{"@id":"https:\/\/www.gaveanews.com\/index.php\/2025\/10\/25\/flamengo-leva-chapeu-do-sao-paulo-por-atacante\/#breadcrumb"},"inLanguage":"pt-BR","potentialAction":[{"@type":"ReadAction","target":["https:\/\/www.gaveanews.com\/index.php\/2025\/10\/25\/flamengo-leva-chapeu-do-sao-paulo-por-atacante\/"]}]},{"@type":"ImageObject","inLanguage":"pt-BR","@id":"https:\/\/www.gaveanews.com\/index.php\/2025\/10\/25\/flamengo-leva-chapeu-do-sao-paulo-por-atacante\/#primaryimage","url":"https:\/\/www.gaveanews.com\/wp-content\/uploads\/Escudo-do-Sao-Paulo.webp","contentUrl":"https:\/\/www.gaveanews.com\/wp-content\/uploads\/Escudo-do-Sao-Paulo.webp","width":977,"height":651,"caption":"Escudo do S\u00e3o Paulo (Foto: Reprodu\u00e7\u00e3o\/S\u00e3o Paulo)"},{"@type":"BreadcrumbList","@id":"https:\/\/www.gaveanews.com\/index.php\/2025\/10\/25\/flamengo-leva-chapeu-do-sao-paulo-por-atacante\/#breadcrumb","itemListElement":[{"@type":"ListItem","position":1,"name":"Home","item":"https:\/\/www.gaveanews.com\/"},{"@type":"ListItem","position":2,"name":"Flamengo leva chap\u00e9u do S\u00e3o Paulo por atacante"}]},{"@type":"WebSite","@id":"https:\/\/www.gaveanews.com\/#website","url":"https:\/\/www.gaveanews.com\/","name":"G\u00e1vea News","description":"Veja todas as not\u00edcias sobre o Flamengo: Contrata\u00e7\u00f5es, categorias de base, resultados das partidas, tabela de classifica\u00e7\u00e3o, pr\u00f3ximos jogos!","potentialAction":[{"@type":"SearchAction","target":{"@type":"EntryPoint","urlTemplate":"https:\/\/www.gaveanews.com\/?s={search_term_string}"},"query-input":{"@type":"PropertyValueSpecification","valueRequired":true,"valueName":"search_term_string"}}],"inLanguage":"pt-BR"},{"@type":"Person","@id":"https:\/\/www.gaveanews.com\/#\/schema\/person\/c88645e3d550d0b6574305e67dd5a716","name":"Reda\u00e7\u00e3o","image":{"@type":"ImageObject","inLanguage":"pt-BR","@id":"https:\/\/www.gaveanews.com\/#\/schema\/person\/image\/","url":"https:\/\/secure.gravatar.com\/avatar\/434098fd823f0dc1b062d14ca22bacaa6e38de28d8c816bbef6fc2f8c44d8ba3?s=96&d=mm&r=g","contentUrl":"https:\/\/secure.gravatar.com\/avatar\/434098fd823f0dc1b062d14ca22bacaa6e38de28d8c816bbef6fc2f8c44d8ba3?s=96&d=mm&r=g","caption":"Reda\u00e7\u00e3o"}}]}},"_links":{"self":[{"href":"https:\/\/www.gaveanews.com\/index.php\/wp-json\/wp\/v2\/posts\/279284","targetHints":{"allow":["GET"]}}],"collection":[{"href":"https:\/\/www.gaveanews.com\/index.php\/wp-json\/wp\/v2\/posts"}],"about":[{"href":"https:\/\/www.gaveanews.com\/index.php\/wp-json\/wp\/v2\/types\/post"}],"author":[{"embeddable":true,"href":"https:\/\/www.gaveanews.com\/index.php\/wp-json\/wp\/v2\/users\/39"}],"replies":[{"embeddable":true,"href":"https:\/\/www.gaveanews.com\/index.php\/wp-json\/wp\/v2\/comments?post=279284"}],"version-history":[{"count":1,"href":"https:\/\/www.gaveanews.com\/index.php\/wp-json\/wp\/v2\/posts\/279284\/revisions"}],"predecessor-version":[{"id":279289,"href":"https:\/\/www.gaveanews.com\/index.php\/wp-json\/wp\/v2\/posts\/279284\/revisions\/279289"}],"wp:featuredmedia":[{"embeddable":true,"href":"https:\/\/www.gaveanews.com\/index.php\/wp-json\/wp\/v2\/media\/154451"}],"wp:attachment":[{"href":"https:\/\/www.gaveanews.com\/index.php\/wp-json\/wp\/v2\/media?parent=279284"}],"wp:term":[{"taxonomy":"category","embeddable":true,"href":"https:\/\/www.gaveanews.com\/index.php\/wp-json\/wp\/v2\/categories?post=279284"},{"taxonomy":"post_tag","embeddable":true,"href":"https:\/\/www.gaveanews.com\/index.php\/wp-json\/wp\/v2\/tags?post=279284"}],"curies":[{"name":"wp","href":"https:\/\/api.w.org\/{rel}","templated":true}]}}