{"id":279285,"date":"2025-10-25T15:45:00","date_gmt":"2025-10-25T18:45:00","guid":{"rendered":"https:\/\/www.gaveanews.com\/?p=279285"},"modified":"2025-10-25T15:26:03","modified_gmt":"2025-10-25T18:26:03","slug":"pvc-pede-desculpas-apos-declaracao-sobre-jose-boto-do-flamengo","status":"publish","type":"post","link":"https:\/\/www.gaveanews.com\/index.php\/2025\/10\/25\/pvc-pede-desculpas-apos-declaracao-sobre-jose-boto-do-flamengo\/","title":{"rendered":"PVC pede desculpas ap\u00f3s declara\u00e7\u00e3o sobre Jos\u00e9 Boto, do Flamengo"},"content":{"rendered":"\n<p>A pol\u00eamica envolvendo o jornalista Paulo Vin\u00edcius Coelho (PVC) e o diretor de futebol do Flamengo, Jos\u00e9 Boto, ganhou um novo cap\u00edtulo com a retrata\u00e7\u00e3o p\u00fablica do comentarista. Ap\u00f3s ser criticado por suas declara\u00e7\u00f5es em um programa esportivo, PVC admitiu ter ultrapassado o tom e pediu desculpas de forma direta e ao vivo.<\/p>\n\n\n\n<p>Inicialmente, o jornalista havia rebatido falas de Boto ap\u00f3s a vit\u00f3ria do Flamengo sobre o Palmeiras por 3 a 2, no Maracan\u00e3. Na ocasi\u00e3o, o dirigente rubro-negro ironizou as reclama\u00e7\u00f5es da equipe paulista sobre a arbitragem, dizendo que &#8220;n\u00e3o est\u00e3o habituados a n\u00e3o ser ajudados&#8221;. A resposta provocou forte rea\u00e7\u00e3o de PVC, que classificou o comportamento de Boto como \u201cirrespons\u00e1vel\u201d durante uma participa\u00e7\u00e3o na UOL.<\/p>\n\n\n\n<p>Entretanto, diante da repercuss\u00e3o negativa e de acusa\u00e7\u00f5es de ter cometido xenofobia ao imitar o sotaque portugu\u00eas de Boto, PVC buscou se explicar. Ele afirmou que o tom adotado foi exagerado, mesmo que mantenha o conte\u00fado de sua cr\u00edtica. \u201cAcho que exagerei na quest\u00e3o do Boto na segunda-feira. O conte\u00fado, eu nem acho, mas no tom, acho que sim. Ent\u00e3o, desculpe pelo tom\u201d, declarou o jornalista ao vivo no programa &#8216;De Primeira&#8217;.<\/p>\n\n\n\n<p>Al\u00e9m do pedido de desculpas verbal, PVC utilizou sua coluna para rebater as acusa\u00e7\u00f5es feitas pelo Flamengo. No texto, ele negou qualquer tentativa de vincular o dirigente ao esc\u00e2ndalo do &#8220;Apito Dourado&#8221;, refor\u00e7ando que a men\u00e7\u00e3o ao contexto portugu\u00eas foi apenas para ilustrar o ambiente de tens\u00e3o vivenciado na \u00e9poca em que Boto atuava no Benfica.<\/p>\n\n\n\n<p>Quanto \u00e0 imita\u00e7\u00e3o do sotaque, o jornalista recorreu \u00e0 sua pr\u00f3pria origem para contextualizar a fala. &#8220;Estou a falar com Jos\u00e9 Boto, como falava com meu av\u00f4&#8221;, escreveu PVC. Em seguida, afirmou sentir \u201cimenso orgulho\u201d de sua heran\u00e7a portuguesa e manifestou desejo de que Boto compreendesse o contexto da brincadeira. \u201cEspero que Jos\u00e9 Boto possa tamb\u00e9m ter a compreens\u00e3o deste orgulho\u201d.<\/p>\n\n\n\n<p>O Flamengo, por sua vez, divulgou uma nota em que demonstrou insatisfa\u00e7\u00e3o com o que considerou um tom desrespeitoso. O clube apontou dois aspectos principais: a insinua\u00e7\u00e3o sobre o esc\u00e2ndalo no futebol europeu e a imita\u00e7\u00e3o do sotaque, que, segundo a diretoria, pode ser interpretada como xenofobia, mesmo sem inten\u00e7\u00e3o expl\u00edcita.<\/p>\n\n\n\n<p>Apesar da tens\u00e3o gerada, a retrata\u00e7\u00e3o de PVC contribuiu para atenuar o clima entre as partes. O epis\u00f3dio evidencia a import\u00e2ncia do cuidado na forma como cr\u00edticas s\u00e3o conduzidas no ambiente esportivo, sobretudo quando envolvem figuras p\u00fablicas e temas sens\u00edveis.<\/p>\n","protected":false},"excerpt":{"rendered":"<p>A pol\u00eamica envolvendo o jornalista Paulo Vin\u00edcius Coelho (PVC) e o diretor de futebol do Flamengo, Jos\u00e9 Boto, ganhou um novo cap\u00edtulo com a retrata\u00e7\u00e3o p\u00fablica do comentarista. Ap\u00f3s ser criticado por suas declara\u00e7\u00f5es em um programa esportivo, PVC admitiu ter ultrapassado o tom e pediu desculpas de forma direta e ao vivo. Inicialmente, o [&hellip;]<\/p>\n","protected":false},"author":39,"featured_media":118615,"comment_status":"open","ping_status":"closed","sticky":false,"template":"","format":"standard","meta":{"footnotes":""},"categories":[1],"tags":[],"class_list":["post-279285","post","type-post","status-publish","format-standard","has-post-thumbnail","hentry","category-flamengo"],"yoast_head":"<!-- This site is optimized with the Yoast SEO Premium plugin v24.2 (Yoast SEO v26.9) - https:\/\/yoast.com\/product\/yoast-seo-premium-wordpress\/ -->\n<title>PVC pede desculpas ap\u00f3s declara\u00e7\u00e3o sobre Jos\u00e9 Boto, do Flamengo<\/title>\n<meta name=\"robots\" content=\"index, follow, max-snippet:-1, max-image-preview:large, max-video-preview:-1\" \/>\n<link rel=\"canonical\" href=\"https:\/\/www.gaveanews.com\/index.php\/2025\/10\/25\/pvc-pede-desculpas-apos-declaracao-sobre-jose-boto-do-flamengo\/\" \/>\n<meta property=\"og:locale\" content=\"pt_BR\" \/>\n<meta property=\"og:type\" content=\"article\" \/>\n<meta property=\"og:title\" content=\"PVC pede desculpas ap\u00f3s declara\u00e7\u00e3o sobre Jos\u00e9 Boto, do Flamengo\" \/>\n<meta property=\"og:description\" content=\"A pol\u00eamica envolvendo o jornalista Paulo Vin\u00edcius Coelho (PVC) e o diretor de futebol do Flamengo, Jos\u00e9 Boto, ganhou um novo cap\u00edtulo com a retrata\u00e7\u00e3o p\u00fablica do comentarista. Ap\u00f3s ser criticado por suas declara\u00e7\u00f5es em um programa esportivo, PVC admitiu ter ultrapassado o tom e pediu desculpas de forma direta e ao vivo. Inicialmente, o [&hellip;]\" \/>\n<meta property=\"og:url\" content=\"https:\/\/www.gaveanews.com\/index.php\/2025\/10\/25\/pvc-pede-desculpas-apos-declaracao-sobre-jose-boto-do-flamengo\/\" \/>\n<meta property=\"og:site_name\" content=\"G\u00e1vea News\" \/>\n<meta property=\"article:publisher\" content=\"https:\/\/facebook.com\/gaveaNews\/\" \/>\n<meta property=\"article:published_time\" content=\"2025-10-25T18:45:00+00:00\" \/>\n<meta property=\"og:image\" content=\"https:\/\/www.gaveanews.com\/wp-content\/uploads\/pvc-paulo-vinicius-coelho-saiu-da-globo-foto-reproducao-sportv_fixed_large.webp\" \/>\n\t<meta property=\"og:image:width\" content=\"990\" \/>\n\t<meta property=\"og:image:height\" content=\"619\" \/>\n\t<meta property=\"og:image:type\" content=\"image\/webp\" \/>\n<meta name=\"author\" content=\"Reda\u00e7\u00e3o\" \/>\n<meta name=\"twitter:card\" content=\"summary_large_image\" \/>\n<meta name=\"twitter:label1\" content=\"Escrito por\" \/>\n\t<meta name=\"twitter:data1\" content=\"Reda\u00e7\u00e3o\" \/>\n\t<meta name=\"twitter:label2\" content=\"Est. tempo de leitura\" \/>\n\t<meta name=\"twitter:data2\" content=\"3 minutos\" \/>\n<script type=\"application\/ld+json\" class=\"yoast-schema-graph\">{\"@context\":\"https:\/\/schema.org\",\"@graph\":[{\"@type\":\"NewsArticle\",\"@id\":\"https:\/\/www.gaveanews.com\/index.php\/2025\/10\/25\/pvc-pede-desculpas-apos-declaracao-sobre-jose-boto-do-flamengo\/#article\",\"isPartOf\":{\"@id\":\"https:\/\/www.gaveanews.com\/index.php\/2025\/10\/25\/pvc-pede-desculpas-apos-declaracao-sobre-jose-boto-do-flamengo\/\"},\"author\":{\"name\":\"Reda\u00e7\u00e3o\",\"@id\":\"https:\/\/www.gaveanews.com\/#\/schema\/person\/c88645e3d550d0b6574305e67dd5a716\"},\"headline\":\"PVC pede desculpas ap\u00f3s declara\u00e7\u00e3o sobre Jos\u00e9 Boto, do Flamengo\",\"datePublished\":\"2025-10-25T18:45:00+00:00\",\"mainEntityOfPage\":{\"@id\":\"https:\/\/www.gaveanews.com\/index.php\/2025\/10\/25\/pvc-pede-desculpas-apos-declaracao-sobre-jose-boto-do-flamengo\/\"},\"wordCount\":457,\"commentCount\":0,\"image\":{\"@id\":\"https:\/\/www.gaveanews.com\/index.php\/2025\/10\/25\/pvc-pede-desculpas-apos-declaracao-sobre-jose-boto-do-flamengo\/#primaryimage\"},\"thumbnailUrl\":\"https:\/\/www.gaveanews.com\/wp-content\/uploads\/pvc-paulo-vinicius-coelho-saiu-da-globo-foto-reproducao-sportv_fixed_large.webp\",\"articleSection\":[\"Flamengo\"],\"inLanguage\":\"pt-BR\",\"potentialAction\":[{\"@type\":\"CommentAction\",\"name\":\"Comment\",\"target\":[\"https:\/\/www.gaveanews.com\/index.php\/2025\/10\/25\/pvc-pede-desculpas-apos-declaracao-sobre-jose-boto-do-flamengo\/#respond\"]}],\"copyrightYear\":\"2025\",\"copyrightHolder\":{\"@id\":\"https:\/\/www.gaveanews.com\/#organization\"}},{\"@type\":\"WebPage\",\"@id\":\"https:\/\/www.gaveanews.com\/index.php\/2025\/10\/25\/pvc-pede-desculpas-apos-declaracao-sobre-jose-boto-do-flamengo\/\",\"url\":\"https:\/\/www.gaveanews.com\/index.php\/2025\/10\/25\/pvc-pede-desculpas-apos-declaracao-sobre-jose-boto-do-flamengo\/\",\"name\":\"PVC pede desculpas ap\u00f3s declara\u00e7\u00e3o sobre Jos\u00e9 Boto, do Flamengo\",\"isPartOf\":{\"@id\":\"https:\/\/www.gaveanews.com\/#website\"},\"primaryImageOfPage\":{\"@id\":\"https:\/\/www.gaveanews.com\/index.php\/2025\/10\/25\/pvc-pede-desculpas-apos-declaracao-sobre-jose-boto-do-flamengo\/#primaryimage\"},\"image\":{\"@id\":\"https:\/\/www.gaveanews.com\/index.php\/2025\/10\/25\/pvc-pede-desculpas-apos-declaracao-sobre-jose-boto-do-flamengo\/#primaryimage\"},\"thumbnailUrl\":\"https:\/\/www.gaveanews.com\/wp-content\/uploads\/pvc-paulo-vinicius-coelho-saiu-da-globo-foto-reproducao-sportv_fixed_large.webp\",\"datePublished\":\"2025-10-25T18:45:00+00:00\",\"author\":{\"@id\":\"https:\/\/www.gaveanews.com\/#\/schema\/person\/c88645e3d550d0b6574305e67dd5a716\"},\"breadcrumb\":{\"@id\":\"https:\/\/www.gaveanews.com\/index.php\/2025\/10\/25\/pvc-pede-desculpas-apos-declaracao-sobre-jose-boto-do-flamengo\/#breadcrumb\"},\"inLanguage\":\"pt-BR\",\"potentialAction\":[{\"@type\":\"ReadAction\",\"target\":[\"https:\/\/www.gaveanews.com\/index.php\/2025\/10\/25\/pvc-pede-desculpas-apos-declaracao-sobre-jose-boto-do-flamengo\/\"]}]},{\"@type\":\"ImageObject\",\"inLanguage\":\"pt-BR\",\"@id\":\"https:\/\/www.gaveanews.com\/index.php\/2025\/10\/25\/pvc-pede-desculpas-apos-declaracao-sobre-jose-boto-do-flamengo\/#primaryimage\",\"url\":\"https:\/\/www.gaveanews.com\/wp-content\/uploads\/pvc-paulo-vinicius-coelho-saiu-da-globo-foto-reproducao-sportv_fixed_large.webp\",\"contentUrl\":\"https:\/\/www.gaveanews.com\/wp-content\/uploads\/pvc-paulo-vinicius-coelho-saiu-da-globo-foto-reproducao-sportv_fixed_large.webp\",\"width\":990,\"height\":619,\"caption\":\"Paulo Vinicius Coelho em programa do Sportv - Foto: reprodu\u00e7\u00e3o\"},{\"@type\":\"BreadcrumbList\",\"@id\":\"https:\/\/www.gaveanews.com\/index.php\/2025\/10\/25\/pvc-pede-desculpas-apos-declaracao-sobre-jose-boto-do-flamengo\/#breadcrumb\",\"itemListElement\":[{\"@type\":\"ListItem\",\"position\":1,\"name\":\"Home\",\"item\":\"https:\/\/www.gaveanews.com\/\"},{\"@type\":\"ListItem\",\"position\":2,\"name\":\"PVC pede desculpas ap\u00f3s declara\u00e7\u00e3o sobre Jos\u00e9 Boto, do Flamengo\"}]},{\"@type\":\"WebSite\",\"@id\":\"https:\/\/www.gaveanews.com\/#website\",\"url\":\"https:\/\/www.gaveanews.com\/\",\"name\":\"G\u00e1vea News\",\"description\":\"Veja todas as not\u00edcias sobre o Flamengo: Contrata\u00e7\u00f5es, categorias de base, resultados das partidas, tabela de classifica\u00e7\u00e3o, pr\u00f3ximos jogos!\",\"potentialAction\":[{\"@type\":\"SearchAction\",\"target\":{\"@type\":\"EntryPoint\",\"urlTemplate\":\"https:\/\/www.gaveanews.com\/?s={search_term_string}\"},\"query-input\":{\"@type\":\"PropertyValueSpecification\",\"valueRequired\":true,\"valueName\":\"search_term_string\"}}],\"inLanguage\":\"pt-BR\"},{\"@type\":\"Person\",\"@id\":\"https:\/\/www.gaveanews.com\/#\/schema\/person\/c88645e3d550d0b6574305e67dd5a716\",\"name\":\"Reda\u00e7\u00e3o\",\"image\":{\"@type\":\"ImageObject\",\"inLanguage\":\"pt-BR\",\"@id\":\"https:\/\/www.gaveanews.com\/#\/schema\/person\/image\/\",\"url\":\"https:\/\/secure.gravatar.com\/avatar\/434098fd823f0dc1b062d14ca22bacaa6e38de28d8c816bbef6fc2f8c44d8ba3?s=96&d=mm&r=g\",\"contentUrl\":\"https:\/\/secure.gravatar.com\/avatar\/434098fd823f0dc1b062d14ca22bacaa6e38de28d8c816bbef6fc2f8c44d8ba3?s=96&d=mm&r=g\",\"caption\":\"Reda\u00e7\u00e3o\"}}]}<\/script>\n<!-- \/ Yoast SEO Premium plugin. -->","yoast_head_json":{"title":"PVC pede desculpas ap\u00f3s declara\u00e7\u00e3o sobre Jos\u00e9 Boto, do Flamengo","robots":{"index":"index","follow":"follow","max-snippet":"max-snippet:-1","max-image-preview":"max-image-preview:large","max-video-preview":"max-video-preview:-1"},"canonical":"https:\/\/www.gaveanews.com\/index.php\/2025\/10\/25\/pvc-pede-desculpas-apos-declaracao-sobre-jose-boto-do-flamengo\/","og_locale":"pt_BR","og_type":"article","og_title":"PVC pede desculpas ap\u00f3s declara\u00e7\u00e3o sobre Jos\u00e9 Boto, do Flamengo","og_description":"A pol\u00eamica envolvendo o jornalista Paulo Vin\u00edcius Coelho (PVC) e o diretor de futebol do Flamengo, Jos\u00e9 Boto, ganhou um novo cap\u00edtulo com a retrata\u00e7\u00e3o p\u00fablica do comentarista. Ap\u00f3s ser criticado por suas declara\u00e7\u00f5es em um programa esportivo, PVC admitiu ter ultrapassado o tom e pediu desculpas de forma direta e ao vivo. Inicialmente, o [&hellip;]","og_url":"https:\/\/www.gaveanews.com\/index.php\/2025\/10\/25\/pvc-pede-desculpas-apos-declaracao-sobre-jose-boto-do-flamengo\/","og_site_name":"G\u00e1vea News","article_publisher":"https:\/\/facebook.com\/gaveaNews\/","article_published_time":"2025-10-25T18:45:00+00:00","og_image":[{"width":990,"height":619,"url":"https:\/\/www.gaveanews.com\/wp-content\/uploads\/pvc-paulo-vinicius-coelho-saiu-da-globo-foto-reproducao-sportv_fixed_large.webp","type":"image\/webp"}],"author":"Reda\u00e7\u00e3o","twitter_card":"summary_large_image","twitter_misc":{"Escrito por":"Reda\u00e7\u00e3o","Est. tempo de leitura":"3 minutos"},"schema":{"@context":"https:\/\/schema.org","@graph":[{"@type":"NewsArticle","@id":"https:\/\/www.gaveanews.com\/index.php\/2025\/10\/25\/pvc-pede-desculpas-apos-declaracao-sobre-jose-boto-do-flamengo\/#article","isPartOf":{"@id":"https:\/\/www.gaveanews.com\/index.php\/2025\/10\/25\/pvc-pede-desculpas-apos-declaracao-sobre-jose-boto-do-flamengo\/"},"author":{"name":"Reda\u00e7\u00e3o","@id":"https:\/\/www.gaveanews.com\/#\/schema\/person\/c88645e3d550d0b6574305e67dd5a716"},"headline":"PVC pede desculpas ap\u00f3s declara\u00e7\u00e3o sobre Jos\u00e9 Boto, do Flamengo","datePublished":"2025-10-25T18:45:00+00:00","mainEntityOfPage":{"@id":"https:\/\/www.gaveanews.com\/index.php\/2025\/10\/25\/pvc-pede-desculpas-apos-declaracao-sobre-jose-boto-do-flamengo\/"},"wordCount":457,"commentCount":0,"image":{"@id":"https:\/\/www.gaveanews.com\/index.php\/2025\/10\/25\/pvc-pede-desculpas-apos-declaracao-sobre-jose-boto-do-flamengo\/#primaryimage"},"thumbnailUrl":"https:\/\/www.gaveanews.com\/wp-content\/uploads\/pvc-paulo-vinicius-coelho-saiu-da-globo-foto-reproducao-sportv_fixed_large.webp","articleSection":["Flamengo"],"inLanguage":"pt-BR","potentialAction":[{"@type":"CommentAction","name":"Comment","target":["https:\/\/www.gaveanews.com\/index.php\/2025\/10\/25\/pvc-pede-desculpas-apos-declaracao-sobre-jose-boto-do-flamengo\/#respond"]}],"copyrightYear":"2025","copyrightHolder":{"@id":"https:\/\/www.gaveanews.com\/#organization"}},{"@type":"WebPage","@id":"https:\/\/www.gaveanews.com\/index.php\/2025\/10\/25\/pvc-pede-desculpas-apos-declaracao-sobre-jose-boto-do-flamengo\/","url":"https:\/\/www.gaveanews.com\/index.php\/2025\/10\/25\/pvc-pede-desculpas-apos-declaracao-sobre-jose-boto-do-flamengo\/","name":"PVC pede desculpas ap\u00f3s declara\u00e7\u00e3o sobre Jos\u00e9 Boto, do Flamengo","isPartOf":{"@id":"https:\/\/www.gaveanews.com\/#website"},"primaryImageOfPage":{"@id":"https:\/\/www.gaveanews.com\/index.php\/2025\/10\/25\/pvc-pede-desculpas-apos-declaracao-sobre-jose-boto-do-flamengo\/#primaryimage"},"image":{"@id":"https:\/\/www.gaveanews.com\/index.php\/2025\/10\/25\/pvc-pede-desculpas-apos-declaracao-sobre-jose-boto-do-flamengo\/#primaryimage"},"thumbnailUrl":"https:\/\/www.gaveanews.com\/wp-content\/uploads\/pvc-paulo-vinicius-coelho-saiu-da-globo-foto-reproducao-sportv_fixed_large.webp","datePublished":"2025-10-25T18:45:00+00:00","author":{"@id":"https:\/\/www.gaveanews.com\/#\/schema\/person\/c88645e3d550d0b6574305e67dd5a716"},"breadcrumb":{"@id":"https:\/\/www.gaveanews.com\/index.php\/2025\/10\/25\/pvc-pede-desculpas-apos-declaracao-sobre-jose-boto-do-flamengo\/#breadcrumb"},"inLanguage":"pt-BR","potentialAction":[{"@type":"ReadAction","target":["https:\/\/www.gaveanews.com\/index.php\/2025\/10\/25\/pvc-pede-desculpas-apos-declaracao-sobre-jose-boto-do-flamengo\/"]}]},{"@type":"ImageObject","inLanguage":"pt-BR","@id":"https:\/\/www.gaveanews.com\/index.php\/2025\/10\/25\/pvc-pede-desculpas-apos-declaracao-sobre-jose-boto-do-flamengo\/#primaryimage","url":"https:\/\/www.gaveanews.com\/wp-content\/uploads\/pvc-paulo-vinicius-coelho-saiu-da-globo-foto-reproducao-sportv_fixed_large.webp","contentUrl":"https:\/\/www.gaveanews.com\/wp-content\/uploads\/pvc-paulo-vinicius-coelho-saiu-da-globo-foto-reproducao-sportv_fixed_large.webp","width":990,"height":619,"caption":"Paulo Vinicius Coelho em programa do Sportv - Foto: reprodu\u00e7\u00e3o"},{"@type":"BreadcrumbList","@id":"https:\/\/www.gaveanews.com\/index.php\/2025\/10\/25\/pvc-pede-desculpas-apos-declaracao-sobre-jose-boto-do-flamengo\/#breadcrumb","itemListElement":[{"@type":"ListItem","position":1,"name":"Home","item":"https:\/\/www.gaveanews.com\/"},{"@type":"ListItem","position":2,"name":"PVC pede desculpas ap\u00f3s declara\u00e7\u00e3o sobre Jos\u00e9 Boto, do Flamengo"}]},{"@type":"WebSite","@id":"https:\/\/www.gaveanews.com\/#website","url":"https:\/\/www.gaveanews.com\/","name":"G\u00e1vea News","description":"Veja todas as not\u00edcias sobre o Flamengo: Contrata\u00e7\u00f5es, categorias de base, resultados das partidas, tabela de classifica\u00e7\u00e3o, pr\u00f3ximos jogos!","potentialAction":[{"@type":"SearchAction","target":{"@type":"EntryPoint","urlTemplate":"https:\/\/www.gaveanews.com\/?s={search_term_string}"},"query-input":{"@type":"PropertyValueSpecification","valueRequired":true,"valueName":"search_term_string"}}],"inLanguage":"pt-BR"},{"@type":"Person","@id":"https:\/\/www.gaveanews.com\/#\/schema\/person\/c88645e3d550d0b6574305e67dd5a716","name":"Reda\u00e7\u00e3o","image":{"@type":"ImageObject","inLanguage":"pt-BR","@id":"https:\/\/www.gaveanews.com\/#\/schema\/person\/image\/","url":"https:\/\/secure.gravatar.com\/avatar\/434098fd823f0dc1b062d14ca22bacaa6e38de28d8c816bbef6fc2f8c44d8ba3?s=96&d=mm&r=g","contentUrl":"https:\/\/secure.gravatar.com\/avatar\/434098fd823f0dc1b062d14ca22bacaa6e38de28d8c816bbef6fc2f8c44d8ba3?s=96&d=mm&r=g","caption":"Reda\u00e7\u00e3o"}}]}},"_links":{"self":[{"href":"https:\/\/www.gaveanews.com\/index.php\/wp-json\/wp\/v2\/posts\/279285","targetHints":{"allow":["GET"]}}],"collection":[{"href":"https:\/\/www.gaveanews.com\/index.php\/wp-json\/wp\/v2\/posts"}],"about":[{"href":"https:\/\/www.gaveanews.com\/index.php\/wp-json\/wp\/v2\/types\/post"}],"author":[{"embeddable":true,"href":"https:\/\/www.gaveanews.com\/index.php\/wp-json\/wp\/v2\/users\/39"}],"replies":[{"embeddable":true,"href":"https:\/\/www.gaveanews.com\/index.php\/wp-json\/wp\/v2\/comments?post=279285"}],"version-history":[{"count":1,"href":"https:\/\/www.gaveanews.com\/index.php\/wp-json\/wp\/v2\/posts\/279285\/revisions"}],"predecessor-version":[{"id":279291,"href":"https:\/\/www.gaveanews.com\/index.php\/wp-json\/wp\/v2\/posts\/279285\/revisions\/279291"}],"wp:featuredmedia":[{"embeddable":true,"href":"https:\/\/www.gaveanews.com\/index.php\/wp-json\/wp\/v2\/media\/118615"}],"wp:attachment":[{"href":"https:\/\/www.gaveanews.com\/index.php\/wp-json\/wp\/v2\/media?parent=279285"}],"wp:term":[{"taxonomy":"category","embeddable":true,"href":"https:\/\/www.gaveanews.com\/index.php\/wp-json\/wp\/v2\/categories?post=279285"},{"taxonomy":"post_tag","embeddable":true,"href":"https:\/\/www.gaveanews.com\/index.php\/wp-json\/wp\/v2\/tags?post=279285"}],"curies":[{"name":"wp","href":"https:\/\/api.w.org\/{rel}","templated":true}]}}