{"id":279333,"date":"2025-10-26T16:00:00","date_gmt":"2025-10-26T19:00:00","guid":{"rendered":"https:\/\/www.gaveanews.com\/?p=279333"},"modified":"2025-10-26T15:22:55","modified_gmt":"2025-10-26T18:22:55","slug":"a-declaracao-de-arrascaeta-sobre-a-derrota-do-flamengo-no-brasileirao","status":"publish","type":"post","link":"https:\/\/www.gaveanews.com\/index.php\/2025\/10\/26\/a-declaracao-de-arrascaeta-sobre-a-derrota-do-flamengo-no-brasileirao\/","title":{"rendered":"A declara\u00e7\u00e3o de Arrascaeta sobre a derrota do Flamengo no Brasileir\u00e3o"},"content":{"rendered":"\n<p>O Flamengo deixou o Castel\u00e3o com mais do que uma derrota por 1 a 0 para o Fortaleza nesse s\u00e1bado (25). O rev\u00e9s pela 30\u00aa rodada do Campeonato Brasileiro tirou a equipe carioca da disputa moment\u00e2nea pela lideran\u00e7a e acendeu o alerta \u00e0s v\u00e9speras da semifinal da Libertadores. <\/p>\n\n\n\n<p>Na sa\u00edda de campo, o meia Giorgian De Arrascaeta reconheceu os erros cometidos e refor\u00e7ou o peso do momento vivido pelo elenco. O uruguaio classificou a derrota como dura e evitou justificativas que minimizassem a atua\u00e7\u00e3o da equipe. <\/p>\n\n\n\n<p>&#8220;\u00c9 uma derrota muito dolorosa, uma batalha perdida. N\u00e3o podemos abandonar agora mais nove finais. Cada jogo \u00e9 muito importante, viemos aqui e sab\u00edamos que ia ser um jogo muito dif\u00edcil. O rival jogava a vida. Infelizmente no primeiro tempo n\u00e3o entendemos muito bem o jogo&#8221;, avaliou.<\/p>\n\n\n\n<p>Apesar do cen\u00e1rio negativo, o camisa 14 pontuou que o time apresentou sinais de melhora na segunda etapa, mesmo sem conseguir empatar ou virar o jogo.<\/p>\n\n\n\n<p>&#8220;A gente sempre tenta dar o nosso melhor. \u00c0s vezes as coisas correm bem, \u00e0s vezes n\u00e3o. O rival tamb\u00e9m joga. O campo \u00e9 um pouco dif\u00edcil, a bola fica na grama, isso atrapalhou um pouquinho. Corrigimos isso no segundo tempo, fomos melhores, mas infelizmente n\u00e3o conseguimos virar o jogo&#8221;, acrescentou.<\/p>\n\n\n\n<h3 class=\"wp-block-heading\" id=\"h-comprometimento-e-foco-no-proximo-desafio\">Comprometimento e foco no pr\u00f3ximo desafio<\/h3>\n\n\n\n<p>Com uma decis\u00e3o marcada para quarta-feira (29), contra o Racing, pela semifinal da Libertadores, o meia destacou o preparo f\u00edsico e a estrutura do clube como fatores fundamentais para a r\u00e1pida recupera\u00e7\u00e3o do grupo.<\/p>\n\n\n\n<p>&#8220;A gente tem uma estrutura muito boa para fazer uma recupera\u00e7\u00e3o. Sabemos do desgaste de cada jogador, ainda mais em final de temporada. Mas todo mundo quer estar presente porque temos um comprometimento com o clube e com nosso grupo. Depois, o treinador escolhe quem vai come\u00e7ar&#8221;, afirmou.<\/p>\n\n\n\n<p>A delega\u00e7\u00e3o ter\u00e1 folga neste domingo (26) e retorna aos treinos na segunda-feira (27) pela manh\u00e3, no Ninho do Urubu. No mesmo dia, \u00e0 tarde, o grupo embarca para Buenos Aires. <\/p>\n\n\n\n<p>O duelo contra o Racing, em Avellaneda, est\u00e1 marcado para 21h30 (hor\u00e1rio de Bras\u00edlia), com o Flamengo podendo empatar para se classificar \u00e0 final da Libertadores.<\/p>\n\n\n\n<h3 class=\"wp-block-heading\" id=\"h-impacto-da-derrota-no-brasileirao\">Impacto da derrota no Brasileir\u00e3o<\/h3>\n\n\n\n<p>O trope\u00e7o no Nordeste impediu o Flamengo de alcan\u00e7ar a lideran\u00e7a da S\u00e9rie A, mesmo com a mesma pontua\u00e7\u00e3o do Palmeiras, que ainda atua nesta rodada. O resultado manteve os cariocas com 61 pontos e beneficiou o Fortaleza, que subiu para a 18\u00aa coloca\u00e7\u00e3o, chegando aos 27 pontos.<\/p>\n\n\n\n<p>O pr\u00f3ximo compromisso do time pelo torneio nacional ser\u00e1 no s\u00e1bado (1\u00ba de novembro), contra o Sport, \u00e0s 21h, no Maracan\u00e3, pela 31\u00aa rodada.<\/p>\n","protected":false},"excerpt":{"rendered":"<p>O Flamengo deixou o Castel\u00e3o com mais do que uma derrota por 1 a 0 para o Fortaleza nesse s\u00e1bado (25). O rev\u00e9s pela 30\u00aa rodada do Campeonato Brasileiro tirou a equipe carioca da disputa moment\u00e2nea pela lideran\u00e7a e acendeu o alerta \u00e0s v\u00e9speras da semifinal da Libertadores. Na sa\u00edda de campo, o meia Giorgian [&hellip;]<\/p>\n","protected":false},"author":30,"featured_media":145520,"comment_status":"open","ping_status":"closed","sticky":false,"template":"","format":"standard","meta":{"footnotes":""},"categories":[1],"tags":[],"class_list":["post-279333","post","type-post","status-publish","format-standard","has-post-thumbnail","hentry","category-flamengo"],"yoast_head":"<!-- This site is optimized with the Yoast SEO Premium plugin v24.2 (Yoast SEO v26.9) - https:\/\/yoast.com\/product\/yoast-seo-premium-wordpress\/ -->\n<title>A declara\u00e7\u00e3o de Arrascaeta sobre a derrota do Flamengo no Brasileir\u00e3o<\/title>\n<meta name=\"robots\" content=\"index, follow, max-snippet:-1, max-image-preview:large, max-video-preview:-1\" \/>\n<link rel=\"canonical\" href=\"https:\/\/www.gaveanews.com\/index.php\/2025\/10\/26\/a-declaracao-de-arrascaeta-sobre-a-derrota-do-flamengo-no-brasileirao\/\" \/>\n<meta property=\"og:locale\" content=\"pt_BR\" \/>\n<meta property=\"og:type\" content=\"article\" \/>\n<meta property=\"og:title\" content=\"A declara\u00e7\u00e3o de Arrascaeta sobre a derrota do Flamengo no Brasileir\u00e3o\" \/>\n<meta property=\"og:description\" content=\"O Flamengo deixou o Castel\u00e3o com mais do que uma derrota por 1 a 0 para o Fortaleza nesse s\u00e1bado (25). O rev\u00e9s pela 30\u00aa rodada do Campeonato Brasileiro tirou a equipe carioca da disputa moment\u00e2nea pela lideran\u00e7a e acendeu o alerta \u00e0s v\u00e9speras da semifinal da Libertadores. Na sa\u00edda de campo, o meia Giorgian [&hellip;]\" \/>\n<meta property=\"og:url\" content=\"https:\/\/www.gaveanews.com\/index.php\/2025\/10\/26\/a-declaracao-de-arrascaeta-sobre-a-derrota-do-flamengo-no-brasileirao\/\" \/>\n<meta property=\"og:site_name\" content=\"G\u00e1vea News\" \/>\n<meta property=\"article:publisher\" content=\"https:\/\/facebook.com\/gaveaNews\/\" \/>\n<meta property=\"article:published_time\" content=\"2025-10-26T19:00:00+00:00\" \/>\n<meta property=\"og:image\" content=\"https:\/\/www.gaveanews.com\/wp-content\/uploads\/arrascaeta-flamengo-2.webp\" \/>\n\t<meta property=\"og:image:width\" content=\"900\" \/>\n\t<meta property=\"og:image:height\" content=\"599\" \/>\n\t<meta property=\"og:image:type\" content=\"image\/jpeg\" \/>\n<meta name=\"author\" content=\"Ana Teixeira\" \/>\n<meta name=\"twitter:card\" content=\"summary_large_image\" \/>\n<meta name=\"twitter:label1\" content=\"Escrito por\" \/>\n\t<meta name=\"twitter:data1\" content=\"Ana Teixeira\" \/>\n\t<meta name=\"twitter:label2\" content=\"Est. tempo de leitura\" \/>\n\t<meta name=\"twitter:data2\" content=\"3 minutos\" \/>\n<script type=\"application\/ld+json\" class=\"yoast-schema-graph\">{\"@context\":\"https:\/\/schema.org\",\"@graph\":[{\"@type\":\"NewsArticle\",\"@id\":\"https:\/\/www.gaveanews.com\/index.php\/2025\/10\/26\/a-declaracao-de-arrascaeta-sobre-a-derrota-do-flamengo-no-brasileirao\/#article\",\"isPartOf\":{\"@id\":\"https:\/\/www.gaveanews.com\/index.php\/2025\/10\/26\/a-declaracao-de-arrascaeta-sobre-a-derrota-do-flamengo-no-brasileirao\/\"},\"author\":{\"name\":\"Ana Teixeira\",\"@id\":\"https:\/\/www.gaveanews.com\/#\/schema\/person\/3b19f7288b0ce20372991275e4f2e6c2\"},\"headline\":\"A declara\u00e7\u00e3o de Arrascaeta sobre a derrota do Flamengo no Brasileir\u00e3o\",\"datePublished\":\"2025-10-26T19:00:00+00:00\",\"mainEntityOfPage\":{\"@id\":\"https:\/\/www.gaveanews.com\/index.php\/2025\/10\/26\/a-declaracao-de-arrascaeta-sobre-a-derrota-do-flamengo-no-brasileirao\/\"},\"wordCount\":464,\"commentCount\":0,\"image\":{\"@id\":\"https:\/\/www.gaveanews.com\/index.php\/2025\/10\/26\/a-declaracao-de-arrascaeta-sobre-a-derrota-do-flamengo-no-brasileirao\/#primaryimage\"},\"thumbnailUrl\":\"https:\/\/www.gaveanews.com\/wp-content\/uploads\/arrascaeta-flamengo-2.webp\",\"articleSection\":[\"Flamengo\"],\"inLanguage\":\"pt-BR\",\"potentialAction\":[{\"@type\":\"CommentAction\",\"name\":\"Comment\",\"target\":[\"https:\/\/www.gaveanews.com\/index.php\/2025\/10\/26\/a-declaracao-de-arrascaeta-sobre-a-derrota-do-flamengo-no-brasileirao\/#respond\"]}],\"copyrightYear\":\"2025\",\"copyrightHolder\":{\"@id\":\"https:\/\/www.gaveanews.com\/#organization\"}},{\"@type\":\"WebPage\",\"@id\":\"https:\/\/www.gaveanews.com\/index.php\/2025\/10\/26\/a-declaracao-de-arrascaeta-sobre-a-derrota-do-flamengo-no-brasileirao\/\",\"url\":\"https:\/\/www.gaveanews.com\/index.php\/2025\/10\/26\/a-declaracao-de-arrascaeta-sobre-a-derrota-do-flamengo-no-brasileirao\/\",\"name\":\"A declara\u00e7\u00e3o de Arrascaeta sobre a derrota do Flamengo no Brasileir\u00e3o\",\"isPartOf\":{\"@id\":\"https:\/\/www.gaveanews.com\/#website\"},\"primaryImageOfPage\":{\"@id\":\"https:\/\/www.gaveanews.com\/index.php\/2025\/10\/26\/a-declaracao-de-arrascaeta-sobre-a-derrota-do-flamengo-no-brasileirao\/#primaryimage\"},\"image\":{\"@id\":\"https:\/\/www.gaveanews.com\/index.php\/2025\/10\/26\/a-declaracao-de-arrascaeta-sobre-a-derrota-do-flamengo-no-brasileirao\/#primaryimage\"},\"thumbnailUrl\":\"https:\/\/www.gaveanews.com\/wp-content\/uploads\/arrascaeta-flamengo-2.webp\",\"datePublished\":\"2025-10-26T19:00:00+00:00\",\"author\":{\"@id\":\"https:\/\/www.gaveanews.com\/#\/schema\/person\/3b19f7288b0ce20372991275e4f2e6c2\"},\"breadcrumb\":{\"@id\":\"https:\/\/www.gaveanews.com\/index.php\/2025\/10\/26\/a-declaracao-de-arrascaeta-sobre-a-derrota-do-flamengo-no-brasileirao\/#breadcrumb\"},\"inLanguage\":\"pt-BR\",\"potentialAction\":[{\"@type\":\"ReadAction\",\"target\":[\"https:\/\/www.gaveanews.com\/index.php\/2025\/10\/26\/a-declaracao-de-arrascaeta-sobre-a-derrota-do-flamengo-no-brasileirao\/\"]}]},{\"@type\":\"ImageObject\",\"inLanguage\":\"pt-BR\",\"@id\":\"https:\/\/www.gaveanews.com\/index.php\/2025\/10\/26\/a-declaracao-de-arrascaeta-sobre-a-derrota-do-flamengo-no-brasileirao\/#primaryimage\",\"url\":\"https:\/\/www.gaveanews.com\/wp-content\/uploads\/arrascaeta-flamengo-2.webp\",\"contentUrl\":\"https:\/\/www.gaveanews.com\/wp-content\/uploads\/arrascaeta-flamengo-2.webp\",\"width\":900,\"height\":599,\"caption\":\"Arrascaeta em a\u00e7\u00e3o pelo Flamengo (Foto: Marcelo Cortes\/Flamengo)\"},{\"@type\":\"BreadcrumbList\",\"@id\":\"https:\/\/www.gaveanews.com\/index.php\/2025\/10\/26\/a-declaracao-de-arrascaeta-sobre-a-derrota-do-flamengo-no-brasileirao\/#breadcrumb\",\"itemListElement\":[{\"@type\":\"ListItem\",\"position\":1,\"name\":\"Home\",\"item\":\"https:\/\/www.gaveanews.com\/\"},{\"@type\":\"ListItem\",\"position\":2,\"name\":\"A declara\u00e7\u00e3o de Arrascaeta sobre a derrota do Flamengo no Brasileir\u00e3o\"}]},{\"@type\":\"WebSite\",\"@id\":\"https:\/\/www.gaveanews.com\/#website\",\"url\":\"https:\/\/www.gaveanews.com\/\",\"name\":\"G\u00e1vea News\",\"description\":\"Veja todas as not\u00edcias sobre o Flamengo: Contrata\u00e7\u00f5es, categorias de base, resultados das partidas, tabela de classifica\u00e7\u00e3o, pr\u00f3ximos jogos!\",\"potentialAction\":[{\"@type\":\"SearchAction\",\"target\":{\"@type\":\"EntryPoint\",\"urlTemplate\":\"https:\/\/www.gaveanews.com\/?s={search_term_string}\"},\"query-input\":{\"@type\":\"PropertyValueSpecification\",\"valueRequired\":true,\"valueName\":\"search_term_string\"}}],\"inLanguage\":\"pt-BR\"},{\"@type\":\"Person\",\"@id\":\"https:\/\/www.gaveanews.com\/#\/schema\/person\/3b19f7288b0ce20372991275e4f2e6c2\",\"name\":\"Ana Teixeira\",\"image\":{\"@type\":\"ImageObject\",\"inLanguage\":\"pt-BR\",\"@id\":\"https:\/\/www.gaveanews.com\/#\/schema\/person\/image\/\",\"url\":\"https:\/\/secure.gravatar.com\/avatar\/0a73f5a5258f3fed37fc2fa641892f3f7a4748456d4d4792f9bc550e6c19e06c?s=96&d=mm&r=g\",\"contentUrl\":\"https:\/\/secure.gravatar.com\/avatar\/0a73f5a5258f3fed37fc2fa641892f3f7a4748456d4d4792f9bc550e6c19e06c?s=96&d=mm&r=g\",\"caption\":\"Ana Teixeira\"}}]}<\/script>\n<!-- \/ Yoast SEO Premium plugin. -->","yoast_head_json":{"title":"A declara\u00e7\u00e3o de Arrascaeta sobre a derrota do Flamengo no Brasileir\u00e3o","robots":{"index":"index","follow":"follow","max-snippet":"max-snippet:-1","max-image-preview":"max-image-preview:large","max-video-preview":"max-video-preview:-1"},"canonical":"https:\/\/www.gaveanews.com\/index.php\/2025\/10\/26\/a-declaracao-de-arrascaeta-sobre-a-derrota-do-flamengo-no-brasileirao\/","og_locale":"pt_BR","og_type":"article","og_title":"A declara\u00e7\u00e3o de Arrascaeta sobre a derrota do Flamengo no Brasileir\u00e3o","og_description":"O Flamengo deixou o Castel\u00e3o com mais do que uma derrota por 1 a 0 para o Fortaleza nesse s\u00e1bado (25). O rev\u00e9s pela 30\u00aa rodada do Campeonato Brasileiro tirou a equipe carioca da disputa moment\u00e2nea pela lideran\u00e7a e acendeu o alerta \u00e0s v\u00e9speras da semifinal da Libertadores. Na sa\u00edda de campo, o meia Giorgian [&hellip;]","og_url":"https:\/\/www.gaveanews.com\/index.php\/2025\/10\/26\/a-declaracao-de-arrascaeta-sobre-a-derrota-do-flamengo-no-brasileirao\/","og_site_name":"G\u00e1vea News","article_publisher":"https:\/\/facebook.com\/gaveaNews\/","article_published_time":"2025-10-26T19:00:00+00:00","og_image":[{"width":900,"height":599,"url":"https:\/\/www.gaveanews.com\/wp-content\/uploads\/arrascaeta-flamengo-2.webp","type":"image\/jpeg"}],"author":"Ana Teixeira","twitter_card":"summary_large_image","twitter_misc":{"Escrito por":"Ana Teixeira","Est. tempo de leitura":"3 minutos"},"schema":{"@context":"https:\/\/schema.org","@graph":[{"@type":"NewsArticle","@id":"https:\/\/www.gaveanews.com\/index.php\/2025\/10\/26\/a-declaracao-de-arrascaeta-sobre-a-derrota-do-flamengo-no-brasileirao\/#article","isPartOf":{"@id":"https:\/\/www.gaveanews.com\/index.php\/2025\/10\/26\/a-declaracao-de-arrascaeta-sobre-a-derrota-do-flamengo-no-brasileirao\/"},"author":{"name":"Ana Teixeira","@id":"https:\/\/www.gaveanews.com\/#\/schema\/person\/3b19f7288b0ce20372991275e4f2e6c2"},"headline":"A declara\u00e7\u00e3o de Arrascaeta sobre a derrota do Flamengo no Brasileir\u00e3o","datePublished":"2025-10-26T19:00:00+00:00","mainEntityOfPage":{"@id":"https:\/\/www.gaveanews.com\/index.php\/2025\/10\/26\/a-declaracao-de-arrascaeta-sobre-a-derrota-do-flamengo-no-brasileirao\/"},"wordCount":464,"commentCount":0,"image":{"@id":"https:\/\/www.gaveanews.com\/index.php\/2025\/10\/26\/a-declaracao-de-arrascaeta-sobre-a-derrota-do-flamengo-no-brasileirao\/#primaryimage"},"thumbnailUrl":"https:\/\/www.gaveanews.com\/wp-content\/uploads\/arrascaeta-flamengo-2.webp","articleSection":["Flamengo"],"inLanguage":"pt-BR","potentialAction":[{"@type":"CommentAction","name":"Comment","target":["https:\/\/www.gaveanews.com\/index.php\/2025\/10\/26\/a-declaracao-de-arrascaeta-sobre-a-derrota-do-flamengo-no-brasileirao\/#respond"]}],"copyrightYear":"2025","copyrightHolder":{"@id":"https:\/\/www.gaveanews.com\/#organization"}},{"@type":"WebPage","@id":"https:\/\/www.gaveanews.com\/index.php\/2025\/10\/26\/a-declaracao-de-arrascaeta-sobre-a-derrota-do-flamengo-no-brasileirao\/","url":"https:\/\/www.gaveanews.com\/index.php\/2025\/10\/26\/a-declaracao-de-arrascaeta-sobre-a-derrota-do-flamengo-no-brasileirao\/","name":"A declara\u00e7\u00e3o de Arrascaeta sobre a derrota do Flamengo no Brasileir\u00e3o","isPartOf":{"@id":"https:\/\/www.gaveanews.com\/#website"},"primaryImageOfPage":{"@id":"https:\/\/www.gaveanews.com\/index.php\/2025\/10\/26\/a-declaracao-de-arrascaeta-sobre-a-derrota-do-flamengo-no-brasileirao\/#primaryimage"},"image":{"@id":"https:\/\/www.gaveanews.com\/index.php\/2025\/10\/26\/a-declaracao-de-arrascaeta-sobre-a-derrota-do-flamengo-no-brasileirao\/#primaryimage"},"thumbnailUrl":"https:\/\/www.gaveanews.com\/wp-content\/uploads\/arrascaeta-flamengo-2.webp","datePublished":"2025-10-26T19:00:00+00:00","author":{"@id":"https:\/\/www.gaveanews.com\/#\/schema\/person\/3b19f7288b0ce20372991275e4f2e6c2"},"breadcrumb":{"@id":"https:\/\/www.gaveanews.com\/index.php\/2025\/10\/26\/a-declaracao-de-arrascaeta-sobre-a-derrota-do-flamengo-no-brasileirao\/#breadcrumb"},"inLanguage":"pt-BR","potentialAction":[{"@type":"ReadAction","target":["https:\/\/www.gaveanews.com\/index.php\/2025\/10\/26\/a-declaracao-de-arrascaeta-sobre-a-derrota-do-flamengo-no-brasileirao\/"]}]},{"@type":"ImageObject","inLanguage":"pt-BR","@id":"https:\/\/www.gaveanews.com\/index.php\/2025\/10\/26\/a-declaracao-de-arrascaeta-sobre-a-derrota-do-flamengo-no-brasileirao\/#primaryimage","url":"https:\/\/www.gaveanews.com\/wp-content\/uploads\/arrascaeta-flamengo-2.webp","contentUrl":"https:\/\/www.gaveanews.com\/wp-content\/uploads\/arrascaeta-flamengo-2.webp","width":900,"height":599,"caption":"Arrascaeta em a\u00e7\u00e3o pelo Flamengo (Foto: Marcelo Cortes\/Flamengo)"},{"@type":"BreadcrumbList","@id":"https:\/\/www.gaveanews.com\/index.php\/2025\/10\/26\/a-declaracao-de-arrascaeta-sobre-a-derrota-do-flamengo-no-brasileirao\/#breadcrumb","itemListElement":[{"@type":"ListItem","position":1,"name":"Home","item":"https:\/\/www.gaveanews.com\/"},{"@type":"ListItem","position":2,"name":"A declara\u00e7\u00e3o de Arrascaeta sobre a derrota do Flamengo no Brasileir\u00e3o"}]},{"@type":"WebSite","@id":"https:\/\/www.gaveanews.com\/#website","url":"https:\/\/www.gaveanews.com\/","name":"G\u00e1vea News","description":"Veja todas as not\u00edcias sobre o Flamengo: Contrata\u00e7\u00f5es, categorias de base, resultados das partidas, tabela de classifica\u00e7\u00e3o, pr\u00f3ximos jogos!","potentialAction":[{"@type":"SearchAction","target":{"@type":"EntryPoint","urlTemplate":"https:\/\/www.gaveanews.com\/?s={search_term_string}"},"query-input":{"@type":"PropertyValueSpecification","valueRequired":true,"valueName":"search_term_string"}}],"inLanguage":"pt-BR"},{"@type":"Person","@id":"https:\/\/www.gaveanews.com\/#\/schema\/person\/3b19f7288b0ce20372991275e4f2e6c2","name":"Ana Teixeira","image":{"@type":"ImageObject","inLanguage":"pt-BR","@id":"https:\/\/www.gaveanews.com\/#\/schema\/person\/image\/","url":"https:\/\/secure.gravatar.com\/avatar\/0a73f5a5258f3fed37fc2fa641892f3f7a4748456d4d4792f9bc550e6c19e06c?s=96&d=mm&r=g","contentUrl":"https:\/\/secure.gravatar.com\/avatar\/0a73f5a5258f3fed37fc2fa641892f3f7a4748456d4d4792f9bc550e6c19e06c?s=96&d=mm&r=g","caption":"Ana Teixeira"}}]}},"_links":{"self":[{"href":"https:\/\/www.gaveanews.com\/index.php\/wp-json\/wp\/v2\/posts\/279333","targetHints":{"allow":["GET"]}}],"collection":[{"href":"https:\/\/www.gaveanews.com\/index.php\/wp-json\/wp\/v2\/posts"}],"about":[{"href":"https:\/\/www.gaveanews.com\/index.php\/wp-json\/wp\/v2\/types\/post"}],"author":[{"embeddable":true,"href":"https:\/\/www.gaveanews.com\/index.php\/wp-json\/wp\/v2\/users\/30"}],"replies":[{"embeddable":true,"href":"https:\/\/www.gaveanews.com\/index.php\/wp-json\/wp\/v2\/comments?post=279333"}],"version-history":[{"count":1,"href":"https:\/\/www.gaveanews.com\/index.php\/wp-json\/wp\/v2\/posts\/279333\/revisions"}],"predecessor-version":[{"id":279334,"href":"https:\/\/www.gaveanews.com\/index.php\/wp-json\/wp\/v2\/posts\/279333\/revisions\/279334"}],"wp:featuredmedia":[{"embeddable":true,"href":"https:\/\/www.gaveanews.com\/index.php\/wp-json\/wp\/v2\/media\/145520"}],"wp:attachment":[{"href":"https:\/\/www.gaveanews.com\/index.php\/wp-json\/wp\/v2\/media?parent=279333"}],"wp:term":[{"taxonomy":"category","embeddable":true,"href":"https:\/\/www.gaveanews.com\/index.php\/wp-json\/wp\/v2\/categories?post=279333"},{"taxonomy":"post_tag","embeddable":true,"href":"https:\/\/www.gaveanews.com\/index.php\/wp-json\/wp\/v2\/tags?post=279333"}],"curies":[{"name":"wp","href":"https:\/\/api.w.org\/{rel}","templated":true}]}}